{"id":82951,"date":"2015-06-01T14:34:01","date_gmt":"2015-06-01T12:34:01","guid":{"rendered":"http:\/\/www.elle.be\/nl\/?p=82951"},"modified":"2017-10-03T14:20:23","modified_gmt":"2017-10-03T12:20:23","slug":"the-make-up-spot-opent-belgische-webshop","status":"publish","type":"post","link":"https:\/\/www.elle.be\/nl\/82951-the-make-up-spot-opent-belgische-webshop.html","title":{"rendered":"The Make Up Spot opent Belgische webshop"},"content":{"rendered":"","protected":false},"excerpt":{"rendered":"De wilskracht van beautylovers wordt serieus op de proef gesteld! Twee\u00ebnhalf jaar na de lancering opent The Make Up Spot, op dit moment \u00e9\u00e9n van de grootste cosmeticawebshops van Nederland, een Belgische webshop.","protected":false},"author":4,"featured_media":82952,"comment_status":"open","ping_status":"closed","sticky":false,"template":"","format":"standard","meta":{"_acf_changed":false,"footnotes":""},"categories":[4,2228],"tags":[48,115,1302],"class_list":["post-82951","post","type-post","status-publish","format-standard","has-post-thumbnail","hentry","category-beauty-hair","category-mode-shopping","tag-make-up","tag-beauty-2","tag-haar"],"acf":[],"_yoast_wpseo_metadesc":null,"_yoast_wpseo_title":"The Make Up Spot: opent Belgische webshop","image_verticale":null,"yoast_head":"<!-- This site is optimized with the Yoast SEO plugin v27.4 - https:\/\/yoast.com\/product\/yoast-seo-wordpress\/ -->\n<title>The Make Up Spot: opent Belgische webshop<\/title>\n<meta name=\"description\" content=\"De wilskracht van beautylovers wordt serieus op de proef gesteld! Twee\u00ebnhalf jaar na de lancering opent The Make Up Spot, op dit moment \u00e9\u00e9n van de\" \/>\n<meta name=\"robots\" content=\"index, follow, max-snippet:-1, max-image-preview:large, max-video-preview:-1\" \/>\n<link rel=\"canonical\" href=\"https:\/\/www.elle.be\/nl\/82951-the-make-up-spot-opent-belgische-webshop.html\" \/>\n<meta property=\"og:locale\" content=\"nl_BE\" \/>\n<meta property=\"og:type\" content=\"article\" \/>\n<meta property=\"og:title\" content=\"The Make Up Spot: opent Belgische webshop\" \/>\n<meta property=\"og:description\" content=\"De wilskracht van beautylovers wordt serieus op de proef gesteld! Twee\u00ebnhalf jaar na de lancering opent The Make Up Spot, op dit moment \u00e9\u00e9n van de\" \/>\n<meta property=\"og:url\" content=\"https:\/\/www.elle.be\/nl\/82951-the-make-up-spot-opent-belgische-webshop.html\" \/>\n<meta property=\"og:site_name\" content=\"ELLE.be\" \/>\n<meta property=\"article:publisher\" content=\"https:\/\/www.facebook.com\/ELLEbelgie\/\" \/>\n<meta property=\"article:published_time\" content=\"2015-06-01T12:34:01+00:00\" \/>\n<meta property=\"article:modified_time\" content=\"2017-10-03T12:20:23+00:00\" \/>\n<meta property=\"og:image\" content=\"https:\/\/www.elle.be\/nl\/wp-content\/uploads\/2015\/06\/TheMakeUpSpot.png\" \/>\n\t<meta property=\"og:image:width\" content=\"960\" \/>\n\t<meta property=\"og:image:height\" content=\"562\" \/>\n\t<meta property=\"og:image:type\" content=\"image\/png\" \/>\n<meta name=\"author\" content=\"Laure Vandendaele\" \/>\n<meta name=\"twitter:card\" content=\"summary_large_image\" \/>\n<meta name=\"twitter:creator\" content=\"@Laure_ELLE_be\" \/>\n<meta name=\"twitter:site\" content=\"@ELLEbelgie\" \/>\n<meta name=\"twitter:label1\" content=\"Geschreven door\" \/>\n\t<meta name=\"twitter:data1\" content=\"Laure Vandendaele\" \/>\n\t<meta name=\"twitter:label2\" content=\"Geschatte leestijd\" \/>\n\t<meta name=\"twitter:data2\" content=\"1 minuut\" \/>\n<script type=\"application\/ld+json\" class=\"yoast-schema-graph\">{\"@context\":\"https:\\\/\\\/schema.org\",\"@graph\":[{\"@type\":\"NewsArticle\",\"@id\":\"https:\\\/\\\/www.elle.be\\\/nl\\\/82951-the-make-up-spot-opent-belgische-webshop.html#article\",\"isPartOf\":{\"@id\":\"https:\\\/\\\/www.elle.be\\\/nl\\\/82951-the-make-up-spot-opent-belgische-webshop.html\"},\"author\":{\"name\":\"Laure Vandendaele\",\"@id\":\"https:\\\/\\\/www.elle.be\\\/nl\\\/#\\\/schema\\\/person\\\/6d48c72e5b2ce6d04592843e1d5172bb\"},\"headline\":\"The Make Up Spot opent Belgische webshop\",\"datePublished\":\"2015-06-01T12:34:01+00:00\",\"dateModified\":\"2017-10-03T12:20:23+00:00\",\"mainEntityOfPage\":{\"@id\":\"https:\\\/\\\/www.elle.be\\\/nl\\\/82951-the-make-up-spot-opent-belgische-webshop.html\"},\"wordCount\":289,\"commentCount\":0,\"publisher\":{\"@id\":\"https:\\\/\\\/www.elle.be\\\/nl\\\/#organization\"},\"image\":{\"@id\":\"https:\\\/\\\/www.elle.be\\\/nl\\\/82951-the-make-up-spot-opent-belgische-webshop.html#primaryimage\"},\"thumbnailUrl\":\"https:\\\/\\\/www.elle.be\\\/nl\\\/wp-content\\\/uploads\\\/2015\\\/06\\\/TheMakeUpSpot.png\",\"keywords\":[\"make-up\",\"beauty\",\"haar\"],\"articleSection\":[\"Beauty\",\"Shopping\"],\"inLanguage\":\"nl-BE\",\"potentialAction\":[{\"@type\":\"CommentAction\",\"name\":\"Comment\",\"target\":[\"https:\\\/\\\/www.elle.be\\\/nl\\\/82951-the-make-up-spot-opent-belgische-webshop.html#respond\"]}]},{\"@type\":\"WebPage\",\"@id\":\"https:\\\/\\\/www.elle.be\\\/nl\\\/82951-the-make-up-spot-opent-belgische-webshop.html\",\"url\":\"https:\\\/\\\/www.elle.be\\\/nl\\\/82951-the-make-up-spot-opent-belgische-webshop.html\",\"name\":\"The Make Up Spot: opent Belgische webshop\",\"isPartOf\":{\"@id\":\"https:\\\/\\\/www.elle.be\\\/nl\\\/#website\"},\"primaryImageOfPage\":{\"@id\":\"https:\\\/\\\/www.elle.be\\\/nl\\\/82951-the-make-up-spot-opent-belgische-webshop.html#primaryimage\"},\"image\":{\"@id\":\"https:\\\/\\\/www.elle.be\\\/nl\\\/82951-the-make-up-spot-opent-belgische-webshop.html#primaryimage\"},\"thumbnailUrl\":\"https:\\\/\\\/www.elle.be\\\/nl\\\/wp-content\\\/uploads\\\/2015\\\/06\\\/TheMakeUpSpot.png\",\"datePublished\":\"2015-06-01T12:34:01+00:00\",\"dateModified\":\"2017-10-03T12:20:23+00:00\",\"description\":\"De wilskracht van beautylovers wordt serieus op de proef gesteld! Twee\u00ebnhalf jaar na de lancering opent The Make Up Spot, op dit moment \u00e9\u00e9n van de\",\"breadcrumb\":{\"@id\":\"https:\\\/\\\/www.elle.be\\\/nl\\\/82951-the-make-up-spot-opent-belgische-webshop.html#breadcrumb\"},\"inLanguage\":\"nl-BE\",\"potentialAction\":[{\"@type\":\"ReadAction\",\"target\":[\"https:\\\/\\\/www.elle.be\\\/nl\\\/82951-the-make-up-spot-opent-belgische-webshop.html\"]}]},{\"@type\":\"ImageObject\",\"inLanguage\":\"nl-BE\",\"@id\":\"https:\\\/\\\/www.elle.be\\\/nl\\\/82951-the-make-up-spot-opent-belgische-webshop.html#primaryimage\",\"url\":\"https:\\\/\\\/www.elle.be\\\/nl\\\/wp-content\\\/uploads\\\/2015\\\/06\\\/TheMakeUpSpot.png\",\"contentUrl\":\"https:\\\/\\\/www.elle.be\\\/nl\\\/wp-content\\\/uploads\\\/2015\\\/06\\\/TheMakeUpSpot.png\",\"width\":960,\"height\":562},{\"@type\":\"BreadcrumbList\",\"@id\":\"https:\\\/\\\/www.elle.be\\\/nl\\\/82951-the-make-up-spot-opent-belgische-webshop.html#breadcrumb\",\"itemListElement\":[{\"@type\":\"ListItem\",\"position\":1,\"name\":\"NL\",\"item\":\"https:\\\/\\\/www.elle.be\\\/nl\"},{\"@type\":\"ListItem\",\"position\":2,\"name\":\"Mode\",\"item\":\"https:\\\/\\\/www.elle.be\\\/nl\\\/mode\"},{\"@type\":\"ListItem\",\"position\":3,\"name\":\"Shopping\",\"item\":\"https:\\\/\\\/www.elle.be\\\/nl\\\/mode\\\/mode-shopping\"},{\"@type\":\"ListItem\",\"position\":4,\"name\":\"The Make Up Spot opent Belgische webshop\"}]},{\"@type\":\"WebSite\",\"@id\":\"https:\\\/\\\/www.elle.be\\\/nl\\\/#website\",\"url\":\"https:\\\/\\\/www.elle.be\\\/nl\\\/\",\"name\":\"ELLE.be\",\"description\":\"Afspraak op ELLE.be voor exclusief mode en beauty nieuws, inspirerende lifestyle en travel, de leukste hotspots en heerlijke recepten.\",\"publisher\":{\"@id\":\"https:\\\/\\\/www.elle.be\\\/nl\\\/#organization\"},\"potentialAction\":[{\"@type\":\"SearchAction\",\"target\":{\"@type\":\"EntryPoint\",\"urlTemplate\":\"https:\\\/\\\/www.elle.be\\\/nl\\\/?s={search_term_string}\"},\"query-input\":{\"@type\":\"PropertyValueSpecification\",\"valueRequired\":true,\"valueName\":\"search_term_string\"}}],\"inLanguage\":\"nl-BE\"},{\"@type\":\"Organization\",\"@id\":\"https:\\\/\\\/www.elle.be\\\/nl\\\/#organization\",\"name\":\"ELLE Belgi\u00eb\",\"url\":\"https:\\\/\\\/www.elle.be\\\/nl\\\/\",\"logo\":{\"@type\":\"ImageObject\",\"inLanguage\":\"nl-BE\",\"@id\":\"https:\\\/\\\/www.elle.be\\\/nl\\\/#\\\/schema\\\/logo\\\/image\\\/\",\"url\":\"https:\\\/\\\/www.elle.be\\\/nl\\\/wp-content\\\/uploads\\\/2017\\\/03\\\/elle-icon-200px.jpeg\",\"contentUrl\":\"https:\\\/\\\/www.elle.be\\\/nl\\\/wp-content\\\/uploads\\\/2017\\\/03\\\/elle-icon-200px.jpeg\",\"width\":200,\"height\":200,\"caption\":\"ELLE Belgi\u00eb\"},\"image\":{\"@id\":\"https:\\\/\\\/www.elle.be\\\/nl\\\/#\\\/schema\\\/logo\\\/image\\\/\"},\"sameAs\":[\"https:\\\/\\\/www.facebook.com\\\/ELLEbelgie\\\/\",\"https:\\\/\\\/x.com\\\/ELLEbelgie\",\"https:\\\/\\\/www.instagram.com\\\/elle_belgie\\\/\",\"https:\\\/\\\/www.pinterest.com\\\/ellebelgie\\\/\",\"https:\\\/\\\/www.youtube.com\\\/user\\\/ellebelgium\"]},{\"@type\":\"Person\",\"@id\":\"https:\\\/\\\/www.elle.be\\\/nl\\\/#\\\/schema\\\/person\\\/6d48c72e5b2ce6d04592843e1d5172bb\",\"name\":\"Laure Vandendaele\",\"image\":{\"@type\":\"ImageObject\",\"inLanguage\":\"nl-BE\",\"@id\":\"https:\\\/\\\/secure.gravatar.com\\\/avatar\\\/3b7f44de506cec1e614422de5251ba01c23ee9bf9e36a3f5ac4124418f1c65b0?s=96&r=g\",\"url\":\"https:\\\/\\\/secure.gravatar.com\\\/avatar\\\/3b7f44de506cec1e614422de5251ba01c23ee9bf9e36a3f5ac4124418f1c65b0?s=96&r=g\",\"contentUrl\":\"https:\\\/\\\/secure.gravatar.com\\\/avatar\\\/3b7f44de506cec1e614422de5251ba01c23ee9bf9e36a3f5ac4124418f1c65b0?s=96&r=g\",\"caption\":\"Laure Vandendaele\"},\"description\":\"Houdt van vulpennen met koningsblauwe inkt, Thaise massages en voorpret. Schippert tussen bureau en kaptafel.\",\"sameAs\":[\"https:\\\/\\\/www.instagram.com\\\/laurevandendaele\",\"https:\\\/\\\/x.com\\\/Laure_ELLE_be\"],\"url\":\"https:\\\/\\\/www.elle.be\\\/nl\\\/author\\\/laure\"}]}<\/script>\n<!-- \/ Yoast SEO plugin. -->","yoast_head_json":{"title":"The Make Up Spot: opent Belgische webshop","description":"De wilskracht van beautylovers wordt serieus op de proef gesteld! Twee\u00ebnhalf jaar na de lancering opent The Make Up Spot, op dit moment \u00e9\u00e9n van de","robots":{"index":"index","follow":"follow","max-snippet":"max-snippet:-1","max-image-preview":"max-image-preview:large","max-video-preview":"max-video-preview:-1"},"canonical":"https:\/\/www.elle.be\/nl\/82951-the-make-up-spot-opent-belgische-webshop.html","og_locale":"nl_BE","og_type":"article","og_title":"The Make Up Spot: opent Belgische webshop","og_description":"De wilskracht van beautylovers wordt serieus op de proef gesteld! Twee\u00ebnhalf jaar na de lancering opent The Make Up Spot, op dit moment \u00e9\u00e9n van de","og_url":"https:\/\/www.elle.be\/nl\/82951-the-make-up-spot-opent-belgische-webshop.html","og_site_name":"ELLE.be","article_publisher":"https:\/\/www.facebook.com\/ELLEbelgie\/","article_published_time":"2015-06-01T12:34:01+00:00","article_modified_time":"2017-10-03T12:20:23+00:00","og_image":[{"width":960,"height":562,"url":"https:\/\/www.elle.be\/nl\/wp-content\/uploads\/2015\/06\/TheMakeUpSpot.png","type":"image\/png"}],"author":"Laure Vandendaele","twitter_card":"summary_large_image","twitter_creator":"@Laure_ELLE_be","twitter_site":"@ELLEbelgie","twitter_misc":{"Geschreven door":"Laure Vandendaele","Geschatte leestijd":"1 minuut"},"schema":{"@context":"https:\/\/schema.org","@graph":[{"@type":"NewsArticle","@id":"https:\/\/www.elle.be\/nl\/82951-the-make-up-spot-opent-belgische-webshop.html#article","isPartOf":{"@id":"https:\/\/www.elle.be\/nl\/82951-the-make-up-spot-opent-belgische-webshop.html"},"author":{"name":"Laure Vandendaele","@id":"https:\/\/www.elle.be\/nl\/#\/schema\/person\/6d48c72e5b2ce6d04592843e1d5172bb"},"headline":"The Make Up Spot opent Belgische webshop","datePublished":"2015-06-01T12:34:01+00:00","dateModified":"2017-10-03T12:20:23+00:00","mainEntityOfPage":{"@id":"https:\/\/www.elle.be\/nl\/82951-the-make-up-spot-opent-belgische-webshop.html"},"wordCount":289,"commentCount":0,"publisher":{"@id":"https:\/\/www.elle.be\/nl\/#organization"},"image":{"@id":"https:\/\/www.elle.be\/nl\/82951-the-make-up-spot-opent-belgische-webshop.html#primaryimage"},"thumbnailUrl":"https:\/\/www.elle.be\/nl\/wp-content\/uploads\/2015\/06\/TheMakeUpSpot.png","keywords":["make-up","beauty","haar"],"articleSection":["Beauty","Shopping"],"inLanguage":"nl-BE","potentialAction":[{"@type":"CommentAction","name":"Comment","target":["https:\/\/www.elle.be\/nl\/82951-the-make-up-spot-opent-belgische-webshop.html#respond"]}]},{"@type":"WebPage","@id":"https:\/\/www.elle.be\/nl\/82951-the-make-up-spot-opent-belgische-webshop.html","url":"https:\/\/www.elle.be\/nl\/82951-the-make-up-spot-opent-belgische-webshop.html","name":"The Make Up Spot: opent Belgische webshop","isPartOf":{"@id":"https:\/\/www.elle.be\/nl\/#website"},"primaryImageOfPage":{"@id":"https:\/\/www.elle.be\/nl\/82951-the-make-up-spot-opent-belgische-webshop.html#primaryimage"},"image":{"@id":"https:\/\/www.elle.be\/nl\/82951-the-make-up-spot-opent-belgische-webshop.html#primaryimage"},"thumbnailUrl":"https:\/\/www.elle.be\/nl\/wp-content\/uploads\/2015\/06\/TheMakeUpSpot.png","datePublished":"2015-06-01T12:34:01+00:00","dateModified":"2017-10-03T12:20:23+00:00","description":"De wilskracht van beautylovers wordt serieus op de proef gesteld! Twee\u00ebnhalf jaar na de lancering opent The Make Up Spot, op dit moment \u00e9\u00e9n van de","breadcrumb":{"@id":"https:\/\/www.elle.be\/nl\/82951-the-make-up-spot-opent-belgische-webshop.html#breadcrumb"},"inLanguage":"nl-BE","potentialAction":[{"@type":"ReadAction","target":["https:\/\/www.elle.be\/nl\/82951-the-make-up-spot-opent-belgische-webshop.html"]}]},{"@type":"ImageObject","inLanguage":"nl-BE","@id":"https:\/\/www.elle.be\/nl\/82951-the-make-up-spot-opent-belgische-webshop.html#primaryimage","url":"https:\/\/www.elle.be\/nl\/wp-content\/uploads\/2015\/06\/TheMakeUpSpot.png","contentUrl":"https:\/\/www.elle.be\/nl\/wp-content\/uploads\/2015\/06\/TheMakeUpSpot.png","width":960,"height":562},{"@type":"BreadcrumbList","@id":"https:\/\/www.elle.be\/nl\/82951-the-make-up-spot-opent-belgische-webshop.html#breadcrumb","itemListElement":[{"@type":"ListItem","position":1,"name":"NL","item":"https:\/\/www.elle.be\/nl"},{"@type":"ListItem","position":2,"name":"Mode","item":"https:\/\/www.elle.be\/nl\/mode"},{"@type":"ListItem","position":3,"name":"Shopping","item":"https:\/\/www.elle.be\/nl\/mode\/mode-shopping"},{"@type":"ListItem","position":4,"name":"The Make Up Spot opent Belgische webshop"}]},{"@type":"WebSite","@id":"https:\/\/www.elle.be\/nl\/#website","url":"https:\/\/www.elle.be\/nl\/","name":"ELLE.be","description":"Afspraak op ELLE.be voor exclusief mode en beauty nieuws, inspirerende lifestyle en travel, de leukste hotspots en heerlijke recepten.","publisher":{"@id":"https:\/\/www.elle.be\/nl\/#organization"},"potentialAction":[{"@type":"SearchAction","target":{"@type":"EntryPoint","urlTemplate":"https:\/\/www.elle.be\/nl\/?s={search_term_string}"},"query-input":{"@type":"PropertyValueSpecification","valueRequired":true,"valueName":"search_term_string"}}],"inLanguage":"nl-BE"},{"@type":"Organization","@id":"https:\/\/www.elle.be\/nl\/#organization","name":"ELLE Belgi\u00eb","url":"https:\/\/www.elle.be\/nl\/","logo":{"@type":"ImageObject","inLanguage":"nl-BE","@id":"https:\/\/www.elle.be\/nl\/#\/schema\/logo\/image\/","url":"https:\/\/www.elle.be\/nl\/wp-content\/uploads\/2017\/03\/elle-icon-200px.jpeg","contentUrl":"https:\/\/www.elle.be\/nl\/wp-content\/uploads\/2017\/03\/elle-icon-200px.jpeg","width":200,"height":200,"caption":"ELLE Belgi\u00eb"},"image":{"@id":"https:\/\/www.elle.be\/nl\/#\/schema\/logo\/image\/"},"sameAs":["https:\/\/www.facebook.com\/ELLEbelgie\/","https:\/\/x.com\/ELLEbelgie","https:\/\/www.instagram.com\/elle_belgie\/","https:\/\/www.pinterest.com\/ellebelgie\/","https:\/\/www.youtube.com\/user\/ellebelgium"]},{"@type":"Person","@id":"https:\/\/www.elle.be\/nl\/#\/schema\/person\/6d48c72e5b2ce6d04592843e1d5172bb","name":"Laure Vandendaele","image":{"@type":"ImageObject","inLanguage":"nl-BE","@id":"https:\/\/secure.gravatar.com\/avatar\/3b7f44de506cec1e614422de5251ba01c23ee9bf9e36a3f5ac4124418f1c65b0?s=96&r=g","url":"https:\/\/secure.gravatar.com\/avatar\/3b7f44de506cec1e614422de5251ba01c23ee9bf9e36a3f5ac4124418f1c65b0?s=96&r=g","contentUrl":"https:\/\/secure.gravatar.com\/avatar\/3b7f44de506cec1e614422de5251ba01c23ee9bf9e36a3f5ac4124418f1c65b0?s=96&r=g","caption":"Laure Vandendaele"},"description":"Houdt van vulpennen met koningsblauwe inkt, Thaise massages en voorpret. Schippert tussen bureau en kaptafel.","sameAs":["https:\/\/www.instagram.com\/laurevandendaele","https:\/\/x.com\/Laure_ELLE_be"],"url":"https:\/\/www.elle.be\/nl\/author\/laure"}]}},"_links":{"self":[{"href":"https:\/\/www.elle.be\/nl\/wp-json\/wp\/v2\/posts\/82951","targetHints":{"allow":["GET"]}}],"collection":[{"href":"https:\/\/www.elle.be\/nl\/wp-json\/wp\/v2\/posts"}],"about":[{"href":"https:\/\/www.elle.be\/nl\/wp-json\/wp\/v2\/types\/post"}],"author":[{"embeddable":true,"href":"https:\/\/www.elle.be\/nl\/wp-json\/wp\/v2\/users\/4"}],"replies":[{"embeddable":true,"href":"https:\/\/www.elle.be\/nl\/wp-json\/wp\/v2\/comments?post=82951"}],"version-history":[{"count":1,"href":"https:\/\/www.elle.be\/nl\/wp-json\/wp\/v2\/posts\/82951\/revisions"}],"predecessor-version":[{"id":204803,"href":"https:\/\/www.elle.be\/nl\/wp-json\/wp\/v2\/posts\/82951\/revisions\/204803"}],"wp:featuredmedia":[{"embeddable":true,"href":"https:\/\/www.elle.be\/nl\/wp-json\/wp\/v2\/media\/82952"}],"wp:attachment":[{"href":"https:\/\/www.elle.be\/nl\/wp-json\/wp\/v2\/media?parent=82951"}],"wp:term":[{"taxonomy":"category","embeddable":true,"href":"https:\/\/www.elle.be\/nl\/wp-json\/wp\/v2\/categories?post=82951"},{"taxonomy":"post_tag","embeddable":true,"href":"https:\/\/www.elle.be\/nl\/wp-json\/wp\/v2\/tags?post=82951"}],"curies":[{"name":"wp","href":"https:\/\/api.w.org\/{rel}","templated":true}]}}