{"id":5407,"date":"2013-09-04T12:36:11","date_gmt":"2013-09-04T10:36:11","guid":{"rendered":"http:\/\/www.elle.be\/nl\/?p=5407"},"modified":"2013-09-04T12:39:23","modified_gmt":"2013-09-04T10:39:23","slug":"fashion-news-vandaag-moet-weten-8","status":"publish","type":"post","link":"https:\/\/www.elle.be\/nl\/5407-fashion-news-vandaag-moet-weten-8.html","title":{"rendered":"Fashion news: wat je vandaag moet weten"},"content":{"rendered":"","protected":false},"excerpt":{"rendered":"Armani laat zich door zijn eigen ego fotograferen, Beyonc\u00e9 door Terry Richardson. ...","protected":false},"author":5,"featured_media":5411,"comment_status":"open","ping_status":"closed","sticky":false,"template":"","format":"standard","meta":{"_acf_changed":false,"footnotes":""},"categories":[3,8],"tags":[49,384],"class_list":["post-5407","post","type-post","status-publish","format-standard","has-post-thumbnail","hentry","category-mode","category-mode-nieuws","tag-celebs-2","tag-modenieuws"],"acf":[],"_yoast_wpseo_metadesc":"Armani laat zich door zijn eigen ego fotograferen, Beyonc\u00e9 door Terry Richardson. Ondertussen waagt Gisele B\u00fcndchen zich aan de microfoon en mag Nicolas Ghesqui\u00e8re zich gaan verantwoorden voor de rechter. En Kim Kardashian? Die kleurt haar lokken blond en verovert zo opnieuw haar plekje in je dagelijkse nieuwsportie.","_yoast_wpseo_title":"Kim kardashian blond: Fashion news: wat je vandaag moet weten","image_verticale":null,"yoast_head":"<!-- This site is optimized with the Yoast SEO plugin v27.4 - https:\/\/yoast.com\/product\/yoast-seo-wordpress\/ -->\n<title>Kim kardashian blond: Fashion news: wat je vandaag moet weten<\/title>\n<meta name=\"description\" content=\"Armani laat zich door zijn eigen ego fotograferen, Beyonc\u00e9 door Terry Richardson. Ondertussen waagt Gisele B\u00fcndchen zich aan de microfoon en mag Nicolas Ghesqui\u00e8re zich gaan verantwoorden voor de rechter. En Kim Kardashian? Die kleurt haar lokken blond en verovert zo opnieuw haar plekje in je dagelijkse nieuwsportie.\" \/>\n<meta name=\"robots\" content=\"index, follow, max-snippet:-1, max-image-preview:large, max-video-preview:-1\" \/>\n<link rel=\"canonical\" href=\"https:\/\/www.elle.be\/nl\/5407-fashion-news-vandaag-moet-weten-8.html\" \/>\n<meta property=\"og:locale\" content=\"nl_BE\" \/>\n<meta property=\"og:type\" content=\"article\" \/>\n<meta property=\"og:title\" content=\"Kim kardashian blond: Fashion news: wat je vandaag moet weten\" \/>\n<meta property=\"og:description\" content=\"Armani laat zich door zijn eigen ego fotograferen, Beyonc\u00e9 door Terry Richardson. Ondertussen waagt Gisele B\u00fcndchen zich aan de microfoon en mag Nicolas Ghesqui\u00e8re zich gaan verantwoorden voor de rechter. En Kim Kardashian? Die kleurt haar lokken blond en verovert zo opnieuw haar plekje in je dagelijkse nieuwsportie.\" \/>\n<meta property=\"og:url\" content=\"https:\/\/www.elle.be\/nl\/5407-fashion-news-vandaag-moet-weten-8.html\" \/>\n<meta property=\"og:site_name\" content=\"ELLE.be\" \/>\n<meta property=\"article:publisher\" content=\"https:\/\/www.facebook.com\/ELLEbelgie\/\" \/>\n<meta property=\"article:published_time\" content=\"2013-09-04T10:36:11+00:00\" \/>\n<meta property=\"article:modified_time\" content=\"2013-09-04T10:39:23+00:00\" \/>\n<meta property=\"og:image\" content=\"https:\/\/www.elle.be\/nl\/wp-content\/uploads\/2013\/09\/fashion-news1.jpg\" \/>\n\t<meta property=\"og:image:width\" content=\"600\" \/>\n\t<meta property=\"og:image:height\" content=\"520\" \/>\n\t<meta property=\"og:image:type\" content=\"image\/jpeg\" \/>\n<meta name=\"author\" content=\"Isabelle\" \/>\n<meta name=\"twitter:card\" content=\"summary_large_image\" \/>\n<meta name=\"twitter:creator\" content=\"@ELLEbelgie\" \/>\n<meta name=\"twitter:site\" content=\"@ELLEbelgie\" \/>\n<meta name=\"twitter:label1\" content=\"Geschreven door\" \/>\n\t<meta name=\"twitter:data1\" content=\"Isabelle\" \/>\n\t<meta name=\"twitter:label2\" content=\"Geschatte leestijd\" \/>\n\t<meta name=\"twitter:data2\" content=\"2 minuten\" \/>\n<script type=\"application\/ld+json\" class=\"yoast-schema-graph\">{\"@context\":\"https:\\\/\\\/schema.org\",\"@graph\":[{\"@type\":\"NewsArticle\",\"@id\":\"https:\\\/\\\/www.elle.be\\\/nl\\\/5407-fashion-news-vandaag-moet-weten-8.html#article\",\"isPartOf\":{\"@id\":\"https:\\\/\\\/www.elle.be\\\/nl\\\/5407-fashion-news-vandaag-moet-weten-8.html\"},\"author\":{\"name\":\"Isabelle\",\"@id\":\"https:\\\/\\\/www.elle.be\\\/nl\\\/#\\\/schema\\\/person\\\/46a9e79a4045909ad7667d4757bba8f0\"},\"headline\":\"Fashion news: wat je vandaag moet weten\",\"datePublished\":\"2013-09-04T10:36:11+00:00\",\"dateModified\":\"2013-09-04T10:39:23+00:00\",\"mainEntityOfPage\":{\"@id\":\"https:\\\/\\\/www.elle.be\\\/nl\\\/5407-fashion-news-vandaag-moet-weten-8.html\"},\"wordCount\":395,\"commentCount\":0,\"publisher\":{\"@id\":\"https:\\\/\\\/www.elle.be\\\/nl\\\/#organization\"},\"image\":{\"@id\":\"https:\\\/\\\/www.elle.be\\\/nl\\\/5407-fashion-news-vandaag-moet-weten-8.html#primaryimage\"},\"thumbnailUrl\":\"https:\\\/\\\/www.elle.be\\\/nl\\\/wp-content\\\/uploads\\\/2013\\\/09\\\/fashion-news1.jpg\",\"keywords\":[\"celebs\",\"modenieuws\"],\"articleSection\":[\"Mode\",\"Nieuws\"],\"inLanguage\":\"nl-BE\",\"potentialAction\":[{\"@type\":\"CommentAction\",\"name\":\"Comment\",\"target\":[\"https:\\\/\\\/www.elle.be\\\/nl\\\/5407-fashion-news-vandaag-moet-weten-8.html#respond\"]}]},{\"@type\":\"WebPage\",\"@id\":\"https:\\\/\\\/www.elle.be\\\/nl\\\/5407-fashion-news-vandaag-moet-weten-8.html\",\"url\":\"https:\\\/\\\/www.elle.be\\\/nl\\\/5407-fashion-news-vandaag-moet-weten-8.html\",\"name\":\"Kim kardashian blond: Fashion news: wat je vandaag moet weten\",\"isPartOf\":{\"@id\":\"https:\\\/\\\/www.elle.be\\\/nl\\\/#website\"},\"primaryImageOfPage\":{\"@id\":\"https:\\\/\\\/www.elle.be\\\/nl\\\/5407-fashion-news-vandaag-moet-weten-8.html#primaryimage\"},\"image\":{\"@id\":\"https:\\\/\\\/www.elle.be\\\/nl\\\/5407-fashion-news-vandaag-moet-weten-8.html#primaryimage\"},\"thumbnailUrl\":\"https:\\\/\\\/www.elle.be\\\/nl\\\/wp-content\\\/uploads\\\/2013\\\/09\\\/fashion-news1.jpg\",\"datePublished\":\"2013-09-04T10:36:11+00:00\",\"dateModified\":\"2013-09-04T10:39:23+00:00\",\"description\":\"Armani laat zich door zijn eigen ego fotograferen, Beyonc\u00e9 door Terry Richardson. Ondertussen waagt Gisele B\u00fcndchen zich aan de microfoon en mag Nicolas Ghesqui\u00e8re zich gaan verantwoorden voor de rechter. En Kim Kardashian? Die kleurt haar lokken blond en verovert zo opnieuw haar plekje in je dagelijkse nieuwsportie.\",\"breadcrumb\":{\"@id\":\"https:\\\/\\\/www.elle.be\\\/nl\\\/5407-fashion-news-vandaag-moet-weten-8.html#breadcrumb\"},\"inLanguage\":\"nl-BE\",\"potentialAction\":[{\"@type\":\"ReadAction\",\"target\":[\"https:\\\/\\\/www.elle.be\\\/nl\\\/5407-fashion-news-vandaag-moet-weten-8.html\"]}]},{\"@type\":\"ImageObject\",\"inLanguage\":\"nl-BE\",\"@id\":\"https:\\\/\\\/www.elle.be\\\/nl\\\/5407-fashion-news-vandaag-moet-weten-8.html#primaryimage\",\"url\":\"https:\\\/\\\/www.elle.be\\\/nl\\\/wp-content\\\/uploads\\\/2013\\\/09\\\/fashion-news1.jpg\",\"contentUrl\":\"https:\\\/\\\/www.elle.be\\\/nl\\\/wp-content\\\/uploads\\\/2013\\\/09\\\/fashion-news1.jpg\",\"width\":600,\"height\":520},{\"@type\":\"BreadcrumbList\",\"@id\":\"https:\\\/\\\/www.elle.be\\\/nl\\\/5407-fashion-news-vandaag-moet-weten-8.html#breadcrumb\",\"itemListElement\":[{\"@type\":\"ListItem\",\"position\":1,\"name\":\"NL\",\"item\":\"https:\\\/\\\/www.elle.be\\\/nl\"},{\"@type\":\"ListItem\",\"position\":2,\"name\":\"Mode\",\"item\":\"https:\\\/\\\/www.elle.be\\\/nl\\\/mode\"},{\"@type\":\"ListItem\",\"position\":3,\"name\":\"Nieuws\",\"item\":\"https:\\\/\\\/www.elle.be\\\/nl\\\/mode\\\/mode-nieuws\"},{\"@type\":\"ListItem\",\"position\":4,\"name\":\"Fashion news: wat je vandaag moet weten\"}]},{\"@type\":\"WebSite\",\"@id\":\"https:\\\/\\\/www.elle.be\\\/nl\\\/#website\",\"url\":\"https:\\\/\\\/www.elle.be\\\/nl\\\/\",\"name\":\"ELLE.be\",\"description\":\"Afspraak op ELLE.be voor exclusief mode en beauty nieuws, inspirerende lifestyle en travel, de leukste hotspots en heerlijke recepten.\",\"publisher\":{\"@id\":\"https:\\\/\\\/www.elle.be\\\/nl\\\/#organization\"},\"potentialAction\":[{\"@type\":\"SearchAction\",\"target\":{\"@type\":\"EntryPoint\",\"urlTemplate\":\"https:\\\/\\\/www.elle.be\\\/nl\\\/?s={search_term_string}\"},\"query-input\":{\"@type\":\"PropertyValueSpecification\",\"valueRequired\":true,\"valueName\":\"search_term_string\"}}],\"inLanguage\":\"nl-BE\"},{\"@type\":\"Organization\",\"@id\":\"https:\\\/\\\/www.elle.be\\\/nl\\\/#organization\",\"name\":\"ELLE Belgi\u00eb\",\"url\":\"https:\\\/\\\/www.elle.be\\\/nl\\\/\",\"logo\":{\"@type\":\"ImageObject\",\"inLanguage\":\"nl-BE\",\"@id\":\"https:\\\/\\\/www.elle.be\\\/nl\\\/#\\\/schema\\\/logo\\\/image\\\/\",\"url\":\"https:\\\/\\\/www.elle.be\\\/nl\\\/wp-content\\\/uploads\\\/2017\\\/03\\\/elle-icon-200px.jpeg\",\"contentUrl\":\"https:\\\/\\\/www.elle.be\\\/nl\\\/wp-content\\\/uploads\\\/2017\\\/03\\\/elle-icon-200px.jpeg\",\"width\":200,\"height\":200,\"caption\":\"ELLE Belgi\u00eb\"},\"image\":{\"@id\":\"https:\\\/\\\/www.elle.be\\\/nl\\\/#\\\/schema\\\/logo\\\/image\\\/\"},\"sameAs\":[\"https:\\\/\\\/www.facebook.com\\\/ELLEbelgie\\\/\",\"https:\\\/\\\/x.com\\\/ELLEbelgie\",\"https:\\\/\\\/www.instagram.com\\\/elle_belgie\\\/\",\"https:\\\/\\\/www.pinterest.com\\\/ellebelgie\\\/\",\"https:\\\/\\\/www.youtube.com\\\/user\\\/ellebelgium\"]},{\"@type\":\"Person\",\"@id\":\"https:\\\/\\\/www.elle.be\\\/nl\\\/#\\\/schema\\\/person\\\/46a9e79a4045909ad7667d4757bba8f0\",\"name\":\"Isabelle\",\"image\":{\"@type\":\"ImageObject\",\"inLanguage\":\"nl-BE\",\"@id\":\"https:\\\/\\\/secure.gravatar.com\\\/avatar\\\/cda984a5ac30d7dcbf7b59af3eb2f5adf984a8b9b70faa091c0ba5c2f0a8189a?s=96&r=g\",\"url\":\"https:\\\/\\\/secure.gravatar.com\\\/avatar\\\/cda984a5ac30d7dcbf7b59af3eb2f5adf984a8b9b70faa091c0ba5c2f0a8189a?s=96&r=g\",\"contentUrl\":\"https:\\\/\\\/secure.gravatar.com\\\/avatar\\\/cda984a5ac30d7dcbf7b59af3eb2f5adf984a8b9b70faa091c0ba5c2f0a8189a?s=96&r=g\",\"caption\":\"Isabelle\"},\"sameAs\":[\"https:\\\/\\\/www.instagram.com\\\/isbellevdh\\\/\"],\"url\":\"https:\\\/\\\/www.elle.be\\\/nl\\\/author\\\/isabelle\"}]}<\/script>\n<!-- \/ Yoast SEO plugin. -->","yoast_head_json":{"title":"Kim kardashian blond: Fashion news: wat je vandaag moet weten","description":"Armani laat zich door zijn eigen ego fotograferen, Beyonc\u00e9 door Terry Richardson. Ondertussen waagt Gisele B\u00fcndchen zich aan de microfoon en mag Nicolas Ghesqui\u00e8re zich gaan verantwoorden voor de rechter. En Kim Kardashian? Die kleurt haar lokken blond en verovert zo opnieuw haar plekje in je dagelijkse nieuwsportie.","robots":{"index":"index","follow":"follow","max-snippet":"max-snippet:-1","max-image-preview":"max-image-preview:large","max-video-preview":"max-video-preview:-1"},"canonical":"https:\/\/www.elle.be\/nl\/5407-fashion-news-vandaag-moet-weten-8.html","og_locale":"nl_BE","og_type":"article","og_title":"Kim kardashian blond: Fashion news: wat je vandaag moet weten","og_description":"Armani laat zich door zijn eigen ego fotograferen, Beyonc\u00e9 door Terry Richardson. Ondertussen waagt Gisele B\u00fcndchen zich aan de microfoon en mag Nicolas Ghesqui\u00e8re zich gaan verantwoorden voor de rechter. En Kim Kardashian? Die kleurt haar lokken blond en verovert zo opnieuw haar plekje in je dagelijkse nieuwsportie.","og_url":"https:\/\/www.elle.be\/nl\/5407-fashion-news-vandaag-moet-weten-8.html","og_site_name":"ELLE.be","article_publisher":"https:\/\/www.facebook.com\/ELLEbelgie\/","article_published_time":"2013-09-04T10:36:11+00:00","article_modified_time":"2013-09-04T10:39:23+00:00","og_image":[{"width":600,"height":520,"url":"https:\/\/www.elle.be\/nl\/wp-content\/uploads\/2013\/09\/fashion-news1.jpg","type":"image\/jpeg"}],"author":"Isabelle","twitter_card":"summary_large_image","twitter_creator":"@ELLEbelgie","twitter_site":"@ELLEbelgie","twitter_misc":{"Geschreven door":"Isabelle","Geschatte leestijd":"2 minuten"},"schema":{"@context":"https:\/\/schema.org","@graph":[{"@type":"NewsArticle","@id":"https:\/\/www.elle.be\/nl\/5407-fashion-news-vandaag-moet-weten-8.html#article","isPartOf":{"@id":"https:\/\/www.elle.be\/nl\/5407-fashion-news-vandaag-moet-weten-8.html"},"author":{"name":"Isabelle","@id":"https:\/\/www.elle.be\/nl\/#\/schema\/person\/46a9e79a4045909ad7667d4757bba8f0"},"headline":"Fashion news: wat je vandaag moet weten","datePublished":"2013-09-04T10:36:11+00:00","dateModified":"2013-09-04T10:39:23+00:00","mainEntityOfPage":{"@id":"https:\/\/www.elle.be\/nl\/5407-fashion-news-vandaag-moet-weten-8.html"},"wordCount":395,"commentCount":0,"publisher":{"@id":"https:\/\/www.elle.be\/nl\/#organization"},"image":{"@id":"https:\/\/www.elle.be\/nl\/5407-fashion-news-vandaag-moet-weten-8.html#primaryimage"},"thumbnailUrl":"https:\/\/www.elle.be\/nl\/wp-content\/uploads\/2013\/09\/fashion-news1.jpg","keywords":["celebs","modenieuws"],"articleSection":["Mode","Nieuws"],"inLanguage":"nl-BE","potentialAction":[{"@type":"CommentAction","name":"Comment","target":["https:\/\/www.elle.be\/nl\/5407-fashion-news-vandaag-moet-weten-8.html#respond"]}]},{"@type":"WebPage","@id":"https:\/\/www.elle.be\/nl\/5407-fashion-news-vandaag-moet-weten-8.html","url":"https:\/\/www.elle.be\/nl\/5407-fashion-news-vandaag-moet-weten-8.html","name":"Kim kardashian blond: Fashion news: wat je vandaag moet weten","isPartOf":{"@id":"https:\/\/www.elle.be\/nl\/#website"},"primaryImageOfPage":{"@id":"https:\/\/www.elle.be\/nl\/5407-fashion-news-vandaag-moet-weten-8.html#primaryimage"},"image":{"@id":"https:\/\/www.elle.be\/nl\/5407-fashion-news-vandaag-moet-weten-8.html#primaryimage"},"thumbnailUrl":"https:\/\/www.elle.be\/nl\/wp-content\/uploads\/2013\/09\/fashion-news1.jpg","datePublished":"2013-09-04T10:36:11+00:00","dateModified":"2013-09-04T10:39:23+00:00","description":"Armani laat zich door zijn eigen ego fotograferen, Beyonc\u00e9 door Terry Richardson. Ondertussen waagt Gisele B\u00fcndchen zich aan de microfoon en mag Nicolas Ghesqui\u00e8re zich gaan verantwoorden voor de rechter. En Kim Kardashian? Die kleurt haar lokken blond en verovert zo opnieuw haar plekje in je dagelijkse nieuwsportie.","breadcrumb":{"@id":"https:\/\/www.elle.be\/nl\/5407-fashion-news-vandaag-moet-weten-8.html#breadcrumb"},"inLanguage":"nl-BE","potentialAction":[{"@type":"ReadAction","target":["https:\/\/www.elle.be\/nl\/5407-fashion-news-vandaag-moet-weten-8.html"]}]},{"@type":"ImageObject","inLanguage":"nl-BE","@id":"https:\/\/www.elle.be\/nl\/5407-fashion-news-vandaag-moet-weten-8.html#primaryimage","url":"https:\/\/www.elle.be\/nl\/wp-content\/uploads\/2013\/09\/fashion-news1.jpg","contentUrl":"https:\/\/www.elle.be\/nl\/wp-content\/uploads\/2013\/09\/fashion-news1.jpg","width":600,"height":520},{"@type":"BreadcrumbList","@id":"https:\/\/www.elle.be\/nl\/5407-fashion-news-vandaag-moet-weten-8.html#breadcrumb","itemListElement":[{"@type":"ListItem","position":1,"name":"NL","item":"https:\/\/www.elle.be\/nl"},{"@type":"ListItem","position":2,"name":"Mode","item":"https:\/\/www.elle.be\/nl\/mode"},{"@type":"ListItem","position":3,"name":"Nieuws","item":"https:\/\/www.elle.be\/nl\/mode\/mode-nieuws"},{"@type":"ListItem","position":4,"name":"Fashion news: wat je vandaag moet weten"}]},{"@type":"WebSite","@id":"https:\/\/www.elle.be\/nl\/#website","url":"https:\/\/www.elle.be\/nl\/","name":"ELLE.be","description":"Afspraak op ELLE.be voor exclusief mode en beauty nieuws, inspirerende lifestyle en travel, de leukste hotspots en heerlijke recepten.","publisher":{"@id":"https:\/\/www.elle.be\/nl\/#organization"},"potentialAction":[{"@type":"SearchAction","target":{"@type":"EntryPoint","urlTemplate":"https:\/\/www.elle.be\/nl\/?s={search_term_string}"},"query-input":{"@type":"PropertyValueSpecification","valueRequired":true,"valueName":"search_term_string"}}],"inLanguage":"nl-BE"},{"@type":"Organization","@id":"https:\/\/www.elle.be\/nl\/#organization","name":"ELLE Belgi\u00eb","url":"https:\/\/www.elle.be\/nl\/","logo":{"@type":"ImageObject","inLanguage":"nl-BE","@id":"https:\/\/www.elle.be\/nl\/#\/schema\/logo\/image\/","url":"https:\/\/www.elle.be\/nl\/wp-content\/uploads\/2017\/03\/elle-icon-200px.jpeg","contentUrl":"https:\/\/www.elle.be\/nl\/wp-content\/uploads\/2017\/03\/elle-icon-200px.jpeg","width":200,"height":200,"caption":"ELLE Belgi\u00eb"},"image":{"@id":"https:\/\/www.elle.be\/nl\/#\/schema\/logo\/image\/"},"sameAs":["https:\/\/www.facebook.com\/ELLEbelgie\/","https:\/\/x.com\/ELLEbelgie","https:\/\/www.instagram.com\/elle_belgie\/","https:\/\/www.pinterest.com\/ellebelgie\/","https:\/\/www.youtube.com\/user\/ellebelgium"]},{"@type":"Person","@id":"https:\/\/www.elle.be\/nl\/#\/schema\/person\/46a9e79a4045909ad7667d4757bba8f0","name":"Isabelle","image":{"@type":"ImageObject","inLanguage":"nl-BE","@id":"https:\/\/secure.gravatar.com\/avatar\/cda984a5ac30d7dcbf7b59af3eb2f5adf984a8b9b70faa091c0ba5c2f0a8189a?s=96&r=g","url":"https:\/\/secure.gravatar.com\/avatar\/cda984a5ac30d7dcbf7b59af3eb2f5adf984a8b9b70faa091c0ba5c2f0a8189a?s=96&r=g","contentUrl":"https:\/\/secure.gravatar.com\/avatar\/cda984a5ac30d7dcbf7b59af3eb2f5adf984a8b9b70faa091c0ba5c2f0a8189a?s=96&r=g","caption":"Isabelle"},"sameAs":["https:\/\/www.instagram.com\/isbellevdh\/"],"url":"https:\/\/www.elle.be\/nl\/author\/isabelle"}]}},"_links":{"self":[{"href":"https:\/\/www.elle.be\/nl\/wp-json\/wp\/v2\/posts\/5407","targetHints":{"allow":["GET"]}}],"collection":[{"href":"https:\/\/www.elle.be\/nl\/wp-json\/wp\/v2\/posts"}],"about":[{"href":"https:\/\/www.elle.be\/nl\/wp-json\/wp\/v2\/types\/post"}],"author":[{"embeddable":true,"href":"https:\/\/www.elle.be\/nl\/wp-json\/wp\/v2\/users\/5"}],"replies":[{"embeddable":true,"href":"https:\/\/www.elle.be\/nl\/wp-json\/wp\/v2\/comments?post=5407"}],"version-history":[{"count":0,"href":"https:\/\/www.elle.be\/nl\/wp-json\/wp\/v2\/posts\/5407\/revisions"}],"wp:featuredmedia":[{"embeddable":true,"href":"https:\/\/www.elle.be\/nl\/wp-json\/wp\/v2\/media\/5411"}],"wp:attachment":[{"href":"https:\/\/www.elle.be\/nl\/wp-json\/wp\/v2\/media?parent=5407"}],"wp:term":[{"taxonomy":"category","embeddable":true,"href":"https:\/\/www.elle.be\/nl\/wp-json\/wp\/v2\/categories?post=5407"},{"taxonomy":"post_tag","embeddable":true,"href":"https:\/\/www.elle.be\/nl\/wp-json\/wp\/v2\/tags?post=5407"}],"curies":[{"name":"wp","href":"https:\/\/api.w.org\/{rel}","templated":true}]}}