{"id":430598,"date":"2026-05-03T09:29:39","date_gmt":"2026-05-03T07:29:39","guid":{"rendered":"https:\/\/www.elle.be\/nl\/?p=430598"},"modified":"2026-04-27T09:32:20","modified_gmt":"2026-04-27T07:32:20","slug":"10-jaar-facon-jacmin-hoe-twee-totaal-verschillende-zussen-samen-een-succesvol-modemerk-uitbouwden","status":"publish","type":"post","link":"https:\/\/www.elle.be\/nl\/430598-10-jaar-facon-jacmin-hoe-twee-totaal-verschillende-zussen-samen-een-succesvol-modemerk-uitbouwden.html","title":{"rendered":"10 jaar Fa\u00e7on Jacmin: hoe twee totaal verschillende zussen samen een succesvol modemerk uitbouwden"},"content":{"rendered":"","protected":false},"excerpt":{"rendered":"De zussen Jacmin blikken terug op het prille begin en kijken vooruit naar de toekomst ...","protected":false},"author":92,"featured_media":430602,"comment_status":"open","ping_status":"closed","sticky":false,"template":"","format":"standard","meta":{"_acf_changed":false,"footnotes":""},"categories":[3,8],"tags":[1267,1612,6614,6684,6685],"class_list":["post-430598","post","type-post","status-publish","format-standard","has-post-thumbnail","hentry","category-mode","category-mode-nieuws","tag-belgische-mode","tag-interview","tag-ontwerpers","tag-facon-jacmin","tag-antwerp-fashion-festival"],"acf":[],"_yoast_wpseo_metadesc":"Oprichters en tweelingzussen S\u00e9gol\u00e8ne en Alexandra Jacmin blikken terug op het prille begin tot hun tienjarig jubileum.","_yoast_wpseo_title":"Fa\u00e7on Jacmin viert 10 jaar op Antwerp Fashion Festival%%page%% %%sep%% %%sitename%%","image_verticale":"430599","yoast_head":"<!-- This site is optimized with the Yoast SEO plugin v27.4 - https:\/\/yoast.com\/product\/yoast-seo-wordpress\/ -->\n<title>Fa\u00e7on Jacmin viert 10 jaar op Antwerp Fashion Festival - ELLE.be<\/title>\n<meta name=\"description\" content=\"Oprichters en tweelingzussen S\u00e9gol\u00e8ne en Alexandra Jacmin blikken terug op het prille begin tot hun tienjarig jubileum.\" \/>\n<meta name=\"robots\" content=\"index, follow, max-snippet:-1, max-image-preview:large, max-video-preview:-1\" \/>\n<link rel=\"canonical\" href=\"https:\/\/www.elle.be\/nl\/430598-10-jaar-facon-jacmin-hoe-twee-totaal-verschillende-zussen-samen-een-succesvol-modemerk-uitbouwden.html\" \/>\n<meta property=\"og:locale\" content=\"nl_BE\" \/>\n<meta property=\"og:type\" content=\"article\" \/>\n<meta property=\"og:title\" content=\"Fa\u00e7on Jacmin viert 10 jaar op Antwerp Fashion Festival - ELLE.be\" \/>\n<meta property=\"og:description\" content=\"Oprichters en tweelingzussen S\u00e9gol\u00e8ne en Alexandra Jacmin blikken terug op het prille begin tot hun tienjarig jubileum.\" \/>\n<meta property=\"og:url\" content=\"https:\/\/www.elle.be\/nl\/430598-10-jaar-facon-jacmin-hoe-twee-totaal-verschillende-zussen-samen-een-succesvol-modemerk-uitbouwden.html\" \/>\n<meta property=\"og:site_name\" content=\"ELLE.be\" \/>\n<meta property=\"article:publisher\" content=\"https:\/\/www.facebook.com\/ELLEbelgie\/\" \/>\n<meta property=\"article:published_time\" content=\"2026-05-03T07:29:39+00:00\" \/>\n<meta property=\"og:image\" content=\"https:\/\/www.elle.be\/nl\/wp-content\/uploads\/2026\/04\/rio-de-janeiro-4.png\" \/>\n\t<meta property=\"og:image:width\" content=\"1200\" \/>\n\t<meta property=\"og:image:height\" content=\"628\" \/>\n\t<meta property=\"og:image:type\" content=\"image\/png\" \/>\n<meta name=\"author\" content=\"Lisa Aelvoet\" \/>\n<meta name=\"twitter:card\" content=\"summary_large_image\" \/>\n<meta name=\"twitter:creator\" content=\"@ELLEbelgie\" \/>\n<meta name=\"twitter:site\" content=\"@ELLEbelgie\" \/>\n<meta name=\"twitter:label1\" content=\"Geschreven door\" \/>\n\t<meta name=\"twitter:data1\" content=\"Lisa Aelvoet\" \/>\n\t<meta name=\"twitter:label2\" content=\"Geschatte leestijd\" \/>\n\t<meta name=\"twitter:data2\" content=\"5 minuten\" \/>\n<script type=\"application\/ld+json\" class=\"yoast-schema-graph\">{\"@context\":\"https:\\\/\\\/schema.org\",\"@graph\":[{\"@type\":\"NewsArticle\",\"@id\":\"https:\\\/\\\/www.elle.be\\\/nl\\\/430598-10-jaar-facon-jacmin-hoe-twee-totaal-verschillende-zussen-samen-een-succesvol-modemerk-uitbouwden.html#article\",\"isPartOf\":{\"@id\":\"https:\\\/\\\/www.elle.be\\\/nl\\\/430598-10-jaar-facon-jacmin-hoe-twee-totaal-verschillende-zussen-samen-een-succesvol-modemerk-uitbouwden.html\"},\"author\":{\"name\":\"Lisa Aelvoet\",\"@id\":\"https:\\\/\\\/www.elle.be\\\/nl\\\/#\\\/schema\\\/person\\\/bd9a45185bbf34a4509c24117fc2c38b\"},\"headline\":\"10 jaar Fa\u00e7on Jacmin: hoe twee totaal verschillende zussen samen een succesvol modemerk uitbouwden\",\"datePublished\":\"2026-05-03T07:29:39+00:00\",\"mainEntityOfPage\":{\"@id\":\"https:\\\/\\\/www.elle.be\\\/nl\\\/430598-10-jaar-facon-jacmin-hoe-twee-totaal-verschillende-zussen-samen-een-succesvol-modemerk-uitbouwden.html\"},\"wordCount\":996,\"commentCount\":0,\"publisher\":{\"@id\":\"https:\\\/\\\/www.elle.be\\\/nl\\\/#organization\"},\"image\":{\"@id\":\"https:\\\/\\\/www.elle.be\\\/nl\\\/430598-10-jaar-facon-jacmin-hoe-twee-totaal-verschillende-zussen-samen-een-succesvol-modemerk-uitbouwden.html#primaryimage\"},\"thumbnailUrl\":\"https:\\\/\\\/www.elle.be\\\/nl\\\/wp-content\\\/uploads\\\/2026\\\/04\\\/rio-de-janeiro-4.png\",\"keywords\":[\"belgische mode\",\"interview\",\"ontwerpers\",\"fa\u00e7on jacmin\",\"Antwerp Fashion Festival\"],\"articleSection\":[\"Mode\",\"Nieuws\"],\"inLanguage\":\"nl-BE\",\"potentialAction\":[{\"@type\":\"CommentAction\",\"name\":\"Comment\",\"target\":[\"https:\\\/\\\/www.elle.be\\\/nl\\\/430598-10-jaar-facon-jacmin-hoe-twee-totaal-verschillende-zussen-samen-een-succesvol-modemerk-uitbouwden.html#respond\"]}]},{\"@type\":\"WebPage\",\"@id\":\"https:\\\/\\\/www.elle.be\\\/nl\\\/430598-10-jaar-facon-jacmin-hoe-twee-totaal-verschillende-zussen-samen-een-succesvol-modemerk-uitbouwden.html\",\"url\":\"https:\\\/\\\/www.elle.be\\\/nl\\\/430598-10-jaar-facon-jacmin-hoe-twee-totaal-verschillende-zussen-samen-een-succesvol-modemerk-uitbouwden.html\",\"name\":\"Fa\u00e7on Jacmin viert 10 jaar op Antwerp Fashion Festival - ELLE.be\",\"isPartOf\":{\"@id\":\"https:\\\/\\\/www.elle.be\\\/nl\\\/#website\"},\"primaryImageOfPage\":{\"@id\":\"https:\\\/\\\/www.elle.be\\\/nl\\\/430598-10-jaar-facon-jacmin-hoe-twee-totaal-verschillende-zussen-samen-een-succesvol-modemerk-uitbouwden.html#primaryimage\"},\"image\":{\"@id\":\"https:\\\/\\\/www.elle.be\\\/nl\\\/430598-10-jaar-facon-jacmin-hoe-twee-totaal-verschillende-zussen-samen-een-succesvol-modemerk-uitbouwden.html#primaryimage\"},\"thumbnailUrl\":\"https:\\\/\\\/www.elle.be\\\/nl\\\/wp-content\\\/uploads\\\/2026\\\/04\\\/rio-de-janeiro-4.png\",\"datePublished\":\"2026-05-03T07:29:39+00:00\",\"description\":\"Oprichters en tweelingzussen S\u00e9gol\u00e8ne en Alexandra Jacmin blikken terug op het prille begin tot hun tienjarig jubileum.\",\"breadcrumb\":{\"@id\":\"https:\\\/\\\/www.elle.be\\\/nl\\\/430598-10-jaar-facon-jacmin-hoe-twee-totaal-verschillende-zussen-samen-een-succesvol-modemerk-uitbouwden.html#breadcrumb\"},\"inLanguage\":\"nl-BE\",\"potentialAction\":[{\"@type\":\"ReadAction\",\"target\":[\"https:\\\/\\\/www.elle.be\\\/nl\\\/430598-10-jaar-facon-jacmin-hoe-twee-totaal-verschillende-zussen-samen-een-succesvol-modemerk-uitbouwden.html\"]}]},{\"@type\":\"ImageObject\",\"inLanguage\":\"nl-BE\",\"@id\":\"https:\\\/\\\/www.elle.be\\\/nl\\\/430598-10-jaar-facon-jacmin-hoe-twee-totaal-verschillende-zussen-samen-een-succesvol-modemerk-uitbouwden.html#primaryimage\",\"url\":\"https:\\\/\\\/www.elle.be\\\/nl\\\/wp-content\\\/uploads\\\/2026\\\/04\\\/rio-de-janeiro-4.png\",\"contentUrl\":\"https:\\\/\\\/www.elle.be\\\/nl\\\/wp-content\\\/uploads\\\/2026\\\/04\\\/rio-de-janeiro-4.png\",\"width\":1200,\"height\":628,\"caption\":\"Fa\u00e7on Jacmin\"},{\"@type\":\"BreadcrumbList\",\"@id\":\"https:\\\/\\\/www.elle.be\\\/nl\\\/430598-10-jaar-facon-jacmin-hoe-twee-totaal-verschillende-zussen-samen-een-succesvol-modemerk-uitbouwden.html#breadcrumb\",\"itemListElement\":[{\"@type\":\"ListItem\",\"position\":1,\"name\":\"NL\",\"item\":\"https:\\\/\\\/www.elle.be\\\/nl\"},{\"@type\":\"ListItem\",\"position\":2,\"name\":\"Mode\",\"item\":\"https:\\\/\\\/www.elle.be\\\/nl\\\/mode\"},{\"@type\":\"ListItem\",\"position\":3,\"name\":\"10 jaar Fa\u00e7on Jacmin: hoe twee totaal verschillende zussen samen een succesvol modemerk uitbouwden\"}]},{\"@type\":\"WebSite\",\"@id\":\"https:\\\/\\\/www.elle.be\\\/nl\\\/#website\",\"url\":\"https:\\\/\\\/www.elle.be\\\/nl\\\/\",\"name\":\"ELLE.be\",\"description\":\"Afspraak op ELLE.be voor exclusief mode en beauty nieuws, inspirerende lifestyle en travel, de leukste hotspots en heerlijke recepten.\",\"publisher\":{\"@id\":\"https:\\\/\\\/www.elle.be\\\/nl\\\/#organization\"},\"potentialAction\":[{\"@type\":\"SearchAction\",\"target\":{\"@type\":\"EntryPoint\",\"urlTemplate\":\"https:\\\/\\\/www.elle.be\\\/nl\\\/?s={search_term_string}\"},\"query-input\":{\"@type\":\"PropertyValueSpecification\",\"valueRequired\":true,\"valueName\":\"search_term_string\"}}],\"inLanguage\":\"nl-BE\"},{\"@type\":\"Organization\",\"@id\":\"https:\\\/\\\/www.elle.be\\\/nl\\\/#organization\",\"name\":\"ELLE Belgi\u00eb\",\"url\":\"https:\\\/\\\/www.elle.be\\\/nl\\\/\",\"logo\":{\"@type\":\"ImageObject\",\"inLanguage\":\"nl-BE\",\"@id\":\"https:\\\/\\\/www.elle.be\\\/nl\\\/#\\\/schema\\\/logo\\\/image\\\/\",\"url\":\"https:\\\/\\\/www.elle.be\\\/nl\\\/wp-content\\\/uploads\\\/2017\\\/03\\\/elle-icon-200px.jpeg\",\"contentUrl\":\"https:\\\/\\\/www.elle.be\\\/nl\\\/wp-content\\\/uploads\\\/2017\\\/03\\\/elle-icon-200px.jpeg\",\"width\":200,\"height\":200,\"caption\":\"ELLE Belgi\u00eb\"},\"image\":{\"@id\":\"https:\\\/\\\/www.elle.be\\\/nl\\\/#\\\/schema\\\/logo\\\/image\\\/\"},\"sameAs\":[\"https:\\\/\\\/www.facebook.com\\\/ELLEbelgie\\\/\",\"https:\\\/\\\/x.com\\\/ELLEbelgie\",\"https:\\\/\\\/www.instagram.com\\\/elle_belgie\\\/\",\"https:\\\/\\\/www.pinterest.com\\\/ellebelgie\\\/\",\"https:\\\/\\\/www.youtube.com\\\/user\\\/ellebelgium\"]},{\"@type\":\"Person\",\"@id\":\"https:\\\/\\\/www.elle.be\\\/nl\\\/#\\\/schema\\\/person\\\/bd9a45185bbf34a4509c24117fc2c38b\",\"name\":\"Lisa Aelvoet\",\"image\":{\"@type\":\"ImageObject\",\"inLanguage\":\"nl-BE\",\"@id\":\"https:\\\/\\\/secure.gravatar.com\\\/avatar\\\/649ddc5a862cb8db579bedaf975101ce17fda85e97e4781aaf647a4e0dde98b0?s=96&r=g\",\"url\":\"https:\\\/\\\/secure.gravatar.com\\\/avatar\\\/649ddc5a862cb8db579bedaf975101ce17fda85e97e4781aaf647a4e0dde98b0?s=96&r=g\",\"contentUrl\":\"https:\\\/\\\/secure.gravatar.com\\\/avatar\\\/649ddc5a862cb8db579bedaf975101ce17fda85e97e4781aaf647a4e0dde98b0?s=96&r=g\",\"caption\":\"Lisa Aelvoet\"},\"description\":\"Lisa is Digital Fashion, Lifestyle &amp; Beauty Editor. Ze koestert een gezonde obsessie voor de TikTok-video's van Nara Smith, verse bloemen en Belgische chocolade. Parijs is haar tweede thuis en alles Frans - van mode tot wijn - laat haar hart sneller slaan. Als ze niet lijkt te luisteren, plant ze waarschijnlijk in haar hoofd alweer haar volgende reis \u2013 want het Belgische weer is nu eenmaal altijd een goed excuus om te vertrekken.\",\"sameAs\":[\"https:\\\/\\\/www.instagram.com\\\/lisaaelvoet\\\/\"],\"url\":\"https:\\\/\\\/www.elle.be\\\/nl\\\/author\\\/lisa-aelvoet\"}]}<\/script>\n<!-- \/ Yoast SEO plugin. -->","yoast_head_json":{"title":"Fa\u00e7on Jacmin viert 10 jaar op Antwerp Fashion Festival - ELLE.be","description":"Oprichters en tweelingzussen S\u00e9gol\u00e8ne en Alexandra Jacmin blikken terug op het prille begin tot hun tienjarig jubileum.","robots":{"index":"index","follow":"follow","max-snippet":"max-snippet:-1","max-image-preview":"max-image-preview:large","max-video-preview":"max-video-preview:-1"},"canonical":"https:\/\/www.elle.be\/nl\/430598-10-jaar-facon-jacmin-hoe-twee-totaal-verschillende-zussen-samen-een-succesvol-modemerk-uitbouwden.html","og_locale":"nl_BE","og_type":"article","og_title":"Fa\u00e7on Jacmin viert 10 jaar op Antwerp Fashion Festival - ELLE.be","og_description":"Oprichters en tweelingzussen S\u00e9gol\u00e8ne en Alexandra Jacmin blikken terug op het prille begin tot hun tienjarig jubileum.","og_url":"https:\/\/www.elle.be\/nl\/430598-10-jaar-facon-jacmin-hoe-twee-totaal-verschillende-zussen-samen-een-succesvol-modemerk-uitbouwden.html","og_site_name":"ELLE.be","article_publisher":"https:\/\/www.facebook.com\/ELLEbelgie\/","article_published_time":"2026-05-03T07:29:39+00:00","og_image":[{"width":1200,"height":628,"url":"https:\/\/www.elle.be\/nl\/wp-content\/uploads\/2026\/04\/rio-de-janeiro-4.png","type":"image\/png"}],"author":"Lisa Aelvoet","twitter_card":"summary_large_image","twitter_creator":"@ELLEbelgie","twitter_site":"@ELLEbelgie","twitter_misc":{"Geschreven door":"Lisa Aelvoet","Geschatte leestijd":"5 minuten"},"schema":{"@context":"https:\/\/schema.org","@graph":[{"@type":"NewsArticle","@id":"https:\/\/www.elle.be\/nl\/430598-10-jaar-facon-jacmin-hoe-twee-totaal-verschillende-zussen-samen-een-succesvol-modemerk-uitbouwden.html#article","isPartOf":{"@id":"https:\/\/www.elle.be\/nl\/430598-10-jaar-facon-jacmin-hoe-twee-totaal-verschillende-zussen-samen-een-succesvol-modemerk-uitbouwden.html"},"author":{"name":"Lisa Aelvoet","@id":"https:\/\/www.elle.be\/nl\/#\/schema\/person\/bd9a45185bbf34a4509c24117fc2c38b"},"headline":"10 jaar Fa\u00e7on Jacmin: hoe twee totaal verschillende zussen samen een succesvol modemerk uitbouwden","datePublished":"2026-05-03T07:29:39+00:00","mainEntityOfPage":{"@id":"https:\/\/www.elle.be\/nl\/430598-10-jaar-facon-jacmin-hoe-twee-totaal-verschillende-zussen-samen-een-succesvol-modemerk-uitbouwden.html"},"wordCount":996,"commentCount":0,"publisher":{"@id":"https:\/\/www.elle.be\/nl\/#organization"},"image":{"@id":"https:\/\/www.elle.be\/nl\/430598-10-jaar-facon-jacmin-hoe-twee-totaal-verschillende-zussen-samen-een-succesvol-modemerk-uitbouwden.html#primaryimage"},"thumbnailUrl":"https:\/\/www.elle.be\/nl\/wp-content\/uploads\/2026\/04\/rio-de-janeiro-4.png","keywords":["belgische mode","interview","ontwerpers","fa\u00e7on jacmin","Antwerp Fashion Festival"],"articleSection":["Mode","Nieuws"],"inLanguage":"nl-BE","potentialAction":[{"@type":"CommentAction","name":"Comment","target":["https:\/\/www.elle.be\/nl\/430598-10-jaar-facon-jacmin-hoe-twee-totaal-verschillende-zussen-samen-een-succesvol-modemerk-uitbouwden.html#respond"]}]},{"@type":"WebPage","@id":"https:\/\/www.elle.be\/nl\/430598-10-jaar-facon-jacmin-hoe-twee-totaal-verschillende-zussen-samen-een-succesvol-modemerk-uitbouwden.html","url":"https:\/\/www.elle.be\/nl\/430598-10-jaar-facon-jacmin-hoe-twee-totaal-verschillende-zussen-samen-een-succesvol-modemerk-uitbouwden.html","name":"Fa\u00e7on Jacmin viert 10 jaar op Antwerp Fashion Festival - ELLE.be","isPartOf":{"@id":"https:\/\/www.elle.be\/nl\/#website"},"primaryImageOfPage":{"@id":"https:\/\/www.elle.be\/nl\/430598-10-jaar-facon-jacmin-hoe-twee-totaal-verschillende-zussen-samen-een-succesvol-modemerk-uitbouwden.html#primaryimage"},"image":{"@id":"https:\/\/www.elle.be\/nl\/430598-10-jaar-facon-jacmin-hoe-twee-totaal-verschillende-zussen-samen-een-succesvol-modemerk-uitbouwden.html#primaryimage"},"thumbnailUrl":"https:\/\/www.elle.be\/nl\/wp-content\/uploads\/2026\/04\/rio-de-janeiro-4.png","datePublished":"2026-05-03T07:29:39+00:00","description":"Oprichters en tweelingzussen S\u00e9gol\u00e8ne en Alexandra Jacmin blikken terug op het prille begin tot hun tienjarig jubileum.","breadcrumb":{"@id":"https:\/\/www.elle.be\/nl\/430598-10-jaar-facon-jacmin-hoe-twee-totaal-verschillende-zussen-samen-een-succesvol-modemerk-uitbouwden.html#breadcrumb"},"inLanguage":"nl-BE","potentialAction":[{"@type":"ReadAction","target":["https:\/\/www.elle.be\/nl\/430598-10-jaar-facon-jacmin-hoe-twee-totaal-verschillende-zussen-samen-een-succesvol-modemerk-uitbouwden.html"]}]},{"@type":"ImageObject","inLanguage":"nl-BE","@id":"https:\/\/www.elle.be\/nl\/430598-10-jaar-facon-jacmin-hoe-twee-totaal-verschillende-zussen-samen-een-succesvol-modemerk-uitbouwden.html#primaryimage","url":"https:\/\/www.elle.be\/nl\/wp-content\/uploads\/2026\/04\/rio-de-janeiro-4.png","contentUrl":"https:\/\/www.elle.be\/nl\/wp-content\/uploads\/2026\/04\/rio-de-janeiro-4.png","width":1200,"height":628,"caption":"Fa\u00e7on Jacmin"},{"@type":"BreadcrumbList","@id":"https:\/\/www.elle.be\/nl\/430598-10-jaar-facon-jacmin-hoe-twee-totaal-verschillende-zussen-samen-een-succesvol-modemerk-uitbouwden.html#breadcrumb","itemListElement":[{"@type":"ListItem","position":1,"name":"NL","item":"https:\/\/www.elle.be\/nl"},{"@type":"ListItem","position":2,"name":"Mode","item":"https:\/\/www.elle.be\/nl\/mode"},{"@type":"ListItem","position":3,"name":"10 jaar Fa\u00e7on Jacmin: hoe twee totaal verschillende zussen samen een succesvol modemerk uitbouwden"}]},{"@type":"WebSite","@id":"https:\/\/www.elle.be\/nl\/#website","url":"https:\/\/www.elle.be\/nl\/","name":"ELLE.be","description":"Afspraak op ELLE.be voor exclusief mode en beauty nieuws, inspirerende lifestyle en travel, de leukste hotspots en heerlijke recepten.","publisher":{"@id":"https:\/\/www.elle.be\/nl\/#organization"},"potentialAction":[{"@type":"SearchAction","target":{"@type":"EntryPoint","urlTemplate":"https:\/\/www.elle.be\/nl\/?s={search_term_string}"},"query-input":{"@type":"PropertyValueSpecification","valueRequired":true,"valueName":"search_term_string"}}],"inLanguage":"nl-BE"},{"@type":"Organization","@id":"https:\/\/www.elle.be\/nl\/#organization","name":"ELLE Belgi\u00eb","url":"https:\/\/www.elle.be\/nl\/","logo":{"@type":"ImageObject","inLanguage":"nl-BE","@id":"https:\/\/www.elle.be\/nl\/#\/schema\/logo\/image\/","url":"https:\/\/www.elle.be\/nl\/wp-content\/uploads\/2017\/03\/elle-icon-200px.jpeg","contentUrl":"https:\/\/www.elle.be\/nl\/wp-content\/uploads\/2017\/03\/elle-icon-200px.jpeg","width":200,"height":200,"caption":"ELLE Belgi\u00eb"},"image":{"@id":"https:\/\/www.elle.be\/nl\/#\/schema\/logo\/image\/"},"sameAs":["https:\/\/www.facebook.com\/ELLEbelgie\/","https:\/\/x.com\/ELLEbelgie","https:\/\/www.instagram.com\/elle_belgie\/","https:\/\/www.pinterest.com\/ellebelgie\/","https:\/\/www.youtube.com\/user\/ellebelgium"]},{"@type":"Person","@id":"https:\/\/www.elle.be\/nl\/#\/schema\/person\/bd9a45185bbf34a4509c24117fc2c38b","name":"Lisa Aelvoet","image":{"@type":"ImageObject","inLanguage":"nl-BE","@id":"https:\/\/secure.gravatar.com\/avatar\/649ddc5a862cb8db579bedaf975101ce17fda85e97e4781aaf647a4e0dde98b0?s=96&r=g","url":"https:\/\/secure.gravatar.com\/avatar\/649ddc5a862cb8db579bedaf975101ce17fda85e97e4781aaf647a4e0dde98b0?s=96&r=g","contentUrl":"https:\/\/secure.gravatar.com\/avatar\/649ddc5a862cb8db579bedaf975101ce17fda85e97e4781aaf647a4e0dde98b0?s=96&r=g","caption":"Lisa Aelvoet"},"description":"Lisa is Digital Fashion, Lifestyle &amp; Beauty Editor. Ze koestert een gezonde obsessie voor de TikTok-video's van Nara Smith, verse bloemen en Belgische chocolade. Parijs is haar tweede thuis en alles Frans - van mode tot wijn - laat haar hart sneller slaan. Als ze niet lijkt te luisteren, plant ze waarschijnlijk in haar hoofd alweer haar volgende reis \u2013 want het Belgische weer is nu eenmaal altijd een goed excuus om te vertrekken.","sameAs":["https:\/\/www.instagram.com\/lisaaelvoet\/"],"url":"https:\/\/www.elle.be\/nl\/author\/lisa-aelvoet"}]}},"_links":{"self":[{"href":"https:\/\/www.elle.be\/nl\/wp-json\/wp\/v2\/posts\/430598","targetHints":{"allow":["GET"]}}],"collection":[{"href":"https:\/\/www.elle.be\/nl\/wp-json\/wp\/v2\/posts"}],"about":[{"href":"https:\/\/www.elle.be\/nl\/wp-json\/wp\/v2\/types\/post"}],"author":[{"embeddable":true,"href":"https:\/\/www.elle.be\/nl\/wp-json\/wp\/v2\/users\/92"}],"replies":[{"embeddable":true,"href":"https:\/\/www.elle.be\/nl\/wp-json\/wp\/v2\/comments?post=430598"}],"version-history":[{"count":6,"href":"https:\/\/www.elle.be\/nl\/wp-json\/wp\/v2\/posts\/430598\/revisions"}],"predecessor-version":[{"id":430606,"href":"https:\/\/www.elle.be\/nl\/wp-json\/wp\/v2\/posts\/430598\/revisions\/430606"}],"wp:featuredmedia":[{"embeddable":true,"href":"https:\/\/www.elle.be\/nl\/wp-json\/wp\/v2\/media\/430602"}],"wp:attachment":[{"href":"https:\/\/www.elle.be\/nl\/wp-json\/wp\/v2\/media?parent=430598"}],"wp:term":[{"taxonomy":"category","embeddable":true,"href":"https:\/\/www.elle.be\/nl\/wp-json\/wp\/v2\/categories?post=430598"},{"taxonomy":"post_tag","embeddable":true,"href":"https:\/\/www.elle.be\/nl\/wp-json\/wp\/v2\/tags?post=430598"}],"curies":[{"name":"wp","href":"https:\/\/api.w.org\/{rel}","templated":true}]}}