{"id":344425,"date":"2022-12-02T15:10:13","date_gmt":"2022-12-02T14:10:13","guid":{"rendered":"https:\/\/www.elle.be\/nl\/?p=344425"},"modified":"2022-11-23T13:23:42","modified_gmt":"2022-11-23T12:23:42","slug":"ontdek-the-room-onze-nieuwe-favoriete-belgische-webshop","status":"publish","type":"post","link":"https:\/\/www.elle.be\/nl\/344425-ontdek-the-room-onze-nieuwe-favoriete-belgische-webshop.html","title":{"rendered":"Ontdek The Room, onze nieuwe favoriete Belgische webshop"},"content":{"rendered":"","protected":false},"excerpt":{"rendered":"The Room &#8211; oftewel fashion\u2019s best kept secret &#8211; blaast dit jaar \u00e9\u00e9n kaarsje uit. uit....","protected":false},"author":92,"featured_media":344457,"comment_status":"open","ping_status":"closed","sticky":false,"template":"","format":"standard","meta":{"_acf_changed":false,"footnotes":""},"categories":[3,2228],"tags":[1270,3347,3480],"class_list":["post-344425","post","type-post","status-publish","format-standard","has-post-thumbnail","hentry","category-mode","category-mode-shopping","tag-webshop","tag-belgisch","tag-kerstshoppen"],"acf":[],"_yoast_wpseo_metadesc":"The Room blaast dit jaar \u00e9\u00e9n kaarsje uit. De vernieuwende webshop verovert Instagram \u00e9n opent binnenkort een pop-up in Antwerpen.\u00a0 %%page%%","_yoast_wpseo_title":null,"image_verticale":"344456","yoast_head":"<!-- This site is optimized with the Yoast SEO plugin v27.4 - https:\/\/yoast.com\/product\/yoast-seo-wordpress\/ -->\n<title>Ontdek The Room, onze nieuwe favoriete Belgische webshop - ELLE.be<\/title>\n<meta name=\"description\" content=\"The Room blaast dit jaar \u00e9\u00e9n kaarsje uit. De vernieuwende webshop verovert Instagram \u00e9n opent binnenkort een pop-up in Antwerpen.\u00a0\" \/>\n<meta name=\"robots\" content=\"index, follow, max-snippet:-1, max-image-preview:large, max-video-preview:-1\" \/>\n<link rel=\"canonical\" href=\"https:\/\/www.elle.be\/nl\/344425-ontdek-the-room-onze-nieuwe-favoriete-belgische-webshop.html\" \/>\n<meta property=\"og:locale\" content=\"nl_BE\" \/>\n<meta property=\"og:type\" content=\"article\" \/>\n<meta property=\"og:title\" content=\"Ontdek The Room, onze nieuwe favoriete Belgische webshop - ELLE.be\" \/>\n<meta property=\"og:description\" content=\"The Room blaast dit jaar \u00e9\u00e9n kaarsje uit. De vernieuwende webshop verovert Instagram \u00e9n opent binnenkort een pop-up in Antwerpen.\u00a0\" \/>\n<meta property=\"og:url\" content=\"https:\/\/www.elle.be\/nl\/344425-ontdek-the-room-onze-nieuwe-favoriete-belgische-webshop.html\" \/>\n<meta property=\"og:site_name\" content=\"ELLE.be\" \/>\n<meta property=\"article:publisher\" content=\"https:\/\/www.facebook.com\/ELLEbelgie\/\" \/>\n<meta property=\"article:published_time\" content=\"2022-12-02T14:10:13+00:00\" \/>\n<meta property=\"og:image\" content=\"https:\/\/www.elle.be\/nl\/wp-content\/uploads\/2022\/11\/the-room-1000x523-1.png\" \/>\n\t<meta property=\"og:image:width\" content=\"1000\" \/>\n\t<meta property=\"og:image:height\" content=\"523\" \/>\n\t<meta property=\"og:image:type\" content=\"image\/png\" \/>\n<meta name=\"author\" content=\"Lisa Aelvoet\" \/>\n<meta name=\"twitter:card\" content=\"summary_large_image\" \/>\n<meta name=\"twitter:creator\" content=\"@ELLEbelgie\" \/>\n<meta name=\"twitter:site\" content=\"@ELLEbelgie\" \/>\n<meta name=\"twitter:label1\" content=\"Geschreven door\" \/>\n\t<meta name=\"twitter:data1\" content=\"Lisa Aelvoet\" \/>\n\t<meta name=\"twitter:label2\" content=\"Geschatte leestijd\" \/>\n\t<meta name=\"twitter:data2\" content=\"3 minuten\" \/>\n<script type=\"application\/ld+json\" class=\"yoast-schema-graph\">{\"@context\":\"https:\\\/\\\/schema.org\",\"@graph\":[{\"@type\":\"NewsArticle\",\"@id\":\"https:\\\/\\\/www.elle.be\\\/nl\\\/344425-ontdek-the-room-onze-nieuwe-favoriete-belgische-webshop.html#article\",\"isPartOf\":{\"@id\":\"https:\\\/\\\/www.elle.be\\\/nl\\\/344425-ontdek-the-room-onze-nieuwe-favoriete-belgische-webshop.html\"},\"author\":{\"name\":\"Lisa Aelvoet\",\"@id\":\"https:\\\/\\\/www.elle.be\\\/nl\\\/#\\\/schema\\\/person\\\/bd9a45185bbf34a4509c24117fc2c38b\"},\"headline\":\"Ontdek The Room, onze nieuwe favoriete Belgische webshop\",\"datePublished\":\"2022-12-02T14:10:13+00:00\",\"mainEntityOfPage\":{\"@id\":\"https:\\\/\\\/www.elle.be\\\/nl\\\/344425-ontdek-the-room-onze-nieuwe-favoriete-belgische-webshop.html\"},\"wordCount\":528,\"commentCount\":0,\"publisher\":{\"@id\":\"https:\\\/\\\/www.elle.be\\\/nl\\\/#organization\"},\"image\":{\"@id\":\"https:\\\/\\\/www.elle.be\\\/nl\\\/344425-ontdek-the-room-onze-nieuwe-favoriete-belgische-webshop.html#primaryimage\"},\"thumbnailUrl\":\"https:\\\/\\\/www.elle.be\\\/nl\\\/wp-content\\\/uploads\\\/2022\\\/11\\\/the-room-1000x523-1.png\",\"keywords\":[\"webshop\",\"Belgisch\",\"kerstshoppen\"],\"articleSection\":[\"Mode\",\"Shopping\"],\"inLanguage\":\"nl-BE\",\"potentialAction\":[{\"@type\":\"CommentAction\",\"name\":\"Comment\",\"target\":[\"https:\\\/\\\/www.elle.be\\\/nl\\\/344425-ontdek-the-room-onze-nieuwe-favoriete-belgische-webshop.html#respond\"]}]},{\"@type\":\"WebPage\",\"@id\":\"https:\\\/\\\/www.elle.be\\\/nl\\\/344425-ontdek-the-room-onze-nieuwe-favoriete-belgische-webshop.html\",\"url\":\"https:\\\/\\\/www.elle.be\\\/nl\\\/344425-ontdek-the-room-onze-nieuwe-favoriete-belgische-webshop.html\",\"name\":\"Ontdek The Room, onze nieuwe favoriete Belgische webshop - ELLE.be\",\"isPartOf\":{\"@id\":\"https:\\\/\\\/www.elle.be\\\/nl\\\/#website\"},\"primaryImageOfPage\":{\"@id\":\"https:\\\/\\\/www.elle.be\\\/nl\\\/344425-ontdek-the-room-onze-nieuwe-favoriete-belgische-webshop.html#primaryimage\"},\"image\":{\"@id\":\"https:\\\/\\\/www.elle.be\\\/nl\\\/344425-ontdek-the-room-onze-nieuwe-favoriete-belgische-webshop.html#primaryimage\"},\"thumbnailUrl\":\"https:\\\/\\\/www.elle.be\\\/nl\\\/wp-content\\\/uploads\\\/2022\\\/11\\\/the-room-1000x523-1.png\",\"datePublished\":\"2022-12-02T14:10:13+00:00\",\"description\":\"The Room blaast dit jaar \u00e9\u00e9n kaarsje uit. De vernieuwende webshop verovert Instagram \u00e9n opent binnenkort een pop-up in Antwerpen.\u00a0\",\"breadcrumb\":{\"@id\":\"https:\\\/\\\/www.elle.be\\\/nl\\\/344425-ontdek-the-room-onze-nieuwe-favoriete-belgische-webshop.html#breadcrumb\"},\"inLanguage\":\"nl-BE\",\"potentialAction\":[{\"@type\":\"ReadAction\",\"target\":[\"https:\\\/\\\/www.elle.be\\\/nl\\\/344425-ontdek-the-room-onze-nieuwe-favoriete-belgische-webshop.html\"]}]},{\"@type\":\"ImageObject\",\"inLanguage\":\"nl-BE\",\"@id\":\"https:\\\/\\\/www.elle.be\\\/nl\\\/344425-ontdek-the-room-onze-nieuwe-favoriete-belgische-webshop.html#primaryimage\",\"url\":\"https:\\\/\\\/www.elle.be\\\/nl\\\/wp-content\\\/uploads\\\/2022\\\/11\\\/the-room-1000x523-1.png\",\"contentUrl\":\"https:\\\/\\\/www.elle.be\\\/nl\\\/wp-content\\\/uploads\\\/2022\\\/11\\\/the-room-1000x523-1.png\",\"width\":1000,\"height\":523,\"caption\":\"The-Room-1000x523\"},{\"@type\":\"BreadcrumbList\",\"@id\":\"https:\\\/\\\/www.elle.be\\\/nl\\\/344425-ontdek-the-room-onze-nieuwe-favoriete-belgische-webshop.html#breadcrumb\",\"itemListElement\":[{\"@type\":\"ListItem\",\"position\":1,\"name\":\"NL\",\"item\":\"https:\\\/\\\/www.elle.be\\\/nl\"},{\"@type\":\"ListItem\",\"position\":2,\"name\":\"Mode\",\"item\":\"https:\\\/\\\/www.elle.be\\\/nl\\\/mode\"},{\"@type\":\"ListItem\",\"position\":3,\"name\":\"Ontdek The Room, onze nieuwe favoriete Belgische webshop\"}]},{\"@type\":\"WebSite\",\"@id\":\"https:\\\/\\\/www.elle.be\\\/nl\\\/#website\",\"url\":\"https:\\\/\\\/www.elle.be\\\/nl\\\/\",\"name\":\"ELLE.be\",\"description\":\"Afspraak op ELLE.be voor exclusief mode en beauty nieuws, inspirerende lifestyle en travel, de leukste hotspots en heerlijke recepten.\",\"publisher\":{\"@id\":\"https:\\\/\\\/www.elle.be\\\/nl\\\/#organization\"},\"potentialAction\":[{\"@type\":\"SearchAction\",\"target\":{\"@type\":\"EntryPoint\",\"urlTemplate\":\"https:\\\/\\\/www.elle.be\\\/nl\\\/?s={search_term_string}\"},\"query-input\":{\"@type\":\"PropertyValueSpecification\",\"valueRequired\":true,\"valueName\":\"search_term_string\"}}],\"inLanguage\":\"nl-BE\"},{\"@type\":\"Organization\",\"@id\":\"https:\\\/\\\/www.elle.be\\\/nl\\\/#organization\",\"name\":\"ELLE Belgi\u00eb\",\"url\":\"https:\\\/\\\/www.elle.be\\\/nl\\\/\",\"logo\":{\"@type\":\"ImageObject\",\"inLanguage\":\"nl-BE\",\"@id\":\"https:\\\/\\\/www.elle.be\\\/nl\\\/#\\\/schema\\\/logo\\\/image\\\/\",\"url\":\"https:\\\/\\\/www.elle.be\\\/nl\\\/wp-content\\\/uploads\\\/2017\\\/03\\\/elle-icon-200px.jpeg\",\"contentUrl\":\"https:\\\/\\\/www.elle.be\\\/nl\\\/wp-content\\\/uploads\\\/2017\\\/03\\\/elle-icon-200px.jpeg\",\"width\":200,\"height\":200,\"caption\":\"ELLE Belgi\u00eb\"},\"image\":{\"@id\":\"https:\\\/\\\/www.elle.be\\\/nl\\\/#\\\/schema\\\/logo\\\/image\\\/\"},\"sameAs\":[\"https:\\\/\\\/www.facebook.com\\\/ELLEbelgie\\\/\",\"https:\\\/\\\/x.com\\\/ELLEbelgie\",\"https:\\\/\\\/www.instagram.com\\\/elle_belgie\\\/\",\"https:\\\/\\\/www.pinterest.com\\\/ellebelgie\\\/\",\"https:\\\/\\\/www.youtube.com\\\/user\\\/ellebelgium\"]},{\"@type\":\"Person\",\"@id\":\"https:\\\/\\\/www.elle.be\\\/nl\\\/#\\\/schema\\\/person\\\/bd9a45185bbf34a4509c24117fc2c38b\",\"name\":\"Lisa Aelvoet\",\"image\":{\"@type\":\"ImageObject\",\"inLanguage\":\"nl-BE\",\"@id\":\"https:\\\/\\\/secure.gravatar.com\\\/avatar\\\/649ddc5a862cb8db579bedaf975101ce17fda85e97e4781aaf647a4e0dde98b0?s=96&r=g\",\"url\":\"https:\\\/\\\/secure.gravatar.com\\\/avatar\\\/649ddc5a862cb8db579bedaf975101ce17fda85e97e4781aaf647a4e0dde98b0?s=96&r=g\",\"contentUrl\":\"https:\\\/\\\/secure.gravatar.com\\\/avatar\\\/649ddc5a862cb8db579bedaf975101ce17fda85e97e4781aaf647a4e0dde98b0?s=96&r=g\",\"caption\":\"Lisa Aelvoet\"},\"description\":\"Lisa is Digital Fashion, Lifestyle &amp; Beauty Editor. Ze koestert een gezonde obsessie voor de TikTok-video's van Nara Smith, verse bloemen en Belgische chocolade. Parijs is haar tweede thuis en alles Frans - van mode tot wijn - laat haar hart sneller slaan. Als ze niet lijkt te luisteren, plant ze waarschijnlijk in haar hoofd alweer haar volgende reis \u2013 want het Belgische weer is nu eenmaal altijd een goed excuus om te vertrekken.\",\"sameAs\":[\"https:\\\/\\\/www.instagram.com\\\/lisaaelvoet\\\/\"],\"url\":\"https:\\\/\\\/www.elle.be\\\/nl\\\/author\\\/lisa-aelvoet\"}]}<\/script>\n<!-- \/ Yoast SEO plugin. -->","yoast_head_json":{"title":"Ontdek The Room, onze nieuwe favoriete Belgische webshop - ELLE.be","description":"The Room blaast dit jaar \u00e9\u00e9n kaarsje uit. De vernieuwende webshop verovert Instagram \u00e9n opent binnenkort een pop-up in Antwerpen.\u00a0","robots":{"index":"index","follow":"follow","max-snippet":"max-snippet:-1","max-image-preview":"max-image-preview:large","max-video-preview":"max-video-preview:-1"},"canonical":"https:\/\/www.elle.be\/nl\/344425-ontdek-the-room-onze-nieuwe-favoriete-belgische-webshop.html","og_locale":"nl_BE","og_type":"article","og_title":"Ontdek The Room, onze nieuwe favoriete Belgische webshop - ELLE.be","og_description":"The Room blaast dit jaar \u00e9\u00e9n kaarsje uit. De vernieuwende webshop verovert Instagram \u00e9n opent binnenkort een pop-up in Antwerpen.\u00a0","og_url":"https:\/\/www.elle.be\/nl\/344425-ontdek-the-room-onze-nieuwe-favoriete-belgische-webshop.html","og_site_name":"ELLE.be","article_publisher":"https:\/\/www.facebook.com\/ELLEbelgie\/","article_published_time":"2022-12-02T14:10:13+00:00","og_image":[{"width":1000,"height":523,"url":"https:\/\/www.elle.be\/nl\/wp-content\/uploads\/2022\/11\/the-room-1000x523-1.png","type":"image\/png"}],"author":"Lisa Aelvoet","twitter_card":"summary_large_image","twitter_creator":"@ELLEbelgie","twitter_site":"@ELLEbelgie","twitter_misc":{"Geschreven door":"Lisa Aelvoet","Geschatte leestijd":"3 minuten"},"schema":{"@context":"https:\/\/schema.org","@graph":[{"@type":"NewsArticle","@id":"https:\/\/www.elle.be\/nl\/344425-ontdek-the-room-onze-nieuwe-favoriete-belgische-webshop.html#article","isPartOf":{"@id":"https:\/\/www.elle.be\/nl\/344425-ontdek-the-room-onze-nieuwe-favoriete-belgische-webshop.html"},"author":{"name":"Lisa Aelvoet","@id":"https:\/\/www.elle.be\/nl\/#\/schema\/person\/bd9a45185bbf34a4509c24117fc2c38b"},"headline":"Ontdek The Room, onze nieuwe favoriete Belgische webshop","datePublished":"2022-12-02T14:10:13+00:00","mainEntityOfPage":{"@id":"https:\/\/www.elle.be\/nl\/344425-ontdek-the-room-onze-nieuwe-favoriete-belgische-webshop.html"},"wordCount":528,"commentCount":0,"publisher":{"@id":"https:\/\/www.elle.be\/nl\/#organization"},"image":{"@id":"https:\/\/www.elle.be\/nl\/344425-ontdek-the-room-onze-nieuwe-favoriete-belgische-webshop.html#primaryimage"},"thumbnailUrl":"https:\/\/www.elle.be\/nl\/wp-content\/uploads\/2022\/11\/the-room-1000x523-1.png","keywords":["webshop","Belgisch","kerstshoppen"],"articleSection":["Mode","Shopping"],"inLanguage":"nl-BE","potentialAction":[{"@type":"CommentAction","name":"Comment","target":["https:\/\/www.elle.be\/nl\/344425-ontdek-the-room-onze-nieuwe-favoriete-belgische-webshop.html#respond"]}]},{"@type":"WebPage","@id":"https:\/\/www.elle.be\/nl\/344425-ontdek-the-room-onze-nieuwe-favoriete-belgische-webshop.html","url":"https:\/\/www.elle.be\/nl\/344425-ontdek-the-room-onze-nieuwe-favoriete-belgische-webshop.html","name":"Ontdek The Room, onze nieuwe favoriete Belgische webshop - ELLE.be","isPartOf":{"@id":"https:\/\/www.elle.be\/nl\/#website"},"primaryImageOfPage":{"@id":"https:\/\/www.elle.be\/nl\/344425-ontdek-the-room-onze-nieuwe-favoriete-belgische-webshop.html#primaryimage"},"image":{"@id":"https:\/\/www.elle.be\/nl\/344425-ontdek-the-room-onze-nieuwe-favoriete-belgische-webshop.html#primaryimage"},"thumbnailUrl":"https:\/\/www.elle.be\/nl\/wp-content\/uploads\/2022\/11\/the-room-1000x523-1.png","datePublished":"2022-12-02T14:10:13+00:00","description":"The Room blaast dit jaar \u00e9\u00e9n kaarsje uit. De vernieuwende webshop verovert Instagram \u00e9n opent binnenkort een pop-up in Antwerpen.\u00a0","breadcrumb":{"@id":"https:\/\/www.elle.be\/nl\/344425-ontdek-the-room-onze-nieuwe-favoriete-belgische-webshop.html#breadcrumb"},"inLanguage":"nl-BE","potentialAction":[{"@type":"ReadAction","target":["https:\/\/www.elle.be\/nl\/344425-ontdek-the-room-onze-nieuwe-favoriete-belgische-webshop.html"]}]},{"@type":"ImageObject","inLanguage":"nl-BE","@id":"https:\/\/www.elle.be\/nl\/344425-ontdek-the-room-onze-nieuwe-favoriete-belgische-webshop.html#primaryimage","url":"https:\/\/www.elle.be\/nl\/wp-content\/uploads\/2022\/11\/the-room-1000x523-1.png","contentUrl":"https:\/\/www.elle.be\/nl\/wp-content\/uploads\/2022\/11\/the-room-1000x523-1.png","width":1000,"height":523,"caption":"The-Room-1000x523"},{"@type":"BreadcrumbList","@id":"https:\/\/www.elle.be\/nl\/344425-ontdek-the-room-onze-nieuwe-favoriete-belgische-webshop.html#breadcrumb","itemListElement":[{"@type":"ListItem","position":1,"name":"NL","item":"https:\/\/www.elle.be\/nl"},{"@type":"ListItem","position":2,"name":"Mode","item":"https:\/\/www.elle.be\/nl\/mode"},{"@type":"ListItem","position":3,"name":"Ontdek The Room, onze nieuwe favoriete Belgische webshop"}]},{"@type":"WebSite","@id":"https:\/\/www.elle.be\/nl\/#website","url":"https:\/\/www.elle.be\/nl\/","name":"ELLE.be","description":"Afspraak op ELLE.be voor exclusief mode en beauty nieuws, inspirerende lifestyle en travel, de leukste hotspots en heerlijke recepten.","publisher":{"@id":"https:\/\/www.elle.be\/nl\/#organization"},"potentialAction":[{"@type":"SearchAction","target":{"@type":"EntryPoint","urlTemplate":"https:\/\/www.elle.be\/nl\/?s={search_term_string}"},"query-input":{"@type":"PropertyValueSpecification","valueRequired":true,"valueName":"search_term_string"}}],"inLanguage":"nl-BE"},{"@type":"Organization","@id":"https:\/\/www.elle.be\/nl\/#organization","name":"ELLE Belgi\u00eb","url":"https:\/\/www.elle.be\/nl\/","logo":{"@type":"ImageObject","inLanguage":"nl-BE","@id":"https:\/\/www.elle.be\/nl\/#\/schema\/logo\/image\/","url":"https:\/\/www.elle.be\/nl\/wp-content\/uploads\/2017\/03\/elle-icon-200px.jpeg","contentUrl":"https:\/\/www.elle.be\/nl\/wp-content\/uploads\/2017\/03\/elle-icon-200px.jpeg","width":200,"height":200,"caption":"ELLE Belgi\u00eb"},"image":{"@id":"https:\/\/www.elle.be\/nl\/#\/schema\/logo\/image\/"},"sameAs":["https:\/\/www.facebook.com\/ELLEbelgie\/","https:\/\/x.com\/ELLEbelgie","https:\/\/www.instagram.com\/elle_belgie\/","https:\/\/www.pinterest.com\/ellebelgie\/","https:\/\/www.youtube.com\/user\/ellebelgium"]},{"@type":"Person","@id":"https:\/\/www.elle.be\/nl\/#\/schema\/person\/bd9a45185bbf34a4509c24117fc2c38b","name":"Lisa Aelvoet","image":{"@type":"ImageObject","inLanguage":"nl-BE","@id":"https:\/\/secure.gravatar.com\/avatar\/649ddc5a862cb8db579bedaf975101ce17fda85e97e4781aaf647a4e0dde98b0?s=96&r=g","url":"https:\/\/secure.gravatar.com\/avatar\/649ddc5a862cb8db579bedaf975101ce17fda85e97e4781aaf647a4e0dde98b0?s=96&r=g","contentUrl":"https:\/\/secure.gravatar.com\/avatar\/649ddc5a862cb8db579bedaf975101ce17fda85e97e4781aaf647a4e0dde98b0?s=96&r=g","caption":"Lisa Aelvoet"},"description":"Lisa is Digital Fashion, Lifestyle &amp; Beauty Editor. Ze koestert een gezonde obsessie voor de TikTok-video's van Nara Smith, verse bloemen en Belgische chocolade. Parijs is haar tweede thuis en alles Frans - van mode tot wijn - laat haar hart sneller slaan. Als ze niet lijkt te luisteren, plant ze waarschijnlijk in haar hoofd alweer haar volgende reis \u2013 want het Belgische weer is nu eenmaal altijd een goed excuus om te vertrekken.","sameAs":["https:\/\/www.instagram.com\/lisaaelvoet\/"],"url":"https:\/\/www.elle.be\/nl\/author\/lisa-aelvoet"}]}},"_links":{"self":[{"href":"https:\/\/www.elle.be\/nl\/wp-json\/wp\/v2\/posts\/344425","targetHints":{"allow":["GET"]}}],"collection":[{"href":"https:\/\/www.elle.be\/nl\/wp-json\/wp\/v2\/posts"}],"about":[{"href":"https:\/\/www.elle.be\/nl\/wp-json\/wp\/v2\/types\/post"}],"author":[{"embeddable":true,"href":"https:\/\/www.elle.be\/nl\/wp-json\/wp\/v2\/users\/92"}],"replies":[{"embeddable":true,"href":"https:\/\/www.elle.be\/nl\/wp-json\/wp\/v2\/comments?post=344425"}],"version-history":[{"count":10,"href":"https:\/\/www.elle.be\/nl\/wp-json\/wp\/v2\/posts\/344425\/revisions"}],"predecessor-version":[{"id":344570,"href":"https:\/\/www.elle.be\/nl\/wp-json\/wp\/v2\/posts\/344425\/revisions\/344570"}],"wp:featuredmedia":[{"embeddable":true,"href":"https:\/\/www.elle.be\/nl\/wp-json\/wp\/v2\/media\/344457"}],"wp:attachment":[{"href":"https:\/\/www.elle.be\/nl\/wp-json\/wp\/v2\/media?parent=344425"}],"wp:term":[{"taxonomy":"category","embeddable":true,"href":"https:\/\/www.elle.be\/nl\/wp-json\/wp\/v2\/categories?post=344425"},{"taxonomy":"post_tag","embeddable":true,"href":"https:\/\/www.elle.be\/nl\/wp-json\/wp\/v2\/tags?post=344425"}],"curies":[{"name":"wp","href":"https:\/\/api.w.org\/{rel}","templated":true}]}}