{"id":329918,"date":"2022-03-15T14:12:01","date_gmt":"2022-03-15T13:12:01","guid":{"rendered":"https:\/\/www.elle.be\/nl\/?p=329918"},"modified":"2022-04-20T14:34:32","modified_gmt":"2022-04-20T12:34:32","slug":"beste-street-style-fashion-week","status":"publish","type":"post","link":"https:\/\/www.elle.be\/nl\/329918-beste-street-style-fashion-week.html","title":{"rendered":"Recap: de beste street style looks gespot tijdens de fashion weeks"},"content":{"rendered":"","protected":false},"excerpt":{"rendered":"\u00c0 bient\u00f4t, Fashion Month! Hoewel we het jammer vinden dat ons s\u00e9jour in de Franse hoofdstad ten einde loopt, zullen de beste street style looks die we buiten de shows hebben gespot, onze outfits de komende maanden z\u00e9ker inspireren.","protected":false},"author":94,"featured_media":330073,"comment_status":"open","ping_status":"closed","sticky":false,"template":"","format":"standard","meta":{"_acf_changed":false,"footnotes":""},"categories":[3,615],"tags":[2355,3903,4666,4667,4668,297,617,1231,1316,1594,1609],"class_list":["post-329918","post","type-post","status-publish","format-standard","has-post-thumbnail","hentry","category-mode","category-fashion-week","tag-street-style","tag-streetwear","tag-copenhagen-fashion-week","tag-mode-inspiratie","tag-fashion-inspiratie","tag-streetstyle","tag-fashion-week-2","tag-new-york-fashion-week","tag-fashion-weeks","tag-milaan-fashion-week","tag-paris-fashion-week"],"acf":[],"_yoast_wpseo_metadesc":"Zien: de beste street style looks gespot tijdens fashion month. Deze looks zullen onze outfits blijven inspireren.","_yoast_wpseo_title":"%%title%% %%page%% %%sep%%","image_verticale":"330102","yoast_head":"<!-- This site is optimized with the Yoast SEO plugin v27.4 - https:\/\/yoast.com\/product\/yoast-seo-wordpress\/ -->\n<title>Recap: de beste street style looks gespot tijdens de fashion weeks -<\/title>\n<meta name=\"description\" content=\"Zien: de beste street style looks gespot tijdens fashion month. Deze looks zullen onze outfits blijven inspireren.\" \/>\n<meta name=\"robots\" content=\"index, follow, max-snippet:-1, max-image-preview:large, max-video-preview:-1\" \/>\n<link rel=\"canonical\" href=\"https:\/\/www.elle.be\/nl\/329918-beste-street-style-fashion-week.html\" \/>\n<meta property=\"og:locale\" content=\"nl_BE\" \/>\n<meta property=\"og:type\" content=\"article\" \/>\n<meta property=\"og:title\" content=\"Recap: de beste street style looks gespot tijdens de fashion weeks -\" \/>\n<meta property=\"og:description\" content=\"Zien: de beste street style looks gespot tijdens fashion month. Deze looks zullen onze outfits blijven inspireren.\" \/>\n<meta property=\"og:url\" content=\"https:\/\/www.elle.be\/nl\/329918-beste-street-style-fashion-week.html\" \/>\n<meta property=\"og:site_name\" content=\"ELLE.be\" \/>\n<meta property=\"article:publisher\" content=\"https:\/\/www.facebook.com\/ELLEbelgie\/\" \/>\n<meta property=\"article:published_time\" content=\"2022-03-15T13:12:01+00:00\" \/>\n<meta property=\"article:modified_time\" content=\"2022-04-20T12:34:32+00:00\" \/>\n<meta property=\"og:image\" content=\"https:\/\/www.elle.be\/nl\/wp-content\/uploads\/2022\/03\/copenhagen-str-f22-0131-min-scaled.jpg\" \/>\n\t<meta property=\"og:image:width\" content=\"1365\" \/>\n\t<meta property=\"og:image:height\" content=\"2048\" \/>\n\t<meta property=\"og:image:type\" content=\"image\/jpeg\" \/>\n<meta name=\"author\" content=\"Xana Ferreira Chicano\" \/>\n<meta name=\"twitter:card\" content=\"summary_large_image\" \/>\n<meta name=\"twitter:creator\" content=\"@ELLEbelgie\" \/>\n<meta name=\"twitter:site\" content=\"@ELLEbelgie\" \/>\n<meta name=\"twitter:label1\" content=\"Geschreven door\" \/>\n\t<meta name=\"twitter:data1\" content=\"Xana Ferreira Chicano\" \/>\n\t<meta name=\"twitter:label2\" content=\"Geschatte leestijd\" \/>\n\t<meta name=\"twitter:data2\" content=\"32 minuten\" \/>\n<script type=\"application\/ld+json\" class=\"yoast-schema-graph\">{\"@context\":\"https:\\\/\\\/schema.org\",\"@graph\":[{\"@type\":\"NewsArticle\",\"@id\":\"https:\\\/\\\/www.elle.be\\\/nl\\\/329918-beste-street-style-fashion-week.html#article\",\"isPartOf\":{\"@id\":\"https:\\\/\\\/www.elle.be\\\/nl\\\/329918-beste-street-style-fashion-week.html\"},\"author\":{\"name\":\"Xana Ferreira Chicano\",\"@id\":\"https:\\\/\\\/www.elle.be\\\/nl\\\/#\\\/schema\\\/person\\\/0576686173ad0da95ee21927d21773d0\"},\"headline\":\"Recap: de beste street style looks gespot tijdens de fashion weeks\",\"datePublished\":\"2022-03-15T13:12:01+00:00\",\"dateModified\":\"2022-04-20T12:34:32+00:00\",\"mainEntityOfPage\":{\"@id\":\"https:\\\/\\\/www.elle.be\\\/nl\\\/329918-beste-street-style-fashion-week.html\"},\"wordCount\":164,\"commentCount\":0,\"publisher\":{\"@id\":\"https:\\\/\\\/www.elle.be\\\/nl\\\/#organization\"},\"image\":{\"@id\":\"https:\\\/\\\/www.elle.be\\\/nl\\\/329918-beste-street-style-fashion-week.html#primaryimage\"},\"thumbnailUrl\":\"https:\\\/\\\/www.elle.be\\\/nl\\\/wp-content\\\/uploads\\\/2022\\\/03\\\/copenhagen-str-f22-0131-min-scaled.jpg\",\"keywords\":[\"street style\",\"streetwear\",\"Copenhagen Fashion Week\",\"mode inspiratie\",\"fashion inspiratie\",\"streetstyle\",\"fashion week\",\"new york fashion week\",\"fashion weeks\",\"Milaan fashion week\",\"paris fashion week\"],\"articleSection\":[\"Mode\",\"Fashion Week\"],\"inLanguage\":\"nl-BE\",\"potentialAction\":[{\"@type\":\"CommentAction\",\"name\":\"Comment\",\"target\":[\"https:\\\/\\\/www.elle.be\\\/nl\\\/329918-beste-street-style-fashion-week.html#respond\"]}]},{\"@type\":\"WebPage\",\"@id\":\"https:\\\/\\\/www.elle.be\\\/nl\\\/329918-beste-street-style-fashion-week.html\",\"url\":\"https:\\\/\\\/www.elle.be\\\/nl\\\/329918-beste-street-style-fashion-week.html\",\"name\":\"Recap: de beste street style looks gespot tijdens de fashion weeks -\",\"isPartOf\":{\"@id\":\"https:\\\/\\\/www.elle.be\\\/nl\\\/#website\"},\"primaryImageOfPage\":{\"@id\":\"https:\\\/\\\/www.elle.be\\\/nl\\\/329918-beste-street-style-fashion-week.html#primaryimage\"},\"image\":{\"@id\":\"https:\\\/\\\/www.elle.be\\\/nl\\\/329918-beste-street-style-fashion-week.html#primaryimage\"},\"thumbnailUrl\":\"https:\\\/\\\/www.elle.be\\\/nl\\\/wp-content\\\/uploads\\\/2022\\\/03\\\/copenhagen-str-f22-0131-min-scaled.jpg\",\"datePublished\":\"2022-03-15T13:12:01+00:00\",\"dateModified\":\"2022-04-20T12:34:32+00:00\",\"description\":\"Zien: de beste street style looks gespot tijdens fashion month. Deze looks zullen onze outfits blijven inspireren.\",\"breadcrumb\":{\"@id\":\"https:\\\/\\\/www.elle.be\\\/nl\\\/329918-beste-street-style-fashion-week.html#breadcrumb\"},\"inLanguage\":\"nl-BE\",\"potentialAction\":[{\"@type\":\"ReadAction\",\"target\":[\"https:\\\/\\\/www.elle.be\\\/nl\\\/329918-beste-street-style-fashion-week.html\"]}]},{\"@type\":\"ImageObject\",\"inLanguage\":\"nl-BE\",\"@id\":\"https:\\\/\\\/www.elle.be\\\/nl\\\/329918-beste-street-style-fashion-week.html#primaryimage\",\"url\":\"https:\\\/\\\/www.elle.be\\\/nl\\\/wp-content\\\/uploads\\\/2022\\\/03\\\/copenhagen-str-f22-0131-min-scaled.jpg\",\"contentUrl\":\"https:\\\/\\\/www.elle.be\\\/nl\\\/wp-content\\\/uploads\\\/2022\\\/03\\\/copenhagen-str-f22-0131-min-scaled.jpg\",\"width\":1365,\"height\":2048,\"caption\":\"Imaxtree\"},{\"@type\":\"BreadcrumbList\",\"@id\":\"https:\\\/\\\/www.elle.be\\\/nl\\\/329918-beste-street-style-fashion-week.html#breadcrumb\",\"itemListElement\":[{\"@type\":\"ListItem\",\"position\":1,\"name\":\"NL\",\"item\":\"https:\\\/\\\/www.elle.be\\\/nl\"},{\"@type\":\"ListItem\",\"position\":2,\"name\":\"Mode\",\"item\":\"https:\\\/\\\/www.elle.be\\\/nl\\\/mode\"},{\"@type\":\"ListItem\",\"position\":3,\"name\":\"Recap: de beste street style looks gespot tijdens de fashion weeks\"}]},{\"@type\":\"WebSite\",\"@id\":\"https:\\\/\\\/www.elle.be\\\/nl\\\/#website\",\"url\":\"https:\\\/\\\/www.elle.be\\\/nl\\\/\",\"name\":\"ELLE.be\",\"description\":\"Afspraak op ELLE.be voor exclusief mode en beauty nieuws, inspirerende lifestyle en travel, de leukste hotspots en heerlijke recepten.\",\"publisher\":{\"@id\":\"https:\\\/\\\/www.elle.be\\\/nl\\\/#organization\"},\"potentialAction\":[{\"@type\":\"SearchAction\",\"target\":{\"@type\":\"EntryPoint\",\"urlTemplate\":\"https:\\\/\\\/www.elle.be\\\/nl\\\/?s={search_term_string}\"},\"query-input\":{\"@type\":\"PropertyValueSpecification\",\"valueRequired\":true,\"valueName\":\"search_term_string\"}}],\"inLanguage\":\"nl-BE\"},{\"@type\":\"Organization\",\"@id\":\"https:\\\/\\\/www.elle.be\\\/nl\\\/#organization\",\"name\":\"ELLE Belgi\u00eb\",\"url\":\"https:\\\/\\\/www.elle.be\\\/nl\\\/\",\"logo\":{\"@type\":\"ImageObject\",\"inLanguage\":\"nl-BE\",\"@id\":\"https:\\\/\\\/www.elle.be\\\/nl\\\/#\\\/schema\\\/logo\\\/image\\\/\",\"url\":\"https:\\\/\\\/www.elle.be\\\/nl\\\/wp-content\\\/uploads\\\/2017\\\/03\\\/elle-icon-200px.jpeg\",\"contentUrl\":\"https:\\\/\\\/www.elle.be\\\/nl\\\/wp-content\\\/uploads\\\/2017\\\/03\\\/elle-icon-200px.jpeg\",\"width\":200,\"height\":200,\"caption\":\"ELLE Belgi\u00eb\"},\"image\":{\"@id\":\"https:\\\/\\\/www.elle.be\\\/nl\\\/#\\\/schema\\\/logo\\\/image\\\/\"},\"sameAs\":[\"https:\\\/\\\/www.facebook.com\\\/ELLEbelgie\\\/\",\"https:\\\/\\\/x.com\\\/ELLEbelgie\",\"https:\\\/\\\/www.instagram.com\\\/elle_belgie\\\/\",\"https:\\\/\\\/www.pinterest.com\\\/ellebelgie\\\/\",\"https:\\\/\\\/www.youtube.com\\\/user\\\/ellebelgium\"]},{\"@type\":\"Person\",\"@id\":\"https:\\\/\\\/www.elle.be\\\/nl\\\/#\\\/schema\\\/person\\\/0576686173ad0da95ee21927d21773d0\",\"name\":\"Xana Ferreira Chicano\",\"image\":{\"@type\":\"ImageObject\",\"inLanguage\":\"nl-BE\",\"@id\":\"https:\\\/\\\/www.elle.be\\\/nl\\\/wp-content\\\/uploads\\\/2022\\\/02\\\/img-0701-1-96x96.jpg\",\"url\":\"https:\\\/\\\/www.elle.be\\\/nl\\\/wp-content\\\/uploads\\\/2022\\\/02\\\/img-0701-1-96x96.jpg\",\"contentUrl\":\"https:\\\/\\\/www.elle.be\\\/nl\\\/wp-content\\\/uploads\\\/2022\\\/02\\\/img-0701-1-96x96.jpg\",\"caption\":\"Xana Ferreira Chicano\"},\"sameAs\":[\"https:\\\/\\\/www.xanaferreirachicano.com\\\/\",\"https:\\\/\\\/www.instagram.com\\\/xanaferreirachicano\\\/\",\"https:\\\/\\\/nl.linkedin.com\\\/in\\\/xana-ferreira-chicano-b5aab815b\"],\"url\":\"https:\\\/\\\/www.elle.be\\\/nl\\\/author\\\/xana-ferreiro-chicano\"}]}<\/script>\n<!-- \/ Yoast SEO plugin. -->","yoast_head_json":{"title":"Recap: de beste street style looks gespot tijdens de fashion weeks -","description":"Zien: de beste street style looks gespot tijdens fashion month. Deze looks zullen onze outfits blijven inspireren.","robots":{"index":"index","follow":"follow","max-snippet":"max-snippet:-1","max-image-preview":"max-image-preview:large","max-video-preview":"max-video-preview:-1"},"canonical":"https:\/\/www.elle.be\/nl\/329918-beste-street-style-fashion-week.html","og_locale":"nl_BE","og_type":"article","og_title":"Recap: de beste street style looks gespot tijdens de fashion weeks -","og_description":"Zien: de beste street style looks gespot tijdens fashion month. Deze looks zullen onze outfits blijven inspireren.","og_url":"https:\/\/www.elle.be\/nl\/329918-beste-street-style-fashion-week.html","og_site_name":"ELLE.be","article_publisher":"https:\/\/www.facebook.com\/ELLEbelgie\/","article_published_time":"2022-03-15T13:12:01+00:00","article_modified_time":"2022-04-20T12:34:32+00:00","og_image":[{"width":1365,"height":2048,"url":"https:\/\/www.elle.be\/nl\/wp-content\/uploads\/2022\/03\/copenhagen-str-f22-0131-min-scaled.jpg","type":"image\/jpeg"}],"author":"Xana Ferreira Chicano","twitter_card":"summary_large_image","twitter_creator":"@ELLEbelgie","twitter_site":"@ELLEbelgie","twitter_misc":{"Geschreven door":"Xana Ferreira Chicano","Geschatte leestijd":"32 minuten"},"schema":{"@context":"https:\/\/schema.org","@graph":[{"@type":"NewsArticle","@id":"https:\/\/www.elle.be\/nl\/329918-beste-street-style-fashion-week.html#article","isPartOf":{"@id":"https:\/\/www.elle.be\/nl\/329918-beste-street-style-fashion-week.html"},"author":{"name":"Xana Ferreira Chicano","@id":"https:\/\/www.elle.be\/nl\/#\/schema\/person\/0576686173ad0da95ee21927d21773d0"},"headline":"Recap: de beste street style looks gespot tijdens de fashion weeks","datePublished":"2022-03-15T13:12:01+00:00","dateModified":"2022-04-20T12:34:32+00:00","mainEntityOfPage":{"@id":"https:\/\/www.elle.be\/nl\/329918-beste-street-style-fashion-week.html"},"wordCount":164,"commentCount":0,"publisher":{"@id":"https:\/\/www.elle.be\/nl\/#organization"},"image":{"@id":"https:\/\/www.elle.be\/nl\/329918-beste-street-style-fashion-week.html#primaryimage"},"thumbnailUrl":"https:\/\/www.elle.be\/nl\/wp-content\/uploads\/2022\/03\/copenhagen-str-f22-0131-min-scaled.jpg","keywords":["street style","streetwear","Copenhagen Fashion Week","mode inspiratie","fashion inspiratie","streetstyle","fashion week","new york fashion week","fashion weeks","Milaan fashion week","paris fashion week"],"articleSection":["Mode","Fashion Week"],"inLanguage":"nl-BE","potentialAction":[{"@type":"CommentAction","name":"Comment","target":["https:\/\/www.elle.be\/nl\/329918-beste-street-style-fashion-week.html#respond"]}]},{"@type":"WebPage","@id":"https:\/\/www.elle.be\/nl\/329918-beste-street-style-fashion-week.html","url":"https:\/\/www.elle.be\/nl\/329918-beste-street-style-fashion-week.html","name":"Recap: de beste street style looks gespot tijdens de fashion weeks -","isPartOf":{"@id":"https:\/\/www.elle.be\/nl\/#website"},"primaryImageOfPage":{"@id":"https:\/\/www.elle.be\/nl\/329918-beste-street-style-fashion-week.html#primaryimage"},"image":{"@id":"https:\/\/www.elle.be\/nl\/329918-beste-street-style-fashion-week.html#primaryimage"},"thumbnailUrl":"https:\/\/www.elle.be\/nl\/wp-content\/uploads\/2022\/03\/copenhagen-str-f22-0131-min-scaled.jpg","datePublished":"2022-03-15T13:12:01+00:00","dateModified":"2022-04-20T12:34:32+00:00","description":"Zien: de beste street style looks gespot tijdens fashion month. Deze looks zullen onze outfits blijven inspireren.","breadcrumb":{"@id":"https:\/\/www.elle.be\/nl\/329918-beste-street-style-fashion-week.html#breadcrumb"},"inLanguage":"nl-BE","potentialAction":[{"@type":"ReadAction","target":["https:\/\/www.elle.be\/nl\/329918-beste-street-style-fashion-week.html"]}]},{"@type":"ImageObject","inLanguage":"nl-BE","@id":"https:\/\/www.elle.be\/nl\/329918-beste-street-style-fashion-week.html#primaryimage","url":"https:\/\/www.elle.be\/nl\/wp-content\/uploads\/2022\/03\/copenhagen-str-f22-0131-min-scaled.jpg","contentUrl":"https:\/\/www.elle.be\/nl\/wp-content\/uploads\/2022\/03\/copenhagen-str-f22-0131-min-scaled.jpg","width":1365,"height":2048,"caption":"Imaxtree"},{"@type":"BreadcrumbList","@id":"https:\/\/www.elle.be\/nl\/329918-beste-street-style-fashion-week.html#breadcrumb","itemListElement":[{"@type":"ListItem","position":1,"name":"NL","item":"https:\/\/www.elle.be\/nl"},{"@type":"ListItem","position":2,"name":"Mode","item":"https:\/\/www.elle.be\/nl\/mode"},{"@type":"ListItem","position":3,"name":"Recap: de beste street style looks gespot tijdens de fashion weeks"}]},{"@type":"WebSite","@id":"https:\/\/www.elle.be\/nl\/#website","url":"https:\/\/www.elle.be\/nl\/","name":"ELLE.be","description":"Afspraak op ELLE.be voor exclusief mode en beauty nieuws, inspirerende lifestyle en travel, de leukste hotspots en heerlijke recepten.","publisher":{"@id":"https:\/\/www.elle.be\/nl\/#organization"},"potentialAction":[{"@type":"SearchAction","target":{"@type":"EntryPoint","urlTemplate":"https:\/\/www.elle.be\/nl\/?s={search_term_string}"},"query-input":{"@type":"PropertyValueSpecification","valueRequired":true,"valueName":"search_term_string"}}],"inLanguage":"nl-BE"},{"@type":"Organization","@id":"https:\/\/www.elle.be\/nl\/#organization","name":"ELLE Belgi\u00eb","url":"https:\/\/www.elle.be\/nl\/","logo":{"@type":"ImageObject","inLanguage":"nl-BE","@id":"https:\/\/www.elle.be\/nl\/#\/schema\/logo\/image\/","url":"https:\/\/www.elle.be\/nl\/wp-content\/uploads\/2017\/03\/elle-icon-200px.jpeg","contentUrl":"https:\/\/www.elle.be\/nl\/wp-content\/uploads\/2017\/03\/elle-icon-200px.jpeg","width":200,"height":200,"caption":"ELLE Belgi\u00eb"},"image":{"@id":"https:\/\/www.elle.be\/nl\/#\/schema\/logo\/image\/"},"sameAs":["https:\/\/www.facebook.com\/ELLEbelgie\/","https:\/\/x.com\/ELLEbelgie","https:\/\/www.instagram.com\/elle_belgie\/","https:\/\/www.pinterest.com\/ellebelgie\/","https:\/\/www.youtube.com\/user\/ellebelgium"]},{"@type":"Person","@id":"https:\/\/www.elle.be\/nl\/#\/schema\/person\/0576686173ad0da95ee21927d21773d0","name":"Xana Ferreira Chicano","image":{"@type":"ImageObject","inLanguage":"nl-BE","@id":"https:\/\/www.elle.be\/nl\/wp-content\/uploads\/2022\/02\/img-0701-1-96x96.jpg","url":"https:\/\/www.elle.be\/nl\/wp-content\/uploads\/2022\/02\/img-0701-1-96x96.jpg","contentUrl":"https:\/\/www.elle.be\/nl\/wp-content\/uploads\/2022\/02\/img-0701-1-96x96.jpg","caption":"Xana Ferreira Chicano"},"sameAs":["https:\/\/www.xanaferreirachicano.com\/","https:\/\/www.instagram.com\/xanaferreirachicano\/","https:\/\/nl.linkedin.com\/in\/xana-ferreira-chicano-b5aab815b"],"url":"https:\/\/www.elle.be\/nl\/author\/xana-ferreiro-chicano"}]}},"_links":{"self":[{"href":"https:\/\/www.elle.be\/nl\/wp-json\/wp\/v2\/posts\/329918","targetHints":{"allow":["GET"]}}],"collection":[{"href":"https:\/\/www.elle.be\/nl\/wp-json\/wp\/v2\/posts"}],"about":[{"href":"https:\/\/www.elle.be\/nl\/wp-json\/wp\/v2\/types\/post"}],"author":[{"embeddable":true,"href":"https:\/\/www.elle.be\/nl\/wp-json\/wp\/v2\/users\/94"}],"replies":[{"embeddable":true,"href":"https:\/\/www.elle.be\/nl\/wp-json\/wp\/v2\/comments?post=329918"}],"version-history":[{"count":13,"href":"https:\/\/www.elle.be\/nl\/wp-json\/wp\/v2\/posts\/329918\/revisions"}],"predecessor-version":[{"id":330109,"href":"https:\/\/www.elle.be\/nl\/wp-json\/wp\/v2\/posts\/329918\/revisions\/330109"}],"wp:featuredmedia":[{"embeddable":true,"href":"https:\/\/www.elle.be\/nl\/wp-json\/wp\/v2\/media\/330073"}],"wp:attachment":[{"href":"https:\/\/www.elle.be\/nl\/wp-json\/wp\/v2\/media?parent=329918"}],"wp:term":[{"taxonomy":"category","embeddable":true,"href":"https:\/\/www.elle.be\/nl\/wp-json\/wp\/v2\/categories?post=329918"},{"taxonomy":"post_tag","embeddable":true,"href":"https:\/\/www.elle.be\/nl\/wp-json\/wp\/v2\/tags?post=329918"}],"curies":[{"name":"wp","href":"https:\/\/api.w.org\/{rel}","templated":true}]}}