{"id":306163,"date":"2020-10-02T09:00:27","date_gmt":"2020-10-02T07:00:27","guid":{"rendered":"https:\/\/www.elle.be\/nl\/?p=306163"},"modified":"2020-10-02T09:00:38","modified_gmt":"2020-10-02T07:00:38","slug":"fashion-weeks-volg-het-hermes-defile-digitaal-mee","status":"publish","type":"post","link":"https:\/\/www.elle.be\/nl\/306163-fashion-weeks-volg-het-hermes-defile-digitaal-mee.html","title":{"rendered":"Fashion Weeks: volg hier exclusief het Herm\u00e8s defil\u00e9 digitaal mee"},"content":{"rendered":"","protected":false},"excerpt":{"rendered":"Zaterdag 3 oktober wordt de nieuwste collectie van Herm\u00e8s voor lente\/zomer 2021 voorgesteld live vanuit Parijs. ...","protected":false},"author":77,"featured_media":306165,"comment_status":"open","ping_status":"closed","sticky":false,"template":"","format":"standard","meta":{"_acf_changed":false,"footnotes":""},"categories":[3,615],"tags":[387,1286,1316],"class_list":["post-306163","post","type-post","status-publish","format-standard","has-post-thumbnail","hentry","category-mode","category-fashion-week","tag-parijs","tag-catwalk-2","tag-fashion-weeks"],"acf":[],"_yoast_wpseo_metadesc":null,"_yoast_wpseo_title":null,"image_verticale":"","yoast_head":"<!-- This site is optimized with the Yoast SEO plugin v27.4 - https:\/\/yoast.com\/product\/yoast-seo-wordpress\/ -->\n<title>Fashion Weeks: volg hier exclusief het Herm\u00e8s defil\u00e9 digitaal mee - ELLE.be<\/title>\n<meta name=\"description\" content=\"Zaterdag 3 oktober wordt de nieuwste collectie van Herm\u00e8s voor lente\/zomer 2021 voorgesteld live vanuit Parijs. Volg de modeshow hier exclusief mee. Het\" \/>\n<meta name=\"robots\" content=\"index, follow, max-snippet:-1, max-image-preview:large, max-video-preview:-1\" \/>\n<link rel=\"canonical\" href=\"https:\/\/www.elle.be\/nl\/306163-fashion-weeks-volg-het-hermes-defile-digitaal-mee.html\" \/>\n<meta property=\"og:locale\" content=\"nl_BE\" \/>\n<meta property=\"og:type\" content=\"article\" \/>\n<meta property=\"og:title\" content=\"Fashion Weeks: volg hier exclusief het Herm\u00e8s defil\u00e9 digitaal mee - ELLE.be\" \/>\n<meta property=\"og:description\" content=\"Zaterdag 3 oktober wordt de nieuwste collectie van Herm\u00e8s voor lente\/zomer 2021 voorgesteld live vanuit Parijs. Volg de modeshow hier exclusief mee. Het\" \/>\n<meta property=\"og:url\" content=\"https:\/\/www.elle.be\/nl\/306163-fashion-weeks-volg-het-hermes-defile-digitaal-mee.html\" \/>\n<meta property=\"og:site_name\" content=\"ELLE.be\" \/>\n<meta property=\"article:publisher\" content=\"https:\/\/www.facebook.com\/ELLEbelgie\/\" \/>\n<meta property=\"article:published_time\" content=\"2020-10-02T07:00:27+00:00\" \/>\n<meta property=\"article:modified_time\" content=\"2020-10-02T07:00:38+00:00\" \/>\n<meta property=\"og:image\" content=\"https:\/\/www.elle.be\/nl\/wp-content\/uploads\/2020\/10\/hermes.jpg\" \/>\n\t<meta property=\"og:image:width\" content=\"1920\" \/>\n\t<meta property=\"og:image:height\" content=\"1080\" \/>\n\t<meta property=\"og:image:type\" content=\"image\/jpeg\" \/>\n<meta name=\"author\" content=\"Lore Ginneberge\" \/>\n<meta name=\"twitter:card\" content=\"summary_large_image\" \/>\n<meta name=\"twitter:creator\" content=\"@ELLEbelgie\" \/>\n<meta name=\"twitter:site\" content=\"@ELLEbelgie\" \/>\n<meta name=\"twitter:label1\" content=\"Geschreven door\" \/>\n\t<meta name=\"twitter:data1\" content=\"Lore Ginneberge\" \/>\n\t<meta name=\"twitter:label2\" content=\"Geschatte leestijd\" \/>\n\t<meta name=\"twitter:data2\" content=\"1 minuut\" \/>\n<script type=\"application\/ld+json\" class=\"yoast-schema-graph\">{\"@context\":\"https:\\\/\\\/schema.org\",\"@graph\":[{\"@type\":\"NewsArticle\",\"@id\":\"https:\\\/\\\/www.elle.be\\\/nl\\\/306163-fashion-weeks-volg-het-hermes-defile-digitaal-mee.html#article\",\"isPartOf\":{\"@id\":\"https:\\\/\\\/www.elle.be\\\/nl\\\/306163-fashion-weeks-volg-het-hermes-defile-digitaal-mee.html\"},\"author\":{\"name\":\"Lore Ginneberge\",\"@id\":\"https:\\\/\\\/www.elle.be\\\/nl\\\/#\\\/schema\\\/person\\\/f065eb17a559a3fcc9f9f92c30192fd5\"},\"headline\":\"Fashion Weeks: volg hier exclusief het Herm\u00e8s defil\u00e9 digitaal mee\",\"datePublished\":\"2020-10-02T07:00:27+00:00\",\"dateModified\":\"2020-10-02T07:00:38+00:00\",\"mainEntityOfPage\":{\"@id\":\"https:\\\/\\\/www.elle.be\\\/nl\\\/306163-fashion-weeks-volg-het-hermes-defile-digitaal-mee.html\"},\"wordCount\":140,\"commentCount\":0,\"publisher\":{\"@id\":\"https:\\\/\\\/www.elle.be\\\/nl\\\/#organization\"},\"image\":{\"@id\":\"https:\\\/\\\/www.elle.be\\\/nl\\\/306163-fashion-weeks-volg-het-hermes-defile-digitaal-mee.html#primaryimage\"},\"thumbnailUrl\":\"https:\\\/\\\/www.elle.be\\\/nl\\\/wp-content\\\/uploads\\\/2020\\\/10\\\/hermes.jpg\",\"keywords\":[\"parijs\",\"catwalk\",\"fashion weeks\"],\"articleSection\":[\"Mode\",\"Fashion Week\"],\"inLanguage\":\"nl-BE\",\"potentialAction\":[{\"@type\":\"CommentAction\",\"name\":\"Comment\",\"target\":[\"https:\\\/\\\/www.elle.be\\\/nl\\\/306163-fashion-weeks-volg-het-hermes-defile-digitaal-mee.html#respond\"]}]},{\"@type\":\"WebPage\",\"@id\":\"https:\\\/\\\/www.elle.be\\\/nl\\\/306163-fashion-weeks-volg-het-hermes-defile-digitaal-mee.html\",\"url\":\"https:\\\/\\\/www.elle.be\\\/nl\\\/306163-fashion-weeks-volg-het-hermes-defile-digitaal-mee.html\",\"name\":\"Fashion Weeks: volg hier exclusief het Herm\u00e8s defil\u00e9 digitaal mee - ELLE.be\",\"isPartOf\":{\"@id\":\"https:\\\/\\\/www.elle.be\\\/nl\\\/#website\"},\"primaryImageOfPage\":{\"@id\":\"https:\\\/\\\/www.elle.be\\\/nl\\\/306163-fashion-weeks-volg-het-hermes-defile-digitaal-mee.html#primaryimage\"},\"image\":{\"@id\":\"https:\\\/\\\/www.elle.be\\\/nl\\\/306163-fashion-weeks-volg-het-hermes-defile-digitaal-mee.html#primaryimage\"},\"thumbnailUrl\":\"https:\\\/\\\/www.elle.be\\\/nl\\\/wp-content\\\/uploads\\\/2020\\\/10\\\/hermes.jpg\",\"datePublished\":\"2020-10-02T07:00:27+00:00\",\"dateModified\":\"2020-10-02T07:00:38+00:00\",\"description\":\"Zaterdag 3 oktober wordt de nieuwste collectie van Herm\u00e8s voor lente\\\/zomer 2021 voorgesteld live vanuit Parijs. Volg de modeshow hier exclusief mee. Het\",\"breadcrumb\":{\"@id\":\"https:\\\/\\\/www.elle.be\\\/nl\\\/306163-fashion-weeks-volg-het-hermes-defile-digitaal-mee.html#breadcrumb\"},\"inLanguage\":\"nl-BE\",\"potentialAction\":[{\"@type\":\"ReadAction\",\"target\":[\"https:\\\/\\\/www.elle.be\\\/nl\\\/306163-fashion-weeks-volg-het-hermes-defile-digitaal-mee.html\"]}]},{\"@type\":\"ImageObject\",\"inLanguage\":\"nl-BE\",\"@id\":\"https:\\\/\\\/www.elle.be\\\/nl\\\/306163-fashion-weeks-volg-het-hermes-defile-digitaal-mee.html#primaryimage\",\"url\":\"https:\\\/\\\/www.elle.be\\\/nl\\\/wp-content\\\/uploads\\\/2020\\\/10\\\/hermes.jpg\",\"contentUrl\":\"https:\\\/\\\/www.elle.be\\\/nl\\\/wp-content\\\/uploads\\\/2020\\\/10\\\/hermes.jpg\",\"width\":1920,\"height\":1080,\"caption\":\"Herm\u00e8s\"},{\"@type\":\"BreadcrumbList\",\"@id\":\"https:\\\/\\\/www.elle.be\\\/nl\\\/306163-fashion-weeks-volg-het-hermes-defile-digitaal-mee.html#breadcrumb\",\"itemListElement\":[{\"@type\":\"ListItem\",\"position\":1,\"name\":\"NL\",\"item\":\"https:\\\/\\\/www.elle.be\\\/nl\"},{\"@type\":\"ListItem\",\"position\":2,\"name\":\"Mode\",\"item\":\"https:\\\/\\\/www.elle.be\\\/nl\\\/mode\"},{\"@type\":\"ListItem\",\"position\":3,\"name\":\"Fashion Weeks: volg hier exclusief het Herm\u00e8s defil\u00e9 digitaal mee\"}]},{\"@type\":\"WebSite\",\"@id\":\"https:\\\/\\\/www.elle.be\\\/nl\\\/#website\",\"url\":\"https:\\\/\\\/www.elle.be\\\/nl\\\/\",\"name\":\"ELLE.be\",\"description\":\"Afspraak op ELLE.be voor exclusief mode en beauty nieuws, inspirerende lifestyle en travel, de leukste hotspots en heerlijke recepten.\",\"publisher\":{\"@id\":\"https:\\\/\\\/www.elle.be\\\/nl\\\/#organization\"},\"potentialAction\":[{\"@type\":\"SearchAction\",\"target\":{\"@type\":\"EntryPoint\",\"urlTemplate\":\"https:\\\/\\\/www.elle.be\\\/nl\\\/?s={search_term_string}\"},\"query-input\":{\"@type\":\"PropertyValueSpecification\",\"valueRequired\":true,\"valueName\":\"search_term_string\"}}],\"inLanguage\":\"nl-BE\"},{\"@type\":\"Organization\",\"@id\":\"https:\\\/\\\/www.elle.be\\\/nl\\\/#organization\",\"name\":\"ELLE Belgi\u00eb\",\"url\":\"https:\\\/\\\/www.elle.be\\\/nl\\\/\",\"logo\":{\"@type\":\"ImageObject\",\"inLanguage\":\"nl-BE\",\"@id\":\"https:\\\/\\\/www.elle.be\\\/nl\\\/#\\\/schema\\\/logo\\\/image\\\/\",\"url\":\"https:\\\/\\\/www.elle.be\\\/nl\\\/wp-content\\\/uploads\\\/2017\\\/03\\\/elle-icon-200px.jpeg\",\"contentUrl\":\"https:\\\/\\\/www.elle.be\\\/nl\\\/wp-content\\\/uploads\\\/2017\\\/03\\\/elle-icon-200px.jpeg\",\"width\":200,\"height\":200,\"caption\":\"ELLE Belgi\u00eb\"},\"image\":{\"@id\":\"https:\\\/\\\/www.elle.be\\\/nl\\\/#\\\/schema\\\/logo\\\/image\\\/\"},\"sameAs\":[\"https:\\\/\\\/www.facebook.com\\\/ELLEbelgie\\\/\",\"https:\\\/\\\/x.com\\\/ELLEbelgie\",\"https:\\\/\\\/www.instagram.com\\\/elle_belgie\\\/\",\"https:\\\/\\\/www.pinterest.com\\\/ellebelgie\\\/\",\"https:\\\/\\\/www.youtube.com\\\/user\\\/ellebelgium\"]},{\"@type\":\"Person\",\"@id\":\"https:\\\/\\\/www.elle.be\\\/nl\\\/#\\\/schema\\\/person\\\/f065eb17a559a3fcc9f9f92c30192fd5\",\"name\":\"Lore Ginneberge\",\"image\":{\"@type\":\"ImageObject\",\"inLanguage\":\"nl-BE\",\"@id\":\"https:\\\/\\\/secure.gravatar.com\\\/avatar\\\/294f78dc425b9251716f95146b981b277ddc111e1e4c921216e4661c45d60702?s=96&r=g\",\"url\":\"https:\\\/\\\/secure.gravatar.com\\\/avatar\\\/294f78dc425b9251716f95146b981b277ddc111e1e4c921216e4661c45d60702?s=96&r=g\",\"contentUrl\":\"https:\\\/\\\/secure.gravatar.com\\\/avatar\\\/294f78dc425b9251716f95146b981b277ddc111e1e4c921216e4661c45d60702?s=96&r=g\",\"caption\":\"Lore Ginneberge\"},\"description\":\"Lore schrijft online over mode en beauty, is altijd klaar om je sterrenbeeld te ontleden of je kleurtype te analyseren. Professionele parfumsnuffelaar en trotse verzamelaar van lippenbalsems met een hydratatiegeheim. Als ze offline is, kun je haar waarschijnlijk vinden in de pilatesstudio of verdiept in een nieuwe bestseller.\",\"sameAs\":[\"https:\\\/\\\/www.tiktok.com\\\/@loregnb\",\"https:\\\/\\\/www.instagram.com\\\/loregnb\\\/\"],\"url\":\"https:\\\/\\\/www.elle.be\\\/nl\\\/author\\\/lore-ginneberge\"}]}<\/script>\n<!-- \/ Yoast SEO plugin. -->","yoast_head_json":{"title":"Fashion Weeks: volg hier exclusief het Herm\u00e8s defil\u00e9 digitaal mee - ELLE.be","description":"Zaterdag 3 oktober wordt de nieuwste collectie van Herm\u00e8s voor lente\/zomer 2021 voorgesteld live vanuit Parijs. Volg de modeshow hier exclusief mee. Het","robots":{"index":"index","follow":"follow","max-snippet":"max-snippet:-1","max-image-preview":"max-image-preview:large","max-video-preview":"max-video-preview:-1"},"canonical":"https:\/\/www.elle.be\/nl\/306163-fashion-weeks-volg-het-hermes-defile-digitaal-mee.html","og_locale":"nl_BE","og_type":"article","og_title":"Fashion Weeks: volg hier exclusief het Herm\u00e8s defil\u00e9 digitaal mee - ELLE.be","og_description":"Zaterdag 3 oktober wordt de nieuwste collectie van Herm\u00e8s voor lente\/zomer 2021 voorgesteld live vanuit Parijs. Volg de modeshow hier exclusief mee. Het","og_url":"https:\/\/www.elle.be\/nl\/306163-fashion-weeks-volg-het-hermes-defile-digitaal-mee.html","og_site_name":"ELLE.be","article_publisher":"https:\/\/www.facebook.com\/ELLEbelgie\/","article_published_time":"2020-10-02T07:00:27+00:00","article_modified_time":"2020-10-02T07:00:38+00:00","og_image":[{"width":1920,"height":1080,"url":"https:\/\/www.elle.be\/nl\/wp-content\/uploads\/2020\/10\/hermes.jpg","type":"image\/jpeg"}],"author":"Lore Ginneberge","twitter_card":"summary_large_image","twitter_creator":"@ELLEbelgie","twitter_site":"@ELLEbelgie","twitter_misc":{"Geschreven door":"Lore Ginneberge","Geschatte leestijd":"1 minuut"},"schema":{"@context":"https:\/\/schema.org","@graph":[{"@type":"NewsArticle","@id":"https:\/\/www.elle.be\/nl\/306163-fashion-weeks-volg-het-hermes-defile-digitaal-mee.html#article","isPartOf":{"@id":"https:\/\/www.elle.be\/nl\/306163-fashion-weeks-volg-het-hermes-defile-digitaal-mee.html"},"author":{"name":"Lore Ginneberge","@id":"https:\/\/www.elle.be\/nl\/#\/schema\/person\/f065eb17a559a3fcc9f9f92c30192fd5"},"headline":"Fashion Weeks: volg hier exclusief het Herm\u00e8s defil\u00e9 digitaal mee","datePublished":"2020-10-02T07:00:27+00:00","dateModified":"2020-10-02T07:00:38+00:00","mainEntityOfPage":{"@id":"https:\/\/www.elle.be\/nl\/306163-fashion-weeks-volg-het-hermes-defile-digitaal-mee.html"},"wordCount":140,"commentCount":0,"publisher":{"@id":"https:\/\/www.elle.be\/nl\/#organization"},"image":{"@id":"https:\/\/www.elle.be\/nl\/306163-fashion-weeks-volg-het-hermes-defile-digitaal-mee.html#primaryimage"},"thumbnailUrl":"https:\/\/www.elle.be\/nl\/wp-content\/uploads\/2020\/10\/hermes.jpg","keywords":["parijs","catwalk","fashion weeks"],"articleSection":["Mode","Fashion Week"],"inLanguage":"nl-BE","potentialAction":[{"@type":"CommentAction","name":"Comment","target":["https:\/\/www.elle.be\/nl\/306163-fashion-weeks-volg-het-hermes-defile-digitaal-mee.html#respond"]}]},{"@type":"WebPage","@id":"https:\/\/www.elle.be\/nl\/306163-fashion-weeks-volg-het-hermes-defile-digitaal-mee.html","url":"https:\/\/www.elle.be\/nl\/306163-fashion-weeks-volg-het-hermes-defile-digitaal-mee.html","name":"Fashion Weeks: volg hier exclusief het Herm\u00e8s defil\u00e9 digitaal mee - ELLE.be","isPartOf":{"@id":"https:\/\/www.elle.be\/nl\/#website"},"primaryImageOfPage":{"@id":"https:\/\/www.elle.be\/nl\/306163-fashion-weeks-volg-het-hermes-defile-digitaal-mee.html#primaryimage"},"image":{"@id":"https:\/\/www.elle.be\/nl\/306163-fashion-weeks-volg-het-hermes-defile-digitaal-mee.html#primaryimage"},"thumbnailUrl":"https:\/\/www.elle.be\/nl\/wp-content\/uploads\/2020\/10\/hermes.jpg","datePublished":"2020-10-02T07:00:27+00:00","dateModified":"2020-10-02T07:00:38+00:00","description":"Zaterdag 3 oktober wordt de nieuwste collectie van Herm\u00e8s voor lente\/zomer 2021 voorgesteld live vanuit Parijs. Volg de modeshow hier exclusief mee. Het","breadcrumb":{"@id":"https:\/\/www.elle.be\/nl\/306163-fashion-weeks-volg-het-hermes-defile-digitaal-mee.html#breadcrumb"},"inLanguage":"nl-BE","potentialAction":[{"@type":"ReadAction","target":["https:\/\/www.elle.be\/nl\/306163-fashion-weeks-volg-het-hermes-defile-digitaal-mee.html"]}]},{"@type":"ImageObject","inLanguage":"nl-BE","@id":"https:\/\/www.elle.be\/nl\/306163-fashion-weeks-volg-het-hermes-defile-digitaal-mee.html#primaryimage","url":"https:\/\/www.elle.be\/nl\/wp-content\/uploads\/2020\/10\/hermes.jpg","contentUrl":"https:\/\/www.elle.be\/nl\/wp-content\/uploads\/2020\/10\/hermes.jpg","width":1920,"height":1080,"caption":"Herm\u00e8s"},{"@type":"BreadcrumbList","@id":"https:\/\/www.elle.be\/nl\/306163-fashion-weeks-volg-het-hermes-defile-digitaal-mee.html#breadcrumb","itemListElement":[{"@type":"ListItem","position":1,"name":"NL","item":"https:\/\/www.elle.be\/nl"},{"@type":"ListItem","position":2,"name":"Mode","item":"https:\/\/www.elle.be\/nl\/mode"},{"@type":"ListItem","position":3,"name":"Fashion Weeks: volg hier exclusief het Herm\u00e8s defil\u00e9 digitaal mee"}]},{"@type":"WebSite","@id":"https:\/\/www.elle.be\/nl\/#website","url":"https:\/\/www.elle.be\/nl\/","name":"ELLE.be","description":"Afspraak op ELLE.be voor exclusief mode en beauty nieuws, inspirerende lifestyle en travel, de leukste hotspots en heerlijke recepten.","publisher":{"@id":"https:\/\/www.elle.be\/nl\/#organization"},"potentialAction":[{"@type":"SearchAction","target":{"@type":"EntryPoint","urlTemplate":"https:\/\/www.elle.be\/nl\/?s={search_term_string}"},"query-input":{"@type":"PropertyValueSpecification","valueRequired":true,"valueName":"search_term_string"}}],"inLanguage":"nl-BE"},{"@type":"Organization","@id":"https:\/\/www.elle.be\/nl\/#organization","name":"ELLE Belgi\u00eb","url":"https:\/\/www.elle.be\/nl\/","logo":{"@type":"ImageObject","inLanguage":"nl-BE","@id":"https:\/\/www.elle.be\/nl\/#\/schema\/logo\/image\/","url":"https:\/\/www.elle.be\/nl\/wp-content\/uploads\/2017\/03\/elle-icon-200px.jpeg","contentUrl":"https:\/\/www.elle.be\/nl\/wp-content\/uploads\/2017\/03\/elle-icon-200px.jpeg","width":200,"height":200,"caption":"ELLE Belgi\u00eb"},"image":{"@id":"https:\/\/www.elle.be\/nl\/#\/schema\/logo\/image\/"},"sameAs":["https:\/\/www.facebook.com\/ELLEbelgie\/","https:\/\/x.com\/ELLEbelgie","https:\/\/www.instagram.com\/elle_belgie\/","https:\/\/www.pinterest.com\/ellebelgie\/","https:\/\/www.youtube.com\/user\/ellebelgium"]},{"@type":"Person","@id":"https:\/\/www.elle.be\/nl\/#\/schema\/person\/f065eb17a559a3fcc9f9f92c30192fd5","name":"Lore Ginneberge","image":{"@type":"ImageObject","inLanguage":"nl-BE","@id":"https:\/\/secure.gravatar.com\/avatar\/294f78dc425b9251716f95146b981b277ddc111e1e4c921216e4661c45d60702?s=96&r=g","url":"https:\/\/secure.gravatar.com\/avatar\/294f78dc425b9251716f95146b981b277ddc111e1e4c921216e4661c45d60702?s=96&r=g","contentUrl":"https:\/\/secure.gravatar.com\/avatar\/294f78dc425b9251716f95146b981b277ddc111e1e4c921216e4661c45d60702?s=96&r=g","caption":"Lore Ginneberge"},"description":"Lore schrijft online over mode en beauty, is altijd klaar om je sterrenbeeld te ontleden of je kleurtype te analyseren. Professionele parfumsnuffelaar en trotse verzamelaar van lippenbalsems met een hydratatiegeheim. Als ze offline is, kun je haar waarschijnlijk vinden in de pilatesstudio of verdiept in een nieuwe bestseller.","sameAs":["https:\/\/www.tiktok.com\/@loregnb","https:\/\/www.instagram.com\/loregnb\/"],"url":"https:\/\/www.elle.be\/nl\/author\/lore-ginneberge"}]}},"_links":{"self":[{"href":"https:\/\/www.elle.be\/nl\/wp-json\/wp\/v2\/posts\/306163","targetHints":{"allow":["GET"]}}],"collection":[{"href":"https:\/\/www.elle.be\/nl\/wp-json\/wp\/v2\/posts"}],"about":[{"href":"https:\/\/www.elle.be\/nl\/wp-json\/wp\/v2\/types\/post"}],"author":[{"embeddable":true,"href":"https:\/\/www.elle.be\/nl\/wp-json\/wp\/v2\/users\/77"}],"replies":[{"embeddable":true,"href":"https:\/\/www.elle.be\/nl\/wp-json\/wp\/v2\/comments?post=306163"}],"version-history":[{"count":4,"href":"https:\/\/www.elle.be\/nl\/wp-json\/wp\/v2\/posts\/306163\/revisions"}],"predecessor-version":[{"id":306171,"href":"https:\/\/www.elle.be\/nl\/wp-json\/wp\/v2\/posts\/306163\/revisions\/306171"}],"wp:featuredmedia":[{"embeddable":true,"href":"https:\/\/www.elle.be\/nl\/wp-json\/wp\/v2\/media\/306165"}],"wp:attachment":[{"href":"https:\/\/www.elle.be\/nl\/wp-json\/wp\/v2\/media?parent=306163"}],"wp:term":[{"taxonomy":"category","embeddable":true,"href":"https:\/\/www.elle.be\/nl\/wp-json\/wp\/v2\/categories?post=306163"},{"taxonomy":"post_tag","embeddable":true,"href":"https:\/\/www.elle.be\/nl\/wp-json\/wp\/v2\/tags?post=306163"}],"curies":[{"name":"wp","href":"https:\/\/api.w.org\/{rel}","templated":true}]}}