{"id":242022,"date":"2018-09-03T12:54:31","date_gmt":"2018-09-03T10:54:31","guid":{"rendered":"https:\/\/www.elle.be\/nl\/?p=242022"},"modified":"2018-09-03T12:54:31","modified_gmt":"2018-09-03T10:54:31","slug":"zien-de-make-upcollectie-van-proenza-schouler-en-lancome","status":"publish","type":"post","link":"https:\/\/www.elle.be\/nl\/242022-zien-de-make-upcollectie-van-proenza-schouler-en-lancome.html","title":{"rendered":"ZIEN: de make-upcollectie van Proenza Schouler en Lanc\u00f4me"},"content":{"rendered":"","protected":false},"excerpt":{"rendered":"Omdat tradities er zijn om te eren, gaat Lanc\u00f4me ook dit jaar in zee met een gerenommeerde speler uit de modewereld. ...","protected":false},"author":4,"featured_media":242023,"comment_status":"open","ping_status":"closed","sticky":false,"template":"","format":"standard","meta":{"_acf_changed":false,"footnotes":""},"categories":[4,2228],"tags":[48,2286,4161],"class_list":["post-242022","post","type-post","status-publish","format-standard","has-post-thumbnail","hentry","category-beauty-hair","category-mode-shopping","tag-make-up","tag-lancome","tag-gezicht"],"acf":[],"_yoast_wpseo_metadesc":"%%excerpt%% %%page%% Lanc\u00f4me gaat dit najaar in zee met modehuis Proenza Schouler. Bekijk hier het resultaat van de kleurrijke samenwerking. Van lip kajals tot een knallend oog","_yoast_wpseo_title":"%%title%% %%page%% %%sep%% %%sitename%%","image_verticale":"242024","yoast_head":"<!-- This site is optimized with the Yoast SEO plugin v27.4 - https:\/\/yoast.com\/product\/yoast-seo-wordpress\/ -->\n<title>ZIEN: de make-upcollectie van Proenza Schouler en Lanc\u00f4me - ELLE.be<\/title>\n<meta name=\"description\" content=\"Omdat tradities er zijn om te eren, gaat Lanc\u00f4me ook dit jaar in zee met een gerenommeerde speler uit de modewereld. Na eerdere samenwerkingen met Sonia Lanc\u00f4me gaat dit najaar in zee met modehuis Proenza Schouler. Bekijk hier het resultaat van de kleurrijke samenwerking. Van lip kajals tot een knallend oog\" \/>\n<meta name=\"robots\" content=\"index, follow, max-snippet:-1, max-image-preview:large, max-video-preview:-1\" \/>\n<link rel=\"canonical\" href=\"https:\/\/www.elle.be\/nl\/242022-zien-de-make-upcollectie-van-proenza-schouler-en-lancome.html\" \/>\n<meta property=\"og:locale\" content=\"nl_BE\" \/>\n<meta property=\"og:type\" content=\"article\" \/>\n<meta property=\"og:title\" content=\"ZIEN: de make-upcollectie van Proenza Schouler en Lanc\u00f4me - ELLE.be\" \/>\n<meta property=\"og:description\" content=\"Omdat tradities er zijn om te eren, gaat Lanc\u00f4me ook dit jaar in zee met een gerenommeerde speler uit de modewereld. Na eerdere samenwerkingen met Sonia Lanc\u00f4me gaat dit najaar in zee met modehuis Proenza Schouler. Bekijk hier het resultaat van de kleurrijke samenwerking. Van lip kajals tot een knallend oog\" \/>\n<meta property=\"og:url\" content=\"https:\/\/www.elle.be\/nl\/242022-zien-de-make-upcollectie-van-proenza-schouler-en-lancome.html\" \/>\n<meta property=\"og:site_name\" content=\"ELLE.be\" \/>\n<meta property=\"article:publisher\" content=\"https:\/\/www.facebook.com\/ELLEbelgie\/\" \/>\n<meta property=\"article:published_time\" content=\"2018-09-03T10:54:31+00:00\" \/>\n<meta property=\"og:image\" content=\"https:\/\/www.elle.be\/nl\/wp-content\/uploads\/2018\/09\/samenwering_lanco\u0302me_proenza_schouler.jpg\" \/>\n\t<meta property=\"og:image:width\" content=\"1200\" \/>\n\t<meta property=\"og:image:height\" content=\"628\" \/>\n\t<meta property=\"og:image:type\" content=\"image\/jpeg\" \/>\n<meta name=\"author\" content=\"Laure Vandendaele\" \/>\n<meta name=\"twitter:card\" content=\"summary_large_image\" \/>\n<meta name=\"twitter:creator\" content=\"@Laure_ELLE_be\" \/>\n<meta name=\"twitter:site\" content=\"@ELLEbelgie\" \/>\n<meta name=\"twitter:label1\" content=\"Geschreven door\" \/>\n\t<meta name=\"twitter:data1\" content=\"Laure Vandendaele\" \/>\n\t<meta name=\"twitter:label2\" content=\"Geschatte leestijd\" \/>\n\t<meta name=\"twitter:data2\" content=\"1 minuut\" \/>\n<script type=\"application\/ld+json\" class=\"yoast-schema-graph\">{\"@context\":\"https:\\\/\\\/schema.org\",\"@graph\":[{\"@type\":\"NewsArticle\",\"@id\":\"https:\\\/\\\/www.elle.be\\\/nl\\\/242022-zien-de-make-upcollectie-van-proenza-schouler-en-lancome.html#article\",\"isPartOf\":{\"@id\":\"https:\\\/\\\/www.elle.be\\\/nl\\\/242022-zien-de-make-upcollectie-van-proenza-schouler-en-lancome.html\"},\"author\":{\"name\":\"Laure Vandendaele\",\"@id\":\"https:\\\/\\\/www.elle.be\\\/nl\\\/#\\\/schema\\\/person\\\/6d48c72e5b2ce6d04592843e1d5172bb\"},\"headline\":\"ZIEN: de make-upcollectie van Proenza Schouler en Lanc\u00f4me\",\"datePublished\":\"2018-09-03T10:54:31+00:00\",\"mainEntityOfPage\":{\"@id\":\"https:\\\/\\\/www.elle.be\\\/nl\\\/242022-zien-de-make-upcollectie-van-proenza-schouler-en-lancome.html\"},\"wordCount\":153,\"commentCount\":0,\"publisher\":{\"@id\":\"https:\\\/\\\/www.elle.be\\\/nl\\\/#organization\"},\"image\":{\"@id\":\"https:\\\/\\\/www.elle.be\\\/nl\\\/242022-zien-de-make-upcollectie-van-proenza-schouler-en-lancome.html#primaryimage\"},\"thumbnailUrl\":\"https:\\\/\\\/www.elle.be\\\/nl\\\/wp-content\\\/uploads\\\/2018\\\/09\\\/samenwering_lanco\u0302me_proenza_schouler.jpg\",\"keywords\":[\"make-up\",\"Lanc\u00f4me\",\"gezicht\"],\"articleSection\":[\"Beauty\",\"Shopping\"],\"inLanguage\":\"nl-BE\",\"potentialAction\":[{\"@type\":\"CommentAction\",\"name\":\"Comment\",\"target\":[\"https:\\\/\\\/www.elle.be\\\/nl\\\/242022-zien-de-make-upcollectie-van-proenza-schouler-en-lancome.html#respond\"]}]},{\"@type\":\"WebPage\",\"@id\":\"https:\\\/\\\/www.elle.be\\\/nl\\\/242022-zien-de-make-upcollectie-van-proenza-schouler-en-lancome.html\",\"url\":\"https:\\\/\\\/www.elle.be\\\/nl\\\/242022-zien-de-make-upcollectie-van-proenza-schouler-en-lancome.html\",\"name\":\"ZIEN: de make-upcollectie van Proenza Schouler en Lanc\u00f4me - ELLE.be\",\"isPartOf\":{\"@id\":\"https:\\\/\\\/www.elle.be\\\/nl\\\/#website\"},\"primaryImageOfPage\":{\"@id\":\"https:\\\/\\\/www.elle.be\\\/nl\\\/242022-zien-de-make-upcollectie-van-proenza-schouler-en-lancome.html#primaryimage\"},\"image\":{\"@id\":\"https:\\\/\\\/www.elle.be\\\/nl\\\/242022-zien-de-make-upcollectie-van-proenza-schouler-en-lancome.html#primaryimage\"},\"thumbnailUrl\":\"https:\\\/\\\/www.elle.be\\\/nl\\\/wp-content\\\/uploads\\\/2018\\\/09\\\/samenwering_lanco\u0302me_proenza_schouler.jpg\",\"datePublished\":\"2018-09-03T10:54:31+00:00\",\"description\":\"Omdat tradities er zijn om te eren, gaat Lanc\u00f4me ook dit jaar in zee met een gerenommeerde speler uit de modewereld. Na eerdere samenwerkingen met Sonia Lanc\u00f4me gaat dit najaar in zee met modehuis Proenza Schouler. Bekijk hier het resultaat van de kleurrijke samenwerking. Van lip kajals tot een knallend oog\",\"breadcrumb\":{\"@id\":\"https:\\\/\\\/www.elle.be\\\/nl\\\/242022-zien-de-make-upcollectie-van-proenza-schouler-en-lancome.html#breadcrumb\"},\"inLanguage\":\"nl-BE\",\"potentialAction\":[{\"@type\":\"ReadAction\",\"target\":[\"https:\\\/\\\/www.elle.be\\\/nl\\\/242022-zien-de-make-upcollectie-van-proenza-schouler-en-lancome.html\"]}]},{\"@type\":\"ImageObject\",\"inLanguage\":\"nl-BE\",\"@id\":\"https:\\\/\\\/www.elle.be\\\/nl\\\/242022-zien-de-make-upcollectie-van-proenza-schouler-en-lancome.html#primaryimage\",\"url\":\"https:\\\/\\\/www.elle.be\\\/nl\\\/wp-content\\\/uploads\\\/2018\\\/09\\\/samenwering_lanco\u0302me_proenza_schouler.jpg\",\"contentUrl\":\"https:\\\/\\\/www.elle.be\\\/nl\\\/wp-content\\\/uploads\\\/2018\\\/09\\\/samenwering_lanco\u0302me_proenza_schouler.jpg\",\"width\":1200,\"height\":628,\"caption\":\"samenwerking lanc\u00f4me proenza schouler\"},{\"@type\":\"BreadcrumbList\",\"@id\":\"https:\\\/\\\/www.elle.be\\\/nl\\\/242022-zien-de-make-upcollectie-van-proenza-schouler-en-lancome.html#breadcrumb\",\"itemListElement\":[{\"@type\":\"ListItem\",\"position\":1,\"name\":\"NL\",\"item\":\"https:\\\/\\\/www.elle.be\\\/nl\"},{\"@type\":\"ListItem\",\"position\":2,\"name\":\"Beauty\",\"item\":\"https:\\\/\\\/www.elle.be\\\/nl\\\/beauty-hair\"},{\"@type\":\"ListItem\",\"position\":3,\"name\":\"ZIEN: de make-upcollectie van Proenza Schouler en Lanc\u00f4me\"}]},{\"@type\":\"WebSite\",\"@id\":\"https:\\\/\\\/www.elle.be\\\/nl\\\/#website\",\"url\":\"https:\\\/\\\/www.elle.be\\\/nl\\\/\",\"name\":\"ELLE.be\",\"description\":\"Afspraak op ELLE.be voor exclusief mode en beauty nieuws, inspirerende lifestyle en travel, de leukste hotspots en heerlijke recepten.\",\"publisher\":{\"@id\":\"https:\\\/\\\/www.elle.be\\\/nl\\\/#organization\"},\"potentialAction\":[{\"@type\":\"SearchAction\",\"target\":{\"@type\":\"EntryPoint\",\"urlTemplate\":\"https:\\\/\\\/www.elle.be\\\/nl\\\/?s={search_term_string}\"},\"query-input\":{\"@type\":\"PropertyValueSpecification\",\"valueRequired\":true,\"valueName\":\"search_term_string\"}}],\"inLanguage\":\"nl-BE\"},{\"@type\":\"Organization\",\"@id\":\"https:\\\/\\\/www.elle.be\\\/nl\\\/#organization\",\"name\":\"ELLE Belgi\u00eb\",\"url\":\"https:\\\/\\\/www.elle.be\\\/nl\\\/\",\"logo\":{\"@type\":\"ImageObject\",\"inLanguage\":\"nl-BE\",\"@id\":\"https:\\\/\\\/www.elle.be\\\/nl\\\/#\\\/schema\\\/logo\\\/image\\\/\",\"url\":\"https:\\\/\\\/www.elle.be\\\/nl\\\/wp-content\\\/uploads\\\/2017\\\/03\\\/elle-icon-200px.jpeg\",\"contentUrl\":\"https:\\\/\\\/www.elle.be\\\/nl\\\/wp-content\\\/uploads\\\/2017\\\/03\\\/elle-icon-200px.jpeg\",\"width\":200,\"height\":200,\"caption\":\"ELLE Belgi\u00eb\"},\"image\":{\"@id\":\"https:\\\/\\\/www.elle.be\\\/nl\\\/#\\\/schema\\\/logo\\\/image\\\/\"},\"sameAs\":[\"https:\\\/\\\/www.facebook.com\\\/ELLEbelgie\\\/\",\"https:\\\/\\\/x.com\\\/ELLEbelgie\",\"https:\\\/\\\/www.instagram.com\\\/elle_belgie\\\/\",\"https:\\\/\\\/www.pinterest.com\\\/ellebelgie\\\/\",\"https:\\\/\\\/www.youtube.com\\\/user\\\/ellebelgium\"]},{\"@type\":\"Person\",\"@id\":\"https:\\\/\\\/www.elle.be\\\/nl\\\/#\\\/schema\\\/person\\\/6d48c72e5b2ce6d04592843e1d5172bb\",\"name\":\"Laure Vandendaele\",\"image\":{\"@type\":\"ImageObject\",\"inLanguage\":\"nl-BE\",\"@id\":\"https:\\\/\\\/secure.gravatar.com\\\/avatar\\\/3b7f44de506cec1e614422de5251ba01c23ee9bf9e36a3f5ac4124418f1c65b0?s=96&r=g\",\"url\":\"https:\\\/\\\/secure.gravatar.com\\\/avatar\\\/3b7f44de506cec1e614422de5251ba01c23ee9bf9e36a3f5ac4124418f1c65b0?s=96&r=g\",\"contentUrl\":\"https:\\\/\\\/secure.gravatar.com\\\/avatar\\\/3b7f44de506cec1e614422de5251ba01c23ee9bf9e36a3f5ac4124418f1c65b0?s=96&r=g\",\"caption\":\"Laure Vandendaele\"},\"description\":\"Houdt van vulpennen met koningsblauwe inkt, Thaise massages en voorpret. Schippert tussen bureau en kaptafel.\",\"sameAs\":[\"https:\\\/\\\/www.instagram.com\\\/laurevandendaele\",\"https:\\\/\\\/x.com\\\/Laure_ELLE_be\"],\"url\":\"https:\\\/\\\/www.elle.be\\\/nl\\\/author\\\/laure\"}]}<\/script>\n<!-- \/ Yoast SEO plugin. -->","yoast_head_json":{"title":"ZIEN: de make-upcollectie van Proenza Schouler en Lanc\u00f4me - ELLE.be","description":"Omdat tradities er zijn om te eren, gaat Lanc\u00f4me ook dit jaar in zee met een gerenommeerde speler uit de modewereld. Na eerdere samenwerkingen met Sonia Lanc\u00f4me gaat dit najaar in zee met modehuis Proenza Schouler. Bekijk hier het resultaat van de kleurrijke samenwerking. Van lip kajals tot een knallend oog","robots":{"index":"index","follow":"follow","max-snippet":"max-snippet:-1","max-image-preview":"max-image-preview:large","max-video-preview":"max-video-preview:-1"},"canonical":"https:\/\/www.elle.be\/nl\/242022-zien-de-make-upcollectie-van-proenza-schouler-en-lancome.html","og_locale":"nl_BE","og_type":"article","og_title":"ZIEN: de make-upcollectie van Proenza Schouler en Lanc\u00f4me - ELLE.be","og_description":"Omdat tradities er zijn om te eren, gaat Lanc\u00f4me ook dit jaar in zee met een gerenommeerde speler uit de modewereld. Na eerdere samenwerkingen met Sonia Lanc\u00f4me gaat dit najaar in zee met modehuis Proenza Schouler. Bekijk hier het resultaat van de kleurrijke samenwerking. Van lip kajals tot een knallend oog","og_url":"https:\/\/www.elle.be\/nl\/242022-zien-de-make-upcollectie-van-proenza-schouler-en-lancome.html","og_site_name":"ELLE.be","article_publisher":"https:\/\/www.facebook.com\/ELLEbelgie\/","article_published_time":"2018-09-03T10:54:31+00:00","og_image":[{"width":1200,"height":628,"url":"https:\/\/www.elle.be\/nl\/wp-content\/uploads\/2018\/09\/samenwering_lanco\u0302me_proenza_schouler.jpg","type":"image\/jpeg"}],"author":"Laure Vandendaele","twitter_card":"summary_large_image","twitter_creator":"@Laure_ELLE_be","twitter_site":"@ELLEbelgie","twitter_misc":{"Geschreven door":"Laure Vandendaele","Geschatte leestijd":"1 minuut"},"schema":{"@context":"https:\/\/schema.org","@graph":[{"@type":"NewsArticle","@id":"https:\/\/www.elle.be\/nl\/242022-zien-de-make-upcollectie-van-proenza-schouler-en-lancome.html#article","isPartOf":{"@id":"https:\/\/www.elle.be\/nl\/242022-zien-de-make-upcollectie-van-proenza-schouler-en-lancome.html"},"author":{"name":"Laure Vandendaele","@id":"https:\/\/www.elle.be\/nl\/#\/schema\/person\/6d48c72e5b2ce6d04592843e1d5172bb"},"headline":"ZIEN: de make-upcollectie van Proenza Schouler en Lanc\u00f4me","datePublished":"2018-09-03T10:54:31+00:00","mainEntityOfPage":{"@id":"https:\/\/www.elle.be\/nl\/242022-zien-de-make-upcollectie-van-proenza-schouler-en-lancome.html"},"wordCount":153,"commentCount":0,"publisher":{"@id":"https:\/\/www.elle.be\/nl\/#organization"},"image":{"@id":"https:\/\/www.elle.be\/nl\/242022-zien-de-make-upcollectie-van-proenza-schouler-en-lancome.html#primaryimage"},"thumbnailUrl":"https:\/\/www.elle.be\/nl\/wp-content\/uploads\/2018\/09\/samenwering_lanco\u0302me_proenza_schouler.jpg","keywords":["make-up","Lanc\u00f4me","gezicht"],"articleSection":["Beauty","Shopping"],"inLanguage":"nl-BE","potentialAction":[{"@type":"CommentAction","name":"Comment","target":["https:\/\/www.elle.be\/nl\/242022-zien-de-make-upcollectie-van-proenza-schouler-en-lancome.html#respond"]}]},{"@type":"WebPage","@id":"https:\/\/www.elle.be\/nl\/242022-zien-de-make-upcollectie-van-proenza-schouler-en-lancome.html","url":"https:\/\/www.elle.be\/nl\/242022-zien-de-make-upcollectie-van-proenza-schouler-en-lancome.html","name":"ZIEN: de make-upcollectie van Proenza Schouler en Lanc\u00f4me - ELLE.be","isPartOf":{"@id":"https:\/\/www.elle.be\/nl\/#website"},"primaryImageOfPage":{"@id":"https:\/\/www.elle.be\/nl\/242022-zien-de-make-upcollectie-van-proenza-schouler-en-lancome.html#primaryimage"},"image":{"@id":"https:\/\/www.elle.be\/nl\/242022-zien-de-make-upcollectie-van-proenza-schouler-en-lancome.html#primaryimage"},"thumbnailUrl":"https:\/\/www.elle.be\/nl\/wp-content\/uploads\/2018\/09\/samenwering_lanco\u0302me_proenza_schouler.jpg","datePublished":"2018-09-03T10:54:31+00:00","description":"Omdat tradities er zijn om te eren, gaat Lanc\u00f4me ook dit jaar in zee met een gerenommeerde speler uit de modewereld. Na eerdere samenwerkingen met Sonia Lanc\u00f4me gaat dit najaar in zee met modehuis Proenza Schouler. Bekijk hier het resultaat van de kleurrijke samenwerking. Van lip kajals tot een knallend oog","breadcrumb":{"@id":"https:\/\/www.elle.be\/nl\/242022-zien-de-make-upcollectie-van-proenza-schouler-en-lancome.html#breadcrumb"},"inLanguage":"nl-BE","potentialAction":[{"@type":"ReadAction","target":["https:\/\/www.elle.be\/nl\/242022-zien-de-make-upcollectie-van-proenza-schouler-en-lancome.html"]}]},{"@type":"ImageObject","inLanguage":"nl-BE","@id":"https:\/\/www.elle.be\/nl\/242022-zien-de-make-upcollectie-van-proenza-schouler-en-lancome.html#primaryimage","url":"https:\/\/www.elle.be\/nl\/wp-content\/uploads\/2018\/09\/samenwering_lanco\u0302me_proenza_schouler.jpg","contentUrl":"https:\/\/www.elle.be\/nl\/wp-content\/uploads\/2018\/09\/samenwering_lanco\u0302me_proenza_schouler.jpg","width":1200,"height":628,"caption":"samenwerking lanc\u00f4me proenza schouler"},{"@type":"BreadcrumbList","@id":"https:\/\/www.elle.be\/nl\/242022-zien-de-make-upcollectie-van-proenza-schouler-en-lancome.html#breadcrumb","itemListElement":[{"@type":"ListItem","position":1,"name":"NL","item":"https:\/\/www.elle.be\/nl"},{"@type":"ListItem","position":2,"name":"Beauty","item":"https:\/\/www.elle.be\/nl\/beauty-hair"},{"@type":"ListItem","position":3,"name":"ZIEN: de make-upcollectie van Proenza Schouler en Lanc\u00f4me"}]},{"@type":"WebSite","@id":"https:\/\/www.elle.be\/nl\/#website","url":"https:\/\/www.elle.be\/nl\/","name":"ELLE.be","description":"Afspraak op ELLE.be voor exclusief mode en beauty nieuws, inspirerende lifestyle en travel, de leukste hotspots en heerlijke recepten.","publisher":{"@id":"https:\/\/www.elle.be\/nl\/#organization"},"potentialAction":[{"@type":"SearchAction","target":{"@type":"EntryPoint","urlTemplate":"https:\/\/www.elle.be\/nl\/?s={search_term_string}"},"query-input":{"@type":"PropertyValueSpecification","valueRequired":true,"valueName":"search_term_string"}}],"inLanguage":"nl-BE"},{"@type":"Organization","@id":"https:\/\/www.elle.be\/nl\/#organization","name":"ELLE Belgi\u00eb","url":"https:\/\/www.elle.be\/nl\/","logo":{"@type":"ImageObject","inLanguage":"nl-BE","@id":"https:\/\/www.elle.be\/nl\/#\/schema\/logo\/image\/","url":"https:\/\/www.elle.be\/nl\/wp-content\/uploads\/2017\/03\/elle-icon-200px.jpeg","contentUrl":"https:\/\/www.elle.be\/nl\/wp-content\/uploads\/2017\/03\/elle-icon-200px.jpeg","width":200,"height":200,"caption":"ELLE Belgi\u00eb"},"image":{"@id":"https:\/\/www.elle.be\/nl\/#\/schema\/logo\/image\/"},"sameAs":["https:\/\/www.facebook.com\/ELLEbelgie\/","https:\/\/x.com\/ELLEbelgie","https:\/\/www.instagram.com\/elle_belgie\/","https:\/\/www.pinterest.com\/ellebelgie\/","https:\/\/www.youtube.com\/user\/ellebelgium"]},{"@type":"Person","@id":"https:\/\/www.elle.be\/nl\/#\/schema\/person\/6d48c72e5b2ce6d04592843e1d5172bb","name":"Laure Vandendaele","image":{"@type":"ImageObject","inLanguage":"nl-BE","@id":"https:\/\/secure.gravatar.com\/avatar\/3b7f44de506cec1e614422de5251ba01c23ee9bf9e36a3f5ac4124418f1c65b0?s=96&r=g","url":"https:\/\/secure.gravatar.com\/avatar\/3b7f44de506cec1e614422de5251ba01c23ee9bf9e36a3f5ac4124418f1c65b0?s=96&r=g","contentUrl":"https:\/\/secure.gravatar.com\/avatar\/3b7f44de506cec1e614422de5251ba01c23ee9bf9e36a3f5ac4124418f1c65b0?s=96&r=g","caption":"Laure Vandendaele"},"description":"Houdt van vulpennen met koningsblauwe inkt, Thaise massages en voorpret. Schippert tussen bureau en kaptafel.","sameAs":["https:\/\/www.instagram.com\/laurevandendaele","https:\/\/x.com\/Laure_ELLE_be"],"url":"https:\/\/www.elle.be\/nl\/author\/laure"}]}},"_links":{"self":[{"href":"https:\/\/www.elle.be\/nl\/wp-json\/wp\/v2\/posts\/242022","targetHints":{"allow":["GET"]}}],"collection":[{"href":"https:\/\/www.elle.be\/nl\/wp-json\/wp\/v2\/posts"}],"about":[{"href":"https:\/\/www.elle.be\/nl\/wp-json\/wp\/v2\/types\/post"}],"author":[{"embeddable":true,"href":"https:\/\/www.elle.be\/nl\/wp-json\/wp\/v2\/users\/4"}],"replies":[{"embeddable":true,"href":"https:\/\/www.elle.be\/nl\/wp-json\/wp\/v2\/comments?post=242022"}],"version-history":[{"count":2,"href":"https:\/\/www.elle.be\/nl\/wp-json\/wp\/v2\/posts\/242022\/revisions"}],"predecessor-version":[{"id":242057,"href":"https:\/\/www.elle.be\/nl\/wp-json\/wp\/v2\/posts\/242022\/revisions\/242057"}],"wp:featuredmedia":[{"embeddable":true,"href":"https:\/\/www.elle.be\/nl\/wp-json\/wp\/v2\/media\/242023"}],"wp:attachment":[{"href":"https:\/\/www.elle.be\/nl\/wp-json\/wp\/v2\/media?parent=242022"}],"wp:term":[{"taxonomy":"category","embeddable":true,"href":"https:\/\/www.elle.be\/nl\/wp-json\/wp\/v2\/categories?post=242022"},{"taxonomy":"post_tag","embeddable":true,"href":"https:\/\/www.elle.be\/nl\/wp-json\/wp\/v2\/tags?post=242022"}],"curies":[{"name":"wp","href":"https:\/\/api.w.org\/{rel}","templated":true}]}}