{"id":90172,"date":"2015-08-11T14:39:17","date_gmt":"2015-08-11T12:39:17","guid":{"rendered":"http:\/\/www.elle.be\/fr\/?p=90172"},"modified":"2021-02-23T18:05:39","modified_gmt":"2021-02-23T17:05:39","slug":"la-maison-bordeaux","status":"publish","type":"post","link":"https:\/\/www.elle.be\/fr\/90172-la-maison-bordeaux.html","title":{"rendered":"LA MAISON BORD&#8217;EAUX"},"content":{"rendered":"","protected":false},"excerpt":{"rendered":"BORDEAUX DE VOUS\nEntre l\u2019h\u00f4tel de charme et la maison d\u2019h\u00f4tes, la Maison Bord\u2019eaux nich\u00e9e dans une somptueuse b\u00e2tisse du 18e si\u00e8cle, se situe au centre des richesses historiques de la ville de Bordeaux.","protected":false},"author":38,"featured_media":136592,"comment_status":"closed","ping_status":"closed","sticky":false,"template":"","format":"standard","meta":{"_acf_changed":false,"footnotes":""},"categories":[3269,3361,1150],"tags":[1176,1205],"class_list":["post-90172","post","type-post","status-publish","format-standard","has-post-thumbnail","hentry","category-elle-decoration","category-hotels","category-adresses","tag-hotel","tag-hotels"],"acf":[],"image_verticale":null,"_yoast_wpseo_title":"Au c\u0153ur de la ville de Bordeaux","_yoast_wpseo_metadesc":"La Maison Bord\u2019eaux, b\u00e2tisse du XVIIIe, propose 7 chambres vastes et contemporaines donnant sur le jardin, une cuisine d\u00e9licieuse et un spa.","_yoast_wpseo_focuskw_text_input":"La Maison Bord\u2019eaux","_yoast_wpseo_opengraph-title":null,"yoast_head":"<!-- This site is optimized with the Yoast SEO plugin v27.4 - https:\/\/yoast.com\/product\/yoast-seo-wordpress\/ -->\n<title>Au c\u0153ur de la ville de Bordeaux<\/title>\n<meta name=\"description\" content=\"La Maison Bord\u2019eaux, b\u00e2tisse du XVIIIe, propose 7 chambres vastes et contemporaines donnant sur le jardin, une cuisine d\u00e9licieuse et un spa.\" \/>\n<meta name=\"robots\" content=\"index, follow, max-snippet:-1, max-image-preview:large, max-video-preview:-1\" \/>\n<link rel=\"canonical\" href=\"https:\/\/www.elle.be\/fr\/90172-la-maison-bordeaux.html\" \/>\n<meta property=\"og:locale\" content=\"fr_FR\" \/>\n<meta property=\"og:type\" content=\"article\" \/>\n<meta property=\"og:title\" content=\"Au c\u0153ur de la ville de Bordeaux\" \/>\n<meta property=\"og:description\" content=\"La Maison Bord\u2019eaux, b\u00e2tisse du XVIIIe, propose 7 chambres vastes et contemporaines donnant sur le jardin, une cuisine d\u00e9licieuse et un spa.\" \/>\n<meta property=\"og:url\" content=\"https:\/\/www.elle.be\/fr\/90172-la-maison-bordeaux.html\" \/>\n<meta property=\"og:site_name\" content=\"ELLE.be\" \/>\n<meta property=\"article:publisher\" content=\"https:\/\/www.facebook.com\/ELLEbelgium\/\" \/>\n<meta property=\"article:published_time\" content=\"2015-08-11T12:39:17+00:00\" \/>\n<meta property=\"article:modified_time\" content=\"2021-02-23T17:05:39+00:00\" \/>\n<meta property=\"og:image\" content=\"https:\/\/www.elle.be\/fr\/wp-content\/uploads\/2015\/08\/maison-bordeaux-UNE.jpg\" \/>\n\t<meta property=\"og:image:width\" content=\"1200\" \/>\n\t<meta property=\"og:image:height\" content=\"628\" \/>\n\t<meta property=\"og:image:type\" content=\"image\/jpeg\" \/>\n<meta name=\"author\" content=\"Priscille Blieck\" \/>\n<meta name=\"twitter:card\" content=\"summary_large_image\" \/>\n<meta name=\"twitter:creator\" content=\"@ELLEBelgique\" \/>\n<meta name=\"twitter:site\" content=\"@ELLEBelgique\" \/>\n<meta name=\"twitter:label1\" content=\"\u00c9crit par\" \/>\n\t<meta name=\"twitter:data1\" content=\"Priscille Blieck\" \/>\n\t<meta name=\"twitter:label2\" content=\"Dur\u00e9e de lecture estim\u00e9e\" \/>\n\t<meta name=\"twitter:data2\" content=\"1 minute\" \/>\n<script type=\"application\/ld+json\" class=\"yoast-schema-graph\">{\"@context\":\"https:\\\/\\\/schema.org\",\"@graph\":[{\"@type\":\"NewsArticle\",\"@id\":\"https:\\\/\\\/www.elle.be\\\/fr\\\/90172-la-maison-bordeaux.html#article\",\"isPartOf\":{\"@id\":\"https:\\\/\\\/www.elle.be\\\/fr\\\/90172-la-maison-bordeaux.html\"},\"author\":{\"name\":\"Priscille Blieck\",\"@id\":\"https:\\\/\\\/www.elle.be\\\/fr\\\/#\\\/schema\\\/person\\\/1972e2519e5ead9d9d1c5f47011608c3\"},\"headline\":\"LA MAISON BORD&#8217;EAUX\",\"datePublished\":\"2015-08-11T12:39:17+00:00\",\"dateModified\":\"2021-02-23T17:05:39+00:00\",\"mainEntityOfPage\":{\"@id\":\"https:\\\/\\\/www.elle.be\\\/fr\\\/90172-la-maison-bordeaux.html\"},\"wordCount\":206,\"publisher\":{\"@id\":\"https:\\\/\\\/www.elle.be\\\/fr\\\/#organization\"},\"image\":{\"@id\":\"https:\\\/\\\/www.elle.be\\\/fr\\\/90172-la-maison-bordeaux.html#primaryimage\"},\"thumbnailUrl\":\"https:\\\/\\\/www.elle.be\\\/fr\\\/wp-content\\\/uploads\\\/2015\\\/08\\\/maison-bordeaux-UNE.jpg\",\"keywords\":[\"Hotel\",\"hotels\"],\"articleSection\":[\"ELLE d\u00e9coration\",\"H\u00f4tels\",\"Adresses\"],\"inLanguage\":\"fr-FR\"},{\"@type\":\"WebPage\",\"@id\":\"https:\\\/\\\/www.elle.be\\\/fr\\\/90172-la-maison-bordeaux.html\",\"url\":\"https:\\\/\\\/www.elle.be\\\/fr\\\/90172-la-maison-bordeaux.html\",\"name\":\"Au c\u0153ur de la ville de Bordeaux\",\"isPartOf\":{\"@id\":\"https:\\\/\\\/www.elle.be\\\/fr\\\/#website\"},\"primaryImageOfPage\":{\"@id\":\"https:\\\/\\\/www.elle.be\\\/fr\\\/90172-la-maison-bordeaux.html#primaryimage\"},\"image\":{\"@id\":\"https:\\\/\\\/www.elle.be\\\/fr\\\/90172-la-maison-bordeaux.html#primaryimage\"},\"thumbnailUrl\":\"https:\\\/\\\/www.elle.be\\\/fr\\\/wp-content\\\/uploads\\\/2015\\\/08\\\/maison-bordeaux-UNE.jpg\",\"datePublished\":\"2015-08-11T12:39:17+00:00\",\"dateModified\":\"2021-02-23T17:05:39+00:00\",\"description\":\"La Maison Bord\u2019eaux, b\u00e2tisse du XVIIIe, propose 7 chambres vastes et contemporaines donnant sur le jardin, une cuisine d\u00e9licieuse et un spa.\",\"breadcrumb\":{\"@id\":\"https:\\\/\\\/www.elle.be\\\/fr\\\/90172-la-maison-bordeaux.html#breadcrumb\"},\"inLanguage\":\"fr-FR\",\"potentialAction\":[{\"@type\":\"ReadAction\",\"target\":[\"https:\\\/\\\/www.elle.be\\\/fr\\\/90172-la-maison-bordeaux.html\"]}]},{\"@type\":\"ImageObject\",\"inLanguage\":\"fr-FR\",\"@id\":\"https:\\\/\\\/www.elle.be\\\/fr\\\/90172-la-maison-bordeaux.html#primaryimage\",\"url\":\"https:\\\/\\\/www.elle.be\\\/fr\\\/wp-content\\\/uploads\\\/2015\\\/08\\\/maison-bordeaux-UNE.jpg\",\"contentUrl\":\"https:\\\/\\\/www.elle.be\\\/fr\\\/wp-content\\\/uploads\\\/2015\\\/08\\\/maison-bordeaux-UNE.jpg\",\"width\":1200,\"height\":628},{\"@type\":\"BreadcrumbList\",\"@id\":\"https:\\\/\\\/www.elle.be\\\/fr\\\/90172-la-maison-bordeaux.html#breadcrumb\",\"itemListElement\":[{\"@type\":\"ListItem\",\"position\":1,\"name\":\"FR\",\"item\":\"https:\\\/\\\/www.elle.be\\\/fr\"},{\"@type\":\"ListItem\",\"position\":2,\"name\":\"Adresses\",\"item\":\"https:\\\/\\\/www.elle.be\\\/fr\\\/adresses\"},{\"@type\":\"ListItem\",\"position\":3,\"name\":\"LA MAISON BORD&rsquo;EAUX\"}]},{\"@type\":\"WebSite\",\"@id\":\"https:\\\/\\\/www.elle.be\\\/fr\\\/#website\",\"url\":\"https:\\\/\\\/www.elle.be\\\/fr\\\/\",\"name\":\"ELLE.be\",\"description\":\"Toutes les infos mode, beaut\u00e9 et lifestyle les plus pointues ainsi qu&#039;un contenu 100% belge d\u00e9clin\u00e9 \u00e0 360\u00b0sur le site ELLE.be, nos r\u00e9seaux sociaux et notre cha\u00eene Youtube.\",\"publisher\":{\"@id\":\"https:\\\/\\\/www.elle.be\\\/fr\\\/#organization\"},\"potentialAction\":[{\"@type\":\"SearchAction\",\"target\":{\"@type\":\"EntryPoint\",\"urlTemplate\":\"https:\\\/\\\/www.elle.be\\\/fr\\\/?s={search_term_string}\"},\"query-input\":{\"@type\":\"PropertyValueSpecification\",\"valueRequired\":true,\"valueName\":\"search_term_string\"}}],\"inLanguage\":\"fr-FR\"},{\"@type\":\"Organization\",\"@id\":\"https:\\\/\\\/www.elle.be\\\/fr\\\/#organization\",\"name\":\"ELLE Belgique\",\"url\":\"https:\\\/\\\/www.elle.be\\\/fr\\\/\",\"logo\":{\"@type\":\"ImageObject\",\"inLanguage\":\"fr-FR\",\"@id\":\"https:\\\/\\\/www.elle.be\\\/fr\\\/#\\\/schema\\\/logo\\\/image\\\/\",\"url\":\"https:\\\/\\\/www.elle.be\\\/fr\\\/wp-content\\\/uploads\\\/2017\\\/03\\\/elle-icon-200px.jpeg\",\"contentUrl\":\"https:\\\/\\\/www.elle.be\\\/fr\\\/wp-content\\\/uploads\\\/2017\\\/03\\\/elle-icon-200px.jpeg\",\"width\":200,\"height\":200,\"caption\":\"ELLE Belgique\"},\"image\":{\"@id\":\"https:\\\/\\\/www.elle.be\\\/fr\\\/#\\\/schema\\\/logo\\\/image\\\/\"},\"sameAs\":[\"https:\\\/\\\/www.facebook.com\\\/ELLEbelgium\\\/\",\"https:\\\/\\\/x.com\\\/ELLEBelgique\",\"http:\\\/\\\/instagram.com\\\/ellebelgique\\\/\",\"https:\\\/\\\/www.pinterest.com\\\/ellebelgique\\\/\",\"https:\\\/\\\/www.youtube.com\\\/user\\\/ELLEbelgique1\"]},{\"@type\":\"Person\",\"@id\":\"https:\\\/\\\/www.elle.be\\\/fr\\\/#\\\/schema\\\/person\\\/1972e2519e5ead9d9d1c5f47011608c3\",\"name\":\"Priscille Blieck\",\"image\":{\"@type\":\"ImageObject\",\"inLanguage\":\"fr-FR\",\"@id\":\"https:\\\/\\\/secure.gravatar.com\\\/avatar\\\/7732bd0f5e0836aa6929564d96fe28506694de1378f0f69de4d5fc439af1b72a?s=96&r=g\",\"url\":\"https:\\\/\\\/secure.gravatar.com\\\/avatar\\\/7732bd0f5e0836aa6929564d96fe28506694de1378f0f69de4d5fc439af1b72a?s=96&r=g\",\"contentUrl\":\"https:\\\/\\\/secure.gravatar.com\\\/avatar\\\/7732bd0f5e0836aa6929564d96fe28506694de1378f0f69de4d5fc439af1b72a?s=96&r=g\",\"caption\":\"Priscille Blieck\"},\"url\":\"https:\\\/\\\/www.elle.be\\\/fr\\\/author\\\/priscille\"}]}<\/script>\n<!-- \/ Yoast SEO plugin. -->","yoast_head_json":{"title":"Au c\u0153ur de la ville de Bordeaux","description":"La Maison Bord\u2019eaux, b\u00e2tisse du XVIIIe, propose 7 chambres vastes et contemporaines donnant sur le jardin, une cuisine d\u00e9licieuse et un spa.","robots":{"index":"index","follow":"follow","max-snippet":"max-snippet:-1","max-image-preview":"max-image-preview:large","max-video-preview":"max-video-preview:-1"},"canonical":"https:\/\/www.elle.be\/fr\/90172-la-maison-bordeaux.html","og_locale":"fr_FR","og_type":"article","og_title":"Au c\u0153ur de la ville de Bordeaux","og_description":"La Maison Bord\u2019eaux, b\u00e2tisse du XVIIIe, propose 7 chambres vastes et contemporaines donnant sur le jardin, une cuisine d\u00e9licieuse et un spa.","og_url":"https:\/\/www.elle.be\/fr\/90172-la-maison-bordeaux.html","og_site_name":"ELLE.be","article_publisher":"https:\/\/www.facebook.com\/ELLEbelgium\/","article_published_time":"2015-08-11T12:39:17+00:00","article_modified_time":"2021-02-23T17:05:39+00:00","og_image":[{"width":1200,"height":628,"url":"https:\/\/www.elle.be\/fr\/wp-content\/uploads\/2015\/08\/maison-bordeaux-UNE.jpg","type":"image\/jpeg"}],"author":"Priscille Blieck","twitter_card":"summary_large_image","twitter_creator":"@ELLEBelgique","twitter_site":"@ELLEBelgique","twitter_misc":{"\u00c9crit par":"Priscille Blieck","Dur\u00e9e de lecture estim\u00e9e":"1 minute"},"schema":{"@context":"https:\/\/schema.org","@graph":[{"@type":"NewsArticle","@id":"https:\/\/www.elle.be\/fr\/90172-la-maison-bordeaux.html#article","isPartOf":{"@id":"https:\/\/www.elle.be\/fr\/90172-la-maison-bordeaux.html"},"author":{"name":"Priscille Blieck","@id":"https:\/\/www.elle.be\/fr\/#\/schema\/person\/1972e2519e5ead9d9d1c5f47011608c3"},"headline":"LA MAISON BORD&#8217;EAUX","datePublished":"2015-08-11T12:39:17+00:00","dateModified":"2021-02-23T17:05:39+00:00","mainEntityOfPage":{"@id":"https:\/\/www.elle.be\/fr\/90172-la-maison-bordeaux.html"},"wordCount":206,"publisher":{"@id":"https:\/\/www.elle.be\/fr\/#organization"},"image":{"@id":"https:\/\/www.elle.be\/fr\/90172-la-maison-bordeaux.html#primaryimage"},"thumbnailUrl":"https:\/\/www.elle.be\/fr\/wp-content\/uploads\/2015\/08\/maison-bordeaux-UNE.jpg","keywords":["Hotel","hotels"],"articleSection":["ELLE d\u00e9coration","H\u00f4tels","Adresses"],"inLanguage":"fr-FR"},{"@type":"WebPage","@id":"https:\/\/www.elle.be\/fr\/90172-la-maison-bordeaux.html","url":"https:\/\/www.elle.be\/fr\/90172-la-maison-bordeaux.html","name":"Au c\u0153ur de la ville de Bordeaux","isPartOf":{"@id":"https:\/\/www.elle.be\/fr\/#website"},"primaryImageOfPage":{"@id":"https:\/\/www.elle.be\/fr\/90172-la-maison-bordeaux.html#primaryimage"},"image":{"@id":"https:\/\/www.elle.be\/fr\/90172-la-maison-bordeaux.html#primaryimage"},"thumbnailUrl":"https:\/\/www.elle.be\/fr\/wp-content\/uploads\/2015\/08\/maison-bordeaux-UNE.jpg","datePublished":"2015-08-11T12:39:17+00:00","dateModified":"2021-02-23T17:05:39+00:00","description":"La Maison Bord\u2019eaux, b\u00e2tisse du XVIIIe, propose 7 chambres vastes et contemporaines donnant sur le jardin, une cuisine d\u00e9licieuse et un spa.","breadcrumb":{"@id":"https:\/\/www.elle.be\/fr\/90172-la-maison-bordeaux.html#breadcrumb"},"inLanguage":"fr-FR","potentialAction":[{"@type":"ReadAction","target":["https:\/\/www.elle.be\/fr\/90172-la-maison-bordeaux.html"]}]},{"@type":"ImageObject","inLanguage":"fr-FR","@id":"https:\/\/www.elle.be\/fr\/90172-la-maison-bordeaux.html#primaryimage","url":"https:\/\/www.elle.be\/fr\/wp-content\/uploads\/2015\/08\/maison-bordeaux-UNE.jpg","contentUrl":"https:\/\/www.elle.be\/fr\/wp-content\/uploads\/2015\/08\/maison-bordeaux-UNE.jpg","width":1200,"height":628},{"@type":"BreadcrumbList","@id":"https:\/\/www.elle.be\/fr\/90172-la-maison-bordeaux.html#breadcrumb","itemListElement":[{"@type":"ListItem","position":1,"name":"FR","item":"https:\/\/www.elle.be\/fr"},{"@type":"ListItem","position":2,"name":"Adresses","item":"https:\/\/www.elle.be\/fr\/adresses"},{"@type":"ListItem","position":3,"name":"LA MAISON BORD&rsquo;EAUX"}]},{"@type":"WebSite","@id":"https:\/\/www.elle.be\/fr\/#website","url":"https:\/\/www.elle.be\/fr\/","name":"ELLE.be","description":"Toutes les infos mode, beaut\u00e9 et lifestyle les plus pointues ainsi qu&#039;un contenu 100% belge d\u00e9clin\u00e9 \u00e0 360\u00b0sur le site ELLE.be, nos r\u00e9seaux sociaux et notre cha\u00eene Youtube.","publisher":{"@id":"https:\/\/www.elle.be\/fr\/#organization"},"potentialAction":[{"@type":"SearchAction","target":{"@type":"EntryPoint","urlTemplate":"https:\/\/www.elle.be\/fr\/?s={search_term_string}"},"query-input":{"@type":"PropertyValueSpecification","valueRequired":true,"valueName":"search_term_string"}}],"inLanguage":"fr-FR"},{"@type":"Organization","@id":"https:\/\/www.elle.be\/fr\/#organization","name":"ELLE Belgique","url":"https:\/\/www.elle.be\/fr\/","logo":{"@type":"ImageObject","inLanguage":"fr-FR","@id":"https:\/\/www.elle.be\/fr\/#\/schema\/logo\/image\/","url":"https:\/\/www.elle.be\/fr\/wp-content\/uploads\/2017\/03\/elle-icon-200px.jpeg","contentUrl":"https:\/\/www.elle.be\/fr\/wp-content\/uploads\/2017\/03\/elle-icon-200px.jpeg","width":200,"height":200,"caption":"ELLE Belgique"},"image":{"@id":"https:\/\/www.elle.be\/fr\/#\/schema\/logo\/image\/"},"sameAs":["https:\/\/www.facebook.com\/ELLEbelgium\/","https:\/\/x.com\/ELLEBelgique","http:\/\/instagram.com\/ellebelgique\/","https:\/\/www.pinterest.com\/ellebelgique\/","https:\/\/www.youtube.com\/user\/ELLEbelgique1"]},{"@type":"Person","@id":"https:\/\/www.elle.be\/fr\/#\/schema\/person\/1972e2519e5ead9d9d1c5f47011608c3","name":"Priscille Blieck","image":{"@type":"ImageObject","inLanguage":"fr-FR","@id":"https:\/\/secure.gravatar.com\/avatar\/7732bd0f5e0836aa6929564d96fe28506694de1378f0f69de4d5fc439af1b72a?s=96&r=g","url":"https:\/\/secure.gravatar.com\/avatar\/7732bd0f5e0836aa6929564d96fe28506694de1378f0f69de4d5fc439af1b72a?s=96&r=g","contentUrl":"https:\/\/secure.gravatar.com\/avatar\/7732bd0f5e0836aa6929564d96fe28506694de1378f0f69de4d5fc439af1b72a?s=96&r=g","caption":"Priscille Blieck"},"url":"https:\/\/www.elle.be\/fr\/author\/priscille"}]}},"_links":{"self":[{"href":"https:\/\/www.elle.be\/fr\/wp-json\/wp\/v2\/posts\/90172","targetHints":{"allow":["GET"]}}],"collection":[{"href":"https:\/\/www.elle.be\/fr\/wp-json\/wp\/v2\/posts"}],"about":[{"href":"https:\/\/www.elle.be\/fr\/wp-json\/wp\/v2\/types\/post"}],"author":[{"embeddable":true,"href":"https:\/\/www.elle.be\/fr\/wp-json\/wp\/v2\/users\/38"}],"replies":[{"embeddable":true,"href":"https:\/\/www.elle.be\/fr\/wp-json\/wp\/v2\/comments?post=90172"}],"version-history":[{"count":3,"href":"https:\/\/www.elle.be\/fr\/wp-json\/wp\/v2\/posts\/90172\/revisions"}],"predecessor-version":[{"id":198266,"href":"https:\/\/www.elle.be\/fr\/wp-json\/wp\/v2\/posts\/90172\/revisions\/198266"}],"wp:featuredmedia":[{"embeddable":true,"href":"https:\/\/www.elle.be\/fr\/wp-json\/wp\/v2\/media\/136592"}],"wp:attachment":[{"href":"https:\/\/www.elle.be\/fr\/wp-json\/wp\/v2\/media?parent=90172"}],"wp:term":[{"taxonomy":"category","embeddable":true,"href":"https:\/\/www.elle.be\/fr\/wp-json\/wp\/v2\/categories?post=90172"},{"taxonomy":"post_tag","embeddable":true,"href":"https:\/\/www.elle.be\/fr\/wp-json\/wp\/v2\/tags?post=90172"}],"curies":[{"name":"wp","href":"https:\/\/api.w.org\/{rel}","templated":true}]}}