{"id":89797,"date":"2015-08-11T11:18:16","date_gmt":"2015-08-11T09:18:16","guid":{"rendered":"http:\/\/www.elle.be\/fr\/?p=89797"},"modified":"2021-02-23T18:05:42","modified_gmt":"2021-02-23T17:05:42","slug":"hotel-les-saint-peres","status":"publish","type":"post","link":"https:\/\/www.elle.be\/fr\/89797-hotel-les-saint-peres.html","title":{"rendered":"H\u00d4TEL LES SAINT-P\u00c8RES"},"content":{"rendered":"","protected":false},"excerpt":{"rendered":"ROMANTIQUE ET ATYPIQUE\nEn plein c\u0153ur de la campagne savoyarde, non loin de Chamb\u00e9ry et des stations de ski, cette maison de maitre du XIXe si\u00e8cle, exclusive et d\u00e9licieusement intemporelle, s\u2019\u00e9rige au rang d\u2019art dans un parc arbor\u00e9 donnant sur un ravissant jardin de moine.","protected":false},"author":38,"featured_media":144252,"comment_status":"closed","ping_status":"closed","sticky":false,"template":"","format":"standard","meta":{"_acf_changed":false,"footnotes":""},"categories":[3269,3361,1150],"tags":[1176,1205],"class_list":["post-89797","post","type-post","status-publish","format-standard","has-post-thumbnail","hentry","category-elle-decoration","category-hotels","category-adresses","tag-hotel","tag-hotels"],"acf":[],"image_verticale":null,"_yoast_wpseo_title":"Pr\u00e8s de Chamb\u00e9ry, Les Saint-P\u00e8res, id\u00e9al pour r\u00e9ceptions","_yoast_wpseo_metadesc":"Pr\u00e8s de Chamb\u00e9ry, Les Saint-P\u00e8res, id\u00e9al pour r\u00e9ceptions aussi, propose des chambres romantiques, un restaurant raffin\u00e9 avec vue sur le lac du Bourget.","_yoast_wpseo_focuskw_text_input":"H\u00f4tel Les Saint-P\u00e8res","_yoast_wpseo_opengraph-title":null,"yoast_head":"<!-- This site is optimized with the Yoast SEO plugin v27.4 - https:\/\/yoast.com\/product\/yoast-seo-wordpress\/ -->\n<title>Pr\u00e8s de Chamb\u00e9ry, Les Saint-P\u00e8res, id\u00e9al pour r\u00e9ceptions<\/title>\n<meta name=\"description\" content=\"Pr\u00e8s de Chamb\u00e9ry, Les Saint-P\u00e8res, id\u00e9al pour r\u00e9ceptions aussi, propose des chambres romantiques, un restaurant raffin\u00e9 avec vue sur le lac du Bourget.\" \/>\n<meta name=\"robots\" content=\"index, follow, max-snippet:-1, max-image-preview:large, max-video-preview:-1\" \/>\n<link rel=\"canonical\" href=\"https:\/\/www.elle.be\/fr\/89797-hotel-les-saint-peres.html\" \/>\n<meta property=\"og:locale\" content=\"fr_FR\" \/>\n<meta property=\"og:type\" content=\"article\" \/>\n<meta property=\"og:title\" content=\"Pr\u00e8s de Chamb\u00e9ry, Les Saint-P\u00e8res, id\u00e9al pour r\u00e9ceptions\" \/>\n<meta property=\"og:description\" content=\"Pr\u00e8s de Chamb\u00e9ry, Les Saint-P\u00e8res, id\u00e9al pour r\u00e9ceptions aussi, propose des chambres romantiques, un restaurant raffin\u00e9 avec vue sur le lac du Bourget.\" \/>\n<meta property=\"og:url\" content=\"https:\/\/www.elle.be\/fr\/89797-hotel-les-saint-peres.html\" \/>\n<meta property=\"og:site_name\" content=\"ELLE.be\" \/>\n<meta property=\"article:publisher\" content=\"https:\/\/www.facebook.com\/ELLEbelgium\/\" \/>\n<meta property=\"article:published_time\" content=\"2015-08-11T09:18:16+00:00\" \/>\n<meta property=\"article:modified_time\" content=\"2021-02-23T17:05:42+00:00\" \/>\n<meta property=\"og:image\" content=\"https:\/\/www.elle.be\/fr\/wp-content\/uploads\/2015\/08\/SAINT-PERES-UNE.gif\" \/>\n\t<meta property=\"og:image:width\" content=\"1200\" \/>\n\t<meta property=\"og:image:height\" content=\"628\" \/>\n\t<meta property=\"og:image:type\" content=\"image\/gif\" \/>\n<meta name=\"author\" content=\"Priscille Blieck\" \/>\n<meta name=\"twitter:card\" content=\"summary_large_image\" \/>\n<meta name=\"twitter:creator\" content=\"@ELLEBelgique\" \/>\n<meta name=\"twitter:site\" content=\"@ELLEBelgique\" \/>\n<meta name=\"twitter:label1\" content=\"\u00c9crit par\" \/>\n\t<meta name=\"twitter:data1\" content=\"Priscille Blieck\" \/>\n\t<meta name=\"twitter:label2\" content=\"Dur\u00e9e de lecture estim\u00e9e\" \/>\n\t<meta name=\"twitter:data2\" content=\"1 minute\" \/>\n<script type=\"application\/ld+json\" class=\"yoast-schema-graph\">{\"@context\":\"https:\\\/\\\/schema.org\",\"@graph\":[{\"@type\":\"NewsArticle\",\"@id\":\"https:\\\/\\\/www.elle.be\\\/fr\\\/89797-hotel-les-saint-peres.html#article\",\"isPartOf\":{\"@id\":\"https:\\\/\\\/www.elle.be\\\/fr\\\/89797-hotel-les-saint-peres.html\"},\"author\":{\"name\":\"Priscille Blieck\",\"@id\":\"https:\\\/\\\/www.elle.be\\\/fr\\\/#\\\/schema\\\/person\\\/1972e2519e5ead9d9d1c5f47011608c3\"},\"headline\":\"H\u00d4TEL LES SAINT-P\u00c8RES\",\"datePublished\":\"2015-08-11T09:18:16+00:00\",\"dateModified\":\"2021-02-23T17:05:42+00:00\",\"mainEntityOfPage\":{\"@id\":\"https:\\\/\\\/www.elle.be\\\/fr\\\/89797-hotel-les-saint-peres.html\"},\"wordCount\":198,\"publisher\":{\"@id\":\"https:\\\/\\\/www.elle.be\\\/fr\\\/#organization\"},\"image\":{\"@id\":\"https:\\\/\\\/www.elle.be\\\/fr\\\/89797-hotel-les-saint-peres.html#primaryimage\"},\"thumbnailUrl\":\"https:\\\/\\\/www.elle.be\\\/fr\\\/wp-content\\\/uploads\\\/2015\\\/08\\\/SAINT-PERES-UNE.gif\",\"keywords\":[\"Hotel\",\"hotels\"],\"articleSection\":[\"ELLE d\u00e9coration\",\"H\u00f4tels\",\"Adresses\"],\"inLanguage\":\"fr-FR\"},{\"@type\":\"WebPage\",\"@id\":\"https:\\\/\\\/www.elle.be\\\/fr\\\/89797-hotel-les-saint-peres.html\",\"url\":\"https:\\\/\\\/www.elle.be\\\/fr\\\/89797-hotel-les-saint-peres.html\",\"name\":\"Pr\u00e8s de Chamb\u00e9ry, Les Saint-P\u00e8res, id\u00e9al pour r\u00e9ceptions\",\"isPartOf\":{\"@id\":\"https:\\\/\\\/www.elle.be\\\/fr\\\/#website\"},\"primaryImageOfPage\":{\"@id\":\"https:\\\/\\\/www.elle.be\\\/fr\\\/89797-hotel-les-saint-peres.html#primaryimage\"},\"image\":{\"@id\":\"https:\\\/\\\/www.elle.be\\\/fr\\\/89797-hotel-les-saint-peres.html#primaryimage\"},\"thumbnailUrl\":\"https:\\\/\\\/www.elle.be\\\/fr\\\/wp-content\\\/uploads\\\/2015\\\/08\\\/SAINT-PERES-UNE.gif\",\"datePublished\":\"2015-08-11T09:18:16+00:00\",\"dateModified\":\"2021-02-23T17:05:42+00:00\",\"description\":\"Pr\u00e8s de Chamb\u00e9ry, Les Saint-P\u00e8res, id\u00e9al pour r\u00e9ceptions aussi, propose des chambres romantiques, un restaurant raffin\u00e9 avec vue sur le lac du Bourget.\",\"breadcrumb\":{\"@id\":\"https:\\\/\\\/www.elle.be\\\/fr\\\/89797-hotel-les-saint-peres.html#breadcrumb\"},\"inLanguage\":\"fr-FR\",\"potentialAction\":[{\"@type\":\"ReadAction\",\"target\":[\"https:\\\/\\\/www.elle.be\\\/fr\\\/89797-hotel-les-saint-peres.html\"]}]},{\"@type\":\"ImageObject\",\"inLanguage\":\"fr-FR\",\"@id\":\"https:\\\/\\\/www.elle.be\\\/fr\\\/89797-hotel-les-saint-peres.html#primaryimage\",\"url\":\"https:\\\/\\\/www.elle.be\\\/fr\\\/wp-content\\\/uploads\\\/2015\\\/08\\\/SAINT-PERES-UNE.gif\",\"contentUrl\":\"https:\\\/\\\/www.elle.be\\\/fr\\\/wp-content\\\/uploads\\\/2015\\\/08\\\/SAINT-PERES-UNE.gif\",\"width\":1200,\"height\":628},{\"@type\":\"BreadcrumbList\",\"@id\":\"https:\\\/\\\/www.elle.be\\\/fr\\\/89797-hotel-les-saint-peres.html#breadcrumb\",\"itemListElement\":[{\"@type\":\"ListItem\",\"position\":1,\"name\":\"FR\",\"item\":\"https:\\\/\\\/www.elle.be\\\/fr\"},{\"@type\":\"ListItem\",\"position\":2,\"name\":\"Adresses\",\"item\":\"https:\\\/\\\/www.elle.be\\\/fr\\\/adresses\"},{\"@type\":\"ListItem\",\"position\":3,\"name\":\"H\u00d4TEL LES SAINT-P\u00c8RES\"}]},{\"@type\":\"WebSite\",\"@id\":\"https:\\\/\\\/www.elle.be\\\/fr\\\/#website\",\"url\":\"https:\\\/\\\/www.elle.be\\\/fr\\\/\",\"name\":\"ELLE.be\",\"description\":\"Toutes les infos mode, beaut\u00e9 et lifestyle les plus pointues ainsi qu&#039;un contenu 100% belge d\u00e9clin\u00e9 \u00e0 360\u00b0sur le site ELLE.be, nos r\u00e9seaux sociaux et notre cha\u00eene Youtube.\",\"publisher\":{\"@id\":\"https:\\\/\\\/www.elle.be\\\/fr\\\/#organization\"},\"potentialAction\":[{\"@type\":\"SearchAction\",\"target\":{\"@type\":\"EntryPoint\",\"urlTemplate\":\"https:\\\/\\\/www.elle.be\\\/fr\\\/?s={search_term_string}\"},\"query-input\":{\"@type\":\"PropertyValueSpecification\",\"valueRequired\":true,\"valueName\":\"search_term_string\"}}],\"inLanguage\":\"fr-FR\"},{\"@type\":\"Organization\",\"@id\":\"https:\\\/\\\/www.elle.be\\\/fr\\\/#organization\",\"name\":\"ELLE Belgique\",\"url\":\"https:\\\/\\\/www.elle.be\\\/fr\\\/\",\"logo\":{\"@type\":\"ImageObject\",\"inLanguage\":\"fr-FR\",\"@id\":\"https:\\\/\\\/www.elle.be\\\/fr\\\/#\\\/schema\\\/logo\\\/image\\\/\",\"url\":\"https:\\\/\\\/www.elle.be\\\/fr\\\/wp-content\\\/uploads\\\/2017\\\/03\\\/elle-icon-200px.jpeg\",\"contentUrl\":\"https:\\\/\\\/www.elle.be\\\/fr\\\/wp-content\\\/uploads\\\/2017\\\/03\\\/elle-icon-200px.jpeg\",\"width\":200,\"height\":200,\"caption\":\"ELLE Belgique\"},\"image\":{\"@id\":\"https:\\\/\\\/www.elle.be\\\/fr\\\/#\\\/schema\\\/logo\\\/image\\\/\"},\"sameAs\":[\"https:\\\/\\\/www.facebook.com\\\/ELLEbelgium\\\/\",\"https:\\\/\\\/x.com\\\/ELLEBelgique\",\"http:\\\/\\\/instagram.com\\\/ellebelgique\\\/\",\"https:\\\/\\\/www.pinterest.com\\\/ellebelgique\\\/\",\"https:\\\/\\\/www.youtube.com\\\/user\\\/ELLEbelgique1\"]},{\"@type\":\"Person\",\"@id\":\"https:\\\/\\\/www.elle.be\\\/fr\\\/#\\\/schema\\\/person\\\/1972e2519e5ead9d9d1c5f47011608c3\",\"name\":\"Priscille Blieck\",\"image\":{\"@type\":\"ImageObject\",\"inLanguage\":\"fr-FR\",\"@id\":\"https:\\\/\\\/secure.gravatar.com\\\/avatar\\\/7732bd0f5e0836aa6929564d96fe28506694de1378f0f69de4d5fc439af1b72a?s=96&r=g\",\"url\":\"https:\\\/\\\/secure.gravatar.com\\\/avatar\\\/7732bd0f5e0836aa6929564d96fe28506694de1378f0f69de4d5fc439af1b72a?s=96&r=g\",\"contentUrl\":\"https:\\\/\\\/secure.gravatar.com\\\/avatar\\\/7732bd0f5e0836aa6929564d96fe28506694de1378f0f69de4d5fc439af1b72a?s=96&r=g\",\"caption\":\"Priscille Blieck\"},\"url\":\"https:\\\/\\\/www.elle.be\\\/fr\\\/author\\\/priscille\"}]}<\/script>\n<!-- \/ Yoast SEO plugin. -->","yoast_head_json":{"title":"Pr\u00e8s de Chamb\u00e9ry, Les Saint-P\u00e8res, id\u00e9al pour r\u00e9ceptions","description":"Pr\u00e8s de Chamb\u00e9ry, Les Saint-P\u00e8res, id\u00e9al pour r\u00e9ceptions aussi, propose des chambres romantiques, un restaurant raffin\u00e9 avec vue sur le lac du Bourget.","robots":{"index":"index","follow":"follow","max-snippet":"max-snippet:-1","max-image-preview":"max-image-preview:large","max-video-preview":"max-video-preview:-1"},"canonical":"https:\/\/www.elle.be\/fr\/89797-hotel-les-saint-peres.html","og_locale":"fr_FR","og_type":"article","og_title":"Pr\u00e8s de Chamb\u00e9ry, Les Saint-P\u00e8res, id\u00e9al pour r\u00e9ceptions","og_description":"Pr\u00e8s de Chamb\u00e9ry, Les Saint-P\u00e8res, id\u00e9al pour r\u00e9ceptions aussi, propose des chambres romantiques, un restaurant raffin\u00e9 avec vue sur le lac du Bourget.","og_url":"https:\/\/www.elle.be\/fr\/89797-hotel-les-saint-peres.html","og_site_name":"ELLE.be","article_publisher":"https:\/\/www.facebook.com\/ELLEbelgium\/","article_published_time":"2015-08-11T09:18:16+00:00","article_modified_time":"2021-02-23T17:05:42+00:00","og_image":[{"width":1200,"height":628,"url":"https:\/\/www.elle.be\/fr\/wp-content\/uploads\/2015\/08\/SAINT-PERES-UNE.gif","type":"image\/gif"}],"author":"Priscille Blieck","twitter_card":"summary_large_image","twitter_creator":"@ELLEBelgique","twitter_site":"@ELLEBelgique","twitter_misc":{"\u00c9crit par":"Priscille Blieck","Dur\u00e9e de lecture estim\u00e9e":"1 minute"},"schema":{"@context":"https:\/\/schema.org","@graph":[{"@type":"NewsArticle","@id":"https:\/\/www.elle.be\/fr\/89797-hotel-les-saint-peres.html#article","isPartOf":{"@id":"https:\/\/www.elle.be\/fr\/89797-hotel-les-saint-peres.html"},"author":{"name":"Priscille Blieck","@id":"https:\/\/www.elle.be\/fr\/#\/schema\/person\/1972e2519e5ead9d9d1c5f47011608c3"},"headline":"H\u00d4TEL LES SAINT-P\u00c8RES","datePublished":"2015-08-11T09:18:16+00:00","dateModified":"2021-02-23T17:05:42+00:00","mainEntityOfPage":{"@id":"https:\/\/www.elle.be\/fr\/89797-hotel-les-saint-peres.html"},"wordCount":198,"publisher":{"@id":"https:\/\/www.elle.be\/fr\/#organization"},"image":{"@id":"https:\/\/www.elle.be\/fr\/89797-hotel-les-saint-peres.html#primaryimage"},"thumbnailUrl":"https:\/\/www.elle.be\/fr\/wp-content\/uploads\/2015\/08\/SAINT-PERES-UNE.gif","keywords":["Hotel","hotels"],"articleSection":["ELLE d\u00e9coration","H\u00f4tels","Adresses"],"inLanguage":"fr-FR"},{"@type":"WebPage","@id":"https:\/\/www.elle.be\/fr\/89797-hotel-les-saint-peres.html","url":"https:\/\/www.elle.be\/fr\/89797-hotel-les-saint-peres.html","name":"Pr\u00e8s de Chamb\u00e9ry, Les Saint-P\u00e8res, id\u00e9al pour r\u00e9ceptions","isPartOf":{"@id":"https:\/\/www.elle.be\/fr\/#website"},"primaryImageOfPage":{"@id":"https:\/\/www.elle.be\/fr\/89797-hotel-les-saint-peres.html#primaryimage"},"image":{"@id":"https:\/\/www.elle.be\/fr\/89797-hotel-les-saint-peres.html#primaryimage"},"thumbnailUrl":"https:\/\/www.elle.be\/fr\/wp-content\/uploads\/2015\/08\/SAINT-PERES-UNE.gif","datePublished":"2015-08-11T09:18:16+00:00","dateModified":"2021-02-23T17:05:42+00:00","description":"Pr\u00e8s de Chamb\u00e9ry, Les Saint-P\u00e8res, id\u00e9al pour r\u00e9ceptions aussi, propose des chambres romantiques, un restaurant raffin\u00e9 avec vue sur le lac du Bourget.","breadcrumb":{"@id":"https:\/\/www.elle.be\/fr\/89797-hotel-les-saint-peres.html#breadcrumb"},"inLanguage":"fr-FR","potentialAction":[{"@type":"ReadAction","target":["https:\/\/www.elle.be\/fr\/89797-hotel-les-saint-peres.html"]}]},{"@type":"ImageObject","inLanguage":"fr-FR","@id":"https:\/\/www.elle.be\/fr\/89797-hotel-les-saint-peres.html#primaryimage","url":"https:\/\/www.elle.be\/fr\/wp-content\/uploads\/2015\/08\/SAINT-PERES-UNE.gif","contentUrl":"https:\/\/www.elle.be\/fr\/wp-content\/uploads\/2015\/08\/SAINT-PERES-UNE.gif","width":1200,"height":628},{"@type":"BreadcrumbList","@id":"https:\/\/www.elle.be\/fr\/89797-hotel-les-saint-peres.html#breadcrumb","itemListElement":[{"@type":"ListItem","position":1,"name":"FR","item":"https:\/\/www.elle.be\/fr"},{"@type":"ListItem","position":2,"name":"Adresses","item":"https:\/\/www.elle.be\/fr\/adresses"},{"@type":"ListItem","position":3,"name":"H\u00d4TEL LES SAINT-P\u00c8RES"}]},{"@type":"WebSite","@id":"https:\/\/www.elle.be\/fr\/#website","url":"https:\/\/www.elle.be\/fr\/","name":"ELLE.be","description":"Toutes les infos mode, beaut\u00e9 et lifestyle les plus pointues ainsi qu&#039;un contenu 100% belge d\u00e9clin\u00e9 \u00e0 360\u00b0sur le site ELLE.be, nos r\u00e9seaux sociaux et notre cha\u00eene Youtube.","publisher":{"@id":"https:\/\/www.elle.be\/fr\/#organization"},"potentialAction":[{"@type":"SearchAction","target":{"@type":"EntryPoint","urlTemplate":"https:\/\/www.elle.be\/fr\/?s={search_term_string}"},"query-input":{"@type":"PropertyValueSpecification","valueRequired":true,"valueName":"search_term_string"}}],"inLanguage":"fr-FR"},{"@type":"Organization","@id":"https:\/\/www.elle.be\/fr\/#organization","name":"ELLE Belgique","url":"https:\/\/www.elle.be\/fr\/","logo":{"@type":"ImageObject","inLanguage":"fr-FR","@id":"https:\/\/www.elle.be\/fr\/#\/schema\/logo\/image\/","url":"https:\/\/www.elle.be\/fr\/wp-content\/uploads\/2017\/03\/elle-icon-200px.jpeg","contentUrl":"https:\/\/www.elle.be\/fr\/wp-content\/uploads\/2017\/03\/elle-icon-200px.jpeg","width":200,"height":200,"caption":"ELLE Belgique"},"image":{"@id":"https:\/\/www.elle.be\/fr\/#\/schema\/logo\/image\/"},"sameAs":["https:\/\/www.facebook.com\/ELLEbelgium\/","https:\/\/x.com\/ELLEBelgique","http:\/\/instagram.com\/ellebelgique\/","https:\/\/www.pinterest.com\/ellebelgique\/","https:\/\/www.youtube.com\/user\/ELLEbelgique1"]},{"@type":"Person","@id":"https:\/\/www.elle.be\/fr\/#\/schema\/person\/1972e2519e5ead9d9d1c5f47011608c3","name":"Priscille Blieck","image":{"@type":"ImageObject","inLanguage":"fr-FR","@id":"https:\/\/secure.gravatar.com\/avatar\/7732bd0f5e0836aa6929564d96fe28506694de1378f0f69de4d5fc439af1b72a?s=96&r=g","url":"https:\/\/secure.gravatar.com\/avatar\/7732bd0f5e0836aa6929564d96fe28506694de1378f0f69de4d5fc439af1b72a?s=96&r=g","contentUrl":"https:\/\/secure.gravatar.com\/avatar\/7732bd0f5e0836aa6929564d96fe28506694de1378f0f69de4d5fc439af1b72a?s=96&r=g","caption":"Priscille Blieck"},"url":"https:\/\/www.elle.be\/fr\/author\/priscille"}]}},"_links":{"self":[{"href":"https:\/\/www.elle.be\/fr\/wp-json\/wp\/v2\/posts\/89797","targetHints":{"allow":["GET"]}}],"collection":[{"href":"https:\/\/www.elle.be\/fr\/wp-json\/wp\/v2\/posts"}],"about":[{"href":"https:\/\/www.elle.be\/fr\/wp-json\/wp\/v2\/types\/post"}],"author":[{"embeddable":true,"href":"https:\/\/www.elle.be\/fr\/wp-json\/wp\/v2\/users\/38"}],"replies":[{"embeddable":true,"href":"https:\/\/www.elle.be\/fr\/wp-json\/wp\/v2\/comments?post=89797"}],"version-history":[{"count":2,"href":"https:\/\/www.elle.be\/fr\/wp-json\/wp\/v2\/posts\/89797\/revisions"}],"predecessor-version":[{"id":198288,"href":"https:\/\/www.elle.be\/fr\/wp-json\/wp\/v2\/posts\/89797\/revisions\/198288"}],"wp:featuredmedia":[{"embeddable":true,"href":"https:\/\/www.elle.be\/fr\/wp-json\/wp\/v2\/media\/144252"}],"wp:attachment":[{"href":"https:\/\/www.elle.be\/fr\/wp-json\/wp\/v2\/media?parent=89797"}],"wp:term":[{"taxonomy":"category","embeddable":true,"href":"https:\/\/www.elle.be\/fr\/wp-json\/wp\/v2\/categories?post=89797"},{"taxonomy":"post_tag","embeddable":true,"href":"https:\/\/www.elle.be\/fr\/wp-json\/wp\/v2\/tags?post=89797"}],"curies":[{"name":"wp","href":"https:\/\/api.w.org\/{rel}","templated":true}]}}