{"id":88029,"date":"2015-08-11T11:44:10","date_gmt":"2015-08-11T09:44:10","guid":{"rendered":"http:\/\/www.elle.be\/fr\/?p=88029"},"modified":"2021-02-23T18:05:23","modified_gmt":"2021-02-23T17:05:23","slug":"hotel-gaston","status":"publish","type":"post","link":"https:\/\/www.elle.be\/fr\/88029-hotel-gaston.html","title":{"rendered":"H\u00d4TEL GASTON"},"content":{"rendered":"","protected":false},"excerpt":{"rendered":"Si Paris vibre artistiquement, le nouvel H\u00f4tel Gaston situ\u00e9 \u00e0 deux pas des Champs Elys\u00e9es et enti\u00e8rement r\u00e9nov\u00e9 en 2014 vit lui aussi au rythme des cr\u00e9ateurs qui ont customis\u00e9 les 43 chambres contemporaines et lumineuses.","protected":false},"author":38,"featured_media":93502,"comment_status":"closed","ping_status":"closed","sticky":false,"template":"","format":"standard","meta":{"_acf_changed":false,"footnotes":""},"categories":[3269,3361,1150],"tags":[1176],"class_list":["post-88029","post","type-post","status-publish","format-standard","has-post-thumbnail","hentry","category-elle-decoration","category-hotels","category-adresses","tag-hotel"],"acf":[],"image_verticale":null,"_yoast_wpseo_title":"Novateur, artistique, singulier et chaleureux","_yoast_wpseo_metadesc":"Le nouvel H\u00f4tel Gaston situ\u00e9 pr\u00e8s des Champs Elys\u00e9es propose des chambres customis\u00e9es par un collectif d\u2019artistes et r\u00e9pond aux attentes de tous.","_yoast_wpseo_focuskw_text_input":"H\u00f4tel Gaston","_yoast_wpseo_opengraph-title":null,"yoast_head":"<!-- This site is optimized with the Yoast SEO plugin v27.4 - https:\/\/yoast.com\/product\/yoast-seo-wordpress\/ -->\n<title>Novateur, artistique, singulier et chaleureux<\/title>\n<meta name=\"description\" content=\"Le nouvel H\u00f4tel Gaston situ\u00e9 pr\u00e8s des Champs Elys\u00e9es propose des chambres customis\u00e9es par un collectif d\u2019artistes et r\u00e9pond aux attentes de tous.\" \/>\n<meta name=\"robots\" content=\"index, follow, max-snippet:-1, max-image-preview:large, max-video-preview:-1\" \/>\n<link rel=\"canonical\" href=\"https:\/\/www.elle.be\/fr\/88029-hotel-gaston.html\" \/>\n<meta property=\"og:locale\" content=\"fr_FR\" \/>\n<meta property=\"og:type\" content=\"article\" \/>\n<meta property=\"og:title\" content=\"Novateur, artistique, singulier et chaleureux\" \/>\n<meta property=\"og:description\" content=\"Le nouvel H\u00f4tel Gaston situ\u00e9 pr\u00e8s des Champs Elys\u00e9es propose des chambres customis\u00e9es par un collectif d\u2019artistes et r\u00e9pond aux attentes de tous.\" \/>\n<meta property=\"og:url\" content=\"https:\/\/www.elle.be\/fr\/88029-hotel-gaston.html\" \/>\n<meta property=\"og:site_name\" content=\"ELLE.be\" \/>\n<meta property=\"article:publisher\" content=\"https:\/\/www.facebook.com\/ELLEbelgium\/\" \/>\n<meta property=\"article:published_time\" content=\"2015-08-11T09:44:10+00:00\" \/>\n<meta property=\"article:modified_time\" content=\"2021-02-23T17:05:23+00:00\" \/>\n<meta property=\"og:image\" content=\"https:\/\/www.elle.be\/fr\/wp-content\/uploads\/2015\/08\/gaston-UNE.jpg\" \/>\n\t<meta property=\"og:image:width\" content=\"600\" \/>\n\t<meta property=\"og:image:height\" content=\"520\" \/>\n\t<meta property=\"og:image:type\" content=\"image\/jpeg\" \/>\n<meta name=\"author\" content=\"Priscille Blieck\" \/>\n<meta name=\"twitter:card\" content=\"summary_large_image\" \/>\n<meta name=\"twitter:creator\" content=\"@ELLEBelgique\" \/>\n<meta name=\"twitter:site\" content=\"@ELLEBelgique\" \/>\n<meta name=\"twitter:label1\" content=\"\u00c9crit par\" \/>\n\t<meta name=\"twitter:data1\" content=\"Priscille Blieck\" \/>\n\t<meta name=\"twitter:label2\" content=\"Dur\u00e9e de lecture estim\u00e9e\" \/>\n\t<meta name=\"twitter:data2\" content=\"1 minute\" \/>\n<script type=\"application\/ld+json\" class=\"yoast-schema-graph\">{\"@context\":\"https:\\\/\\\/schema.org\",\"@graph\":[{\"@type\":\"NewsArticle\",\"@id\":\"https:\\\/\\\/www.elle.be\\\/fr\\\/88029-hotel-gaston.html#article\",\"isPartOf\":{\"@id\":\"https:\\\/\\\/www.elle.be\\\/fr\\\/88029-hotel-gaston.html\"},\"author\":{\"name\":\"Priscille Blieck\",\"@id\":\"https:\\\/\\\/www.elle.be\\\/fr\\\/#\\\/schema\\\/person\\\/1972e2519e5ead9d9d1c5f47011608c3\"},\"headline\":\"H\u00d4TEL GASTON\",\"datePublished\":\"2015-08-11T09:44:10+00:00\",\"dateModified\":\"2021-02-23T17:05:23+00:00\",\"mainEntityOfPage\":{\"@id\":\"https:\\\/\\\/www.elle.be\\\/fr\\\/88029-hotel-gaston.html\"},\"wordCount\":170,\"publisher\":{\"@id\":\"https:\\\/\\\/www.elle.be\\\/fr\\\/#organization\"},\"image\":{\"@id\":\"https:\\\/\\\/www.elle.be\\\/fr\\\/88029-hotel-gaston.html#primaryimage\"},\"thumbnailUrl\":\"https:\\\/\\\/www.elle.be\\\/fr\\\/wp-content\\\/uploads\\\/2015\\\/08\\\/gaston-UNE.jpg\",\"keywords\":[\"Hotel\"],\"articleSection\":[\"ELLE d\u00e9coration\",\"H\u00f4tels\",\"Adresses\"],\"inLanguage\":\"fr-FR\"},{\"@type\":\"WebPage\",\"@id\":\"https:\\\/\\\/www.elle.be\\\/fr\\\/88029-hotel-gaston.html\",\"url\":\"https:\\\/\\\/www.elle.be\\\/fr\\\/88029-hotel-gaston.html\",\"name\":\"Novateur, artistique, singulier et chaleureux\",\"isPartOf\":{\"@id\":\"https:\\\/\\\/www.elle.be\\\/fr\\\/#website\"},\"primaryImageOfPage\":{\"@id\":\"https:\\\/\\\/www.elle.be\\\/fr\\\/88029-hotel-gaston.html#primaryimage\"},\"image\":{\"@id\":\"https:\\\/\\\/www.elle.be\\\/fr\\\/88029-hotel-gaston.html#primaryimage\"},\"thumbnailUrl\":\"https:\\\/\\\/www.elle.be\\\/fr\\\/wp-content\\\/uploads\\\/2015\\\/08\\\/gaston-UNE.jpg\",\"datePublished\":\"2015-08-11T09:44:10+00:00\",\"dateModified\":\"2021-02-23T17:05:23+00:00\",\"description\":\"Le nouvel H\u00f4tel Gaston situ\u00e9 pr\u00e8s des Champs Elys\u00e9es propose des chambres customis\u00e9es par un collectif d\u2019artistes et r\u00e9pond aux attentes de tous.\",\"breadcrumb\":{\"@id\":\"https:\\\/\\\/www.elle.be\\\/fr\\\/88029-hotel-gaston.html#breadcrumb\"},\"inLanguage\":\"fr-FR\",\"potentialAction\":[{\"@type\":\"ReadAction\",\"target\":[\"https:\\\/\\\/www.elle.be\\\/fr\\\/88029-hotel-gaston.html\"]}]},{\"@type\":\"ImageObject\",\"inLanguage\":\"fr-FR\",\"@id\":\"https:\\\/\\\/www.elle.be\\\/fr\\\/88029-hotel-gaston.html#primaryimage\",\"url\":\"https:\\\/\\\/www.elle.be\\\/fr\\\/wp-content\\\/uploads\\\/2015\\\/08\\\/gaston-UNE.jpg\",\"contentUrl\":\"https:\\\/\\\/www.elle.be\\\/fr\\\/wp-content\\\/uploads\\\/2015\\\/08\\\/gaston-UNE.jpg\",\"width\":600,\"height\":520},{\"@type\":\"BreadcrumbList\",\"@id\":\"https:\\\/\\\/www.elle.be\\\/fr\\\/88029-hotel-gaston.html#breadcrumb\",\"itemListElement\":[{\"@type\":\"ListItem\",\"position\":1,\"name\":\"FR\",\"item\":\"https:\\\/\\\/www.elle.be\\\/fr\"},{\"@type\":\"ListItem\",\"position\":2,\"name\":\"ELLE d\u00e9coration\",\"item\":\"https:\\\/\\\/www.elle.be\\\/fr\\\/elle-decoration\"},{\"@type\":\"ListItem\",\"position\":3,\"name\":\"H\u00f4tels\",\"item\":\"https:\\\/\\\/www.elle.be\\\/fr\\\/elle-decoration\\\/hotels\"},{\"@type\":\"ListItem\",\"position\":4,\"name\":\"H\u00d4TEL GASTON\"}]},{\"@type\":\"WebSite\",\"@id\":\"https:\\\/\\\/www.elle.be\\\/fr\\\/#website\",\"url\":\"https:\\\/\\\/www.elle.be\\\/fr\\\/\",\"name\":\"ELLE.be\",\"description\":\"Toutes les infos mode, beaut\u00e9 et lifestyle les plus pointues ainsi qu&#039;un contenu 100% belge d\u00e9clin\u00e9 \u00e0 360\u00b0sur le site ELLE.be, nos r\u00e9seaux sociaux et notre cha\u00eene Youtube.\",\"publisher\":{\"@id\":\"https:\\\/\\\/www.elle.be\\\/fr\\\/#organization\"},\"potentialAction\":[{\"@type\":\"SearchAction\",\"target\":{\"@type\":\"EntryPoint\",\"urlTemplate\":\"https:\\\/\\\/www.elle.be\\\/fr\\\/?s={search_term_string}\"},\"query-input\":{\"@type\":\"PropertyValueSpecification\",\"valueRequired\":true,\"valueName\":\"search_term_string\"}}],\"inLanguage\":\"fr-FR\"},{\"@type\":\"Organization\",\"@id\":\"https:\\\/\\\/www.elle.be\\\/fr\\\/#organization\",\"name\":\"ELLE Belgique\",\"url\":\"https:\\\/\\\/www.elle.be\\\/fr\\\/\",\"logo\":{\"@type\":\"ImageObject\",\"inLanguage\":\"fr-FR\",\"@id\":\"https:\\\/\\\/www.elle.be\\\/fr\\\/#\\\/schema\\\/logo\\\/image\\\/\",\"url\":\"https:\\\/\\\/www.elle.be\\\/fr\\\/wp-content\\\/uploads\\\/2017\\\/03\\\/elle-icon-200px.jpeg\",\"contentUrl\":\"https:\\\/\\\/www.elle.be\\\/fr\\\/wp-content\\\/uploads\\\/2017\\\/03\\\/elle-icon-200px.jpeg\",\"width\":200,\"height\":200,\"caption\":\"ELLE Belgique\"},\"image\":{\"@id\":\"https:\\\/\\\/www.elle.be\\\/fr\\\/#\\\/schema\\\/logo\\\/image\\\/\"},\"sameAs\":[\"https:\\\/\\\/www.facebook.com\\\/ELLEbelgium\\\/\",\"https:\\\/\\\/x.com\\\/ELLEBelgique\",\"http:\\\/\\\/instagram.com\\\/ellebelgique\\\/\",\"https:\\\/\\\/www.pinterest.com\\\/ellebelgique\\\/\",\"https:\\\/\\\/www.youtube.com\\\/user\\\/ELLEbelgique1\"]},{\"@type\":\"Person\",\"@id\":\"https:\\\/\\\/www.elle.be\\\/fr\\\/#\\\/schema\\\/person\\\/1972e2519e5ead9d9d1c5f47011608c3\",\"name\":\"Priscille Blieck\",\"image\":{\"@type\":\"ImageObject\",\"inLanguage\":\"fr-FR\",\"@id\":\"https:\\\/\\\/secure.gravatar.com\\\/avatar\\\/7732bd0f5e0836aa6929564d96fe28506694de1378f0f69de4d5fc439af1b72a?s=96&r=g\",\"url\":\"https:\\\/\\\/secure.gravatar.com\\\/avatar\\\/7732bd0f5e0836aa6929564d96fe28506694de1378f0f69de4d5fc439af1b72a?s=96&r=g\",\"contentUrl\":\"https:\\\/\\\/secure.gravatar.com\\\/avatar\\\/7732bd0f5e0836aa6929564d96fe28506694de1378f0f69de4d5fc439af1b72a?s=96&r=g\",\"caption\":\"Priscille Blieck\"},\"url\":\"https:\\\/\\\/www.elle.be\\\/fr\\\/author\\\/priscille\"}]}<\/script>\n<!-- \/ Yoast SEO plugin. -->","yoast_head_json":{"title":"Novateur, artistique, singulier et chaleureux","description":"Le nouvel H\u00f4tel Gaston situ\u00e9 pr\u00e8s des Champs Elys\u00e9es propose des chambres customis\u00e9es par un collectif d\u2019artistes et r\u00e9pond aux attentes de tous.","robots":{"index":"index","follow":"follow","max-snippet":"max-snippet:-1","max-image-preview":"max-image-preview:large","max-video-preview":"max-video-preview:-1"},"canonical":"https:\/\/www.elle.be\/fr\/88029-hotel-gaston.html","og_locale":"fr_FR","og_type":"article","og_title":"Novateur, artistique, singulier et chaleureux","og_description":"Le nouvel H\u00f4tel Gaston situ\u00e9 pr\u00e8s des Champs Elys\u00e9es propose des chambres customis\u00e9es par un collectif d\u2019artistes et r\u00e9pond aux attentes de tous.","og_url":"https:\/\/www.elle.be\/fr\/88029-hotel-gaston.html","og_site_name":"ELLE.be","article_publisher":"https:\/\/www.facebook.com\/ELLEbelgium\/","article_published_time":"2015-08-11T09:44:10+00:00","article_modified_time":"2021-02-23T17:05:23+00:00","og_image":[{"width":600,"height":520,"url":"https:\/\/www.elle.be\/fr\/wp-content\/uploads\/2015\/08\/gaston-UNE.jpg","type":"image\/jpeg"}],"author":"Priscille Blieck","twitter_card":"summary_large_image","twitter_creator":"@ELLEBelgique","twitter_site":"@ELLEBelgique","twitter_misc":{"\u00c9crit par":"Priscille Blieck","Dur\u00e9e de lecture estim\u00e9e":"1 minute"},"schema":{"@context":"https:\/\/schema.org","@graph":[{"@type":"NewsArticle","@id":"https:\/\/www.elle.be\/fr\/88029-hotel-gaston.html#article","isPartOf":{"@id":"https:\/\/www.elle.be\/fr\/88029-hotel-gaston.html"},"author":{"name":"Priscille Blieck","@id":"https:\/\/www.elle.be\/fr\/#\/schema\/person\/1972e2519e5ead9d9d1c5f47011608c3"},"headline":"H\u00d4TEL GASTON","datePublished":"2015-08-11T09:44:10+00:00","dateModified":"2021-02-23T17:05:23+00:00","mainEntityOfPage":{"@id":"https:\/\/www.elle.be\/fr\/88029-hotel-gaston.html"},"wordCount":170,"publisher":{"@id":"https:\/\/www.elle.be\/fr\/#organization"},"image":{"@id":"https:\/\/www.elle.be\/fr\/88029-hotel-gaston.html#primaryimage"},"thumbnailUrl":"https:\/\/www.elle.be\/fr\/wp-content\/uploads\/2015\/08\/gaston-UNE.jpg","keywords":["Hotel"],"articleSection":["ELLE d\u00e9coration","H\u00f4tels","Adresses"],"inLanguage":"fr-FR"},{"@type":"WebPage","@id":"https:\/\/www.elle.be\/fr\/88029-hotel-gaston.html","url":"https:\/\/www.elle.be\/fr\/88029-hotel-gaston.html","name":"Novateur, artistique, singulier et chaleureux","isPartOf":{"@id":"https:\/\/www.elle.be\/fr\/#website"},"primaryImageOfPage":{"@id":"https:\/\/www.elle.be\/fr\/88029-hotel-gaston.html#primaryimage"},"image":{"@id":"https:\/\/www.elle.be\/fr\/88029-hotel-gaston.html#primaryimage"},"thumbnailUrl":"https:\/\/www.elle.be\/fr\/wp-content\/uploads\/2015\/08\/gaston-UNE.jpg","datePublished":"2015-08-11T09:44:10+00:00","dateModified":"2021-02-23T17:05:23+00:00","description":"Le nouvel H\u00f4tel Gaston situ\u00e9 pr\u00e8s des Champs Elys\u00e9es propose des chambres customis\u00e9es par un collectif d\u2019artistes et r\u00e9pond aux attentes de tous.","breadcrumb":{"@id":"https:\/\/www.elle.be\/fr\/88029-hotel-gaston.html#breadcrumb"},"inLanguage":"fr-FR","potentialAction":[{"@type":"ReadAction","target":["https:\/\/www.elle.be\/fr\/88029-hotel-gaston.html"]}]},{"@type":"ImageObject","inLanguage":"fr-FR","@id":"https:\/\/www.elle.be\/fr\/88029-hotel-gaston.html#primaryimage","url":"https:\/\/www.elle.be\/fr\/wp-content\/uploads\/2015\/08\/gaston-UNE.jpg","contentUrl":"https:\/\/www.elle.be\/fr\/wp-content\/uploads\/2015\/08\/gaston-UNE.jpg","width":600,"height":520},{"@type":"BreadcrumbList","@id":"https:\/\/www.elle.be\/fr\/88029-hotel-gaston.html#breadcrumb","itemListElement":[{"@type":"ListItem","position":1,"name":"FR","item":"https:\/\/www.elle.be\/fr"},{"@type":"ListItem","position":2,"name":"ELLE d\u00e9coration","item":"https:\/\/www.elle.be\/fr\/elle-decoration"},{"@type":"ListItem","position":3,"name":"H\u00f4tels","item":"https:\/\/www.elle.be\/fr\/elle-decoration\/hotels"},{"@type":"ListItem","position":4,"name":"H\u00d4TEL GASTON"}]},{"@type":"WebSite","@id":"https:\/\/www.elle.be\/fr\/#website","url":"https:\/\/www.elle.be\/fr\/","name":"ELLE.be","description":"Toutes les infos mode, beaut\u00e9 et lifestyle les plus pointues ainsi qu&#039;un contenu 100% belge d\u00e9clin\u00e9 \u00e0 360\u00b0sur le site ELLE.be, nos r\u00e9seaux sociaux et notre cha\u00eene Youtube.","publisher":{"@id":"https:\/\/www.elle.be\/fr\/#organization"},"potentialAction":[{"@type":"SearchAction","target":{"@type":"EntryPoint","urlTemplate":"https:\/\/www.elle.be\/fr\/?s={search_term_string}"},"query-input":{"@type":"PropertyValueSpecification","valueRequired":true,"valueName":"search_term_string"}}],"inLanguage":"fr-FR"},{"@type":"Organization","@id":"https:\/\/www.elle.be\/fr\/#organization","name":"ELLE Belgique","url":"https:\/\/www.elle.be\/fr\/","logo":{"@type":"ImageObject","inLanguage":"fr-FR","@id":"https:\/\/www.elle.be\/fr\/#\/schema\/logo\/image\/","url":"https:\/\/www.elle.be\/fr\/wp-content\/uploads\/2017\/03\/elle-icon-200px.jpeg","contentUrl":"https:\/\/www.elle.be\/fr\/wp-content\/uploads\/2017\/03\/elle-icon-200px.jpeg","width":200,"height":200,"caption":"ELLE Belgique"},"image":{"@id":"https:\/\/www.elle.be\/fr\/#\/schema\/logo\/image\/"},"sameAs":["https:\/\/www.facebook.com\/ELLEbelgium\/","https:\/\/x.com\/ELLEBelgique","http:\/\/instagram.com\/ellebelgique\/","https:\/\/www.pinterest.com\/ellebelgique\/","https:\/\/www.youtube.com\/user\/ELLEbelgique1"]},{"@type":"Person","@id":"https:\/\/www.elle.be\/fr\/#\/schema\/person\/1972e2519e5ead9d9d1c5f47011608c3","name":"Priscille Blieck","image":{"@type":"ImageObject","inLanguage":"fr-FR","@id":"https:\/\/secure.gravatar.com\/avatar\/7732bd0f5e0836aa6929564d96fe28506694de1378f0f69de4d5fc439af1b72a?s=96&r=g","url":"https:\/\/secure.gravatar.com\/avatar\/7732bd0f5e0836aa6929564d96fe28506694de1378f0f69de4d5fc439af1b72a?s=96&r=g","contentUrl":"https:\/\/secure.gravatar.com\/avatar\/7732bd0f5e0836aa6929564d96fe28506694de1378f0f69de4d5fc439af1b72a?s=96&r=g","caption":"Priscille Blieck"},"url":"https:\/\/www.elle.be\/fr\/author\/priscille"}]}},"_links":{"self":[{"href":"https:\/\/www.elle.be\/fr\/wp-json\/wp\/v2\/posts\/88029","targetHints":{"allow":["GET"]}}],"collection":[{"href":"https:\/\/www.elle.be\/fr\/wp-json\/wp\/v2\/posts"}],"about":[{"href":"https:\/\/www.elle.be\/fr\/wp-json\/wp\/v2\/types\/post"}],"author":[{"embeddable":true,"href":"https:\/\/www.elle.be\/fr\/wp-json\/wp\/v2\/users\/38"}],"replies":[{"embeddable":true,"href":"https:\/\/www.elle.be\/fr\/wp-json\/wp\/v2\/comments?post=88029"}],"version-history":[{"count":2,"href":"https:\/\/www.elle.be\/fr\/wp-json\/wp\/v2\/posts\/88029\/revisions"}],"predecessor-version":[{"id":324561,"href":"https:\/\/www.elle.be\/fr\/wp-json\/wp\/v2\/posts\/88029\/revisions\/324561"}],"wp:featuredmedia":[{"embeddable":true,"href":"https:\/\/www.elle.be\/fr\/wp-json\/wp\/v2\/media\/93502"}],"wp:attachment":[{"href":"https:\/\/www.elle.be\/fr\/wp-json\/wp\/v2\/media?parent=88029"}],"wp:term":[{"taxonomy":"category","embeddable":true,"href":"https:\/\/www.elle.be\/fr\/wp-json\/wp\/v2\/categories?post=88029"},{"taxonomy":"post_tag","embeddable":true,"href":"https:\/\/www.elle.be\/fr\/wp-json\/wp\/v2\/tags?post=88029"}],"curies":[{"name":"wp","href":"https:\/\/api.w.org\/{rel}","templated":true}]}}