{"id":87801,"date":"2015-08-11T11:55:13","date_gmt":"2015-08-11T09:55:13","guid":{"rendered":"http:\/\/www.elle.be\/fr\/?p=87801"},"modified":"2021-02-23T18:05:21","modified_gmt":"2021-02-23T17:05:21","slug":"valverde-hotel","status":"publish","type":"post","link":"https:\/\/www.elle.be\/fr\/87801-valverde-hotel.html","title":{"rendered":"VALVERDE HOTEL"},"content":{"rendered":"","protected":false},"excerpt":{"rendered":"Sur le principal boulevard de Lisbonne qui fut autrefois le Passeio Publico, parc public et lieu de balade de la haute soci\u00e9t\u00e9, l\u2019h\u00f4tel Valverde vous plonge dans le glorieux pass\u00e9 de la capitale portugaise.","protected":false},"author":38,"featured_media":87806,"comment_status":"closed","ping_status":"closed","sticky":false,"template":"","format":"standard","meta":{"_acf_changed":false,"footnotes":""},"categories":[3269,3361,1150],"tags":[1176],"class_list":["post-87801","post","type-post","status-publish","format-standard","has-post-thumbnail","hentry","category-elle-decoration","category-hotels","category-adresses","tag-hotel"],"acf":[],"image_verticale":null,"_yoast_wpseo_title":"Oasis de luxe discret au c\u0153ur de Lisbonne","_yoast_wpseo_metadesc":"\u00c0 l\u2019abri des regards, Valverde H\u00f4tel offre 25 chambres et suites uniques, 1 restaurant sign\u00e9 Sitio, 1 bar, 1 business center, 1 piscine dans le jardin.","_yoast_wpseo_focuskw_text_input":"Valverde Hotel","_yoast_wpseo_opengraph-title":null,"yoast_head":"<!-- This site is optimized with the Yoast SEO plugin v27.4 - https:\/\/yoast.com\/product\/yoast-seo-wordpress\/ -->\n<title>Oasis de luxe discret au c\u0153ur de Lisbonne<\/title>\n<meta name=\"description\" content=\"\u00c0 l\u2019abri des regards, Valverde H\u00f4tel offre 25 chambres et suites uniques, 1 restaurant sign\u00e9 Sitio, 1 bar, 1 business center, 1 piscine dans le jardin.\" \/>\n<meta name=\"robots\" content=\"index, follow, max-snippet:-1, max-image-preview:large, max-video-preview:-1\" \/>\n<link rel=\"canonical\" href=\"https:\/\/www.elle.be\/fr\/87801-valverde-hotel.html\" \/>\n<meta property=\"og:locale\" content=\"fr_FR\" \/>\n<meta property=\"og:type\" content=\"article\" \/>\n<meta property=\"og:title\" content=\"Oasis de luxe discret au c\u0153ur de Lisbonne\" \/>\n<meta property=\"og:description\" content=\"\u00c0 l\u2019abri des regards, Valverde H\u00f4tel offre 25 chambres et suites uniques, 1 restaurant sign\u00e9 Sitio, 1 bar, 1 business center, 1 piscine dans le jardin.\" \/>\n<meta property=\"og:url\" content=\"https:\/\/www.elle.be\/fr\/87801-valverde-hotel.html\" \/>\n<meta property=\"og:site_name\" content=\"ELLE.be\" \/>\n<meta property=\"article:publisher\" content=\"https:\/\/www.facebook.com\/ELLEbelgium\/\" \/>\n<meta property=\"article:published_time\" content=\"2015-08-11T09:55:13+00:00\" \/>\n<meta property=\"article:modified_time\" content=\"2021-02-23T17:05:21+00:00\" \/>\n<meta property=\"og:image\" content=\"https:\/\/www.elle.be\/fr\/wp-content\/uploads\/2015\/07\/Valverde-Hotel-Gd-format.jpg\" \/>\n\t<meta property=\"og:image:width\" content=\"970\" \/>\n\t<meta property=\"og:image:height\" content=\"720\" \/>\n\t<meta property=\"og:image:type\" content=\"image\/jpeg\" \/>\n<meta name=\"author\" content=\"Priscille Blieck\" \/>\n<meta name=\"twitter:card\" content=\"summary_large_image\" \/>\n<meta name=\"twitter:creator\" content=\"@ELLEBelgique\" \/>\n<meta name=\"twitter:site\" content=\"@ELLEBelgique\" \/>\n<meta name=\"twitter:label1\" content=\"\u00c9crit par\" \/>\n\t<meta name=\"twitter:data1\" content=\"Priscille Blieck\" \/>\n\t<meta name=\"twitter:label2\" content=\"Dur\u00e9e de lecture estim\u00e9e\" \/>\n\t<meta name=\"twitter:data2\" content=\"1 minute\" \/>\n<script type=\"application\/ld+json\" class=\"yoast-schema-graph\">{\"@context\":\"https:\\\/\\\/schema.org\",\"@graph\":[{\"@type\":\"NewsArticle\",\"@id\":\"https:\\\/\\\/www.elle.be\\\/fr\\\/87801-valverde-hotel.html#article\",\"isPartOf\":{\"@id\":\"https:\\\/\\\/www.elle.be\\\/fr\\\/87801-valverde-hotel.html\"},\"author\":{\"name\":\"Priscille Blieck\",\"@id\":\"https:\\\/\\\/www.elle.be\\\/fr\\\/#\\\/schema\\\/person\\\/1972e2519e5ead9d9d1c5f47011608c3\"},\"headline\":\"VALVERDE HOTEL\",\"datePublished\":\"2015-08-11T09:55:13+00:00\",\"dateModified\":\"2021-02-23T17:05:21+00:00\",\"mainEntityOfPage\":{\"@id\":\"https:\\\/\\\/www.elle.be\\\/fr\\\/87801-valverde-hotel.html\"},\"wordCount\":242,\"publisher\":{\"@id\":\"https:\\\/\\\/www.elle.be\\\/fr\\\/#organization\"},\"image\":{\"@id\":\"https:\\\/\\\/www.elle.be\\\/fr\\\/87801-valverde-hotel.html#primaryimage\"},\"thumbnailUrl\":\"https:\\\/\\\/www.elle.be\\\/fr\\\/wp-content\\\/uploads\\\/2015\\\/07\\\/Valverde-Hotel-Gd-format.jpg\",\"keywords\":[\"Hotel\"],\"articleSection\":[\"ELLE d\u00e9coration\",\"H\u00f4tels\",\"Adresses\"],\"inLanguage\":\"fr-FR\"},{\"@type\":\"WebPage\",\"@id\":\"https:\\\/\\\/www.elle.be\\\/fr\\\/87801-valverde-hotel.html\",\"url\":\"https:\\\/\\\/www.elle.be\\\/fr\\\/87801-valverde-hotel.html\",\"name\":\"Oasis de luxe discret au c\u0153ur de Lisbonne\",\"isPartOf\":{\"@id\":\"https:\\\/\\\/www.elle.be\\\/fr\\\/#website\"},\"primaryImageOfPage\":{\"@id\":\"https:\\\/\\\/www.elle.be\\\/fr\\\/87801-valverde-hotel.html#primaryimage\"},\"image\":{\"@id\":\"https:\\\/\\\/www.elle.be\\\/fr\\\/87801-valverde-hotel.html#primaryimage\"},\"thumbnailUrl\":\"https:\\\/\\\/www.elle.be\\\/fr\\\/wp-content\\\/uploads\\\/2015\\\/07\\\/Valverde-Hotel-Gd-format.jpg\",\"datePublished\":\"2015-08-11T09:55:13+00:00\",\"dateModified\":\"2021-02-23T17:05:21+00:00\",\"description\":\"\u00c0 l\u2019abri des regards, Valverde H\u00f4tel offre 25 chambres et suites uniques, 1 restaurant sign\u00e9 Sitio, 1 bar, 1 business center, 1 piscine dans le jardin.\",\"breadcrumb\":{\"@id\":\"https:\\\/\\\/www.elle.be\\\/fr\\\/87801-valverde-hotel.html#breadcrumb\"},\"inLanguage\":\"fr-FR\",\"potentialAction\":[{\"@type\":\"ReadAction\",\"target\":[\"https:\\\/\\\/www.elle.be\\\/fr\\\/87801-valverde-hotel.html\"]}]},{\"@type\":\"ImageObject\",\"inLanguage\":\"fr-FR\",\"@id\":\"https:\\\/\\\/www.elle.be\\\/fr\\\/87801-valverde-hotel.html#primaryimage\",\"url\":\"https:\\\/\\\/www.elle.be\\\/fr\\\/wp-content\\\/uploads\\\/2015\\\/07\\\/Valverde-Hotel-Gd-format.jpg\",\"contentUrl\":\"https:\\\/\\\/www.elle.be\\\/fr\\\/wp-content\\\/uploads\\\/2015\\\/07\\\/Valverde-Hotel-Gd-format.jpg\",\"width\":970,\"height\":720},{\"@type\":\"BreadcrumbList\",\"@id\":\"https:\\\/\\\/www.elle.be\\\/fr\\\/87801-valverde-hotel.html#breadcrumb\",\"itemListElement\":[{\"@type\":\"ListItem\",\"position\":1,\"name\":\"FR\",\"item\":\"https:\\\/\\\/www.elle.be\\\/fr\"},{\"@type\":\"ListItem\",\"position\":2,\"name\":\"ELLE d\u00e9coration\",\"item\":\"https:\\\/\\\/www.elle.be\\\/fr\\\/elle-decoration\"},{\"@type\":\"ListItem\",\"position\":3,\"name\":\"H\u00f4tels\",\"item\":\"https:\\\/\\\/www.elle.be\\\/fr\\\/elle-decoration\\\/hotels\"},{\"@type\":\"ListItem\",\"position\":4,\"name\":\"VALVERDE HOTEL\"}]},{\"@type\":\"WebSite\",\"@id\":\"https:\\\/\\\/www.elle.be\\\/fr\\\/#website\",\"url\":\"https:\\\/\\\/www.elle.be\\\/fr\\\/\",\"name\":\"ELLE.be\",\"description\":\"Toutes les infos mode, beaut\u00e9 et lifestyle les plus pointues ainsi qu&#039;un contenu 100% belge d\u00e9clin\u00e9 \u00e0 360\u00b0sur le site ELLE.be, nos r\u00e9seaux sociaux et notre cha\u00eene Youtube.\",\"publisher\":{\"@id\":\"https:\\\/\\\/www.elle.be\\\/fr\\\/#organization\"},\"potentialAction\":[{\"@type\":\"SearchAction\",\"target\":{\"@type\":\"EntryPoint\",\"urlTemplate\":\"https:\\\/\\\/www.elle.be\\\/fr\\\/?s={search_term_string}\"},\"query-input\":{\"@type\":\"PropertyValueSpecification\",\"valueRequired\":true,\"valueName\":\"search_term_string\"}}],\"inLanguage\":\"fr-FR\"},{\"@type\":\"Organization\",\"@id\":\"https:\\\/\\\/www.elle.be\\\/fr\\\/#organization\",\"name\":\"ELLE Belgique\",\"url\":\"https:\\\/\\\/www.elle.be\\\/fr\\\/\",\"logo\":{\"@type\":\"ImageObject\",\"inLanguage\":\"fr-FR\",\"@id\":\"https:\\\/\\\/www.elle.be\\\/fr\\\/#\\\/schema\\\/logo\\\/image\\\/\",\"url\":\"https:\\\/\\\/www.elle.be\\\/fr\\\/wp-content\\\/uploads\\\/2017\\\/03\\\/elle-icon-200px.jpeg\",\"contentUrl\":\"https:\\\/\\\/www.elle.be\\\/fr\\\/wp-content\\\/uploads\\\/2017\\\/03\\\/elle-icon-200px.jpeg\",\"width\":200,\"height\":200,\"caption\":\"ELLE Belgique\"},\"image\":{\"@id\":\"https:\\\/\\\/www.elle.be\\\/fr\\\/#\\\/schema\\\/logo\\\/image\\\/\"},\"sameAs\":[\"https:\\\/\\\/www.facebook.com\\\/ELLEbelgium\\\/\",\"https:\\\/\\\/x.com\\\/ELLEBelgique\",\"http:\\\/\\\/instagram.com\\\/ellebelgique\\\/\",\"https:\\\/\\\/www.pinterest.com\\\/ellebelgique\\\/\",\"https:\\\/\\\/www.youtube.com\\\/user\\\/ELLEbelgique1\"]},{\"@type\":\"Person\",\"@id\":\"https:\\\/\\\/www.elle.be\\\/fr\\\/#\\\/schema\\\/person\\\/1972e2519e5ead9d9d1c5f47011608c3\",\"name\":\"Priscille Blieck\",\"image\":{\"@type\":\"ImageObject\",\"inLanguage\":\"fr-FR\",\"@id\":\"https:\\\/\\\/secure.gravatar.com\\\/avatar\\\/7732bd0f5e0836aa6929564d96fe28506694de1378f0f69de4d5fc439af1b72a?s=96&r=g\",\"url\":\"https:\\\/\\\/secure.gravatar.com\\\/avatar\\\/7732bd0f5e0836aa6929564d96fe28506694de1378f0f69de4d5fc439af1b72a?s=96&r=g\",\"contentUrl\":\"https:\\\/\\\/secure.gravatar.com\\\/avatar\\\/7732bd0f5e0836aa6929564d96fe28506694de1378f0f69de4d5fc439af1b72a?s=96&r=g\",\"caption\":\"Priscille Blieck\"},\"url\":\"https:\\\/\\\/www.elle.be\\\/fr\\\/author\\\/priscille\"}]}<\/script>\n<!-- \/ Yoast SEO plugin. -->","yoast_head_json":{"title":"Oasis de luxe discret au c\u0153ur de Lisbonne","description":"\u00c0 l\u2019abri des regards, Valverde H\u00f4tel offre 25 chambres et suites uniques, 1 restaurant sign\u00e9 Sitio, 1 bar, 1 business center, 1 piscine dans le jardin.","robots":{"index":"index","follow":"follow","max-snippet":"max-snippet:-1","max-image-preview":"max-image-preview:large","max-video-preview":"max-video-preview:-1"},"canonical":"https:\/\/www.elle.be\/fr\/87801-valverde-hotel.html","og_locale":"fr_FR","og_type":"article","og_title":"Oasis de luxe discret au c\u0153ur de Lisbonne","og_description":"\u00c0 l\u2019abri des regards, Valverde H\u00f4tel offre 25 chambres et suites uniques, 1 restaurant sign\u00e9 Sitio, 1 bar, 1 business center, 1 piscine dans le jardin.","og_url":"https:\/\/www.elle.be\/fr\/87801-valverde-hotel.html","og_site_name":"ELLE.be","article_publisher":"https:\/\/www.facebook.com\/ELLEbelgium\/","article_published_time":"2015-08-11T09:55:13+00:00","article_modified_time":"2021-02-23T17:05:21+00:00","og_image":[{"width":970,"height":720,"url":"https:\/\/www.elle.be\/fr\/wp-content\/uploads\/2015\/07\/Valverde-Hotel-Gd-format.jpg","type":"image\/jpeg"}],"author":"Priscille Blieck","twitter_card":"summary_large_image","twitter_creator":"@ELLEBelgique","twitter_site":"@ELLEBelgique","twitter_misc":{"\u00c9crit par":"Priscille Blieck","Dur\u00e9e de lecture estim\u00e9e":"1 minute"},"schema":{"@context":"https:\/\/schema.org","@graph":[{"@type":"NewsArticle","@id":"https:\/\/www.elle.be\/fr\/87801-valverde-hotel.html#article","isPartOf":{"@id":"https:\/\/www.elle.be\/fr\/87801-valverde-hotel.html"},"author":{"name":"Priscille Blieck","@id":"https:\/\/www.elle.be\/fr\/#\/schema\/person\/1972e2519e5ead9d9d1c5f47011608c3"},"headline":"VALVERDE HOTEL","datePublished":"2015-08-11T09:55:13+00:00","dateModified":"2021-02-23T17:05:21+00:00","mainEntityOfPage":{"@id":"https:\/\/www.elle.be\/fr\/87801-valverde-hotel.html"},"wordCount":242,"publisher":{"@id":"https:\/\/www.elle.be\/fr\/#organization"},"image":{"@id":"https:\/\/www.elle.be\/fr\/87801-valverde-hotel.html#primaryimage"},"thumbnailUrl":"https:\/\/www.elle.be\/fr\/wp-content\/uploads\/2015\/07\/Valverde-Hotel-Gd-format.jpg","keywords":["Hotel"],"articleSection":["ELLE d\u00e9coration","H\u00f4tels","Adresses"],"inLanguage":"fr-FR"},{"@type":"WebPage","@id":"https:\/\/www.elle.be\/fr\/87801-valverde-hotel.html","url":"https:\/\/www.elle.be\/fr\/87801-valverde-hotel.html","name":"Oasis de luxe discret au c\u0153ur de Lisbonne","isPartOf":{"@id":"https:\/\/www.elle.be\/fr\/#website"},"primaryImageOfPage":{"@id":"https:\/\/www.elle.be\/fr\/87801-valverde-hotel.html#primaryimage"},"image":{"@id":"https:\/\/www.elle.be\/fr\/87801-valverde-hotel.html#primaryimage"},"thumbnailUrl":"https:\/\/www.elle.be\/fr\/wp-content\/uploads\/2015\/07\/Valverde-Hotel-Gd-format.jpg","datePublished":"2015-08-11T09:55:13+00:00","dateModified":"2021-02-23T17:05:21+00:00","description":"\u00c0 l\u2019abri des regards, Valverde H\u00f4tel offre 25 chambres et suites uniques, 1 restaurant sign\u00e9 Sitio, 1 bar, 1 business center, 1 piscine dans le jardin.","breadcrumb":{"@id":"https:\/\/www.elle.be\/fr\/87801-valverde-hotel.html#breadcrumb"},"inLanguage":"fr-FR","potentialAction":[{"@type":"ReadAction","target":["https:\/\/www.elle.be\/fr\/87801-valverde-hotel.html"]}]},{"@type":"ImageObject","inLanguage":"fr-FR","@id":"https:\/\/www.elle.be\/fr\/87801-valverde-hotel.html#primaryimage","url":"https:\/\/www.elle.be\/fr\/wp-content\/uploads\/2015\/07\/Valverde-Hotel-Gd-format.jpg","contentUrl":"https:\/\/www.elle.be\/fr\/wp-content\/uploads\/2015\/07\/Valverde-Hotel-Gd-format.jpg","width":970,"height":720},{"@type":"BreadcrumbList","@id":"https:\/\/www.elle.be\/fr\/87801-valverde-hotel.html#breadcrumb","itemListElement":[{"@type":"ListItem","position":1,"name":"FR","item":"https:\/\/www.elle.be\/fr"},{"@type":"ListItem","position":2,"name":"ELLE d\u00e9coration","item":"https:\/\/www.elle.be\/fr\/elle-decoration"},{"@type":"ListItem","position":3,"name":"H\u00f4tels","item":"https:\/\/www.elle.be\/fr\/elle-decoration\/hotels"},{"@type":"ListItem","position":4,"name":"VALVERDE HOTEL"}]},{"@type":"WebSite","@id":"https:\/\/www.elle.be\/fr\/#website","url":"https:\/\/www.elle.be\/fr\/","name":"ELLE.be","description":"Toutes les infos mode, beaut\u00e9 et lifestyle les plus pointues ainsi qu&#039;un contenu 100% belge d\u00e9clin\u00e9 \u00e0 360\u00b0sur le site ELLE.be, nos r\u00e9seaux sociaux et notre cha\u00eene Youtube.","publisher":{"@id":"https:\/\/www.elle.be\/fr\/#organization"},"potentialAction":[{"@type":"SearchAction","target":{"@type":"EntryPoint","urlTemplate":"https:\/\/www.elle.be\/fr\/?s={search_term_string}"},"query-input":{"@type":"PropertyValueSpecification","valueRequired":true,"valueName":"search_term_string"}}],"inLanguage":"fr-FR"},{"@type":"Organization","@id":"https:\/\/www.elle.be\/fr\/#organization","name":"ELLE Belgique","url":"https:\/\/www.elle.be\/fr\/","logo":{"@type":"ImageObject","inLanguage":"fr-FR","@id":"https:\/\/www.elle.be\/fr\/#\/schema\/logo\/image\/","url":"https:\/\/www.elle.be\/fr\/wp-content\/uploads\/2017\/03\/elle-icon-200px.jpeg","contentUrl":"https:\/\/www.elle.be\/fr\/wp-content\/uploads\/2017\/03\/elle-icon-200px.jpeg","width":200,"height":200,"caption":"ELLE Belgique"},"image":{"@id":"https:\/\/www.elle.be\/fr\/#\/schema\/logo\/image\/"},"sameAs":["https:\/\/www.facebook.com\/ELLEbelgium\/","https:\/\/x.com\/ELLEBelgique","http:\/\/instagram.com\/ellebelgique\/","https:\/\/www.pinterest.com\/ellebelgique\/","https:\/\/www.youtube.com\/user\/ELLEbelgique1"]},{"@type":"Person","@id":"https:\/\/www.elle.be\/fr\/#\/schema\/person\/1972e2519e5ead9d9d1c5f47011608c3","name":"Priscille Blieck","image":{"@type":"ImageObject","inLanguage":"fr-FR","@id":"https:\/\/secure.gravatar.com\/avatar\/7732bd0f5e0836aa6929564d96fe28506694de1378f0f69de4d5fc439af1b72a?s=96&r=g","url":"https:\/\/secure.gravatar.com\/avatar\/7732bd0f5e0836aa6929564d96fe28506694de1378f0f69de4d5fc439af1b72a?s=96&r=g","contentUrl":"https:\/\/secure.gravatar.com\/avatar\/7732bd0f5e0836aa6929564d96fe28506694de1378f0f69de4d5fc439af1b72a?s=96&r=g","caption":"Priscille Blieck"},"url":"https:\/\/www.elle.be\/fr\/author\/priscille"}]}},"_links":{"self":[{"href":"https:\/\/www.elle.be\/fr\/wp-json\/wp\/v2\/posts\/87801","targetHints":{"allow":["GET"]}}],"collection":[{"href":"https:\/\/www.elle.be\/fr\/wp-json\/wp\/v2\/posts"}],"about":[{"href":"https:\/\/www.elle.be\/fr\/wp-json\/wp\/v2\/types\/post"}],"author":[{"embeddable":true,"href":"https:\/\/www.elle.be\/fr\/wp-json\/wp\/v2\/users\/38"}],"replies":[{"embeddable":true,"href":"https:\/\/www.elle.be\/fr\/wp-json\/wp\/v2\/comments?post=87801"}],"version-history":[{"count":2,"href":"https:\/\/www.elle.be\/fr\/wp-json\/wp\/v2\/posts\/87801\/revisions"}],"predecessor-version":[{"id":324554,"href":"https:\/\/www.elle.be\/fr\/wp-json\/wp\/v2\/posts\/87801\/revisions\/324554"}],"wp:featuredmedia":[{"embeddable":true,"href":"https:\/\/www.elle.be\/fr\/wp-json\/wp\/v2\/media\/87806"}],"wp:attachment":[{"href":"https:\/\/www.elle.be\/fr\/wp-json\/wp\/v2\/media?parent=87801"}],"wp:term":[{"taxonomy":"category","embeddable":true,"href":"https:\/\/www.elle.be\/fr\/wp-json\/wp\/v2\/categories?post=87801"},{"taxonomy":"post_tag","embeddable":true,"href":"https:\/\/www.elle.be\/fr\/wp-json\/wp\/v2\/tags?post=87801"}],"curies":[{"name":"wp","href":"https:\/\/api.w.org\/{rel}","templated":true}]}}