{"id":73718,"date":"2015-02-27T11:01:02","date_gmt":"2015-02-27T10:01:02","guid":{"rendered":"http:\/\/www.elle.be\/fr\/?p=73718"},"modified":"2018-11-20T12:13:29","modified_gmt":"2018-11-20T11:13:29","slug":"5-nouvelles-adresses-arty-bruxelles","status":"publish","type":"post","link":"https:\/\/www.elle.be\/fr\/73718-5-nouvelles-adresses-arty-bruxelles.html","title":{"rendered":"5 nouvelles adresses arty \u00e0 Bruxelles"},"content":{"rendered":"","protected":false},"excerpt":{"rendered":"Les nouvelles &#8220;place to be&#8221;. ...","protected":false},"author":17,"featured_media":73720,"comment_status":"closed","ping_status":"closed","sticky":false,"template":"","format":"standard","meta":{"_acf_changed":false,"footnotes":""},"categories":[1150],"tags":[1078],"class_list":["post-73718","post","type-post","status-publish","format-standard","has-post-thumbnail","hentry","category-adresses","tag-boutique"],"acf":[],"image_verticale":null,"_yoast_wpseo_title":"5 nouvelles adresses d'Art \u00e0 Bruxelles - ELLE.be","_yoast_wpseo_metadesc":"Les adresses d'Art o\u00f9 voir et \u00eatre vue poussent comme des champignons \u00e0 Bruxelles.","_yoast_wpseo_focuskw_text_input":"adresses art bruxelles","_yoast_wpseo_opengraph-title":null,"yoast_head":"<!-- This site is optimized with the Yoast SEO plugin v27.4 - https:\/\/yoast.com\/product\/yoast-seo-wordpress\/ -->\n<title>5 nouvelles adresses d&#039;Art \u00e0 Bruxelles - ELLE.be<\/title>\n<meta name=\"description\" content=\"Les adresses d&#039;Art o\u00f9 voir et \u00eatre vue poussent comme des champignons \u00e0 Bruxelles.\" \/>\n<meta name=\"robots\" content=\"index, follow, max-snippet:-1, max-image-preview:large, max-video-preview:-1\" \/>\n<link rel=\"canonical\" href=\"https:\/\/www.elle.be\/fr\/73718-5-nouvelles-adresses-arty-bruxelles.html\" \/>\n<meta property=\"og:locale\" content=\"fr_FR\" \/>\n<meta property=\"og:type\" content=\"article\" \/>\n<meta property=\"og:title\" content=\"5 nouvelles adresses d&#039;Art \u00e0 Bruxelles - ELLE.be\" \/>\n<meta property=\"og:description\" content=\"Les adresses d&#039;Art o\u00f9 voir et \u00eatre vue poussent comme des champignons \u00e0 Bruxelles.\" \/>\n<meta property=\"og:url\" content=\"https:\/\/www.elle.be\/fr\/73718-5-nouvelles-adresses-arty-bruxelles.html\" \/>\n<meta property=\"og:site_name\" content=\"ELLE.be\" \/>\n<meta property=\"article:publisher\" content=\"https:\/\/www.facebook.com\/ELLEbelgium\/\" \/>\n<meta property=\"article:published_time\" content=\"2015-02-27T10:01:02+00:00\" \/>\n<meta property=\"article:modified_time\" content=\"2018-11-20T11:13:29+00:00\" \/>\n<meta property=\"og:image\" content=\"https:\/\/www.elle.be\/fr\/wp-content\/uploads\/2015\/02\/a9.jpg\" \/>\n\t<meta property=\"og:image:width\" content=\"600\" \/>\n\t<meta property=\"og:image:height\" content=\"520\" \/>\n\t<meta property=\"og:image:type\" content=\"image\/jpeg\" \/>\n<meta name=\"author\" content=\"Juliette Debruxelles\" \/>\n<meta name=\"twitter:card\" content=\"summary_large_image\" \/>\n<meta name=\"twitter:creator\" content=\"@ELLEBelgique\" \/>\n<meta name=\"twitter:site\" content=\"@ELLEBelgique\" \/>\n<meta name=\"twitter:label1\" content=\"\u00c9crit par\" \/>\n\t<meta name=\"twitter:data1\" content=\"Juliette Debruxelles\" \/>\n\t<meta name=\"twitter:label2\" content=\"Dur\u00e9e de lecture estim\u00e9e\" \/>\n\t<meta name=\"twitter:data2\" content=\"3 minutes\" \/>\n<script type=\"application\/ld+json\" class=\"yoast-schema-graph\">{\"@context\":\"https:\\\/\\\/schema.org\",\"@graph\":[{\"@type\":\"NewsArticle\",\"@id\":\"https:\\\/\\\/www.elle.be\\\/fr\\\/73718-5-nouvelles-adresses-arty-bruxelles.html#article\",\"isPartOf\":{\"@id\":\"https:\\\/\\\/www.elle.be\\\/fr\\\/73718-5-nouvelles-adresses-arty-bruxelles.html\"},\"author\":{\"name\":\"Juliette Debruxelles\",\"@id\":\"https:\\\/\\\/www.elle.be\\\/fr\\\/#\\\/schema\\\/person\\\/4c020ada53ccac450a74a3f30afa3c35\"},\"headline\":\"5 nouvelles adresses arty \u00e0 Bruxelles\",\"datePublished\":\"2015-02-27T10:01:02+00:00\",\"dateModified\":\"2018-11-20T11:13:29+00:00\",\"mainEntityOfPage\":{\"@id\":\"https:\\\/\\\/www.elle.be\\\/fr\\\/73718-5-nouvelles-adresses-arty-bruxelles.html\"},\"wordCount\":527,\"publisher\":{\"@id\":\"https:\\\/\\\/www.elle.be\\\/fr\\\/#organization\"},\"image\":{\"@id\":\"https:\\\/\\\/www.elle.be\\\/fr\\\/73718-5-nouvelles-adresses-arty-bruxelles.html#primaryimage\"},\"thumbnailUrl\":\"https:\\\/\\\/www.elle.be\\\/fr\\\/wp-content\\\/uploads\\\/2015\\\/02\\\/a9.jpg\",\"keywords\":[\"Boutique\"],\"articleSection\":[\"Adresses\"],\"inLanguage\":\"fr-FR\"},{\"@type\":\"WebPage\",\"@id\":\"https:\\\/\\\/www.elle.be\\\/fr\\\/73718-5-nouvelles-adresses-arty-bruxelles.html\",\"url\":\"https:\\\/\\\/www.elle.be\\\/fr\\\/73718-5-nouvelles-adresses-arty-bruxelles.html\",\"name\":\"5 nouvelles adresses d'Art \u00e0 Bruxelles - ELLE.be\",\"isPartOf\":{\"@id\":\"https:\\\/\\\/www.elle.be\\\/fr\\\/#website\"},\"primaryImageOfPage\":{\"@id\":\"https:\\\/\\\/www.elle.be\\\/fr\\\/73718-5-nouvelles-adresses-arty-bruxelles.html#primaryimage\"},\"image\":{\"@id\":\"https:\\\/\\\/www.elle.be\\\/fr\\\/73718-5-nouvelles-adresses-arty-bruxelles.html#primaryimage\"},\"thumbnailUrl\":\"https:\\\/\\\/www.elle.be\\\/fr\\\/wp-content\\\/uploads\\\/2015\\\/02\\\/a9.jpg\",\"datePublished\":\"2015-02-27T10:01:02+00:00\",\"dateModified\":\"2018-11-20T11:13:29+00:00\",\"description\":\"Les adresses d'Art o\u00f9 voir et \u00eatre vue poussent comme des champignons \u00e0 Bruxelles.\",\"breadcrumb\":{\"@id\":\"https:\\\/\\\/www.elle.be\\\/fr\\\/73718-5-nouvelles-adresses-arty-bruxelles.html#breadcrumb\"},\"inLanguage\":\"fr-FR\",\"potentialAction\":[{\"@type\":\"ReadAction\",\"target\":[\"https:\\\/\\\/www.elle.be\\\/fr\\\/73718-5-nouvelles-adresses-arty-bruxelles.html\"]}]},{\"@type\":\"ImageObject\",\"inLanguage\":\"fr-FR\",\"@id\":\"https:\\\/\\\/www.elle.be\\\/fr\\\/73718-5-nouvelles-adresses-arty-bruxelles.html#primaryimage\",\"url\":\"https:\\\/\\\/www.elle.be\\\/fr\\\/wp-content\\\/uploads\\\/2015\\\/02\\\/a9.jpg\",\"contentUrl\":\"https:\\\/\\\/www.elle.be\\\/fr\\\/wp-content\\\/uploads\\\/2015\\\/02\\\/a9.jpg\",\"width\":600,\"height\":520},{\"@type\":\"BreadcrumbList\",\"@id\":\"https:\\\/\\\/www.elle.be\\\/fr\\\/73718-5-nouvelles-adresses-arty-bruxelles.html#breadcrumb\",\"itemListElement\":[{\"@type\":\"ListItem\",\"position\":1,\"name\":\"FR\",\"item\":\"https:\\\/\\\/www.elle.be\\\/fr\"},{\"@type\":\"ListItem\",\"position\":2,\"name\":\"Adresses\",\"item\":\"https:\\\/\\\/www.elle.be\\\/fr\\\/adresses\"},{\"@type\":\"ListItem\",\"position\":3,\"name\":\"5 nouvelles adresses arty \u00e0 Bruxelles\"}]},{\"@type\":\"WebSite\",\"@id\":\"https:\\\/\\\/www.elle.be\\\/fr\\\/#website\",\"url\":\"https:\\\/\\\/www.elle.be\\\/fr\\\/\",\"name\":\"ELLE.be\",\"description\":\"Toutes les infos mode, beaut\u00e9 et lifestyle les plus pointues ainsi qu&#039;un contenu 100% belge d\u00e9clin\u00e9 \u00e0 360\u00b0sur le site ELLE.be, nos r\u00e9seaux sociaux et notre cha\u00eene Youtube.\",\"publisher\":{\"@id\":\"https:\\\/\\\/www.elle.be\\\/fr\\\/#organization\"},\"potentialAction\":[{\"@type\":\"SearchAction\",\"target\":{\"@type\":\"EntryPoint\",\"urlTemplate\":\"https:\\\/\\\/www.elle.be\\\/fr\\\/?s={search_term_string}\"},\"query-input\":{\"@type\":\"PropertyValueSpecification\",\"valueRequired\":true,\"valueName\":\"search_term_string\"}}],\"inLanguage\":\"fr-FR\"},{\"@type\":\"Organization\",\"@id\":\"https:\\\/\\\/www.elle.be\\\/fr\\\/#organization\",\"name\":\"ELLE Belgique\",\"url\":\"https:\\\/\\\/www.elle.be\\\/fr\\\/\",\"logo\":{\"@type\":\"ImageObject\",\"inLanguage\":\"fr-FR\",\"@id\":\"https:\\\/\\\/www.elle.be\\\/fr\\\/#\\\/schema\\\/logo\\\/image\\\/\",\"url\":\"https:\\\/\\\/www.elle.be\\\/fr\\\/wp-content\\\/uploads\\\/2017\\\/03\\\/elle-icon-200px.jpeg\",\"contentUrl\":\"https:\\\/\\\/www.elle.be\\\/fr\\\/wp-content\\\/uploads\\\/2017\\\/03\\\/elle-icon-200px.jpeg\",\"width\":200,\"height\":200,\"caption\":\"ELLE Belgique\"},\"image\":{\"@id\":\"https:\\\/\\\/www.elle.be\\\/fr\\\/#\\\/schema\\\/logo\\\/image\\\/\"},\"sameAs\":[\"https:\\\/\\\/www.facebook.com\\\/ELLEbelgium\\\/\",\"https:\\\/\\\/x.com\\\/ELLEBelgique\",\"http:\\\/\\\/instagram.com\\\/ellebelgique\\\/\",\"https:\\\/\\\/www.pinterest.com\\\/ellebelgique\\\/\",\"https:\\\/\\\/www.youtube.com\\\/user\\\/ELLEbelgique1\"]},{\"@type\":\"Person\",\"@id\":\"https:\\\/\\\/www.elle.be\\\/fr\\\/#\\\/schema\\\/person\\\/4c020ada53ccac450a74a3f30afa3c35\",\"name\":\"Juliette Debruxelles\",\"image\":{\"@type\":\"ImageObject\",\"inLanguage\":\"fr-FR\",\"@id\":\"https:\\\/\\\/www.elle.be\\\/fr\\\/wp-content\\\/uploads\\\/2017\\\/03\\\/juliette-96x96.jpg\",\"url\":\"https:\\\/\\\/www.elle.be\\\/fr\\\/wp-content\\\/uploads\\\/2017\\\/03\\\/juliette-96x96.jpg\",\"contentUrl\":\"https:\\\/\\\/www.elle.be\\\/fr\\\/wp-content\\\/uploads\\\/2017\\\/03\\\/juliette-96x96.jpg\",\"caption\":\"Juliette Debruxelles\"},\"description\":\"Cultureuse notoire, sp\u00e9cialiste belge autoprocalm\u00e9e du ph\u00e9nom\u00e8ne zombies, se p\u00e2me devant un Herzog alors qu'en vrai, ce qui la fait vibrer, c'est Balavoine. Elle trouve du r\u00e9confort aupr\u00e8s des chatons, des licornes, des arcs-en-ciel, surtout quand ils explosent.\",\"url\":\"https:\\\/\\\/www.elle.be\\\/fr\\\/author\\\/juliette\"}]}<\/script>\n<!-- \/ Yoast SEO plugin. -->","yoast_head_json":{"title":"5 nouvelles adresses d'Art \u00e0 Bruxelles - ELLE.be","description":"Les adresses d'Art o\u00f9 voir et \u00eatre vue poussent comme des champignons \u00e0 Bruxelles.","robots":{"index":"index","follow":"follow","max-snippet":"max-snippet:-1","max-image-preview":"max-image-preview:large","max-video-preview":"max-video-preview:-1"},"canonical":"https:\/\/www.elle.be\/fr\/73718-5-nouvelles-adresses-arty-bruxelles.html","og_locale":"fr_FR","og_type":"article","og_title":"5 nouvelles adresses d'Art \u00e0 Bruxelles - ELLE.be","og_description":"Les adresses d'Art o\u00f9 voir et \u00eatre vue poussent comme des champignons \u00e0 Bruxelles.","og_url":"https:\/\/www.elle.be\/fr\/73718-5-nouvelles-adresses-arty-bruxelles.html","og_site_name":"ELLE.be","article_publisher":"https:\/\/www.facebook.com\/ELLEbelgium\/","article_published_time":"2015-02-27T10:01:02+00:00","article_modified_time":"2018-11-20T11:13:29+00:00","og_image":[{"width":600,"height":520,"url":"https:\/\/www.elle.be\/fr\/wp-content\/uploads\/2015\/02\/a9.jpg","type":"image\/jpeg"}],"author":"Juliette Debruxelles","twitter_card":"summary_large_image","twitter_creator":"@ELLEBelgique","twitter_site":"@ELLEBelgique","twitter_misc":{"\u00c9crit par":"Juliette Debruxelles","Dur\u00e9e de lecture estim\u00e9e":"3 minutes"},"schema":{"@context":"https:\/\/schema.org","@graph":[{"@type":"NewsArticle","@id":"https:\/\/www.elle.be\/fr\/73718-5-nouvelles-adresses-arty-bruxelles.html#article","isPartOf":{"@id":"https:\/\/www.elle.be\/fr\/73718-5-nouvelles-adresses-arty-bruxelles.html"},"author":{"name":"Juliette Debruxelles","@id":"https:\/\/www.elle.be\/fr\/#\/schema\/person\/4c020ada53ccac450a74a3f30afa3c35"},"headline":"5 nouvelles adresses arty \u00e0 Bruxelles","datePublished":"2015-02-27T10:01:02+00:00","dateModified":"2018-11-20T11:13:29+00:00","mainEntityOfPage":{"@id":"https:\/\/www.elle.be\/fr\/73718-5-nouvelles-adresses-arty-bruxelles.html"},"wordCount":527,"publisher":{"@id":"https:\/\/www.elle.be\/fr\/#organization"},"image":{"@id":"https:\/\/www.elle.be\/fr\/73718-5-nouvelles-adresses-arty-bruxelles.html#primaryimage"},"thumbnailUrl":"https:\/\/www.elle.be\/fr\/wp-content\/uploads\/2015\/02\/a9.jpg","keywords":["Boutique"],"articleSection":["Adresses"],"inLanguage":"fr-FR"},{"@type":"WebPage","@id":"https:\/\/www.elle.be\/fr\/73718-5-nouvelles-adresses-arty-bruxelles.html","url":"https:\/\/www.elle.be\/fr\/73718-5-nouvelles-adresses-arty-bruxelles.html","name":"5 nouvelles adresses d'Art \u00e0 Bruxelles - ELLE.be","isPartOf":{"@id":"https:\/\/www.elle.be\/fr\/#website"},"primaryImageOfPage":{"@id":"https:\/\/www.elle.be\/fr\/73718-5-nouvelles-adresses-arty-bruxelles.html#primaryimage"},"image":{"@id":"https:\/\/www.elle.be\/fr\/73718-5-nouvelles-adresses-arty-bruxelles.html#primaryimage"},"thumbnailUrl":"https:\/\/www.elle.be\/fr\/wp-content\/uploads\/2015\/02\/a9.jpg","datePublished":"2015-02-27T10:01:02+00:00","dateModified":"2018-11-20T11:13:29+00:00","description":"Les adresses d'Art o\u00f9 voir et \u00eatre vue poussent comme des champignons \u00e0 Bruxelles.","breadcrumb":{"@id":"https:\/\/www.elle.be\/fr\/73718-5-nouvelles-adresses-arty-bruxelles.html#breadcrumb"},"inLanguage":"fr-FR","potentialAction":[{"@type":"ReadAction","target":["https:\/\/www.elle.be\/fr\/73718-5-nouvelles-adresses-arty-bruxelles.html"]}]},{"@type":"ImageObject","inLanguage":"fr-FR","@id":"https:\/\/www.elle.be\/fr\/73718-5-nouvelles-adresses-arty-bruxelles.html#primaryimage","url":"https:\/\/www.elle.be\/fr\/wp-content\/uploads\/2015\/02\/a9.jpg","contentUrl":"https:\/\/www.elle.be\/fr\/wp-content\/uploads\/2015\/02\/a9.jpg","width":600,"height":520},{"@type":"BreadcrumbList","@id":"https:\/\/www.elle.be\/fr\/73718-5-nouvelles-adresses-arty-bruxelles.html#breadcrumb","itemListElement":[{"@type":"ListItem","position":1,"name":"FR","item":"https:\/\/www.elle.be\/fr"},{"@type":"ListItem","position":2,"name":"Adresses","item":"https:\/\/www.elle.be\/fr\/adresses"},{"@type":"ListItem","position":3,"name":"5 nouvelles adresses arty \u00e0 Bruxelles"}]},{"@type":"WebSite","@id":"https:\/\/www.elle.be\/fr\/#website","url":"https:\/\/www.elle.be\/fr\/","name":"ELLE.be","description":"Toutes les infos mode, beaut\u00e9 et lifestyle les plus pointues ainsi qu&#039;un contenu 100% belge d\u00e9clin\u00e9 \u00e0 360\u00b0sur le site ELLE.be, nos r\u00e9seaux sociaux et notre cha\u00eene Youtube.","publisher":{"@id":"https:\/\/www.elle.be\/fr\/#organization"},"potentialAction":[{"@type":"SearchAction","target":{"@type":"EntryPoint","urlTemplate":"https:\/\/www.elle.be\/fr\/?s={search_term_string}"},"query-input":{"@type":"PropertyValueSpecification","valueRequired":true,"valueName":"search_term_string"}}],"inLanguage":"fr-FR"},{"@type":"Organization","@id":"https:\/\/www.elle.be\/fr\/#organization","name":"ELLE Belgique","url":"https:\/\/www.elle.be\/fr\/","logo":{"@type":"ImageObject","inLanguage":"fr-FR","@id":"https:\/\/www.elle.be\/fr\/#\/schema\/logo\/image\/","url":"https:\/\/www.elle.be\/fr\/wp-content\/uploads\/2017\/03\/elle-icon-200px.jpeg","contentUrl":"https:\/\/www.elle.be\/fr\/wp-content\/uploads\/2017\/03\/elle-icon-200px.jpeg","width":200,"height":200,"caption":"ELLE Belgique"},"image":{"@id":"https:\/\/www.elle.be\/fr\/#\/schema\/logo\/image\/"},"sameAs":["https:\/\/www.facebook.com\/ELLEbelgium\/","https:\/\/x.com\/ELLEBelgique","http:\/\/instagram.com\/ellebelgique\/","https:\/\/www.pinterest.com\/ellebelgique\/","https:\/\/www.youtube.com\/user\/ELLEbelgique1"]},{"@type":"Person","@id":"https:\/\/www.elle.be\/fr\/#\/schema\/person\/4c020ada53ccac450a74a3f30afa3c35","name":"Juliette Debruxelles","image":{"@type":"ImageObject","inLanguage":"fr-FR","@id":"https:\/\/www.elle.be\/fr\/wp-content\/uploads\/2017\/03\/juliette-96x96.jpg","url":"https:\/\/www.elle.be\/fr\/wp-content\/uploads\/2017\/03\/juliette-96x96.jpg","contentUrl":"https:\/\/www.elle.be\/fr\/wp-content\/uploads\/2017\/03\/juliette-96x96.jpg","caption":"Juliette Debruxelles"},"description":"Cultureuse notoire, sp\u00e9cialiste belge autoprocalm\u00e9e du ph\u00e9nom\u00e8ne zombies, se p\u00e2me devant un Herzog alors qu'en vrai, ce qui la fait vibrer, c'est Balavoine. Elle trouve du r\u00e9confort aupr\u00e8s des chatons, des licornes, des arcs-en-ciel, surtout quand ils explosent.","url":"https:\/\/www.elle.be\/fr\/author\/juliette"}]}},"_links":{"self":[{"href":"https:\/\/www.elle.be\/fr\/wp-json\/wp\/v2\/posts\/73718","targetHints":{"allow":["GET"]}}],"collection":[{"href":"https:\/\/www.elle.be\/fr\/wp-json\/wp\/v2\/posts"}],"about":[{"href":"https:\/\/www.elle.be\/fr\/wp-json\/wp\/v2\/types\/post"}],"author":[{"embeddable":true,"href":"https:\/\/www.elle.be\/fr\/wp-json\/wp\/v2\/users\/17"}],"replies":[{"embeddable":true,"href":"https:\/\/www.elle.be\/fr\/wp-json\/wp\/v2\/comments?post=73718"}],"version-history":[{"count":3,"href":"https:\/\/www.elle.be\/fr\/wp-json\/wp\/v2\/posts\/73718\/revisions"}],"predecessor-version":[{"id":242840,"href":"https:\/\/www.elle.be\/fr\/wp-json\/wp\/v2\/posts\/73718\/revisions\/242840"}],"wp:featuredmedia":[{"embeddable":true,"href":"https:\/\/www.elle.be\/fr\/wp-json\/wp\/v2\/media\/73720"}],"wp:attachment":[{"href":"https:\/\/www.elle.be\/fr\/wp-json\/wp\/v2\/media?parent=73718"}],"wp:term":[{"taxonomy":"category","embeddable":true,"href":"https:\/\/www.elle.be\/fr\/wp-json\/wp\/v2\/categories?post=73718"},{"taxonomy":"post_tag","embeddable":true,"href":"https:\/\/www.elle.be\/fr\/wp-json\/wp\/v2\/tags?post=73718"}],"curies":[{"name":"wp","href":"https:\/\/api.w.org\/{rel}","templated":true}]}}