{"id":73094,"date":"2015-02-20T19:34:05","date_gmt":"2015-02-20T18:34:05","guid":{"rendered":"http:\/\/www.elle.be\/fr\/?p=73094"},"modified":"2018-02-16T11:41:48","modified_gmt":"2018-02-16T10:41:48","slug":"edito-this-is-what-feminist-looks-like","status":"publish","type":"post","link":"https:\/\/www.elle.be\/fr\/73094-edito-this-is-what-feminist-looks-like.html","title":{"rendered":"Charles Michel est-il f\u00e9ministe ?"},"content":{"rendered":"","protected":false},"excerpt":{"rendered":"La parution d\u2019une photo extraite de notre num\u00e9ro de mars suscite \u00e9norm\u00e9ment de r\u00e9actions sur les r\u00e9seaux sociaux. ...","protected":false},"author":15,"featured_media":73096,"comment_status":"closed","ping_status":"closed","sticky":false,"template":"","format":"standard","meta":{"_acf_changed":false,"footnotes":""},"categories":[2202,1186],"tags":[],"class_list":["post-73094","post","type-post","status-publish","format-standard","has-post-thumbnail","hentry","category-news-actu","category-actu"],"acf":[],"image_verticale":"","_yoast_wpseo_title":null,"_yoast_wpseo_metadesc":null,"_yoast_wpseo_focuskw_text_input":"Charles Michel","_yoast_wpseo_opengraph-title":null,"yoast_head":"<!-- This site is optimized with the Yoast SEO plugin v27.4 - https:\/\/yoast.com\/product\/yoast-seo-wordpress\/ -->\n<title>Charles Michel est-il f\u00e9ministe ? - ELLE.be<\/title>\n<meta name=\"description\" content=\"La parution d\u2019une photo extraite de notre num\u00e9ro de mars suscite \u00e9norm\u00e9ment de r\u00e9actions sur les r\u00e9seaux sociaux. Je serais curieuse de conna\u00eetre le nombre de personnes qui ont lu l\u2019interview qui l\u2019accompagne. Pour les autres, quelques pr\u00e9cisions.\" \/>\n<meta name=\"robots\" content=\"index, follow, max-snippet:-1, max-image-preview:large, max-video-preview:-1\" \/>\n<link rel=\"canonical\" href=\"https:\/\/www.elle.be\/fr\/73094-edito-this-is-what-feminist-looks-like.html\" \/>\n<meta property=\"og:locale\" content=\"fr_FR\" \/>\n<meta property=\"og:type\" content=\"article\" \/>\n<meta property=\"og:title\" content=\"Charles Michel est-il f\u00e9ministe ? - ELLE.be\" \/>\n<meta property=\"og:description\" content=\"La parution d\u2019une photo extraite de notre num\u00e9ro de mars suscite \u00e9norm\u00e9ment de r\u00e9actions sur les r\u00e9seaux sociaux. Je serais curieuse de conna\u00eetre le nombre de personnes qui ont lu l\u2019interview qui l\u2019accompagne. Pour les autres, quelques pr\u00e9cisions.\" \/>\n<meta property=\"og:url\" content=\"https:\/\/www.elle.be\/fr\/73094-edito-this-is-what-feminist-looks-like.html\" \/>\n<meta property=\"og:site_name\" content=\"ELLE.be\" \/>\n<meta property=\"article:publisher\" content=\"https:\/\/www.facebook.com\/ELLEbelgium\/\" \/>\n<meta property=\"article:author\" content=\"https:\/\/www.facebook.com\/bea.ercolini.3\" \/>\n<meta property=\"article:published_time\" content=\"2015-02-20T18:34:05+00:00\" \/>\n<meta property=\"article:modified_time\" content=\"2018-02-16T10:41:48+00:00\" \/>\n<meta property=\"og:image\" content=\"https:\/\/www.elle.be\/fr\/wp-content\/uploads\/2015\/02\/charlesmichel.jpg\" \/>\n\t<meta property=\"og:image:width\" content=\"600\" \/>\n\t<meta property=\"og:image:height\" content=\"521\" \/>\n\t<meta property=\"og:image:type\" content=\"image\/jpeg\" \/>\n<meta name=\"author\" content=\"B\u00e9atrice Ercolini\" \/>\n<meta name=\"twitter:card\" content=\"summary_large_image\" \/>\n<meta name=\"twitter:creator\" content=\"@Bea_Ercolini\" \/>\n<meta name=\"twitter:site\" content=\"@ELLEBelgique\" \/>\n<meta name=\"twitter:label1\" content=\"\u00c9crit par\" \/>\n\t<meta name=\"twitter:data1\" content=\"B\u00e9atrice Ercolini\" \/>\n\t<meta name=\"twitter:label2\" content=\"Dur\u00e9e de lecture estim\u00e9e\" \/>\n\t<meta name=\"twitter:data2\" content=\"2 minutes\" \/>\n<script type=\"application\/ld+json\" class=\"yoast-schema-graph\">{\"@context\":\"https:\\\/\\\/schema.org\",\"@graph\":[{\"@type\":\"NewsArticle\",\"@id\":\"https:\\\/\\\/www.elle.be\\\/fr\\\/73094-edito-this-is-what-feminist-looks-like.html#article\",\"isPartOf\":{\"@id\":\"https:\\\/\\\/www.elle.be\\\/fr\\\/73094-edito-this-is-what-feminist-looks-like.html\"},\"author\":{\"name\":\"B\u00e9atrice Ercolini\",\"@id\":\"https:\\\/\\\/www.elle.be\\\/fr\\\/#\\\/schema\\\/person\\\/c7301f3fbc3bf6611ba39e18a9177f09\"},\"headline\":\"Charles Michel est-il f\u00e9ministe ?\",\"datePublished\":\"2015-02-20T18:34:05+00:00\",\"dateModified\":\"2018-02-16T10:41:48+00:00\",\"mainEntityOfPage\":{\"@id\":\"https:\\\/\\\/www.elle.be\\\/fr\\\/73094-edito-this-is-what-feminist-looks-like.html\"},\"wordCount\":320,\"publisher\":{\"@id\":\"https:\\\/\\\/www.elle.be\\\/fr\\\/#organization\"},\"image\":{\"@id\":\"https:\\\/\\\/www.elle.be\\\/fr\\\/73094-edito-this-is-what-feminist-looks-like.html#primaryimage\"},\"thumbnailUrl\":\"https:\\\/\\\/www.elle.be\\\/fr\\\/wp-content\\\/uploads\\\/2015\\\/02\\\/charlesmichel.jpg\",\"articleSection\":[\"News Actu\",\"Actu\"],\"inLanguage\":\"fr-FR\"},{\"@type\":\"WebPage\",\"@id\":\"https:\\\/\\\/www.elle.be\\\/fr\\\/73094-edito-this-is-what-feminist-looks-like.html\",\"url\":\"https:\\\/\\\/www.elle.be\\\/fr\\\/73094-edito-this-is-what-feminist-looks-like.html\",\"name\":\"Charles Michel est-il f\u00e9ministe ? - ELLE.be\",\"isPartOf\":{\"@id\":\"https:\\\/\\\/www.elle.be\\\/fr\\\/#website\"},\"primaryImageOfPage\":{\"@id\":\"https:\\\/\\\/www.elle.be\\\/fr\\\/73094-edito-this-is-what-feminist-looks-like.html#primaryimage\"},\"image\":{\"@id\":\"https:\\\/\\\/www.elle.be\\\/fr\\\/73094-edito-this-is-what-feminist-looks-like.html#primaryimage\"},\"thumbnailUrl\":\"https:\\\/\\\/www.elle.be\\\/fr\\\/wp-content\\\/uploads\\\/2015\\\/02\\\/charlesmichel.jpg\",\"datePublished\":\"2015-02-20T18:34:05+00:00\",\"dateModified\":\"2018-02-16T10:41:48+00:00\",\"description\":\"La parution d\u2019une photo extraite de notre num\u00e9ro de mars suscite \u00e9norm\u00e9ment de r\u00e9actions sur les r\u00e9seaux sociaux. Je serais curieuse de conna\u00eetre le nombre de personnes qui ont lu l\u2019interview qui l\u2019accompagne. Pour les autres, quelques pr\u00e9cisions.\",\"breadcrumb\":{\"@id\":\"https:\\\/\\\/www.elle.be\\\/fr\\\/73094-edito-this-is-what-feminist-looks-like.html#breadcrumb\"},\"inLanguage\":\"fr-FR\",\"potentialAction\":[{\"@type\":\"ReadAction\",\"target\":[\"https:\\\/\\\/www.elle.be\\\/fr\\\/73094-edito-this-is-what-feminist-looks-like.html\"]}]},{\"@type\":\"ImageObject\",\"inLanguage\":\"fr-FR\",\"@id\":\"https:\\\/\\\/www.elle.be\\\/fr\\\/73094-edito-this-is-what-feminist-looks-like.html#primaryimage\",\"url\":\"https:\\\/\\\/www.elle.be\\\/fr\\\/wp-content\\\/uploads\\\/2015\\\/02\\\/charlesmichel.jpg\",\"contentUrl\":\"https:\\\/\\\/www.elle.be\\\/fr\\\/wp-content\\\/uploads\\\/2015\\\/02\\\/charlesmichel.jpg\",\"width\":600,\"height\":521},{\"@type\":\"BreadcrumbList\",\"@id\":\"https:\\\/\\\/www.elle.be\\\/fr\\\/73094-edito-this-is-what-feminist-looks-like.html#breadcrumb\",\"itemListElement\":[{\"@type\":\"ListItem\",\"position\":1,\"name\":\"FR\",\"item\":\"https:\\\/\\\/www.elle.be\\\/fr\"},{\"@type\":\"ListItem\",\"position\":2,\"name\":\"Actu\",\"item\":\"https:\\\/\\\/www.elle.be\\\/fr\\\/actu\"},{\"@type\":\"ListItem\",\"position\":3,\"name\":\"News Actu\",\"item\":\"https:\\\/\\\/www.elle.be\\\/fr\\\/actu\\\/news-actu\"},{\"@type\":\"ListItem\",\"position\":4,\"name\":\"Charles Michel est-il f\u00e9ministe ?\"}]},{\"@type\":\"WebSite\",\"@id\":\"https:\\\/\\\/www.elle.be\\\/fr\\\/#website\",\"url\":\"https:\\\/\\\/www.elle.be\\\/fr\\\/\",\"name\":\"ELLE.be\",\"description\":\"Toutes les infos mode, beaut\u00e9 et lifestyle les plus pointues ainsi qu&#039;un contenu 100% belge d\u00e9clin\u00e9 \u00e0 360\u00b0sur le site ELLE.be, nos r\u00e9seaux sociaux et notre cha\u00eene Youtube.\",\"publisher\":{\"@id\":\"https:\\\/\\\/www.elle.be\\\/fr\\\/#organization\"},\"potentialAction\":[{\"@type\":\"SearchAction\",\"target\":{\"@type\":\"EntryPoint\",\"urlTemplate\":\"https:\\\/\\\/www.elle.be\\\/fr\\\/?s={search_term_string}\"},\"query-input\":{\"@type\":\"PropertyValueSpecification\",\"valueRequired\":true,\"valueName\":\"search_term_string\"}}],\"inLanguage\":\"fr-FR\"},{\"@type\":\"Organization\",\"@id\":\"https:\\\/\\\/www.elle.be\\\/fr\\\/#organization\",\"name\":\"ELLE Belgique\",\"url\":\"https:\\\/\\\/www.elle.be\\\/fr\\\/\",\"logo\":{\"@type\":\"ImageObject\",\"inLanguage\":\"fr-FR\",\"@id\":\"https:\\\/\\\/www.elle.be\\\/fr\\\/#\\\/schema\\\/logo\\\/image\\\/\",\"url\":\"https:\\\/\\\/www.elle.be\\\/fr\\\/wp-content\\\/uploads\\\/2017\\\/03\\\/elle-icon-200px.jpeg\",\"contentUrl\":\"https:\\\/\\\/www.elle.be\\\/fr\\\/wp-content\\\/uploads\\\/2017\\\/03\\\/elle-icon-200px.jpeg\",\"width\":200,\"height\":200,\"caption\":\"ELLE Belgique\"},\"image\":{\"@id\":\"https:\\\/\\\/www.elle.be\\\/fr\\\/#\\\/schema\\\/logo\\\/image\\\/\"},\"sameAs\":[\"https:\\\/\\\/www.facebook.com\\\/ELLEbelgium\\\/\",\"https:\\\/\\\/x.com\\\/ELLEBelgique\",\"http:\\\/\\\/instagram.com\\\/ellebelgique\\\/\",\"https:\\\/\\\/www.pinterest.com\\\/ellebelgique\\\/\",\"https:\\\/\\\/www.youtube.com\\\/user\\\/ELLEbelgique1\"]},{\"@type\":\"Person\",\"@id\":\"https:\\\/\\\/www.elle.be\\\/fr\\\/#\\\/schema\\\/person\\\/c7301f3fbc3bf6611ba39e18a9177f09\",\"name\":\"B\u00e9atrice Ercolini\",\"image\":{\"@type\":\"ImageObject\",\"inLanguage\":\"fr-FR\",\"@id\":\"https:\\\/\\\/secure.gravatar.com\\\/avatar\\\/df36b7c7bf5dbad234069c451b5973d87ba8c52c8c19a7d9745d412c3512702e?s=96&r=g\",\"url\":\"https:\\\/\\\/secure.gravatar.com\\\/avatar\\\/df36b7c7bf5dbad234069c451b5973d87ba8c52c8c19a7d9745d412c3512702e?s=96&r=g\",\"contentUrl\":\"https:\\\/\\\/secure.gravatar.com\\\/avatar\\\/df36b7c7bf5dbad234069c451b5973d87ba8c52c8c19a7d9745d412c3512702e?s=96&r=g\",\"caption\":\"B\u00e9atrice Ercolini\"},\"sameAs\":[\"https:\\\/\\\/www.facebook.com\\\/bea.ercolini.3\",\"http:\\\/\\\/instagram.com\\\/beaercolini#\",\"http:\\\/\\\/www.pinterest.com\\\/beaercolini\\\/pins\\\/\",\"https:\\\/\\\/x.com\\\/Bea_Ercolini\"],\"url\":\"https:\\\/\\\/www.elle.be\\\/fr\\\/author\\\/bea\"}]}<\/script>\n<!-- \/ Yoast SEO plugin. -->","yoast_head_json":{"title":"Charles Michel est-il f\u00e9ministe ? - ELLE.be","description":"La parution d\u2019une photo extraite de notre num\u00e9ro de mars suscite \u00e9norm\u00e9ment de r\u00e9actions sur les r\u00e9seaux sociaux. Je serais curieuse de conna\u00eetre le nombre de personnes qui ont lu l\u2019interview qui l\u2019accompagne. Pour les autres, quelques pr\u00e9cisions.","robots":{"index":"index","follow":"follow","max-snippet":"max-snippet:-1","max-image-preview":"max-image-preview:large","max-video-preview":"max-video-preview:-1"},"canonical":"https:\/\/www.elle.be\/fr\/73094-edito-this-is-what-feminist-looks-like.html","og_locale":"fr_FR","og_type":"article","og_title":"Charles Michel est-il f\u00e9ministe ? - ELLE.be","og_description":"La parution d\u2019une photo extraite de notre num\u00e9ro de mars suscite \u00e9norm\u00e9ment de r\u00e9actions sur les r\u00e9seaux sociaux. Je serais curieuse de conna\u00eetre le nombre de personnes qui ont lu l\u2019interview qui l\u2019accompagne. Pour les autres, quelques pr\u00e9cisions.","og_url":"https:\/\/www.elle.be\/fr\/73094-edito-this-is-what-feminist-looks-like.html","og_site_name":"ELLE.be","article_publisher":"https:\/\/www.facebook.com\/ELLEbelgium\/","article_author":"https:\/\/www.facebook.com\/bea.ercolini.3","article_published_time":"2015-02-20T18:34:05+00:00","article_modified_time":"2018-02-16T10:41:48+00:00","og_image":[{"width":600,"height":521,"url":"https:\/\/www.elle.be\/fr\/wp-content\/uploads\/2015\/02\/charlesmichel.jpg","type":"image\/jpeg"}],"author":"B\u00e9atrice Ercolini","twitter_card":"summary_large_image","twitter_creator":"@Bea_Ercolini","twitter_site":"@ELLEBelgique","twitter_misc":{"\u00c9crit par":"B\u00e9atrice Ercolini","Dur\u00e9e de lecture estim\u00e9e":"2 minutes"},"schema":{"@context":"https:\/\/schema.org","@graph":[{"@type":"NewsArticle","@id":"https:\/\/www.elle.be\/fr\/73094-edito-this-is-what-feminist-looks-like.html#article","isPartOf":{"@id":"https:\/\/www.elle.be\/fr\/73094-edito-this-is-what-feminist-looks-like.html"},"author":{"name":"B\u00e9atrice Ercolini","@id":"https:\/\/www.elle.be\/fr\/#\/schema\/person\/c7301f3fbc3bf6611ba39e18a9177f09"},"headline":"Charles Michel est-il f\u00e9ministe ?","datePublished":"2015-02-20T18:34:05+00:00","dateModified":"2018-02-16T10:41:48+00:00","mainEntityOfPage":{"@id":"https:\/\/www.elle.be\/fr\/73094-edito-this-is-what-feminist-looks-like.html"},"wordCount":320,"publisher":{"@id":"https:\/\/www.elle.be\/fr\/#organization"},"image":{"@id":"https:\/\/www.elle.be\/fr\/73094-edito-this-is-what-feminist-looks-like.html#primaryimage"},"thumbnailUrl":"https:\/\/www.elle.be\/fr\/wp-content\/uploads\/2015\/02\/charlesmichel.jpg","articleSection":["News Actu","Actu"],"inLanguage":"fr-FR"},{"@type":"WebPage","@id":"https:\/\/www.elle.be\/fr\/73094-edito-this-is-what-feminist-looks-like.html","url":"https:\/\/www.elle.be\/fr\/73094-edito-this-is-what-feminist-looks-like.html","name":"Charles Michel est-il f\u00e9ministe ? - ELLE.be","isPartOf":{"@id":"https:\/\/www.elle.be\/fr\/#website"},"primaryImageOfPage":{"@id":"https:\/\/www.elle.be\/fr\/73094-edito-this-is-what-feminist-looks-like.html#primaryimage"},"image":{"@id":"https:\/\/www.elle.be\/fr\/73094-edito-this-is-what-feminist-looks-like.html#primaryimage"},"thumbnailUrl":"https:\/\/www.elle.be\/fr\/wp-content\/uploads\/2015\/02\/charlesmichel.jpg","datePublished":"2015-02-20T18:34:05+00:00","dateModified":"2018-02-16T10:41:48+00:00","description":"La parution d\u2019une photo extraite de notre num\u00e9ro de mars suscite \u00e9norm\u00e9ment de r\u00e9actions sur les r\u00e9seaux sociaux. Je serais curieuse de conna\u00eetre le nombre de personnes qui ont lu l\u2019interview qui l\u2019accompagne. Pour les autres, quelques pr\u00e9cisions.","breadcrumb":{"@id":"https:\/\/www.elle.be\/fr\/73094-edito-this-is-what-feminist-looks-like.html#breadcrumb"},"inLanguage":"fr-FR","potentialAction":[{"@type":"ReadAction","target":["https:\/\/www.elle.be\/fr\/73094-edito-this-is-what-feminist-looks-like.html"]}]},{"@type":"ImageObject","inLanguage":"fr-FR","@id":"https:\/\/www.elle.be\/fr\/73094-edito-this-is-what-feminist-looks-like.html#primaryimage","url":"https:\/\/www.elle.be\/fr\/wp-content\/uploads\/2015\/02\/charlesmichel.jpg","contentUrl":"https:\/\/www.elle.be\/fr\/wp-content\/uploads\/2015\/02\/charlesmichel.jpg","width":600,"height":521},{"@type":"BreadcrumbList","@id":"https:\/\/www.elle.be\/fr\/73094-edito-this-is-what-feminist-looks-like.html#breadcrumb","itemListElement":[{"@type":"ListItem","position":1,"name":"FR","item":"https:\/\/www.elle.be\/fr"},{"@type":"ListItem","position":2,"name":"Actu","item":"https:\/\/www.elle.be\/fr\/actu"},{"@type":"ListItem","position":3,"name":"News Actu","item":"https:\/\/www.elle.be\/fr\/actu\/news-actu"},{"@type":"ListItem","position":4,"name":"Charles Michel est-il f\u00e9ministe ?"}]},{"@type":"WebSite","@id":"https:\/\/www.elle.be\/fr\/#website","url":"https:\/\/www.elle.be\/fr\/","name":"ELLE.be","description":"Toutes les infos mode, beaut\u00e9 et lifestyle les plus pointues ainsi qu&#039;un contenu 100% belge d\u00e9clin\u00e9 \u00e0 360\u00b0sur le site ELLE.be, nos r\u00e9seaux sociaux et notre cha\u00eene Youtube.","publisher":{"@id":"https:\/\/www.elle.be\/fr\/#organization"},"potentialAction":[{"@type":"SearchAction","target":{"@type":"EntryPoint","urlTemplate":"https:\/\/www.elle.be\/fr\/?s={search_term_string}"},"query-input":{"@type":"PropertyValueSpecification","valueRequired":true,"valueName":"search_term_string"}}],"inLanguage":"fr-FR"},{"@type":"Organization","@id":"https:\/\/www.elle.be\/fr\/#organization","name":"ELLE Belgique","url":"https:\/\/www.elle.be\/fr\/","logo":{"@type":"ImageObject","inLanguage":"fr-FR","@id":"https:\/\/www.elle.be\/fr\/#\/schema\/logo\/image\/","url":"https:\/\/www.elle.be\/fr\/wp-content\/uploads\/2017\/03\/elle-icon-200px.jpeg","contentUrl":"https:\/\/www.elle.be\/fr\/wp-content\/uploads\/2017\/03\/elle-icon-200px.jpeg","width":200,"height":200,"caption":"ELLE Belgique"},"image":{"@id":"https:\/\/www.elle.be\/fr\/#\/schema\/logo\/image\/"},"sameAs":["https:\/\/www.facebook.com\/ELLEbelgium\/","https:\/\/x.com\/ELLEBelgique","http:\/\/instagram.com\/ellebelgique\/","https:\/\/www.pinterest.com\/ellebelgique\/","https:\/\/www.youtube.com\/user\/ELLEbelgique1"]},{"@type":"Person","@id":"https:\/\/www.elle.be\/fr\/#\/schema\/person\/c7301f3fbc3bf6611ba39e18a9177f09","name":"B\u00e9atrice Ercolini","image":{"@type":"ImageObject","inLanguage":"fr-FR","@id":"https:\/\/secure.gravatar.com\/avatar\/df36b7c7bf5dbad234069c451b5973d87ba8c52c8c19a7d9745d412c3512702e?s=96&r=g","url":"https:\/\/secure.gravatar.com\/avatar\/df36b7c7bf5dbad234069c451b5973d87ba8c52c8c19a7d9745d412c3512702e?s=96&r=g","contentUrl":"https:\/\/secure.gravatar.com\/avatar\/df36b7c7bf5dbad234069c451b5973d87ba8c52c8c19a7d9745d412c3512702e?s=96&r=g","caption":"B\u00e9atrice Ercolini"},"sameAs":["https:\/\/www.facebook.com\/bea.ercolini.3","http:\/\/instagram.com\/beaercolini#","http:\/\/www.pinterest.com\/beaercolini\/pins\/","https:\/\/x.com\/Bea_Ercolini"],"url":"https:\/\/www.elle.be\/fr\/author\/bea"}]}},"_links":{"self":[{"href":"https:\/\/www.elle.be\/fr\/wp-json\/wp\/v2\/posts\/73094","targetHints":{"allow":["GET"]}}],"collection":[{"href":"https:\/\/www.elle.be\/fr\/wp-json\/wp\/v2\/posts"}],"about":[{"href":"https:\/\/www.elle.be\/fr\/wp-json\/wp\/v2\/types\/post"}],"author":[{"embeddable":true,"href":"https:\/\/www.elle.be\/fr\/wp-json\/wp\/v2\/users\/15"}],"replies":[{"embeddable":true,"href":"https:\/\/www.elle.be\/fr\/wp-json\/wp\/v2\/comments?post=73094"}],"version-history":[{"count":1,"href":"https:\/\/www.elle.be\/fr\/wp-json\/wp\/v2\/posts\/73094\/revisions"}],"predecessor-version":[{"id":204346,"href":"https:\/\/www.elle.be\/fr\/wp-json\/wp\/v2\/posts\/73094\/revisions\/204346"}],"wp:featuredmedia":[{"embeddable":true,"href":"https:\/\/www.elle.be\/fr\/wp-json\/wp\/v2\/media\/73096"}],"wp:attachment":[{"href":"https:\/\/www.elle.be\/fr\/wp-json\/wp\/v2\/media?parent=73094"}],"wp:term":[{"taxonomy":"category","embeddable":true,"href":"https:\/\/www.elle.be\/fr\/wp-json\/wp\/v2\/categories?post=73094"},{"taxonomy":"post_tag","embeddable":true,"href":"https:\/\/www.elle.be\/fr\/wp-json\/wp\/v2\/tags?post=73094"}],"curies":[{"name":"wp","href":"https:\/\/api.w.org\/{rel}","templated":true}]}}