{"id":57437,"date":"2014-10-09T15:03:04","date_gmt":"2014-10-09T13:03:04","guid":{"rendered":"http:\/\/www.elle.be\/fr\/?p=57437"},"modified":"2018-07-09T16:01:17","modified_gmt":"2018-07-09T14:01:17","slug":"lissage-francais-bonne-nouvelle-les-cheveux-boucles","status":"publish","type":"post","link":"https:\/\/www.elle.be\/fr\/57437-lissage-francais-bonne-nouvelle-les-cheveux-boucles.html","title":{"rendered":"Le lissage fran\u00e7ais, qu&#8217;est-ce que c&#8217;est ?"},"content":{"rendered":"","protected":false},"excerpt":{"rendered":"Le Lissage Fran\u00e7ais, c&#8217;est notre nouvelle lubie. ...","protected":false},"author":3,"featured_media":57486,"comment_status":"closed","ping_status":"closed","sticky":false,"template":"","format":"standard","meta":{"_acf_changed":false,"footnotes":""},"categories":[2842,2211],"tags":[592],"class_list":["post-57437","post","type-post","status-publish","format-standard","has-post-thumbnail","hentry","category-beaute","category-cheveux","tag-cheveux"],"acf":[],"image_verticale":"","_yoast_wpseo_title":"Lissage fran\u00e7ais: comment \u00e7a fonctionne ?","_yoast_wpseo_metadesc":null,"_yoast_wpseo_focuskw_text_input":"lissage fran\u00e7ais","_yoast_wpseo_opengraph-title":null,"yoast_head":"<!-- This site is optimized with the Yoast SEO plugin v27.4 - https:\/\/yoast.com\/product\/yoast-seo-wordpress\/ -->\n<title>Lissage fran\u00e7ais: comment \u00e7a fonctionne ?<\/title>\n<meta name=\"description\" content=\"Le Lissage Fran\u00e7ais, c&#039;est notre nouvelle lubie. Plus efficace et plus durable que le lissage br\u00e9silien, il a relev\u00e9 le d\u00e9fi le plus extr\u00eame: discipliner ma longue crini\u00e8re \u00e9paisse et ultra-boucl\u00e9e. Comment \u00e7a se passe ?\" \/>\n<meta name=\"robots\" content=\"index, follow, max-snippet:-1, max-image-preview:large, max-video-preview:-1\" \/>\n<link rel=\"canonical\" href=\"https:\/\/www.elle.be\/fr\/57437-lissage-francais-bonne-nouvelle-les-cheveux-boucles.html\" \/>\n<meta property=\"og:locale\" content=\"fr_FR\" \/>\n<meta property=\"og:type\" content=\"article\" \/>\n<meta property=\"og:title\" content=\"Lissage fran\u00e7ais: comment \u00e7a fonctionne ?\" \/>\n<meta property=\"og:description\" content=\"Le Lissage Fran\u00e7ais, c&#039;est notre nouvelle lubie. Plus efficace et plus durable que le lissage br\u00e9silien, il a relev\u00e9 le d\u00e9fi le plus extr\u00eame: discipliner ma longue crini\u00e8re \u00e9paisse et ultra-boucl\u00e9e. Comment \u00e7a se passe ?\" \/>\n<meta property=\"og:url\" content=\"https:\/\/www.elle.be\/fr\/57437-lissage-francais-bonne-nouvelle-les-cheveux-boucles.html\" \/>\n<meta property=\"og:site_name\" content=\"ELLE.be\" \/>\n<meta property=\"article:publisher\" content=\"https:\/\/www.facebook.com\/ELLEbelgium\/\" \/>\n<meta property=\"article:author\" content=\"https:\/\/www.facebook.com\/Marie-Gurin-1721050434849149\/\" \/>\n<meta property=\"article:published_time\" content=\"2014-10-09T13:03:04+00:00\" \/>\n<meta property=\"article:modified_time\" content=\"2018-07-09T14:01:17+00:00\" \/>\n<meta property=\"og:image\" content=\"https:\/\/www.elle.be\/fr\/wp-content\/uploads\/2014\/10\/lissage.jpg\" \/>\n\t<meta property=\"og:image:width\" content=\"600\" \/>\n\t<meta property=\"og:image:height\" content=\"520\" \/>\n\t<meta property=\"og:image:type\" content=\"image\/jpeg\" \/>\n<meta name=\"author\" content=\"Marie Gu\u00e9rin\" \/>\n<meta name=\"twitter:card\" content=\"summary_large_image\" \/>\n<meta name=\"twitter:creator\" content=\"@marie_elle_be\" \/>\n<meta name=\"twitter:site\" content=\"@ELLEBelgique\" \/>\n<meta name=\"twitter:label1\" content=\"\u00c9crit par\" \/>\n\t<meta name=\"twitter:data1\" content=\"Marie Gu\u00e9rin\" \/>\n\t<meta name=\"twitter:label2\" content=\"Dur\u00e9e de lecture estim\u00e9e\" \/>\n\t<meta name=\"twitter:data2\" content=\"4 minutes\" \/>\n<script type=\"application\/ld+json\" class=\"yoast-schema-graph\">{\"@context\":\"https:\\\/\\\/schema.org\",\"@graph\":[{\"@type\":\"NewsArticle\",\"@id\":\"https:\\\/\\\/www.elle.be\\\/fr\\\/57437-lissage-francais-bonne-nouvelle-les-cheveux-boucles.html#article\",\"isPartOf\":{\"@id\":\"https:\\\/\\\/www.elle.be\\\/fr\\\/57437-lissage-francais-bonne-nouvelle-les-cheveux-boucles.html\"},\"author\":{\"name\":\"Marie Gu\u00e9rin\",\"@id\":\"https:\\\/\\\/www.elle.be\\\/fr\\\/#\\\/schema\\\/person\\\/aa4e257722b2e3dd300f8fbdb031db01\"},\"headline\":\"Le lissage fran\u00e7ais, qu&#8217;est-ce que c&#8217;est ?\",\"datePublished\":\"2014-10-09T13:03:04+00:00\",\"dateModified\":\"2018-07-09T14:01:17+00:00\",\"mainEntityOfPage\":{\"@id\":\"https:\\\/\\\/www.elle.be\\\/fr\\\/57437-lissage-francais-bonne-nouvelle-les-cheveux-boucles.html\"},\"wordCount\":779,\"publisher\":{\"@id\":\"https:\\\/\\\/www.elle.be\\\/fr\\\/#organization\"},\"image\":{\"@id\":\"https:\\\/\\\/www.elle.be\\\/fr\\\/57437-lissage-francais-bonne-nouvelle-les-cheveux-boucles.html#primaryimage\"},\"thumbnailUrl\":\"https:\\\/\\\/www.elle.be\\\/fr\\\/wp-content\\\/uploads\\\/2014\\\/10\\\/lissage.jpg\",\"keywords\":[\"cheveux\"],\"articleSection\":[\"Beaut\u00e9\",\"Cheveux\"],\"inLanguage\":\"fr-FR\"},{\"@type\":\"WebPage\",\"@id\":\"https:\\\/\\\/www.elle.be\\\/fr\\\/57437-lissage-francais-bonne-nouvelle-les-cheveux-boucles.html\",\"url\":\"https:\\\/\\\/www.elle.be\\\/fr\\\/57437-lissage-francais-bonne-nouvelle-les-cheveux-boucles.html\",\"name\":\"Lissage fran\u00e7ais: comment \u00e7a fonctionne ?\",\"isPartOf\":{\"@id\":\"https:\\\/\\\/www.elle.be\\\/fr\\\/#website\"},\"primaryImageOfPage\":{\"@id\":\"https:\\\/\\\/www.elle.be\\\/fr\\\/57437-lissage-francais-bonne-nouvelle-les-cheveux-boucles.html#primaryimage\"},\"image\":{\"@id\":\"https:\\\/\\\/www.elle.be\\\/fr\\\/57437-lissage-francais-bonne-nouvelle-les-cheveux-boucles.html#primaryimage\"},\"thumbnailUrl\":\"https:\\\/\\\/www.elle.be\\\/fr\\\/wp-content\\\/uploads\\\/2014\\\/10\\\/lissage.jpg\",\"datePublished\":\"2014-10-09T13:03:04+00:00\",\"dateModified\":\"2018-07-09T14:01:17+00:00\",\"description\":\"Le Lissage Fran\u00e7ais, c'est notre nouvelle lubie. Plus efficace et plus durable que le lissage br\u00e9silien, il a relev\u00e9 le d\u00e9fi le plus extr\u00eame: discipliner ma longue crini\u00e8re \u00e9paisse et ultra-boucl\u00e9e. Comment \u00e7a se passe ?\",\"breadcrumb\":{\"@id\":\"https:\\\/\\\/www.elle.be\\\/fr\\\/57437-lissage-francais-bonne-nouvelle-les-cheveux-boucles.html#breadcrumb\"},\"inLanguage\":\"fr-FR\",\"potentialAction\":[{\"@type\":\"ReadAction\",\"target\":[\"https:\\\/\\\/www.elle.be\\\/fr\\\/57437-lissage-francais-bonne-nouvelle-les-cheveux-boucles.html\"]}]},{\"@type\":\"ImageObject\",\"inLanguage\":\"fr-FR\",\"@id\":\"https:\\\/\\\/www.elle.be\\\/fr\\\/57437-lissage-francais-bonne-nouvelle-les-cheveux-boucles.html#primaryimage\",\"url\":\"https:\\\/\\\/www.elle.be\\\/fr\\\/wp-content\\\/uploads\\\/2014\\\/10\\\/lissage.jpg\",\"contentUrl\":\"https:\\\/\\\/www.elle.be\\\/fr\\\/wp-content\\\/uploads\\\/2014\\\/10\\\/lissage.jpg\",\"width\":600,\"height\":520},{\"@type\":\"BreadcrumbList\",\"@id\":\"https:\\\/\\\/www.elle.be\\\/fr\\\/57437-lissage-francais-bonne-nouvelle-les-cheveux-boucles.html#breadcrumb\",\"itemListElement\":[{\"@type\":\"ListItem\",\"position\":1,\"name\":\"FR\",\"item\":\"https:\\\/\\\/www.elle.be\\\/fr\"},{\"@type\":\"ListItem\",\"position\":2,\"name\":\"Beaut\u00e9\",\"item\":\"https:\\\/\\\/www.elle.be\\\/fr\\\/beaute\"},{\"@type\":\"ListItem\",\"position\":3,\"name\":\"Cheveux\",\"item\":\"https:\\\/\\\/www.elle.be\\\/fr\\\/beaute\\\/cheveux\"},{\"@type\":\"ListItem\",\"position\":4,\"name\":\"Le lissage fran\u00e7ais, qu&rsquo;est-ce que c&rsquo;est ?\"}]},{\"@type\":\"WebSite\",\"@id\":\"https:\\\/\\\/www.elle.be\\\/fr\\\/#website\",\"url\":\"https:\\\/\\\/www.elle.be\\\/fr\\\/\",\"name\":\"ELLE.be\",\"description\":\"Toutes les infos mode, beaut\u00e9 et lifestyle les plus pointues ainsi qu&#039;un contenu 100% belge d\u00e9clin\u00e9 \u00e0 360\u00b0sur le site ELLE.be, nos r\u00e9seaux sociaux et notre cha\u00eene Youtube.\",\"publisher\":{\"@id\":\"https:\\\/\\\/www.elle.be\\\/fr\\\/#organization\"},\"potentialAction\":[{\"@type\":\"SearchAction\",\"target\":{\"@type\":\"EntryPoint\",\"urlTemplate\":\"https:\\\/\\\/www.elle.be\\\/fr\\\/?s={search_term_string}\"},\"query-input\":{\"@type\":\"PropertyValueSpecification\",\"valueRequired\":true,\"valueName\":\"search_term_string\"}}],\"inLanguage\":\"fr-FR\"},{\"@type\":\"Organization\",\"@id\":\"https:\\\/\\\/www.elle.be\\\/fr\\\/#organization\",\"name\":\"ELLE Belgique\",\"url\":\"https:\\\/\\\/www.elle.be\\\/fr\\\/\",\"logo\":{\"@type\":\"ImageObject\",\"inLanguage\":\"fr-FR\",\"@id\":\"https:\\\/\\\/www.elle.be\\\/fr\\\/#\\\/schema\\\/logo\\\/image\\\/\",\"url\":\"https:\\\/\\\/www.elle.be\\\/fr\\\/wp-content\\\/uploads\\\/2017\\\/03\\\/elle-icon-200px.jpeg\",\"contentUrl\":\"https:\\\/\\\/www.elle.be\\\/fr\\\/wp-content\\\/uploads\\\/2017\\\/03\\\/elle-icon-200px.jpeg\",\"width\":200,\"height\":200,\"caption\":\"ELLE Belgique\"},\"image\":{\"@id\":\"https:\\\/\\\/www.elle.be\\\/fr\\\/#\\\/schema\\\/logo\\\/image\\\/\"},\"sameAs\":[\"https:\\\/\\\/www.facebook.com\\\/ELLEbelgium\\\/\",\"https:\\\/\\\/x.com\\\/ELLEBelgique\",\"http:\\\/\\\/instagram.com\\\/ellebelgique\\\/\",\"https:\\\/\\\/www.pinterest.com\\\/ellebelgique\\\/\",\"https:\\\/\\\/www.youtube.com\\\/user\\\/ELLEbelgique1\"]},{\"@type\":\"Person\",\"@id\":\"https:\\\/\\\/www.elle.be\\\/fr\\\/#\\\/schema\\\/person\\\/aa4e257722b2e3dd300f8fbdb031db01\",\"name\":\"Marie Gu\u00e9rin\",\"image\":{\"@type\":\"ImageObject\",\"inLanguage\":\"fr-FR\",\"@id\":\"https:\\\/\\\/www.elle.be\\\/fr\\\/wp-content\\\/uploads\\\/2017\\\/03\\\/IMG_4442-96x96.jpg\",\"url\":\"https:\\\/\\\/www.elle.be\\\/fr\\\/wp-content\\\/uploads\\\/2017\\\/03\\\/IMG_4442-96x96.jpg\",\"contentUrl\":\"https:\\\/\\\/www.elle.be\\\/fr\\\/wp-content\\\/uploads\\\/2017\\\/03\\\/IMG_4442-96x96.jpg\",\"caption\":\"Marie Gu\u00e9rin\"},\"description\":\"Obs\u00e9d\u00e9e par les stilettos et tout ce qui facilite la marche \u00e0 pied, cette journaliste sportive (ou pas) sillonne pour vous le monde entier (et la Belgique le reste du temps) \u00e0 la recherche de l'actu mode, beaut\u00e9, lifestyle et de ses meilleurs bons plans.\",\"sameAs\":[\"https:\\\/\\\/www.facebook.com\\\/Marie-Gurin-1721050434849149\\\/\",\"https:\\\/\\\/www.instagram.com\\\/marie_elle_be\\\/\",\"https:\\\/\\\/x.com\\\/marie_elle_be\"],\"url\":\"https:\\\/\\\/www.elle.be\\\/fr\\\/author\\\/marie\"}]}<\/script>\n<!-- \/ Yoast SEO plugin. -->","yoast_head_json":{"title":"Lissage fran\u00e7ais: comment \u00e7a fonctionne ?","description":"Le Lissage Fran\u00e7ais, c'est notre nouvelle lubie. Plus efficace et plus durable que le lissage br\u00e9silien, il a relev\u00e9 le d\u00e9fi le plus extr\u00eame: discipliner ma longue crini\u00e8re \u00e9paisse et ultra-boucl\u00e9e. Comment \u00e7a se passe ?","robots":{"index":"index","follow":"follow","max-snippet":"max-snippet:-1","max-image-preview":"max-image-preview:large","max-video-preview":"max-video-preview:-1"},"canonical":"https:\/\/www.elle.be\/fr\/57437-lissage-francais-bonne-nouvelle-les-cheveux-boucles.html","og_locale":"fr_FR","og_type":"article","og_title":"Lissage fran\u00e7ais: comment \u00e7a fonctionne ?","og_description":"Le Lissage Fran\u00e7ais, c'est notre nouvelle lubie. Plus efficace et plus durable que le lissage br\u00e9silien, il a relev\u00e9 le d\u00e9fi le plus extr\u00eame: discipliner ma longue crini\u00e8re \u00e9paisse et ultra-boucl\u00e9e. Comment \u00e7a se passe ?","og_url":"https:\/\/www.elle.be\/fr\/57437-lissage-francais-bonne-nouvelle-les-cheveux-boucles.html","og_site_name":"ELLE.be","article_publisher":"https:\/\/www.facebook.com\/ELLEbelgium\/","article_author":"https:\/\/www.facebook.com\/Marie-Gurin-1721050434849149\/","article_published_time":"2014-10-09T13:03:04+00:00","article_modified_time":"2018-07-09T14:01:17+00:00","og_image":[{"width":600,"height":520,"url":"https:\/\/www.elle.be\/fr\/wp-content\/uploads\/2014\/10\/lissage.jpg","type":"image\/jpeg"}],"author":"Marie Gu\u00e9rin","twitter_card":"summary_large_image","twitter_creator":"@marie_elle_be","twitter_site":"@ELLEBelgique","twitter_misc":{"\u00c9crit par":"Marie Gu\u00e9rin","Dur\u00e9e de lecture estim\u00e9e":"4 minutes"},"schema":{"@context":"https:\/\/schema.org","@graph":[{"@type":"NewsArticle","@id":"https:\/\/www.elle.be\/fr\/57437-lissage-francais-bonne-nouvelle-les-cheveux-boucles.html#article","isPartOf":{"@id":"https:\/\/www.elle.be\/fr\/57437-lissage-francais-bonne-nouvelle-les-cheveux-boucles.html"},"author":{"name":"Marie Gu\u00e9rin","@id":"https:\/\/www.elle.be\/fr\/#\/schema\/person\/aa4e257722b2e3dd300f8fbdb031db01"},"headline":"Le lissage fran\u00e7ais, qu&#8217;est-ce que c&#8217;est ?","datePublished":"2014-10-09T13:03:04+00:00","dateModified":"2018-07-09T14:01:17+00:00","mainEntityOfPage":{"@id":"https:\/\/www.elle.be\/fr\/57437-lissage-francais-bonne-nouvelle-les-cheveux-boucles.html"},"wordCount":779,"publisher":{"@id":"https:\/\/www.elle.be\/fr\/#organization"},"image":{"@id":"https:\/\/www.elle.be\/fr\/57437-lissage-francais-bonne-nouvelle-les-cheveux-boucles.html#primaryimage"},"thumbnailUrl":"https:\/\/www.elle.be\/fr\/wp-content\/uploads\/2014\/10\/lissage.jpg","keywords":["cheveux"],"articleSection":["Beaut\u00e9","Cheveux"],"inLanguage":"fr-FR"},{"@type":"WebPage","@id":"https:\/\/www.elle.be\/fr\/57437-lissage-francais-bonne-nouvelle-les-cheveux-boucles.html","url":"https:\/\/www.elle.be\/fr\/57437-lissage-francais-bonne-nouvelle-les-cheveux-boucles.html","name":"Lissage fran\u00e7ais: comment \u00e7a fonctionne ?","isPartOf":{"@id":"https:\/\/www.elle.be\/fr\/#website"},"primaryImageOfPage":{"@id":"https:\/\/www.elle.be\/fr\/57437-lissage-francais-bonne-nouvelle-les-cheveux-boucles.html#primaryimage"},"image":{"@id":"https:\/\/www.elle.be\/fr\/57437-lissage-francais-bonne-nouvelle-les-cheveux-boucles.html#primaryimage"},"thumbnailUrl":"https:\/\/www.elle.be\/fr\/wp-content\/uploads\/2014\/10\/lissage.jpg","datePublished":"2014-10-09T13:03:04+00:00","dateModified":"2018-07-09T14:01:17+00:00","description":"Le Lissage Fran\u00e7ais, c'est notre nouvelle lubie. Plus efficace et plus durable que le lissage br\u00e9silien, il a relev\u00e9 le d\u00e9fi le plus extr\u00eame: discipliner ma longue crini\u00e8re \u00e9paisse et ultra-boucl\u00e9e. Comment \u00e7a se passe ?","breadcrumb":{"@id":"https:\/\/www.elle.be\/fr\/57437-lissage-francais-bonne-nouvelle-les-cheveux-boucles.html#breadcrumb"},"inLanguage":"fr-FR","potentialAction":[{"@type":"ReadAction","target":["https:\/\/www.elle.be\/fr\/57437-lissage-francais-bonne-nouvelle-les-cheveux-boucles.html"]}]},{"@type":"ImageObject","inLanguage":"fr-FR","@id":"https:\/\/www.elle.be\/fr\/57437-lissage-francais-bonne-nouvelle-les-cheveux-boucles.html#primaryimage","url":"https:\/\/www.elle.be\/fr\/wp-content\/uploads\/2014\/10\/lissage.jpg","contentUrl":"https:\/\/www.elle.be\/fr\/wp-content\/uploads\/2014\/10\/lissage.jpg","width":600,"height":520},{"@type":"BreadcrumbList","@id":"https:\/\/www.elle.be\/fr\/57437-lissage-francais-bonne-nouvelle-les-cheveux-boucles.html#breadcrumb","itemListElement":[{"@type":"ListItem","position":1,"name":"FR","item":"https:\/\/www.elle.be\/fr"},{"@type":"ListItem","position":2,"name":"Beaut\u00e9","item":"https:\/\/www.elle.be\/fr\/beaute"},{"@type":"ListItem","position":3,"name":"Cheveux","item":"https:\/\/www.elle.be\/fr\/beaute\/cheveux"},{"@type":"ListItem","position":4,"name":"Le lissage fran\u00e7ais, qu&rsquo;est-ce que c&rsquo;est ?"}]},{"@type":"WebSite","@id":"https:\/\/www.elle.be\/fr\/#website","url":"https:\/\/www.elle.be\/fr\/","name":"ELLE.be","description":"Toutes les infos mode, beaut\u00e9 et lifestyle les plus pointues ainsi qu&#039;un contenu 100% belge d\u00e9clin\u00e9 \u00e0 360\u00b0sur le site ELLE.be, nos r\u00e9seaux sociaux et notre cha\u00eene Youtube.","publisher":{"@id":"https:\/\/www.elle.be\/fr\/#organization"},"potentialAction":[{"@type":"SearchAction","target":{"@type":"EntryPoint","urlTemplate":"https:\/\/www.elle.be\/fr\/?s={search_term_string}"},"query-input":{"@type":"PropertyValueSpecification","valueRequired":true,"valueName":"search_term_string"}}],"inLanguage":"fr-FR"},{"@type":"Organization","@id":"https:\/\/www.elle.be\/fr\/#organization","name":"ELLE Belgique","url":"https:\/\/www.elle.be\/fr\/","logo":{"@type":"ImageObject","inLanguage":"fr-FR","@id":"https:\/\/www.elle.be\/fr\/#\/schema\/logo\/image\/","url":"https:\/\/www.elle.be\/fr\/wp-content\/uploads\/2017\/03\/elle-icon-200px.jpeg","contentUrl":"https:\/\/www.elle.be\/fr\/wp-content\/uploads\/2017\/03\/elle-icon-200px.jpeg","width":200,"height":200,"caption":"ELLE Belgique"},"image":{"@id":"https:\/\/www.elle.be\/fr\/#\/schema\/logo\/image\/"},"sameAs":["https:\/\/www.facebook.com\/ELLEbelgium\/","https:\/\/x.com\/ELLEBelgique","http:\/\/instagram.com\/ellebelgique\/","https:\/\/www.pinterest.com\/ellebelgique\/","https:\/\/www.youtube.com\/user\/ELLEbelgique1"]},{"@type":"Person","@id":"https:\/\/www.elle.be\/fr\/#\/schema\/person\/aa4e257722b2e3dd300f8fbdb031db01","name":"Marie Gu\u00e9rin","image":{"@type":"ImageObject","inLanguage":"fr-FR","@id":"https:\/\/www.elle.be\/fr\/wp-content\/uploads\/2017\/03\/IMG_4442-96x96.jpg","url":"https:\/\/www.elle.be\/fr\/wp-content\/uploads\/2017\/03\/IMG_4442-96x96.jpg","contentUrl":"https:\/\/www.elle.be\/fr\/wp-content\/uploads\/2017\/03\/IMG_4442-96x96.jpg","caption":"Marie Gu\u00e9rin"},"description":"Obs\u00e9d\u00e9e par les stilettos et tout ce qui facilite la marche \u00e0 pied, cette journaliste sportive (ou pas) sillonne pour vous le monde entier (et la Belgique le reste du temps) \u00e0 la recherche de l'actu mode, beaut\u00e9, lifestyle et de ses meilleurs bons plans.","sameAs":["https:\/\/www.facebook.com\/Marie-Gurin-1721050434849149\/","https:\/\/www.instagram.com\/marie_elle_be\/","https:\/\/x.com\/marie_elle_be"],"url":"https:\/\/www.elle.be\/fr\/author\/marie"}]}},"_links":{"self":[{"href":"https:\/\/www.elle.be\/fr\/wp-json\/wp\/v2\/posts\/57437","targetHints":{"allow":["GET"]}}],"collection":[{"href":"https:\/\/www.elle.be\/fr\/wp-json\/wp\/v2\/posts"}],"about":[{"href":"https:\/\/www.elle.be\/fr\/wp-json\/wp\/v2\/types\/post"}],"author":[{"embeddable":true,"href":"https:\/\/www.elle.be\/fr\/wp-json\/wp\/v2\/users\/3"}],"replies":[{"embeddable":true,"href":"https:\/\/www.elle.be\/fr\/wp-json\/wp\/v2\/comments?post=57437"}],"version-history":[{"count":7,"href":"https:\/\/www.elle.be\/fr\/wp-json\/wp\/v2\/posts\/57437\/revisions"}],"predecessor-version":[{"id":225487,"href":"https:\/\/www.elle.be\/fr\/wp-json\/wp\/v2\/posts\/57437\/revisions\/225487"}],"wp:featuredmedia":[{"embeddable":true,"href":"https:\/\/www.elle.be\/fr\/wp-json\/wp\/v2\/media\/57486"}],"wp:attachment":[{"href":"https:\/\/www.elle.be\/fr\/wp-json\/wp\/v2\/media?parent=57437"}],"wp:term":[{"taxonomy":"category","embeddable":true,"href":"https:\/\/www.elle.be\/fr\/wp-json\/wp\/v2\/categories?post=57437"},{"taxonomy":"post_tag","embeddable":true,"href":"https:\/\/www.elle.be\/fr\/wp-json\/wp\/v2\/tags?post=57437"}],"curies":[{"name":"wp","href":"https:\/\/api.w.org\/{rel}","templated":true}]}}