{"id":50329,"date":"2014-08-13T10:18:32","date_gmt":"2014-08-13T08:18:32","guid":{"rendered":"http:\/\/www.elle.be\/fr\/?p=50329"},"modified":"2018-02-14T10:09:44","modified_gmt":"2018-02-14T09:09:44","slug":"lauren-bacall-lecon-mode","status":"publish","type":"post","link":"https:\/\/www.elle.be\/fr\/50329-lauren-bacall-lecon-mode.html","title":{"rendered":"Lauren Bacall: une le\u00e7on de mode"},"content":{"rendered":"","protected":false},"excerpt":{"rendered":"L&#8217;ic\u00f4ne d&#8217;Hollywood, Lauren Bacall, est d\u00e9c\u00e9d\u00e9e ce mardi 12 ao\u00fbt, \u00e0 l&#8217;\u00e2ge de 89 ans. ...","protected":false},"author":3,"featured_media":50347,"comment_status":"closed","ping_status":"closed","sticky":false,"template":"","format":"standard","meta":{"_acf_changed":false,"footnotes":""},"categories":[5,2202],"tags":[],"class_list":["post-50329","post","type-post","status-publish","format-standard","has-post-thumbnail","hentry","category-mode","category-news-actu"],"acf":[],"image_verticale":null,"_yoast_wpseo_title":null,"_yoast_wpseo_metadesc":null,"_yoast_wpseo_focuskw_text_input":null,"_yoast_wpseo_opengraph-title":null,"yoast_head":"<!-- This site is optimized with the Yoast SEO plugin v27.4 - https:\/\/yoast.com\/product\/yoast-seo-wordpress\/ -->\n<title>Lauren Bacall: une le\u00e7on de mode - ELLE.be<\/title>\n<meta name=\"description\" content=\"L&#039;ic\u00f4ne d&#039;Hollywood, Lauren Bacall, est d\u00e9c\u00e9d\u00e9e ce mardi 12 ao\u00fbt, \u00e0 l&#039;\u00e2ge de 89 ans. Surnomm\u00e9e &quot;the look&quot; pour son regard, l&#039;actrice am\u00e9ricaine \u00e9tait \u00e9galement c\u00e9l\u00e8bre pour son sens du style.\" \/>\n<meta name=\"robots\" content=\"index, follow, max-snippet:-1, max-image-preview:large, max-video-preview:-1\" \/>\n<link rel=\"canonical\" href=\"https:\/\/www.elle.be\/fr\/50329-lauren-bacall-lecon-mode.html\" \/>\n<link rel=\"next\" href=\"https:\/\/www.elle.be\/fr\/50329-lauren-bacall-lecon-mode.html\/2\" \/>\n<meta property=\"og:locale\" content=\"fr_FR\" \/>\n<meta property=\"og:type\" content=\"article\" \/>\n<meta property=\"og:title\" content=\"Lauren Bacall: une le\u00e7on de mode - ELLE.be\" \/>\n<meta property=\"og:description\" content=\"L&#039;ic\u00f4ne d&#039;Hollywood, Lauren Bacall, est d\u00e9c\u00e9d\u00e9e ce mardi 12 ao\u00fbt, \u00e0 l&#039;\u00e2ge de 89 ans. Surnomm\u00e9e &quot;the look&quot; pour son regard, l&#039;actrice am\u00e9ricaine \u00e9tait \u00e9galement c\u00e9l\u00e8bre pour son sens du style.\" \/>\n<meta property=\"og:url\" content=\"https:\/\/www.elle.be\/fr\/50329-lauren-bacall-lecon-mode.html\" \/>\n<meta property=\"og:site_name\" content=\"ELLE.be\" \/>\n<meta property=\"article:publisher\" content=\"https:\/\/www.facebook.com\/ELLEbelgium\/\" \/>\n<meta property=\"article:author\" content=\"https:\/\/www.facebook.com\/Marie-Gurin-1721050434849149\/\" \/>\n<meta property=\"article:published_time\" content=\"2014-08-13T08:18:32+00:00\" \/>\n<meta property=\"article:modified_time\" content=\"2018-02-14T09:09:44+00:00\" \/>\n<meta property=\"og:image\" content=\"https:\/\/www.elle.be\/fr\/wp-content\/uploads\/2014\/08\/lauren-bacall.jpg\" \/>\n\t<meta property=\"og:image:width\" content=\"600\" \/>\n\t<meta property=\"og:image:height\" content=\"520\" \/>\n\t<meta property=\"og:image:type\" content=\"image\/jpeg\" \/>\n<meta name=\"author\" content=\"Marie Gu\u00e9rin\" \/>\n<meta name=\"twitter:card\" content=\"summary_large_image\" \/>\n<meta name=\"twitter:creator\" content=\"@marie_elle_be\" \/>\n<meta name=\"twitter:site\" content=\"@ELLEBelgique\" \/>\n<meta name=\"twitter:label1\" content=\"\u00c9crit par\" \/>\n\t<meta name=\"twitter:data1\" content=\"Marie Gu\u00e9rin\" \/>\n\t<meta name=\"twitter:label2\" content=\"Dur\u00e9e de lecture estim\u00e9e\" \/>\n\t<meta name=\"twitter:data2\" content=\"2 minutes\" \/>\n<script type=\"application\/ld+json\" class=\"yoast-schema-graph\">{\"@context\":\"https:\\\/\\\/schema.org\",\"@graph\":[{\"@type\":\"NewsArticle\",\"@id\":\"https:\\\/\\\/www.elle.be\\\/fr\\\/50329-lauren-bacall-lecon-mode.html#article\",\"isPartOf\":{\"@id\":\"https:\\\/\\\/www.elle.be\\\/fr\\\/50329-lauren-bacall-lecon-mode.html\"},\"author\":{\"name\":\"Marie Gu\u00e9rin\",\"@id\":\"https:\\\/\\\/www.elle.be\\\/fr\\\/#\\\/schema\\\/person\\\/aa4e257722b2e3dd300f8fbdb031db01\"},\"headline\":\"Lauren Bacall: une le\u00e7on de mode\",\"datePublished\":\"2014-08-13T08:18:32+00:00\",\"dateModified\":\"2018-02-14T09:09:44+00:00\",\"mainEntityOfPage\":{\"@id\":\"https:\\\/\\\/www.elle.be\\\/fr\\\/50329-lauren-bacall-lecon-mode.html\"},\"wordCount\":411,\"publisher\":{\"@id\":\"https:\\\/\\\/www.elle.be\\\/fr\\\/#organization\"},\"image\":{\"@id\":\"https:\\\/\\\/www.elle.be\\\/fr\\\/50329-lauren-bacall-lecon-mode.html#primaryimage\"},\"thumbnailUrl\":\"https:\\\/\\\/www.elle.be\\\/fr\\\/wp-content\\\/uploads\\\/2014\\\/08\\\/lauren-bacall.jpg\",\"articleSection\":[\"Mode\",\"News Actu\"],\"inLanguage\":\"fr-FR\"},{\"@type\":\"WebPage\",\"@id\":\"https:\\\/\\\/www.elle.be\\\/fr\\\/50329-lauren-bacall-lecon-mode.html\",\"url\":\"https:\\\/\\\/www.elle.be\\\/fr\\\/50329-lauren-bacall-lecon-mode.html\",\"name\":\"Lauren Bacall: une le\u00e7on de mode - ELLE.be\",\"isPartOf\":{\"@id\":\"https:\\\/\\\/www.elle.be\\\/fr\\\/#website\"},\"primaryImageOfPage\":{\"@id\":\"https:\\\/\\\/www.elle.be\\\/fr\\\/50329-lauren-bacall-lecon-mode.html#primaryimage\"},\"image\":{\"@id\":\"https:\\\/\\\/www.elle.be\\\/fr\\\/50329-lauren-bacall-lecon-mode.html#primaryimage\"},\"thumbnailUrl\":\"https:\\\/\\\/www.elle.be\\\/fr\\\/wp-content\\\/uploads\\\/2014\\\/08\\\/lauren-bacall.jpg\",\"datePublished\":\"2014-08-13T08:18:32+00:00\",\"dateModified\":\"2018-02-14T09:09:44+00:00\",\"description\":\"L'ic\u00f4ne d'Hollywood, Lauren Bacall, est d\u00e9c\u00e9d\u00e9e ce mardi 12 ao\u00fbt, \u00e0 l'\u00e2ge de 89 ans. Surnomm\u00e9e \\\"the look\\\" pour son regard, l'actrice am\u00e9ricaine \u00e9tait \u00e9galement c\u00e9l\u00e8bre pour son sens du style.\",\"breadcrumb\":{\"@id\":\"https:\\\/\\\/www.elle.be\\\/fr\\\/50329-lauren-bacall-lecon-mode.html#breadcrumb\"},\"inLanguage\":\"fr-FR\",\"potentialAction\":[{\"@type\":\"ReadAction\",\"target\":[\"https:\\\/\\\/www.elle.be\\\/fr\\\/50329-lauren-bacall-lecon-mode.html\"]}]},{\"@type\":\"ImageObject\",\"inLanguage\":\"fr-FR\",\"@id\":\"https:\\\/\\\/www.elle.be\\\/fr\\\/50329-lauren-bacall-lecon-mode.html#primaryimage\",\"url\":\"https:\\\/\\\/www.elle.be\\\/fr\\\/wp-content\\\/uploads\\\/2014\\\/08\\\/lauren-bacall.jpg\",\"contentUrl\":\"https:\\\/\\\/www.elle.be\\\/fr\\\/wp-content\\\/uploads\\\/2014\\\/08\\\/lauren-bacall.jpg\",\"width\":600,\"height\":520},{\"@type\":\"BreadcrumbList\",\"@id\":\"https:\\\/\\\/www.elle.be\\\/fr\\\/50329-lauren-bacall-lecon-mode.html#breadcrumb\",\"itemListElement\":[{\"@type\":\"ListItem\",\"position\":1,\"name\":\"FR\",\"item\":\"https:\\\/\\\/www.elle.be\\\/fr\"},{\"@type\":\"ListItem\",\"position\":2,\"name\":\"Actu\",\"item\":\"https:\\\/\\\/www.elle.be\\\/fr\\\/actu\"},{\"@type\":\"ListItem\",\"position\":3,\"name\":\"News Actu\"}]},{\"@type\":\"WebSite\",\"@id\":\"https:\\\/\\\/www.elle.be\\\/fr\\\/#website\",\"url\":\"https:\\\/\\\/www.elle.be\\\/fr\\\/\",\"name\":\"ELLE.be\",\"description\":\"Toutes les infos mode, beaut\u00e9 et lifestyle les plus pointues ainsi qu&#039;un contenu 100% belge d\u00e9clin\u00e9 \u00e0 360\u00b0sur le site ELLE.be, nos r\u00e9seaux sociaux et notre cha\u00eene Youtube.\",\"publisher\":{\"@id\":\"https:\\\/\\\/www.elle.be\\\/fr\\\/#organization\"},\"potentialAction\":[{\"@type\":\"SearchAction\",\"target\":{\"@type\":\"EntryPoint\",\"urlTemplate\":\"https:\\\/\\\/www.elle.be\\\/fr\\\/?s={search_term_string}\"},\"query-input\":{\"@type\":\"PropertyValueSpecification\",\"valueRequired\":true,\"valueName\":\"search_term_string\"}}],\"inLanguage\":\"fr-FR\"},{\"@type\":\"Organization\",\"@id\":\"https:\\\/\\\/www.elle.be\\\/fr\\\/#organization\",\"name\":\"ELLE Belgique\",\"url\":\"https:\\\/\\\/www.elle.be\\\/fr\\\/\",\"logo\":{\"@type\":\"ImageObject\",\"inLanguage\":\"fr-FR\",\"@id\":\"https:\\\/\\\/www.elle.be\\\/fr\\\/#\\\/schema\\\/logo\\\/image\\\/\",\"url\":\"https:\\\/\\\/www.elle.be\\\/fr\\\/wp-content\\\/uploads\\\/2017\\\/03\\\/elle-icon-200px.jpeg\",\"contentUrl\":\"https:\\\/\\\/www.elle.be\\\/fr\\\/wp-content\\\/uploads\\\/2017\\\/03\\\/elle-icon-200px.jpeg\",\"width\":200,\"height\":200,\"caption\":\"ELLE Belgique\"},\"image\":{\"@id\":\"https:\\\/\\\/www.elle.be\\\/fr\\\/#\\\/schema\\\/logo\\\/image\\\/\"},\"sameAs\":[\"https:\\\/\\\/www.facebook.com\\\/ELLEbelgium\\\/\",\"https:\\\/\\\/x.com\\\/ELLEBelgique\",\"http:\\\/\\\/instagram.com\\\/ellebelgique\\\/\",\"https:\\\/\\\/www.pinterest.com\\\/ellebelgique\\\/\",\"https:\\\/\\\/www.youtube.com\\\/user\\\/ELLEbelgique1\"]},{\"@type\":\"Person\",\"@id\":\"https:\\\/\\\/www.elle.be\\\/fr\\\/#\\\/schema\\\/person\\\/aa4e257722b2e3dd300f8fbdb031db01\",\"name\":\"Marie Gu\u00e9rin\",\"image\":{\"@type\":\"ImageObject\",\"inLanguage\":\"fr-FR\",\"@id\":\"https:\\\/\\\/www.elle.be\\\/fr\\\/wp-content\\\/uploads\\\/2017\\\/03\\\/IMG_4442-96x96.jpg\",\"url\":\"https:\\\/\\\/www.elle.be\\\/fr\\\/wp-content\\\/uploads\\\/2017\\\/03\\\/IMG_4442-96x96.jpg\",\"contentUrl\":\"https:\\\/\\\/www.elle.be\\\/fr\\\/wp-content\\\/uploads\\\/2017\\\/03\\\/IMG_4442-96x96.jpg\",\"caption\":\"Marie Gu\u00e9rin\"},\"description\":\"Obs\u00e9d\u00e9e par les stilettos et tout ce qui facilite la marche \u00e0 pied, cette journaliste sportive (ou pas) sillonne pour vous le monde entier (et la Belgique le reste du temps) \u00e0 la recherche de l'actu mode, beaut\u00e9, lifestyle et de ses meilleurs bons plans.\",\"sameAs\":[\"https:\\\/\\\/www.facebook.com\\\/Marie-Gurin-1721050434849149\\\/\",\"https:\\\/\\\/www.instagram.com\\\/marie_elle_be\\\/\",\"https:\\\/\\\/x.com\\\/marie_elle_be\"],\"url\":\"https:\\\/\\\/www.elle.be\\\/fr\\\/author\\\/marie\"}]}<\/script>\n<!-- \/ Yoast SEO plugin. -->","yoast_head_json":{"title":"Lauren Bacall: une le\u00e7on de mode - ELLE.be","description":"L'ic\u00f4ne d'Hollywood, Lauren Bacall, est d\u00e9c\u00e9d\u00e9e ce mardi 12 ao\u00fbt, \u00e0 l'\u00e2ge de 89 ans. Surnomm\u00e9e \"the look\" pour son regard, l'actrice am\u00e9ricaine \u00e9tait \u00e9galement c\u00e9l\u00e8bre pour son sens du style.","robots":{"index":"index","follow":"follow","max-snippet":"max-snippet:-1","max-image-preview":"max-image-preview:large","max-video-preview":"max-video-preview:-1"},"canonical":"https:\/\/www.elle.be\/fr\/50329-lauren-bacall-lecon-mode.html","next":"https:\/\/www.elle.be\/fr\/50329-lauren-bacall-lecon-mode.html\/2","og_locale":"fr_FR","og_type":"article","og_title":"Lauren Bacall: une le\u00e7on de mode - ELLE.be","og_description":"L'ic\u00f4ne d'Hollywood, Lauren Bacall, est d\u00e9c\u00e9d\u00e9e ce mardi 12 ao\u00fbt, \u00e0 l'\u00e2ge de 89 ans. Surnomm\u00e9e \"the look\" pour son regard, l'actrice am\u00e9ricaine \u00e9tait \u00e9galement c\u00e9l\u00e8bre pour son sens du style.","og_url":"https:\/\/www.elle.be\/fr\/50329-lauren-bacall-lecon-mode.html","og_site_name":"ELLE.be","article_publisher":"https:\/\/www.facebook.com\/ELLEbelgium\/","article_author":"https:\/\/www.facebook.com\/Marie-Gurin-1721050434849149\/","article_published_time":"2014-08-13T08:18:32+00:00","article_modified_time":"2018-02-14T09:09:44+00:00","og_image":[{"width":600,"height":520,"url":"https:\/\/www.elle.be\/fr\/wp-content\/uploads\/2014\/08\/lauren-bacall.jpg","type":"image\/jpeg"}],"author":"Marie Gu\u00e9rin","twitter_card":"summary_large_image","twitter_creator":"@marie_elle_be","twitter_site":"@ELLEBelgique","twitter_misc":{"\u00c9crit par":"Marie Gu\u00e9rin","Dur\u00e9e de lecture estim\u00e9e":"2 minutes"},"schema":{"@context":"https:\/\/schema.org","@graph":[{"@type":"NewsArticle","@id":"https:\/\/www.elle.be\/fr\/50329-lauren-bacall-lecon-mode.html#article","isPartOf":{"@id":"https:\/\/www.elle.be\/fr\/50329-lauren-bacall-lecon-mode.html"},"author":{"name":"Marie Gu\u00e9rin","@id":"https:\/\/www.elle.be\/fr\/#\/schema\/person\/aa4e257722b2e3dd300f8fbdb031db01"},"headline":"Lauren Bacall: une le\u00e7on de mode","datePublished":"2014-08-13T08:18:32+00:00","dateModified":"2018-02-14T09:09:44+00:00","mainEntityOfPage":{"@id":"https:\/\/www.elle.be\/fr\/50329-lauren-bacall-lecon-mode.html"},"wordCount":411,"publisher":{"@id":"https:\/\/www.elle.be\/fr\/#organization"},"image":{"@id":"https:\/\/www.elle.be\/fr\/50329-lauren-bacall-lecon-mode.html#primaryimage"},"thumbnailUrl":"https:\/\/www.elle.be\/fr\/wp-content\/uploads\/2014\/08\/lauren-bacall.jpg","articleSection":["Mode","News Actu"],"inLanguage":"fr-FR"},{"@type":"WebPage","@id":"https:\/\/www.elle.be\/fr\/50329-lauren-bacall-lecon-mode.html","url":"https:\/\/www.elle.be\/fr\/50329-lauren-bacall-lecon-mode.html","name":"Lauren Bacall: une le\u00e7on de mode - ELLE.be","isPartOf":{"@id":"https:\/\/www.elle.be\/fr\/#website"},"primaryImageOfPage":{"@id":"https:\/\/www.elle.be\/fr\/50329-lauren-bacall-lecon-mode.html#primaryimage"},"image":{"@id":"https:\/\/www.elle.be\/fr\/50329-lauren-bacall-lecon-mode.html#primaryimage"},"thumbnailUrl":"https:\/\/www.elle.be\/fr\/wp-content\/uploads\/2014\/08\/lauren-bacall.jpg","datePublished":"2014-08-13T08:18:32+00:00","dateModified":"2018-02-14T09:09:44+00:00","description":"L'ic\u00f4ne d'Hollywood, Lauren Bacall, est d\u00e9c\u00e9d\u00e9e ce mardi 12 ao\u00fbt, \u00e0 l'\u00e2ge de 89 ans. Surnomm\u00e9e \"the look\" pour son regard, l'actrice am\u00e9ricaine \u00e9tait \u00e9galement c\u00e9l\u00e8bre pour son sens du style.","breadcrumb":{"@id":"https:\/\/www.elle.be\/fr\/50329-lauren-bacall-lecon-mode.html#breadcrumb"},"inLanguage":"fr-FR","potentialAction":[{"@type":"ReadAction","target":["https:\/\/www.elle.be\/fr\/50329-lauren-bacall-lecon-mode.html"]}]},{"@type":"ImageObject","inLanguage":"fr-FR","@id":"https:\/\/www.elle.be\/fr\/50329-lauren-bacall-lecon-mode.html#primaryimage","url":"https:\/\/www.elle.be\/fr\/wp-content\/uploads\/2014\/08\/lauren-bacall.jpg","contentUrl":"https:\/\/www.elle.be\/fr\/wp-content\/uploads\/2014\/08\/lauren-bacall.jpg","width":600,"height":520},{"@type":"BreadcrumbList","@id":"https:\/\/www.elle.be\/fr\/50329-lauren-bacall-lecon-mode.html#breadcrumb","itemListElement":[{"@type":"ListItem","position":1,"name":"FR","item":"https:\/\/www.elle.be\/fr"},{"@type":"ListItem","position":2,"name":"Actu","item":"https:\/\/www.elle.be\/fr\/actu"},{"@type":"ListItem","position":3,"name":"News Actu"}]},{"@type":"WebSite","@id":"https:\/\/www.elle.be\/fr\/#website","url":"https:\/\/www.elle.be\/fr\/","name":"ELLE.be","description":"Toutes les infos mode, beaut\u00e9 et lifestyle les plus pointues ainsi qu&#039;un contenu 100% belge d\u00e9clin\u00e9 \u00e0 360\u00b0sur le site ELLE.be, nos r\u00e9seaux sociaux et notre cha\u00eene Youtube.","publisher":{"@id":"https:\/\/www.elle.be\/fr\/#organization"},"potentialAction":[{"@type":"SearchAction","target":{"@type":"EntryPoint","urlTemplate":"https:\/\/www.elle.be\/fr\/?s={search_term_string}"},"query-input":{"@type":"PropertyValueSpecification","valueRequired":true,"valueName":"search_term_string"}}],"inLanguage":"fr-FR"},{"@type":"Organization","@id":"https:\/\/www.elle.be\/fr\/#organization","name":"ELLE Belgique","url":"https:\/\/www.elle.be\/fr\/","logo":{"@type":"ImageObject","inLanguage":"fr-FR","@id":"https:\/\/www.elle.be\/fr\/#\/schema\/logo\/image\/","url":"https:\/\/www.elle.be\/fr\/wp-content\/uploads\/2017\/03\/elle-icon-200px.jpeg","contentUrl":"https:\/\/www.elle.be\/fr\/wp-content\/uploads\/2017\/03\/elle-icon-200px.jpeg","width":200,"height":200,"caption":"ELLE Belgique"},"image":{"@id":"https:\/\/www.elle.be\/fr\/#\/schema\/logo\/image\/"},"sameAs":["https:\/\/www.facebook.com\/ELLEbelgium\/","https:\/\/x.com\/ELLEBelgique","http:\/\/instagram.com\/ellebelgique\/","https:\/\/www.pinterest.com\/ellebelgique\/","https:\/\/www.youtube.com\/user\/ELLEbelgique1"]},{"@type":"Person","@id":"https:\/\/www.elle.be\/fr\/#\/schema\/person\/aa4e257722b2e3dd300f8fbdb031db01","name":"Marie Gu\u00e9rin","image":{"@type":"ImageObject","inLanguage":"fr-FR","@id":"https:\/\/www.elle.be\/fr\/wp-content\/uploads\/2017\/03\/IMG_4442-96x96.jpg","url":"https:\/\/www.elle.be\/fr\/wp-content\/uploads\/2017\/03\/IMG_4442-96x96.jpg","contentUrl":"https:\/\/www.elle.be\/fr\/wp-content\/uploads\/2017\/03\/IMG_4442-96x96.jpg","caption":"Marie Gu\u00e9rin"},"description":"Obs\u00e9d\u00e9e par les stilettos et tout ce qui facilite la marche \u00e0 pied, cette journaliste sportive (ou pas) sillonne pour vous le monde entier (et la Belgique le reste du temps) \u00e0 la recherche de l'actu mode, beaut\u00e9, lifestyle et de ses meilleurs bons plans.","sameAs":["https:\/\/www.facebook.com\/Marie-Gurin-1721050434849149\/","https:\/\/www.instagram.com\/marie_elle_be\/","https:\/\/x.com\/marie_elle_be"],"url":"https:\/\/www.elle.be\/fr\/author\/marie"}]}},"_links":{"self":[{"href":"https:\/\/www.elle.be\/fr\/wp-json\/wp\/v2\/posts\/50329","targetHints":{"allow":["GET"]}}],"collection":[{"href":"https:\/\/www.elle.be\/fr\/wp-json\/wp\/v2\/posts"}],"about":[{"href":"https:\/\/www.elle.be\/fr\/wp-json\/wp\/v2\/types\/post"}],"author":[{"embeddable":true,"href":"https:\/\/www.elle.be\/fr\/wp-json\/wp\/v2\/users\/3"}],"replies":[{"embeddable":true,"href":"https:\/\/www.elle.be\/fr\/wp-json\/wp\/v2\/comments?post=50329"}],"version-history":[{"count":1,"href":"https:\/\/www.elle.be\/fr\/wp-json\/wp\/v2\/posts\/50329\/revisions"}],"predecessor-version":[{"id":202830,"href":"https:\/\/www.elle.be\/fr\/wp-json\/wp\/v2\/posts\/50329\/revisions\/202830"}],"wp:featuredmedia":[{"embeddable":true,"href":"https:\/\/www.elle.be\/fr\/wp-json\/wp\/v2\/media\/50347"}],"wp:attachment":[{"href":"https:\/\/www.elle.be\/fr\/wp-json\/wp\/v2\/media?parent=50329"}],"wp:term":[{"taxonomy":"category","embeddable":true,"href":"https:\/\/www.elle.be\/fr\/wp-json\/wp\/v2\/categories?post=50329"},{"taxonomy":"post_tag","embeddable":true,"href":"https:\/\/www.elle.be\/fr\/wp-json\/wp\/v2\/tags?post=50329"}],"curies":[{"name":"wp","href":"https:\/\/api.w.org\/{rel}","templated":true}]}}