{"id":477596,"date":"2026-09-01T14:14:38","date_gmt":"2026-09-01T12:14:38","guid":{"rendered":"https:\/\/www.elle.be\/fr\/?p=477596"},"modified":"2026-08-21T10:24:22","modified_gmt":"2026-08-21T08:24:22","slug":"expos-septembre-bruxelles","status":"publish","type":"post","link":"https:\/\/www.elle.be\/fr\/477596-expos-septembre-bruxelles.html","title":{"rendered":"D\u2019Ai Weiwei \u00e0 Hans Op de Beeck, 8 expos \u00e0 ne pas manquer \u00e0 Bruxelles en septembre"},"content":{"rendered":"","protected":false},"excerpt":{"rendered":"Photographie japonaise, art belge et sujets br\u00fblants : la rentr\u00e9e culturelle bruxelloise s\u2019annonce charg\u00e9e. ...","protected":false},"author":124,"featured_media":477594,"comment_status":"open","ping_status":"closed","sticky":false,"template":"","format":"standard","meta":{"_acf_changed":false,"_yoast_wpseo_canonical":"","image_verticale":477595,"gif":0,"url_video":"","footnotes":""},"categories":[1186,2219],"tags":[49,303,468,613],"class_list":["post-477596","post","type-post","status-publish","format-standard","has-post-thumbnail","hentry","category-actu","category-culture","tag-bruxelles","tag-culture","tag-agenda","tag-expo"],"acf":{"credits_auteur_initial":"","credits_photographe":"","credits_link":"","credits_galerie":""},"image_verticale":"477595","_yoast_wpseo_title":"D\u2019Ai Weiwei \u00e0 Hans Op de Beeck, 8 expos \u00e0 ne pas manquer \u00e0 Bruxelles en septembre","_yoast_wpseo_metadesc":"Photographie japonaise, art belge et th\u00e8mes actuels dans des galeries m\u00e9connues : ces expos \u00e0 voir \u00e0 Bruxelles en septembre 2026.","_yoast_wpseo_focuskw_text_input":null,"_yoast_wpseo_opengraph-title":null,"yoast_head":"<!-- This site is optimized with the Yoast SEO plugin v28.2 - https:\/\/yoast.com\/product\/yoast-seo-wordpress\/ -->\n<title>D\u2019Ai Weiwei \u00e0 Hans Op de Beeck, 8 expos \u00e0 ne pas manquer \u00e0 Bruxelles en septembre<\/title>\n<meta name=\"description\" content=\"Photographie japonaise, art belge et th\u00e8mes actuels dans des galeries m\u00e9connues : ces expos \u00e0 voir \u00e0 Bruxelles en septembre 2026.\" \/>\n<meta name=\"robots\" content=\"index, follow, max-snippet:-1, max-image-preview:large, max-video-preview:-1\" \/>\n<link rel=\"canonical\" href=\"https:\/\/www.elle.be\/fr\/477596-expos-septembre-bruxelles.html\" \/>\n<meta property=\"og:locale\" content=\"fr_FR\" \/>\n<meta property=\"og:type\" content=\"article\" \/>\n<meta property=\"og:title\" content=\"D\u2019Ai Weiwei \u00e0 Hans Op de Beeck, 8 expos \u00e0 ne pas manquer \u00e0 Bruxelles en septembre\" \/>\n<meta property=\"og:description\" content=\"Photographie japonaise, art belge et th\u00e8mes actuels dans des galeries m\u00e9connues : ces expos \u00e0 voir \u00e0 Bruxelles en septembre 2026.\" \/>\n<meta property=\"og:url\" content=\"https:\/\/www.elle.be\/fr\/477596-expos-septembre-bruxelles.html\" \/>\n<meta property=\"og:site_name\" content=\"ELLE.be\" \/>\n<meta property=\"article:publisher\" content=\"https:\/\/www.facebook.com\/ELLEbelgium\/\" \/>\n<meta property=\"article:published_time\" content=\"2026-09-01T12:14:38+00:00\" \/>\n<meta property=\"og:image\" content=\"https:\/\/www.elle.be\/fr\/wp-content\/uploads\/2026\/08\/437981-expos.jpg\" \/>\n\t<meta property=\"og:image:width\" content=\"1650\" \/>\n\t<meta property=\"og:image:height\" content=\"864\" \/>\n\t<meta property=\"og:image:type\" content=\"image\/jpeg\" \/>\n<meta name=\"author\" content=\"Lore Ginneberge\" \/>\n<meta name=\"twitter:card\" content=\"summary_large_image\" \/>\n<meta name=\"twitter:creator\" content=\"@ELLEBelgique\" \/>\n<meta name=\"twitter:site\" content=\"@ELLEBelgique\" \/>\n<meta name=\"twitter:label1\" content=\"\u00c9crit par\" \/>\n\t<meta name=\"twitter:data1\" content=\"Lore Ginneberge\" \/>\n\t<meta name=\"twitter:label2\" content=\"Dur\u00e9e de lecture estim\u00e9e\" \/>\n\t<meta name=\"twitter:data2\" content=\"7 minutes\" \/>\n<script type=\"application\/ld+json\" class=\"yoast-schema-graph\">{\"@context\":\"https:\\\/\\\/schema.org\",\"@graph\":[{\"@type\":\"NewsArticle\",\"@id\":\"https:\\\/\\\/www.elle.be\\\/fr\\\/477596-expos-septembre-bruxelles.html#article\",\"isPartOf\":{\"@id\":\"https:\\\/\\\/www.elle.be\\\/fr\\\/477596-expos-septembre-bruxelles.html\"},\"author\":{\"name\":\"Lore Ginneberge\",\"@id\":\"https:\\\/\\\/www.elle.be\\\/fr\\\/#\\\/schema\\\/person\\\/af7d525178055f7524781c84b360a6b7\"},\"headline\":\"D\u2019Ai Weiwei \u00e0 Hans Op de Beeck, 8 expos \u00e0 ne pas manquer \u00e0 Bruxelles en septembre\",\"datePublished\":\"2026-09-01T12:14:38+00:00\",\"mainEntityOfPage\":{\"@id\":\"https:\\\/\\\/www.elle.be\\\/fr\\\/477596-expos-septembre-bruxelles.html\"},\"wordCount\":1076,\"commentCount\":0,\"publisher\":{\"@id\":\"https:\\\/\\\/www.elle.be\\\/fr\\\/#organization\"},\"image\":{\"@id\":\"https:\\\/\\\/www.elle.be\\\/fr\\\/477596-expos-septembre-bruxelles.html#primaryimage\"},\"thumbnailUrl\":\"https:\\\/\\\/www.elle.be\\\/fr\\\/wp-content\\\/uploads\\\/2026\\\/08\\\/437981-expos.jpg\",\"keywords\":[\"bruxelles\",\"culture\",\"agenda\",\"expo\"],\"articleSection\":[\"Actu\",\"Culture\"],\"inLanguage\":\"fr-FR\",\"potentialAction\":[{\"@type\":\"CommentAction\",\"name\":\"Comment\",\"target\":[\"https:\\\/\\\/www.elle.be\\\/fr\\\/477596-expos-septembre-bruxelles.html#respond\"]}]},{\"@type\":\"WebPage\",\"@id\":\"https:\\\/\\\/www.elle.be\\\/fr\\\/477596-expos-septembre-bruxelles.html\",\"url\":\"https:\\\/\\\/www.elle.be\\\/fr\\\/477596-expos-septembre-bruxelles.html\",\"name\":\"D\u2019Ai Weiwei \u00e0 Hans Op de Beeck, 8 expos \u00e0 ne pas manquer \u00e0 Bruxelles en septembre\",\"isPartOf\":{\"@id\":\"https:\\\/\\\/www.elle.be\\\/fr\\\/#website\"},\"primaryImageOfPage\":{\"@id\":\"https:\\\/\\\/www.elle.be\\\/fr\\\/477596-expos-septembre-bruxelles.html#primaryimage\"},\"image\":{\"@id\":\"https:\\\/\\\/www.elle.be\\\/fr\\\/477596-expos-septembre-bruxelles.html#primaryimage\"},\"thumbnailUrl\":\"https:\\\/\\\/www.elle.be\\\/fr\\\/wp-content\\\/uploads\\\/2026\\\/08\\\/437981-expos.jpg\",\"datePublished\":\"2026-09-01T12:14:38+00:00\",\"description\":\"Photographie japonaise, art belge et th\u00e8mes actuels dans des galeries m\u00e9connues : ces expos \u00e0 voir \u00e0 Bruxelles en septembre 2026.\",\"breadcrumb\":{\"@id\":\"https:\\\/\\\/www.elle.be\\\/fr\\\/477596-expos-septembre-bruxelles.html#breadcrumb\"},\"inLanguage\":\"fr-FR\",\"potentialAction\":[{\"@type\":\"ReadAction\",\"target\":[\"https:\\\/\\\/www.elle.be\\\/fr\\\/477596-expos-septembre-bruxelles.html\"]}]},{\"@type\":\"ImageObject\",\"inLanguage\":\"fr-FR\",\"@id\":\"https:\\\/\\\/www.elle.be\\\/fr\\\/477596-expos-septembre-bruxelles.html#primaryimage\",\"url\":\"https:\\\/\\\/www.elle.be\\\/fr\\\/wp-content\\\/uploads\\\/2026\\\/08\\\/437981-expos.jpg\",\"contentUrl\":\"https:\\\/\\\/www.elle.be\\\/fr\\\/wp-content\\\/uploads\\\/2026\\\/08\\\/437981-expos.jpg\",\"width\":1650,\"height\":864,\"caption\":\"Shibuya Noriko, Takenoko-zoku, 1979-1982. \u00a9 Shibuya Noriko en Le Plac\u2019art Photo \\\/ William Kentridge, Tightrope of Our Hope, 2023. \u00a9 William Kentridge\"},{\"@type\":\"BreadcrumbList\",\"@id\":\"https:\\\/\\\/www.elle.be\\\/fr\\\/477596-expos-septembre-bruxelles.html#breadcrumb\",\"itemListElement\":[{\"@type\":\"ListItem\",\"position\":1,\"name\":\"FR\",\"item\":\"https:\\\/\\\/www.elle.be\\\/fr\"},{\"@type\":\"ListItem\",\"position\":2,\"name\":\"Actu\",\"item\":\"https:\\\/\\\/www.elle.be\\\/fr\\\/actu\"},{\"@type\":\"ListItem\",\"position\":3,\"name\":\"D\u2019Ai Weiwei \u00e0 Hans Op de Beeck, 8 expos \u00e0 ne pas manquer \u00e0 Bruxelles en septembre\"}]},{\"@type\":\"WebSite\",\"@id\":\"https:\\\/\\\/www.elle.be\\\/fr\\\/#website\",\"url\":\"https:\\\/\\\/www.elle.be\\\/fr\\\/\",\"name\":\"ELLE.be\",\"description\":\"Toutes les infos mode, beaut\u00e9 et lifestyle les plus pointues ainsi qu&#039;un contenu 100% belge d\u00e9clin\u00e9 \u00e0 360\u00b0sur le site ELLE.be, nos r\u00e9seaux sociaux et notre cha\u00eene Youtube.\",\"publisher\":{\"@id\":\"https:\\\/\\\/www.elle.be\\\/fr\\\/#organization\"},\"potentialAction\":[{\"@type\":\"SearchAction\",\"target\":{\"@type\":\"EntryPoint\",\"urlTemplate\":\"https:\\\/\\\/www.elle.be\\\/fr\\\/?s={search_term_string}\"},\"query-input\":{\"@type\":\"PropertyValueSpecification\",\"valueRequired\":true,\"valueName\":\"search_term_string\"}}],\"inLanguage\":\"fr-FR\"},{\"@type\":\"Organization\",\"@id\":\"https:\\\/\\\/www.elle.be\\\/fr\\\/#organization\",\"name\":\"ELLE Belgique\",\"url\":\"https:\\\/\\\/www.elle.be\\\/fr\\\/\",\"logo\":{\"@type\":\"ImageObject\",\"inLanguage\":\"fr-FR\",\"@id\":\"https:\\\/\\\/www.elle.be\\\/fr\\\/#\\\/schema\\\/logo\\\/image\\\/\",\"url\":\"https:\\\/\\\/www.elle.be\\\/fr\\\/wp-content\\\/uploads\\\/2017\\\/03\\\/elle-icon-200px.jpeg\",\"contentUrl\":\"https:\\\/\\\/www.elle.be\\\/fr\\\/wp-content\\\/uploads\\\/2017\\\/03\\\/elle-icon-200px.jpeg\",\"width\":200,\"height\":200,\"caption\":\"ELLE Belgique\"},\"image\":{\"@id\":\"https:\\\/\\\/www.elle.be\\\/fr\\\/#\\\/schema\\\/logo\\\/image\\\/\"},\"sameAs\":[\"https:\\\/\\\/www.facebook.com\\\/ELLEbelgium\\\/\",\"https:\\\/\\\/x.com\\\/ELLEBelgique\",\"http:\\\/\\\/instagram.com\\\/ellebelgique\\\/\",\"https:\\\/\\\/www.pinterest.com\\\/ellebelgique\\\/\",\"https:\\\/\\\/www.youtube.com\\\/user\\\/ELLEbelgique1\"]},{\"@type\":\"Person\",\"@id\":\"https:\\\/\\\/www.elle.be\\\/fr\\\/#\\\/schema\\\/person\\\/af7d525178055f7524781c84b360a6b7\",\"name\":\"Lore Ginneberge\",\"image\":{\"@type\":\"ImageObject\",\"inLanguage\":\"fr-FR\",\"@id\":\"https:\\\/\\\/www.elle.be\\\/fr\\\/wp-content\\\/uploads\\\/2025\\\/09\\\/empl-loreg2-copy-96x96.jpg\",\"url\":\"https:\\\/\\\/www.elle.be\\\/fr\\\/wp-content\\\/uploads\\\/2025\\\/09\\\/empl-loreg2-copy-96x96.jpg\",\"contentUrl\":\"https:\\\/\\\/www.elle.be\\\/fr\\\/wp-content\\\/uploads\\\/2025\\\/09\\\/empl-loreg2-copy-96x96.jpg\",\"caption\":\"Lore Ginneberge\"},\"description\":\"Lore est Head of Content du site. Elle \u00e9crit sur la mode et la beaut\u00e9, toujours partante pour d\u00e9crypter votre signe astrologique ou analyser votre palette de couleurs. Hors ligne, on la retrouve le plus souvent au studio de pilates ou plong\u00e9e dans un nouveau bestseller.\",\"url\":\"https:\\\/\\\/www.elle.be\\\/fr\\\/author\\\/lore-ginneberge\"}]}<\/script>\n<!-- \/ Yoast SEO plugin. -->","yoast_head_json":{"title":"D\u2019Ai Weiwei \u00e0 Hans Op de Beeck, 8 expos \u00e0 ne pas manquer \u00e0 Bruxelles en septembre","description":"Photographie japonaise, art belge et th\u00e8mes actuels dans des galeries m\u00e9connues : ces expos \u00e0 voir \u00e0 Bruxelles en septembre 2026.","robots":{"index":"index","follow":"follow","max-snippet":"max-snippet:-1","max-image-preview":"max-image-preview:large","max-video-preview":"max-video-preview:-1"},"canonical":"https:\/\/www.elle.be\/fr\/477596-expos-septembre-bruxelles.html","og_locale":"fr_FR","og_type":"article","og_title":"D\u2019Ai Weiwei \u00e0 Hans Op de Beeck, 8 expos \u00e0 ne pas manquer \u00e0 Bruxelles en septembre","og_description":"Photographie japonaise, art belge et th\u00e8mes actuels dans des galeries m\u00e9connues : ces expos \u00e0 voir \u00e0 Bruxelles en septembre 2026.","og_url":"https:\/\/www.elle.be\/fr\/477596-expos-septembre-bruxelles.html","og_site_name":"ELLE.be","article_publisher":"https:\/\/www.facebook.com\/ELLEbelgium\/","article_published_time":"2026-09-01T12:14:38+00:00","og_image":[{"width":1650,"height":864,"url":"https:\/\/www.elle.be\/fr\/wp-content\/uploads\/2026\/08\/437981-expos.jpg","type":"image\/jpeg"}],"author":"Lore Ginneberge","twitter_card":"summary_large_image","twitter_creator":"@ELLEBelgique","twitter_site":"@ELLEBelgique","twitter_misc":{"\u00c9crit par":"Lore Ginneberge","Dur\u00e9e de lecture estim\u00e9e":"7 minutes"},"schema":{"@context":"https:\/\/schema.org","@graph":[{"@type":"NewsArticle","@id":"https:\/\/www.elle.be\/fr\/477596-expos-septembre-bruxelles.html#article","isPartOf":{"@id":"https:\/\/www.elle.be\/fr\/477596-expos-septembre-bruxelles.html"},"author":{"name":"Lore Ginneberge","@id":"https:\/\/www.elle.be\/fr\/#\/schema\/person\/af7d525178055f7524781c84b360a6b7"},"headline":"D\u2019Ai Weiwei \u00e0 Hans Op de Beeck, 8 expos \u00e0 ne pas manquer \u00e0 Bruxelles en septembre","datePublished":"2026-09-01T12:14:38+00:00","mainEntityOfPage":{"@id":"https:\/\/www.elle.be\/fr\/477596-expos-septembre-bruxelles.html"},"wordCount":1076,"commentCount":0,"publisher":{"@id":"https:\/\/www.elle.be\/fr\/#organization"},"image":{"@id":"https:\/\/www.elle.be\/fr\/477596-expos-septembre-bruxelles.html#primaryimage"},"thumbnailUrl":"https:\/\/www.elle.be\/fr\/wp-content\/uploads\/2026\/08\/437981-expos.jpg","keywords":["bruxelles","culture","agenda","expo"],"articleSection":["Actu","Culture"],"inLanguage":"fr-FR","potentialAction":[{"@type":"CommentAction","name":"Comment","target":["https:\/\/www.elle.be\/fr\/477596-expos-septembre-bruxelles.html#respond"]}]},{"@type":"WebPage","@id":"https:\/\/www.elle.be\/fr\/477596-expos-septembre-bruxelles.html","url":"https:\/\/www.elle.be\/fr\/477596-expos-septembre-bruxelles.html","name":"D\u2019Ai Weiwei \u00e0 Hans Op de Beeck, 8 expos \u00e0 ne pas manquer \u00e0 Bruxelles en septembre","isPartOf":{"@id":"https:\/\/www.elle.be\/fr\/#website"},"primaryImageOfPage":{"@id":"https:\/\/www.elle.be\/fr\/477596-expos-septembre-bruxelles.html#primaryimage"},"image":{"@id":"https:\/\/www.elle.be\/fr\/477596-expos-septembre-bruxelles.html#primaryimage"},"thumbnailUrl":"https:\/\/www.elle.be\/fr\/wp-content\/uploads\/2026\/08\/437981-expos.jpg","datePublished":"2026-09-01T12:14:38+00:00","description":"Photographie japonaise, art belge et th\u00e8mes actuels dans des galeries m\u00e9connues : ces expos \u00e0 voir \u00e0 Bruxelles en septembre 2026.","breadcrumb":{"@id":"https:\/\/www.elle.be\/fr\/477596-expos-septembre-bruxelles.html#breadcrumb"},"inLanguage":"fr-FR","potentialAction":[{"@type":"ReadAction","target":["https:\/\/www.elle.be\/fr\/477596-expos-septembre-bruxelles.html"]}]},{"@type":"ImageObject","inLanguage":"fr-FR","@id":"https:\/\/www.elle.be\/fr\/477596-expos-septembre-bruxelles.html#primaryimage","url":"https:\/\/www.elle.be\/fr\/wp-content\/uploads\/2026\/08\/437981-expos.jpg","contentUrl":"https:\/\/www.elle.be\/fr\/wp-content\/uploads\/2026\/08\/437981-expos.jpg","width":1650,"height":864,"caption":"Shibuya Noriko, Takenoko-zoku, 1979-1982. \u00a9 Shibuya Noriko en Le Plac\u2019art Photo \/ William Kentridge, Tightrope of Our Hope, 2023. \u00a9 William Kentridge"},{"@type":"BreadcrumbList","@id":"https:\/\/www.elle.be\/fr\/477596-expos-septembre-bruxelles.html#breadcrumb","itemListElement":[{"@type":"ListItem","position":1,"name":"FR","item":"https:\/\/www.elle.be\/fr"},{"@type":"ListItem","position":2,"name":"Actu","item":"https:\/\/www.elle.be\/fr\/actu"},{"@type":"ListItem","position":3,"name":"D\u2019Ai Weiwei \u00e0 Hans Op de Beeck, 8 expos \u00e0 ne pas manquer \u00e0 Bruxelles en septembre"}]},{"@type":"WebSite","@id":"https:\/\/www.elle.be\/fr\/#website","url":"https:\/\/www.elle.be\/fr\/","name":"ELLE.be","description":"Toutes les infos mode, beaut\u00e9 et lifestyle les plus pointues ainsi qu&#039;un contenu 100% belge d\u00e9clin\u00e9 \u00e0 360\u00b0sur le site ELLE.be, nos r\u00e9seaux sociaux et notre cha\u00eene Youtube.","publisher":{"@id":"https:\/\/www.elle.be\/fr\/#organization"},"potentialAction":[{"@type":"SearchAction","target":{"@type":"EntryPoint","urlTemplate":"https:\/\/www.elle.be\/fr\/?s={search_term_string}"},"query-input":{"@type":"PropertyValueSpecification","valueRequired":true,"valueName":"search_term_string"}}],"inLanguage":"fr-FR"},{"@type":"Organization","@id":"https:\/\/www.elle.be\/fr\/#organization","name":"ELLE Belgique","url":"https:\/\/www.elle.be\/fr\/","logo":{"@type":"ImageObject","inLanguage":"fr-FR","@id":"https:\/\/www.elle.be\/fr\/#\/schema\/logo\/image\/","url":"https:\/\/www.elle.be\/fr\/wp-content\/uploads\/2017\/03\/elle-icon-200px.jpeg","contentUrl":"https:\/\/www.elle.be\/fr\/wp-content\/uploads\/2017\/03\/elle-icon-200px.jpeg","width":200,"height":200,"caption":"ELLE Belgique"},"image":{"@id":"https:\/\/www.elle.be\/fr\/#\/schema\/logo\/image\/"},"sameAs":["https:\/\/www.facebook.com\/ELLEbelgium\/","https:\/\/x.com\/ELLEBelgique","http:\/\/instagram.com\/ellebelgique\/","https:\/\/www.pinterest.com\/ellebelgique\/","https:\/\/www.youtube.com\/user\/ELLEbelgique1"]},{"@type":"Person","@id":"https:\/\/www.elle.be\/fr\/#\/schema\/person\/af7d525178055f7524781c84b360a6b7","name":"Lore Ginneberge","image":{"@type":"ImageObject","inLanguage":"fr-FR","@id":"https:\/\/www.elle.be\/fr\/wp-content\/uploads\/2025\/09\/empl-loreg2-copy-96x96.jpg","url":"https:\/\/www.elle.be\/fr\/wp-content\/uploads\/2025\/09\/empl-loreg2-copy-96x96.jpg","contentUrl":"https:\/\/www.elle.be\/fr\/wp-content\/uploads\/2025\/09\/empl-loreg2-copy-96x96.jpg","caption":"Lore Ginneberge"},"description":"Lore est Head of Content du site. Elle \u00e9crit sur la mode et la beaut\u00e9, toujours partante pour d\u00e9crypter votre signe astrologique ou analyser votre palette de couleurs. Hors ligne, on la retrouve le plus souvent au studio de pilates ou plong\u00e9e dans un nouveau bestseller.","url":"https:\/\/www.elle.be\/fr\/author\/lore-ginneberge"}]}},"_links":{"self":[{"href":"https:\/\/www.elle.be\/fr\/wp-json\/wp\/v2\/posts\/477596","targetHints":{"allow":["GET"]}}],"collection":[{"href":"https:\/\/www.elle.be\/fr\/wp-json\/wp\/v2\/posts"}],"about":[{"href":"https:\/\/www.elle.be\/fr\/wp-json\/wp\/v2\/types\/post"}],"author":[{"embeddable":true,"href":"https:\/\/www.elle.be\/fr\/wp-json\/wp\/v2\/users\/124"}],"replies":[{"embeddable":true,"href":"https:\/\/www.elle.be\/fr\/wp-json\/wp\/v2\/comments?post=477596"}],"version-history":[{"count":2,"href":"https:\/\/www.elle.be\/fr\/wp-json\/wp\/v2\/posts\/477596\/revisions"}],"predecessor-version":[{"id":477617,"href":"https:\/\/www.elle.be\/fr\/wp-json\/wp\/v2\/posts\/477596\/revisions\/477617"}],"wp:featuredmedia":[{"embeddable":true,"href":"https:\/\/www.elle.be\/fr\/wp-json\/wp\/v2\/media\/477594"}],"wp:attachment":[{"href":"https:\/\/www.elle.be\/fr\/wp-json\/wp\/v2\/media?parent=477596"}],"wp:term":[{"taxonomy":"category","embeddable":true,"href":"https:\/\/www.elle.be\/fr\/wp-json\/wp\/v2\/categories?post=477596"},{"taxonomy":"post_tag","embeddable":true,"href":"https:\/\/www.elle.be\/fr\/wp-json\/wp\/v2\/tags?post=477596"}],"curies":[{"name":"wp","href":"https:\/\/api.w.org\/{rel}","templated":true}]}}