{"id":477433,"date":"2026-09-04T14:57:26","date_gmt":"2026-09-04T12:57:26","guid":{"rendered":"https:\/\/www.elle.be\/fr\/?p=477433"},"modified":"2026-09-04T13:14:42","modified_gmt":"2026-09-04T11:14:42","slug":"chute-cheveux-sisley-revitalizing-fortifying-super-serum","status":"publish","type":"post","link":"https:\/\/www.elle.be\/fr\/477433-chute-cheveux-sisley-revitalizing-fortifying-super-serum.html","title":{"rendered":"Moins de chute et de cheveux gris plus tard ? Ce s\u00e9rum s\u2019attaque au vieillissement capillaire \u00e0 la racine"},"content":{"rendered":"","protected":false},"excerpt":{"rendered":"Cinq ann\u00e9es de recherche et une nouvelle fa\u00e7on d\u2019envisager le vieillissement des cheveux. ...","protected":false},"author":124,"featured_media":477431,"comment_status":"open","ping_status":"closed","sticky":false,"template":"","format":"standard","meta":{"_acf_changed":false,"_yoast_wpseo_canonical":"","image_verticale":477432,"gif":0,"url_video":"","footnotes":""},"categories":[2842,2211],"tags":[657,3710,4108,4349],"class_list":["post-477433","post","type-post","status-publish","format-standard","has-post-thumbnail","hentry","category-beaute","category-cheveux","tag-sisley","tag-serum","tag-cuir-chevelu","tag-chute-de-cheveux"],"acf":{"credits_auteur_initial":"","credits_photographe":"","credits_link":"","credits_galerie":""},"image_verticale":"477432","_yoast_wpseo_title":"Moins de chute et de cheveux gris ? Ce s\u00e9rum Sisley r\u00e9volutionne le vieillissement capillaire","_yoast_wpseo_metadesc":"Apr\u00e8s cinq ans de recherche sur le microbiome du cuir chevelu, le Revitalizing Fortifying Super Serum Sisley d\u00e9voile une nouvelle formule.","_yoast_wpseo_focuskw_text_input":null,"_yoast_wpseo_opengraph-title":null,"yoast_head":"<!-- This site is optimized with the Yoast SEO plugin v28.2 - https:\/\/yoast.com\/product\/yoast-seo-wordpress\/ -->\n<title>Moins de chute et de cheveux gris ? Ce s\u00e9rum Sisley r\u00e9volutionne le vieillissement capillaire<\/title>\n<meta name=\"description\" content=\"Apr\u00e8s cinq ans de recherche sur le microbiome du cuir chevelu, le Revitalizing Fortifying Super Serum Sisley d\u00e9voile une nouvelle formule.\" \/>\n<meta name=\"robots\" content=\"index, follow, max-snippet:-1, max-image-preview:large, max-video-preview:-1\" \/>\n<link rel=\"canonical\" href=\"https:\/\/www.elle.be\/fr\/477433-chute-cheveux-sisley-revitalizing-fortifying-super-serum.html\" \/>\n<meta property=\"og:locale\" content=\"fr_FR\" \/>\n<meta property=\"og:type\" content=\"article\" \/>\n<meta property=\"og:title\" content=\"Moins de chute et de cheveux gris ? Ce s\u00e9rum Sisley r\u00e9volutionne le vieillissement capillaire\" \/>\n<meta property=\"og:description\" content=\"Apr\u00e8s cinq ans de recherche sur le microbiome du cuir chevelu, le Revitalizing Fortifying Super Serum Sisley d\u00e9voile une nouvelle formule.\" \/>\n<meta property=\"og:url\" content=\"https:\/\/www.elle.be\/fr\/477433-chute-cheveux-sisley-revitalizing-fortifying-super-serum.html\" \/>\n<meta property=\"og:site_name\" content=\"ELLE.be\" \/>\n<meta property=\"article:publisher\" content=\"https:\/\/www.facebook.com\/ELLEbelgium\/\" \/>\n<meta property=\"article:published_time\" content=\"2026-09-04T12:57:26+00:00\" \/>\n<meta property=\"og:image\" content=\"https:\/\/www.elle.be\/fr\/wp-content\/uploads\/2026\/08\/437682-visual-model-revitalizing-fortifying-super-serum-17-copy.jpg\" \/>\n\t<meta property=\"og:image:width\" content=\"1300\" \/>\n\t<meta property=\"og:image:height\" content=\"680\" \/>\n\t<meta property=\"og:image:type\" content=\"image\/jpeg\" \/>\n<meta name=\"author\" content=\"Lore Ginneberge\" \/>\n<meta name=\"twitter:card\" content=\"summary_large_image\" \/>\n<meta name=\"twitter:creator\" content=\"@ELLEBelgique\" \/>\n<meta name=\"twitter:site\" content=\"@ELLEBelgique\" \/>\n<meta name=\"twitter:label1\" content=\"\u00c9crit par\" \/>\n\t<meta name=\"twitter:data1\" content=\"Lore Ginneberge\" \/>\n\t<meta name=\"twitter:label2\" content=\"Dur\u00e9e de lecture estim\u00e9e\" \/>\n\t<meta name=\"twitter:data2\" content=\"6 minutes\" \/>\n<script type=\"application\/ld+json\" class=\"yoast-schema-graph\">{\"@context\":\"https:\\\/\\\/schema.org\",\"@graph\":[{\"@type\":\"NewsArticle\",\"@id\":\"https:\\\/\\\/www.elle.be\\\/fr\\\/477433-chute-cheveux-sisley-revitalizing-fortifying-super-serum.html#article\",\"isPartOf\":{\"@id\":\"https:\\\/\\\/www.elle.be\\\/fr\\\/477433-chute-cheveux-sisley-revitalizing-fortifying-super-serum.html\"},\"author\":{\"name\":\"Lore Ginneberge\",\"@id\":\"https:\\\/\\\/www.elle.be\\\/fr\\\/#\\\/schema\\\/person\\\/af7d525178055f7524781c84b360a6b7\"},\"headline\":\"Moins de chute et de cheveux gris plus tard ? Ce s\u00e9rum s\u2019attaque au vieillissement capillaire \u00e0 la racine\",\"datePublished\":\"2026-09-04T12:57:26+00:00\",\"mainEntityOfPage\":{\"@id\":\"https:\\\/\\\/www.elle.be\\\/fr\\\/477433-chute-cheveux-sisley-revitalizing-fortifying-super-serum.html\"},\"wordCount\":1090,\"commentCount\":0,\"publisher\":{\"@id\":\"https:\\\/\\\/www.elle.be\\\/fr\\\/#organization\"},\"image\":{\"@id\":\"https:\\\/\\\/www.elle.be\\\/fr\\\/477433-chute-cheveux-sisley-revitalizing-fortifying-super-serum.html#primaryimage\"},\"thumbnailUrl\":\"https:\\\/\\\/www.elle.be\\\/fr\\\/wp-content\\\/uploads\\\/2026\\\/08\\\/437682-visual-model-revitalizing-fortifying-super-serum-17-copy.jpg\",\"keywords\":[\"sisley\",\"s\u00e9rum\",\"cuir chevelu\",\"chute de cheveux\"],\"articleSection\":[\"Beaut\u00e9\",\"Cheveux\"],\"inLanguage\":\"fr-FR\",\"potentialAction\":[{\"@type\":\"CommentAction\",\"name\":\"Comment\",\"target\":[\"https:\\\/\\\/www.elle.be\\\/fr\\\/477433-chute-cheveux-sisley-revitalizing-fortifying-super-serum.html#respond\"]}]},{\"@type\":\"WebPage\",\"@id\":\"https:\\\/\\\/www.elle.be\\\/fr\\\/477433-chute-cheveux-sisley-revitalizing-fortifying-super-serum.html\",\"url\":\"https:\\\/\\\/www.elle.be\\\/fr\\\/477433-chute-cheveux-sisley-revitalizing-fortifying-super-serum.html\",\"name\":\"Moins de chute et de cheveux gris ? Ce s\u00e9rum Sisley r\u00e9volutionne le vieillissement capillaire\",\"isPartOf\":{\"@id\":\"https:\\\/\\\/www.elle.be\\\/fr\\\/#website\"},\"primaryImageOfPage\":{\"@id\":\"https:\\\/\\\/www.elle.be\\\/fr\\\/477433-chute-cheveux-sisley-revitalizing-fortifying-super-serum.html#primaryimage\"},\"image\":{\"@id\":\"https:\\\/\\\/www.elle.be\\\/fr\\\/477433-chute-cheveux-sisley-revitalizing-fortifying-super-serum.html#primaryimage\"},\"thumbnailUrl\":\"https:\\\/\\\/www.elle.be\\\/fr\\\/wp-content\\\/uploads\\\/2026\\\/08\\\/437682-visual-model-revitalizing-fortifying-super-serum-17-copy.jpg\",\"datePublished\":\"2026-09-04T12:57:26+00:00\",\"description\":\"Apr\u00e8s cinq ans de recherche sur le microbiome du cuir chevelu, le Revitalizing Fortifying Super Serum Sisley d\u00e9voile une nouvelle formule.\",\"breadcrumb\":{\"@id\":\"https:\\\/\\\/www.elle.be\\\/fr\\\/477433-chute-cheveux-sisley-revitalizing-fortifying-super-serum.html#breadcrumb\"},\"inLanguage\":\"fr-FR\",\"potentialAction\":[{\"@type\":\"ReadAction\",\"target\":[\"https:\\\/\\\/www.elle.be\\\/fr\\\/477433-chute-cheveux-sisley-revitalizing-fortifying-super-serum.html\"]}]},{\"@type\":\"ImageObject\",\"inLanguage\":\"fr-FR\",\"@id\":\"https:\\\/\\\/www.elle.be\\\/fr\\\/477433-chute-cheveux-sisley-revitalizing-fortifying-super-serum.html#primaryimage\",\"url\":\"https:\\\/\\\/www.elle.be\\\/fr\\\/wp-content\\\/uploads\\\/2026\\\/08\\\/437682-visual-model-revitalizing-fortifying-super-serum-17-copy.jpg\",\"contentUrl\":\"https:\\\/\\\/www.elle.be\\\/fr\\\/wp-content\\\/uploads\\\/2026\\\/08\\\/437682-visual-model-revitalizing-fortifying-super-serum-17-copy.jpg\",\"width\":1300,\"height\":680,\"caption\":\"Hair Rituel by Sisley\"},{\"@type\":\"BreadcrumbList\",\"@id\":\"https:\\\/\\\/www.elle.be\\\/fr\\\/477433-chute-cheveux-sisley-revitalizing-fortifying-super-serum.html#breadcrumb\",\"itemListElement\":[{\"@type\":\"ListItem\",\"position\":1,\"name\":\"FR\",\"item\":\"https:\\\/\\\/www.elle.be\\\/fr\"},{\"@type\":\"ListItem\",\"position\":2,\"name\":\"Beaut\u00e9\",\"item\":\"https:\\\/\\\/www.elle.be\\\/fr\\\/beaute\"},{\"@type\":\"ListItem\",\"position\":3,\"name\":\"Moins de chute et de cheveux gris plus tard ? Ce s\u00e9rum s\u2019attaque au vieillissement capillaire \u00e0 la racine\"}]},{\"@type\":\"WebSite\",\"@id\":\"https:\\\/\\\/www.elle.be\\\/fr\\\/#website\",\"url\":\"https:\\\/\\\/www.elle.be\\\/fr\\\/\",\"name\":\"ELLE.be\",\"description\":\"Toutes les infos mode, beaut\u00e9 et lifestyle les plus pointues ainsi qu&#039;un contenu 100% belge d\u00e9clin\u00e9 \u00e0 360\u00b0sur le site ELLE.be, nos r\u00e9seaux sociaux et notre cha\u00eene Youtube.\",\"publisher\":{\"@id\":\"https:\\\/\\\/www.elle.be\\\/fr\\\/#organization\"},\"potentialAction\":[{\"@type\":\"SearchAction\",\"target\":{\"@type\":\"EntryPoint\",\"urlTemplate\":\"https:\\\/\\\/www.elle.be\\\/fr\\\/?s={search_term_string}\"},\"query-input\":{\"@type\":\"PropertyValueSpecification\",\"valueRequired\":true,\"valueName\":\"search_term_string\"}}],\"inLanguage\":\"fr-FR\"},{\"@type\":\"Organization\",\"@id\":\"https:\\\/\\\/www.elle.be\\\/fr\\\/#organization\",\"name\":\"ELLE Belgique\",\"url\":\"https:\\\/\\\/www.elle.be\\\/fr\\\/\",\"logo\":{\"@type\":\"ImageObject\",\"inLanguage\":\"fr-FR\",\"@id\":\"https:\\\/\\\/www.elle.be\\\/fr\\\/#\\\/schema\\\/logo\\\/image\\\/\",\"url\":\"https:\\\/\\\/www.elle.be\\\/fr\\\/wp-content\\\/uploads\\\/2017\\\/03\\\/elle-icon-200px.jpeg\",\"contentUrl\":\"https:\\\/\\\/www.elle.be\\\/fr\\\/wp-content\\\/uploads\\\/2017\\\/03\\\/elle-icon-200px.jpeg\",\"width\":200,\"height\":200,\"caption\":\"ELLE Belgique\"},\"image\":{\"@id\":\"https:\\\/\\\/www.elle.be\\\/fr\\\/#\\\/schema\\\/logo\\\/image\\\/\"},\"sameAs\":[\"https:\\\/\\\/www.facebook.com\\\/ELLEbelgium\\\/\",\"https:\\\/\\\/x.com\\\/ELLEBelgique\",\"http:\\\/\\\/instagram.com\\\/ellebelgique\\\/\",\"https:\\\/\\\/www.pinterest.com\\\/ellebelgique\\\/\",\"https:\\\/\\\/www.youtube.com\\\/user\\\/ELLEbelgique1\"]},{\"@type\":\"Person\",\"@id\":\"https:\\\/\\\/www.elle.be\\\/fr\\\/#\\\/schema\\\/person\\\/af7d525178055f7524781c84b360a6b7\",\"name\":\"Lore Ginneberge\",\"image\":{\"@type\":\"ImageObject\",\"inLanguage\":\"fr-FR\",\"@id\":\"https:\\\/\\\/www.elle.be\\\/fr\\\/wp-content\\\/uploads\\\/2025\\\/09\\\/empl-loreg2-copy-96x96.jpg\",\"url\":\"https:\\\/\\\/www.elle.be\\\/fr\\\/wp-content\\\/uploads\\\/2025\\\/09\\\/empl-loreg2-copy-96x96.jpg\",\"contentUrl\":\"https:\\\/\\\/www.elle.be\\\/fr\\\/wp-content\\\/uploads\\\/2025\\\/09\\\/empl-loreg2-copy-96x96.jpg\",\"caption\":\"Lore Ginneberge\"},\"description\":\"Lore est Head of Content du site. Elle \u00e9crit sur la mode et la beaut\u00e9, toujours partante pour d\u00e9crypter votre signe astrologique ou analyser votre palette de couleurs. Hors ligne, on la retrouve le plus souvent au studio de pilates ou plong\u00e9e dans un nouveau bestseller.\",\"url\":\"https:\\\/\\\/www.elle.be\\\/fr\\\/author\\\/lore-ginneberge\"}]}<\/script>\n<!-- \/ Yoast SEO plugin. -->","yoast_head_json":{"title":"Moins de chute et de cheveux gris ? Ce s\u00e9rum Sisley r\u00e9volutionne le vieillissement capillaire","description":"Apr\u00e8s cinq ans de recherche sur le microbiome du cuir chevelu, le Revitalizing Fortifying Super Serum Sisley d\u00e9voile une nouvelle formule.","robots":{"index":"index","follow":"follow","max-snippet":"max-snippet:-1","max-image-preview":"max-image-preview:large","max-video-preview":"max-video-preview:-1"},"canonical":"https:\/\/www.elle.be\/fr\/477433-chute-cheveux-sisley-revitalizing-fortifying-super-serum.html","og_locale":"fr_FR","og_type":"article","og_title":"Moins de chute et de cheveux gris ? Ce s\u00e9rum Sisley r\u00e9volutionne le vieillissement capillaire","og_description":"Apr\u00e8s cinq ans de recherche sur le microbiome du cuir chevelu, le Revitalizing Fortifying Super Serum Sisley d\u00e9voile une nouvelle formule.","og_url":"https:\/\/www.elle.be\/fr\/477433-chute-cheveux-sisley-revitalizing-fortifying-super-serum.html","og_site_name":"ELLE.be","article_publisher":"https:\/\/www.facebook.com\/ELLEbelgium\/","article_published_time":"2026-09-04T12:57:26+00:00","og_image":[{"width":1300,"height":680,"url":"https:\/\/www.elle.be\/fr\/wp-content\/uploads\/2026\/08\/437682-visual-model-revitalizing-fortifying-super-serum-17-copy.jpg","type":"image\/jpeg"}],"author":"Lore Ginneberge","twitter_card":"summary_large_image","twitter_creator":"@ELLEBelgique","twitter_site":"@ELLEBelgique","twitter_misc":{"\u00c9crit par":"Lore Ginneberge","Dur\u00e9e de lecture estim\u00e9e":"6 minutes"},"schema":{"@context":"https:\/\/schema.org","@graph":[{"@type":"NewsArticle","@id":"https:\/\/www.elle.be\/fr\/477433-chute-cheveux-sisley-revitalizing-fortifying-super-serum.html#article","isPartOf":{"@id":"https:\/\/www.elle.be\/fr\/477433-chute-cheveux-sisley-revitalizing-fortifying-super-serum.html"},"author":{"name":"Lore Ginneberge","@id":"https:\/\/www.elle.be\/fr\/#\/schema\/person\/af7d525178055f7524781c84b360a6b7"},"headline":"Moins de chute et de cheveux gris plus tard ? Ce s\u00e9rum s\u2019attaque au vieillissement capillaire \u00e0 la racine","datePublished":"2026-09-04T12:57:26+00:00","mainEntityOfPage":{"@id":"https:\/\/www.elle.be\/fr\/477433-chute-cheveux-sisley-revitalizing-fortifying-super-serum.html"},"wordCount":1090,"commentCount":0,"publisher":{"@id":"https:\/\/www.elle.be\/fr\/#organization"},"image":{"@id":"https:\/\/www.elle.be\/fr\/477433-chute-cheveux-sisley-revitalizing-fortifying-super-serum.html#primaryimage"},"thumbnailUrl":"https:\/\/www.elle.be\/fr\/wp-content\/uploads\/2026\/08\/437682-visual-model-revitalizing-fortifying-super-serum-17-copy.jpg","keywords":["sisley","s\u00e9rum","cuir chevelu","chute de cheveux"],"articleSection":["Beaut\u00e9","Cheveux"],"inLanguage":"fr-FR","potentialAction":[{"@type":"CommentAction","name":"Comment","target":["https:\/\/www.elle.be\/fr\/477433-chute-cheveux-sisley-revitalizing-fortifying-super-serum.html#respond"]}]},{"@type":"WebPage","@id":"https:\/\/www.elle.be\/fr\/477433-chute-cheveux-sisley-revitalizing-fortifying-super-serum.html","url":"https:\/\/www.elle.be\/fr\/477433-chute-cheveux-sisley-revitalizing-fortifying-super-serum.html","name":"Moins de chute et de cheveux gris ? Ce s\u00e9rum Sisley r\u00e9volutionne le vieillissement capillaire","isPartOf":{"@id":"https:\/\/www.elle.be\/fr\/#website"},"primaryImageOfPage":{"@id":"https:\/\/www.elle.be\/fr\/477433-chute-cheveux-sisley-revitalizing-fortifying-super-serum.html#primaryimage"},"image":{"@id":"https:\/\/www.elle.be\/fr\/477433-chute-cheveux-sisley-revitalizing-fortifying-super-serum.html#primaryimage"},"thumbnailUrl":"https:\/\/www.elle.be\/fr\/wp-content\/uploads\/2026\/08\/437682-visual-model-revitalizing-fortifying-super-serum-17-copy.jpg","datePublished":"2026-09-04T12:57:26+00:00","description":"Apr\u00e8s cinq ans de recherche sur le microbiome du cuir chevelu, le Revitalizing Fortifying Super Serum Sisley d\u00e9voile une nouvelle formule.","breadcrumb":{"@id":"https:\/\/www.elle.be\/fr\/477433-chute-cheveux-sisley-revitalizing-fortifying-super-serum.html#breadcrumb"},"inLanguage":"fr-FR","potentialAction":[{"@type":"ReadAction","target":["https:\/\/www.elle.be\/fr\/477433-chute-cheveux-sisley-revitalizing-fortifying-super-serum.html"]}]},{"@type":"ImageObject","inLanguage":"fr-FR","@id":"https:\/\/www.elle.be\/fr\/477433-chute-cheveux-sisley-revitalizing-fortifying-super-serum.html#primaryimage","url":"https:\/\/www.elle.be\/fr\/wp-content\/uploads\/2026\/08\/437682-visual-model-revitalizing-fortifying-super-serum-17-copy.jpg","contentUrl":"https:\/\/www.elle.be\/fr\/wp-content\/uploads\/2026\/08\/437682-visual-model-revitalizing-fortifying-super-serum-17-copy.jpg","width":1300,"height":680,"caption":"Hair Rituel by Sisley"},{"@type":"BreadcrumbList","@id":"https:\/\/www.elle.be\/fr\/477433-chute-cheveux-sisley-revitalizing-fortifying-super-serum.html#breadcrumb","itemListElement":[{"@type":"ListItem","position":1,"name":"FR","item":"https:\/\/www.elle.be\/fr"},{"@type":"ListItem","position":2,"name":"Beaut\u00e9","item":"https:\/\/www.elle.be\/fr\/beaute"},{"@type":"ListItem","position":3,"name":"Moins de chute et de cheveux gris plus tard ? Ce s\u00e9rum s\u2019attaque au vieillissement capillaire \u00e0 la racine"}]},{"@type":"WebSite","@id":"https:\/\/www.elle.be\/fr\/#website","url":"https:\/\/www.elle.be\/fr\/","name":"ELLE.be","description":"Toutes les infos mode, beaut\u00e9 et lifestyle les plus pointues ainsi qu&#039;un contenu 100% belge d\u00e9clin\u00e9 \u00e0 360\u00b0sur le site ELLE.be, nos r\u00e9seaux sociaux et notre cha\u00eene Youtube.","publisher":{"@id":"https:\/\/www.elle.be\/fr\/#organization"},"potentialAction":[{"@type":"SearchAction","target":{"@type":"EntryPoint","urlTemplate":"https:\/\/www.elle.be\/fr\/?s={search_term_string}"},"query-input":{"@type":"PropertyValueSpecification","valueRequired":true,"valueName":"search_term_string"}}],"inLanguage":"fr-FR"},{"@type":"Organization","@id":"https:\/\/www.elle.be\/fr\/#organization","name":"ELLE Belgique","url":"https:\/\/www.elle.be\/fr\/","logo":{"@type":"ImageObject","inLanguage":"fr-FR","@id":"https:\/\/www.elle.be\/fr\/#\/schema\/logo\/image\/","url":"https:\/\/www.elle.be\/fr\/wp-content\/uploads\/2017\/03\/elle-icon-200px.jpeg","contentUrl":"https:\/\/www.elle.be\/fr\/wp-content\/uploads\/2017\/03\/elle-icon-200px.jpeg","width":200,"height":200,"caption":"ELLE Belgique"},"image":{"@id":"https:\/\/www.elle.be\/fr\/#\/schema\/logo\/image\/"},"sameAs":["https:\/\/www.facebook.com\/ELLEbelgium\/","https:\/\/x.com\/ELLEBelgique","http:\/\/instagram.com\/ellebelgique\/","https:\/\/www.pinterest.com\/ellebelgique\/","https:\/\/www.youtube.com\/user\/ELLEbelgique1"]},{"@type":"Person","@id":"https:\/\/www.elle.be\/fr\/#\/schema\/person\/af7d525178055f7524781c84b360a6b7","name":"Lore Ginneberge","image":{"@type":"ImageObject","inLanguage":"fr-FR","@id":"https:\/\/www.elle.be\/fr\/wp-content\/uploads\/2025\/09\/empl-loreg2-copy-96x96.jpg","url":"https:\/\/www.elle.be\/fr\/wp-content\/uploads\/2025\/09\/empl-loreg2-copy-96x96.jpg","contentUrl":"https:\/\/www.elle.be\/fr\/wp-content\/uploads\/2025\/09\/empl-loreg2-copy-96x96.jpg","caption":"Lore Ginneberge"},"description":"Lore est Head of Content du site. Elle \u00e9crit sur la mode et la beaut\u00e9, toujours partante pour d\u00e9crypter votre signe astrologique ou analyser votre palette de couleurs. Hors ligne, on la retrouve le plus souvent au studio de pilates ou plong\u00e9e dans un nouveau bestseller.","url":"https:\/\/www.elle.be\/fr\/author\/lore-ginneberge"}]}},"_links":{"self":[{"href":"https:\/\/www.elle.be\/fr\/wp-json\/wp\/v2\/posts\/477433","targetHints":{"allow":["GET"]}}],"collection":[{"href":"https:\/\/www.elle.be\/fr\/wp-json\/wp\/v2\/posts"}],"about":[{"href":"https:\/\/www.elle.be\/fr\/wp-json\/wp\/v2\/types\/post"}],"author":[{"embeddable":true,"href":"https:\/\/www.elle.be\/fr\/wp-json\/wp\/v2\/users\/124"}],"replies":[{"embeddable":true,"href":"https:\/\/www.elle.be\/fr\/wp-json\/wp\/v2\/comments?post=477433"}],"version-history":[{"count":7,"href":"https:\/\/www.elle.be\/fr\/wp-json\/wp\/v2\/posts\/477433\/revisions"}],"predecessor-version":[{"id":478207,"href":"https:\/\/www.elle.be\/fr\/wp-json\/wp\/v2\/posts\/477433\/revisions\/478207"}],"wp:featuredmedia":[{"embeddable":true,"href":"https:\/\/www.elle.be\/fr\/wp-json\/wp\/v2\/media\/477431"}],"wp:attachment":[{"href":"https:\/\/www.elle.be\/fr\/wp-json\/wp\/v2\/media?parent=477433"}],"wp:term":[{"taxonomy":"category","embeddable":true,"href":"https:\/\/www.elle.be\/fr\/wp-json\/wp\/v2\/categories?post=477433"},{"taxonomy":"post_tag","embeddable":true,"href":"https:\/\/www.elle.be\/fr\/wp-json\/wp\/v2\/tags?post=477433"}],"curies":[{"name":"wp","href":"https:\/\/api.w.org\/{rel}","templated":true}]}}