{"id":476475,"date":"2026-09-03T15:00:41","date_gmt":"2026-09-03T13:00:41","guid":{"rendered":"https:\/\/www.elle.be\/fr\/?p=476475"},"modified":"2026-09-02T11:18:58","modified_gmt":"2026-09-02T09:18:58","slug":"voyage-en-limousin-la-ou-le-savoir-faire-nest-pas-de-porcelaine","status":"publish","type":"post","link":"https:\/\/www.elle.be\/fr\/476475-voyage-en-limousin-la-ou-le-savoir-faire-nest-pas-de-porcelaine.html","title":{"rendered":"Voyage en Limousin, l\u00e0 o\u00f9 le savoir-faire n\u2019est pas de porcelaine"},"content":{"rendered":"","protected":false},"excerpt":{"rendered":"Porcelaine, cuir, tapisserie : le Limousin poss\u00e8de l\u2019art de travailler la mati\u00e8re, mais certainement pas celui de se reposer sur ses acquis. ...","protected":false},"author":125,"featured_media":476494,"comment_status":"open","ping_status":"closed","sticky":false,"template":"","format":"standard","meta":{"_acf_changed":false,"_yoast_wpseo_canonical":"","image_verticale":476495,"gif":0,"url_video":"","footnotes":""},"categories":[2916,3962,1451],"tags":[4459,4460,4461,4462,4463,254,807,1478,3980,4453,4458],"class_list":["post-476475","post","type-post","status-publish","format-standard","has-post-thumbnail","hentry","category-news-food","category-tendances-food","category-elle-a-table","tag-limoges","tag-crozant","tag-rochechouart","tag-saint-junien","tag-porcelaine","tag-voyage","tag-france","tag-restaurants","tag-cuir","tag-sophie-de-coninck","tag-limousin"],"acf":{"credits_auteur_initial":"","credits_photographe":"","credits_link":"","credits_galerie":""},"image_verticale":"476495","_yoast_wpseo_title":null,"_yoast_wpseo_metadesc":"%%excerpt%% %%page%% De Limoges \u00e0 Crozant, en passant par Aubusson, voyage au fil de ses savoir-faire, de ses tables, et de ses paysages.","_yoast_wpseo_focuskw_text_input":null,"_yoast_wpseo_opengraph-title":null,"yoast_head":"<!-- This site is optimized with the Yoast SEO plugin v28.2 - https:\/\/yoast.com\/product\/yoast-seo-wordpress\/ -->\n<title>Voyage en Limousin, l\u00e0 o\u00f9 le savoir-faire n\u2019est pas de porcelaine - ELLE.be<\/title>\n<meta name=\"description\" content=\"Porcelaine, cuir, tapisserie : le Limousin poss\u00e8de l\u2019art de travailler la mati\u00e8re, mais certainement pas celui de se reposer sur ses acquis. De Limoges \u00e0 Crozant, le voyage suit le fil d\u2019un territoire qui fait du neuf avec des gestes anciens et met les petits plats dans les grands. De Limoges \u00e0 Crozant, en passant par Aubusson, voyage au fil de ses savoir-faire, de ses tables, et de ses paysages.\" \/>\n<meta name=\"robots\" content=\"index, follow, max-snippet:-1, max-image-preview:large, max-video-preview:-1\" \/>\n<link rel=\"canonical\" href=\"https:\/\/www.elle.be\/fr\/476475-voyage-en-limousin-la-ou-le-savoir-faire-nest-pas-de-porcelaine.html\" \/>\n<meta property=\"og:locale\" content=\"fr_FR\" \/>\n<meta property=\"og:type\" content=\"article\" \/>\n<meta property=\"og:title\" content=\"Voyage en Limousin, l\u00e0 o\u00f9 le savoir-faire n\u2019est pas de porcelaine - ELLE.be\" \/>\n<meta property=\"og:description\" content=\"Porcelaine, cuir, tapisserie : le Limousin poss\u00e8de l\u2019art de travailler la mati\u00e8re, mais certainement pas celui de se reposer sur ses acquis. De Limoges \u00e0 Crozant, le voyage suit le fil d\u2019un territoire qui fait du neuf avec des gestes anciens et met les petits plats dans les grands. De Limoges \u00e0 Crozant, en passant par Aubusson, voyage au fil de ses savoir-faire, de ses tables, et de ses paysages.\" \/>\n<meta property=\"og:url\" content=\"https:\/\/www.elle.be\/fr\/476475-voyage-en-limousin-la-ou-le-savoir-faire-nest-pas-de-porcelaine.html\" \/>\n<meta property=\"og:site_name\" content=\"ELLE.be\" \/>\n<meta property=\"article:publisher\" content=\"https:\/\/www.facebook.com\/ELLEbelgium\/\" \/>\n<meta property=\"article:published_time\" content=\"2026-09-03T13:00:41+00:00\" \/>\n<meta property=\"og:image\" content=\"https:\/\/www.elle.be\/fr\/wp-content\/uploads\/2026\/07\/capture-decran-2026-07-29-221149.png\" \/>\n\t<meta property=\"og:image:width\" content=\"1270\" \/>\n\t<meta property=\"og:image:height\" content=\"712\" \/>\n\t<meta property=\"og:image:type\" content=\"image\/png\" \/>\n<meta name=\"author\" content=\"Sophie De Coninck\" \/>\n<meta name=\"twitter:card\" content=\"summary_large_image\" \/>\n<meta name=\"twitter:creator\" content=\"@ELLEBelgique\" \/>\n<meta name=\"twitter:site\" content=\"@ELLEBelgique\" \/>\n<meta name=\"twitter:label1\" content=\"\u00c9crit par\" \/>\n\t<meta name=\"twitter:data1\" content=\"Sophie De Coninck\" \/>\n\t<meta name=\"twitter:label2\" content=\"Dur\u00e9e de lecture estim\u00e9e\" \/>\n\t<meta name=\"twitter:data2\" content=\"21 minutes\" \/>\n<script type=\"application\/ld+json\" class=\"yoast-schema-graph\">{\"@context\":\"https:\\\/\\\/schema.org\",\"@graph\":[{\"@type\":\"NewsArticle\",\"@id\":\"https:\\\/\\\/www.elle.be\\\/fr\\\/476475-voyage-en-limousin-la-ou-le-savoir-faire-nest-pas-de-porcelaine.html#article\",\"isPartOf\":{\"@id\":\"https:\\\/\\\/www.elle.be\\\/fr\\\/476475-voyage-en-limousin-la-ou-le-savoir-faire-nest-pas-de-porcelaine.html\"},\"author\":{\"name\":\"Sophie De Coninck\",\"@id\":\"https:\\\/\\\/www.elle.be\\\/fr\\\/#\\\/schema\\\/person\\\/606361d58b6ed35e97de3abd4b1bb885\"},\"headline\":\"Voyage en Limousin, l\u00e0 o\u00f9 le savoir-faire n\u2019est pas de porcelaine\",\"datePublished\":\"2026-09-03T13:00:41+00:00\",\"mainEntityOfPage\":{\"@id\":\"https:\\\/\\\/www.elle.be\\\/fr\\\/476475-voyage-en-limousin-la-ou-le-savoir-faire-nest-pas-de-porcelaine.html\"},\"wordCount\":3738,\"commentCount\":0,\"publisher\":{\"@id\":\"https:\\\/\\\/www.elle.be\\\/fr\\\/#organization\"},\"image\":{\"@id\":\"https:\\\/\\\/www.elle.be\\\/fr\\\/476475-voyage-en-limousin-la-ou-le-savoir-faire-nest-pas-de-porcelaine.html#primaryimage\"},\"thumbnailUrl\":\"https:\\\/\\\/www.elle.be\\\/fr\\\/wp-content\\\/uploads\\\/2026\\\/07\\\/capture-decran-2026-07-29-221149.png\",\"keywords\":[\"limoges\",\"Crozant\",\"Rochechouart\",\"Saint-Junien\",\"porcelaine\",\"voyage\",\"france\",\"restaurants\",\"cuir\",\"Sophie De Coninck\",\"limousin\"],\"articleSection\":[\"News Food\",\"Tendances Food\",\"ELLE \u00e0 Table\"],\"inLanguage\":\"fr-FR\",\"potentialAction\":[{\"@type\":\"CommentAction\",\"name\":\"Comment\",\"target\":[\"https:\\\/\\\/www.elle.be\\\/fr\\\/476475-voyage-en-limousin-la-ou-le-savoir-faire-nest-pas-de-porcelaine.html#respond\"]}]},{\"@type\":\"WebPage\",\"@id\":\"https:\\\/\\\/www.elle.be\\\/fr\\\/476475-voyage-en-limousin-la-ou-le-savoir-faire-nest-pas-de-porcelaine.html\",\"url\":\"https:\\\/\\\/www.elle.be\\\/fr\\\/476475-voyage-en-limousin-la-ou-le-savoir-faire-nest-pas-de-porcelaine.html\",\"name\":\"Voyage en Limousin, l\u00e0 o\u00f9 le savoir-faire n\u2019est pas de porcelaine - ELLE.be\",\"isPartOf\":{\"@id\":\"https:\\\/\\\/www.elle.be\\\/fr\\\/#website\"},\"primaryImageOfPage\":{\"@id\":\"https:\\\/\\\/www.elle.be\\\/fr\\\/476475-voyage-en-limousin-la-ou-le-savoir-faire-nest-pas-de-porcelaine.html#primaryimage\"},\"image\":{\"@id\":\"https:\\\/\\\/www.elle.be\\\/fr\\\/476475-voyage-en-limousin-la-ou-le-savoir-faire-nest-pas-de-porcelaine.html#primaryimage\"},\"thumbnailUrl\":\"https:\\\/\\\/www.elle.be\\\/fr\\\/wp-content\\\/uploads\\\/2026\\\/07\\\/capture-decran-2026-07-29-221149.png\",\"datePublished\":\"2026-09-03T13:00:41+00:00\",\"description\":\"Porcelaine, cuir, tapisserie : le Limousin poss\u00e8de l\u2019art de travailler la mati\u00e8re, mais certainement pas celui de se reposer sur ses acquis. De Limoges \u00e0 Crozant, le voyage suit le fil d\u2019un territoire qui fait du neuf avec des gestes anciens et met les petits plats dans les grands. De Limoges \u00e0 Crozant, en passant par Aubusson, voyage au fil de ses savoir-faire, de ses tables, et de ses paysages.\",\"breadcrumb\":{\"@id\":\"https:\\\/\\\/www.elle.be\\\/fr\\\/476475-voyage-en-limousin-la-ou-le-savoir-faire-nest-pas-de-porcelaine.html#breadcrumb\"},\"inLanguage\":\"fr-FR\",\"potentialAction\":[{\"@type\":\"ReadAction\",\"target\":[\"https:\\\/\\\/www.elle.be\\\/fr\\\/476475-voyage-en-limousin-la-ou-le-savoir-faire-nest-pas-de-porcelaine.html\"]}]},{\"@type\":\"ImageObject\",\"inLanguage\":\"fr-FR\",\"@id\":\"https:\\\/\\\/www.elle.be\\\/fr\\\/476475-voyage-en-limousin-la-ou-le-savoir-faire-nest-pas-de-porcelaine.html#primaryimage\",\"url\":\"https:\\\/\\\/www.elle.be\\\/fr\\\/wp-content\\\/uploads\\\/2026\\\/07\\\/capture-decran-2026-07-29-221149.png\",\"contentUrl\":\"https:\\\/\\\/www.elle.be\\\/fr\\\/wp-content\\\/uploads\\\/2026\\\/07\\\/capture-decran-2026-07-29-221149.png\",\"width\":1270,\"height\":712,\"caption\":\"\u00a9CDDLimoges_manza-studio\"},{\"@type\":\"BreadcrumbList\",\"@id\":\"https:\\\/\\\/www.elle.be\\\/fr\\\/476475-voyage-en-limousin-la-ou-le-savoir-faire-nest-pas-de-porcelaine.html#breadcrumb\",\"itemListElement\":[{\"@type\":\"ListItem\",\"position\":1,\"name\":\"FR\",\"item\":\"https:\\\/\\\/www.elle.be\\\/fr\"},{\"@type\":\"ListItem\",\"position\":2,\"name\":\"ELLE \u00e0 Table\",\"item\":\"https:\\\/\\\/www.elle.be\\\/fr\\\/elle-a-table\"},{\"@type\":\"ListItem\",\"position\":3,\"name\":\"Voyage en Limousin, l\u00e0 o\u00f9 le savoir-faire n\u2019est pas de porcelaine\"}]},{\"@type\":\"WebSite\",\"@id\":\"https:\\\/\\\/www.elle.be\\\/fr\\\/#website\",\"url\":\"https:\\\/\\\/www.elle.be\\\/fr\\\/\",\"name\":\"ELLE.be\",\"description\":\"Toutes les infos mode, beaut\u00e9 et lifestyle les plus pointues ainsi qu&#039;un contenu 100% belge d\u00e9clin\u00e9 \u00e0 360\u00b0sur le site ELLE.be, nos r\u00e9seaux sociaux et notre cha\u00eene Youtube.\",\"publisher\":{\"@id\":\"https:\\\/\\\/www.elle.be\\\/fr\\\/#organization\"},\"potentialAction\":[{\"@type\":\"SearchAction\",\"target\":{\"@type\":\"EntryPoint\",\"urlTemplate\":\"https:\\\/\\\/www.elle.be\\\/fr\\\/?s={search_term_string}\"},\"query-input\":{\"@type\":\"PropertyValueSpecification\",\"valueRequired\":true,\"valueName\":\"search_term_string\"}}],\"inLanguage\":\"fr-FR\"},{\"@type\":\"Organization\",\"@id\":\"https:\\\/\\\/www.elle.be\\\/fr\\\/#organization\",\"name\":\"ELLE Belgique\",\"url\":\"https:\\\/\\\/www.elle.be\\\/fr\\\/\",\"logo\":{\"@type\":\"ImageObject\",\"inLanguage\":\"fr-FR\",\"@id\":\"https:\\\/\\\/www.elle.be\\\/fr\\\/#\\\/schema\\\/logo\\\/image\\\/\",\"url\":\"https:\\\/\\\/www.elle.be\\\/fr\\\/wp-content\\\/uploads\\\/2017\\\/03\\\/elle-icon-200px.jpeg\",\"contentUrl\":\"https:\\\/\\\/www.elle.be\\\/fr\\\/wp-content\\\/uploads\\\/2017\\\/03\\\/elle-icon-200px.jpeg\",\"width\":200,\"height\":200,\"caption\":\"ELLE Belgique\"},\"image\":{\"@id\":\"https:\\\/\\\/www.elle.be\\\/fr\\\/#\\\/schema\\\/logo\\\/image\\\/\"},\"sameAs\":[\"https:\\\/\\\/www.facebook.com\\\/ELLEbelgium\\\/\",\"https:\\\/\\\/x.com\\\/ELLEBelgique\",\"http:\\\/\\\/instagram.com\\\/ellebelgique\\\/\",\"https:\\\/\\\/www.pinterest.com\\\/ellebelgique\\\/\",\"https:\\\/\\\/www.youtube.com\\\/user\\\/ELLEbelgique1\"]},{\"@type\":\"Person\",\"@id\":\"https:\\\/\\\/www.elle.be\\\/fr\\\/#\\\/schema\\\/person\\\/606361d58b6ed35e97de3abd4b1bb885\",\"name\":\"Sophie De Coninck\",\"image\":{\"@type\":\"ImageObject\",\"inLanguage\":\"fr-FR\",\"@id\":\"https:\\\/\\\/www.elle.be\\\/fr\\\/wp-content\\\/uploads\\\/2025\\\/10\\\/487123135-1155804232893132-8575215789731603179-n-96x96.jpg\",\"url\":\"https:\\\/\\\/www.elle.be\\\/fr\\\/wp-content\\\/uploads\\\/2025\\\/10\\\/487123135-1155804232893132-8575215789731603179-n-96x96.jpg\",\"contentUrl\":\"https:\\\/\\\/www.elle.be\\\/fr\\\/wp-content\\\/uploads\\\/2025\\\/10\\\/487123135-1155804232893132-8575215789731603179-n-96x96.jpg\",\"caption\":\"Sophie De Coninck\"},\"url\":\"https:\\\/\\\/www.elle.be\\\/fr\\\/author\\\/sophie-de-coninckoutlook-com\"}]}<\/script>\n<!-- \/ Yoast SEO plugin. -->","yoast_head_json":{"title":"Voyage en Limousin, l\u00e0 o\u00f9 le savoir-faire n\u2019est pas de porcelaine - ELLE.be","description":"Porcelaine, cuir, tapisserie : le Limousin poss\u00e8de l\u2019art de travailler la mati\u00e8re, mais certainement pas celui de se reposer sur ses acquis. De Limoges \u00e0 Crozant, le voyage suit le fil d\u2019un territoire qui fait du neuf avec des gestes anciens et met les petits plats dans les grands. De Limoges \u00e0 Crozant, en passant par Aubusson, voyage au fil de ses savoir-faire, de ses tables, et de ses paysages.","robots":{"index":"index","follow":"follow","max-snippet":"max-snippet:-1","max-image-preview":"max-image-preview:large","max-video-preview":"max-video-preview:-1"},"canonical":"https:\/\/www.elle.be\/fr\/476475-voyage-en-limousin-la-ou-le-savoir-faire-nest-pas-de-porcelaine.html","og_locale":"fr_FR","og_type":"article","og_title":"Voyage en Limousin, l\u00e0 o\u00f9 le savoir-faire n\u2019est pas de porcelaine - ELLE.be","og_description":"Porcelaine, cuir, tapisserie : le Limousin poss\u00e8de l\u2019art de travailler la mati\u00e8re, mais certainement pas celui de se reposer sur ses acquis. De Limoges \u00e0 Crozant, le voyage suit le fil d\u2019un territoire qui fait du neuf avec des gestes anciens et met les petits plats dans les grands. De Limoges \u00e0 Crozant, en passant par Aubusson, voyage au fil de ses savoir-faire, de ses tables, et de ses paysages.","og_url":"https:\/\/www.elle.be\/fr\/476475-voyage-en-limousin-la-ou-le-savoir-faire-nest-pas-de-porcelaine.html","og_site_name":"ELLE.be","article_publisher":"https:\/\/www.facebook.com\/ELLEbelgium\/","article_published_time":"2026-09-03T13:00:41+00:00","og_image":[{"width":1270,"height":712,"url":"https:\/\/www.elle.be\/fr\/wp-content\/uploads\/2026\/07\/capture-decran-2026-07-29-221149.png","type":"image\/png"}],"author":"Sophie De Coninck","twitter_card":"summary_large_image","twitter_creator":"@ELLEBelgique","twitter_site":"@ELLEBelgique","twitter_misc":{"\u00c9crit par":"Sophie De Coninck","Dur\u00e9e de lecture estim\u00e9e":"21 minutes"},"schema":{"@context":"https:\/\/schema.org","@graph":[{"@type":"NewsArticle","@id":"https:\/\/www.elle.be\/fr\/476475-voyage-en-limousin-la-ou-le-savoir-faire-nest-pas-de-porcelaine.html#article","isPartOf":{"@id":"https:\/\/www.elle.be\/fr\/476475-voyage-en-limousin-la-ou-le-savoir-faire-nest-pas-de-porcelaine.html"},"author":{"name":"Sophie De Coninck","@id":"https:\/\/www.elle.be\/fr\/#\/schema\/person\/606361d58b6ed35e97de3abd4b1bb885"},"headline":"Voyage en Limousin, l\u00e0 o\u00f9 le savoir-faire n\u2019est pas de porcelaine","datePublished":"2026-09-03T13:00:41+00:00","mainEntityOfPage":{"@id":"https:\/\/www.elle.be\/fr\/476475-voyage-en-limousin-la-ou-le-savoir-faire-nest-pas-de-porcelaine.html"},"wordCount":3738,"commentCount":0,"publisher":{"@id":"https:\/\/www.elle.be\/fr\/#organization"},"image":{"@id":"https:\/\/www.elle.be\/fr\/476475-voyage-en-limousin-la-ou-le-savoir-faire-nest-pas-de-porcelaine.html#primaryimage"},"thumbnailUrl":"https:\/\/www.elle.be\/fr\/wp-content\/uploads\/2026\/07\/capture-decran-2026-07-29-221149.png","keywords":["limoges","Crozant","Rochechouart","Saint-Junien","porcelaine","voyage","france","restaurants","cuir","Sophie De Coninck","limousin"],"articleSection":["News Food","Tendances Food","ELLE \u00e0 Table"],"inLanguage":"fr-FR","potentialAction":[{"@type":"CommentAction","name":"Comment","target":["https:\/\/www.elle.be\/fr\/476475-voyage-en-limousin-la-ou-le-savoir-faire-nest-pas-de-porcelaine.html#respond"]}]},{"@type":"WebPage","@id":"https:\/\/www.elle.be\/fr\/476475-voyage-en-limousin-la-ou-le-savoir-faire-nest-pas-de-porcelaine.html","url":"https:\/\/www.elle.be\/fr\/476475-voyage-en-limousin-la-ou-le-savoir-faire-nest-pas-de-porcelaine.html","name":"Voyage en Limousin, l\u00e0 o\u00f9 le savoir-faire n\u2019est pas de porcelaine - ELLE.be","isPartOf":{"@id":"https:\/\/www.elle.be\/fr\/#website"},"primaryImageOfPage":{"@id":"https:\/\/www.elle.be\/fr\/476475-voyage-en-limousin-la-ou-le-savoir-faire-nest-pas-de-porcelaine.html#primaryimage"},"image":{"@id":"https:\/\/www.elle.be\/fr\/476475-voyage-en-limousin-la-ou-le-savoir-faire-nest-pas-de-porcelaine.html#primaryimage"},"thumbnailUrl":"https:\/\/www.elle.be\/fr\/wp-content\/uploads\/2026\/07\/capture-decran-2026-07-29-221149.png","datePublished":"2026-09-03T13:00:41+00:00","description":"Porcelaine, cuir, tapisserie : le Limousin poss\u00e8de l\u2019art de travailler la mati\u00e8re, mais certainement pas celui de se reposer sur ses acquis. De Limoges \u00e0 Crozant, le voyage suit le fil d\u2019un territoire qui fait du neuf avec des gestes anciens et met les petits plats dans les grands. De Limoges \u00e0 Crozant, en passant par Aubusson, voyage au fil de ses savoir-faire, de ses tables, et de ses paysages.","breadcrumb":{"@id":"https:\/\/www.elle.be\/fr\/476475-voyage-en-limousin-la-ou-le-savoir-faire-nest-pas-de-porcelaine.html#breadcrumb"},"inLanguage":"fr-FR","potentialAction":[{"@type":"ReadAction","target":["https:\/\/www.elle.be\/fr\/476475-voyage-en-limousin-la-ou-le-savoir-faire-nest-pas-de-porcelaine.html"]}]},{"@type":"ImageObject","inLanguage":"fr-FR","@id":"https:\/\/www.elle.be\/fr\/476475-voyage-en-limousin-la-ou-le-savoir-faire-nest-pas-de-porcelaine.html#primaryimage","url":"https:\/\/www.elle.be\/fr\/wp-content\/uploads\/2026\/07\/capture-decran-2026-07-29-221149.png","contentUrl":"https:\/\/www.elle.be\/fr\/wp-content\/uploads\/2026\/07\/capture-decran-2026-07-29-221149.png","width":1270,"height":712,"caption":"\u00a9CDDLimoges_manza-studio"},{"@type":"BreadcrumbList","@id":"https:\/\/www.elle.be\/fr\/476475-voyage-en-limousin-la-ou-le-savoir-faire-nest-pas-de-porcelaine.html#breadcrumb","itemListElement":[{"@type":"ListItem","position":1,"name":"FR","item":"https:\/\/www.elle.be\/fr"},{"@type":"ListItem","position":2,"name":"ELLE \u00e0 Table","item":"https:\/\/www.elle.be\/fr\/elle-a-table"},{"@type":"ListItem","position":3,"name":"Voyage en Limousin, l\u00e0 o\u00f9 le savoir-faire n\u2019est pas de porcelaine"}]},{"@type":"WebSite","@id":"https:\/\/www.elle.be\/fr\/#website","url":"https:\/\/www.elle.be\/fr\/","name":"ELLE.be","description":"Toutes les infos mode, beaut\u00e9 et lifestyle les plus pointues ainsi qu&#039;un contenu 100% belge d\u00e9clin\u00e9 \u00e0 360\u00b0sur le site ELLE.be, nos r\u00e9seaux sociaux et notre cha\u00eene Youtube.","publisher":{"@id":"https:\/\/www.elle.be\/fr\/#organization"},"potentialAction":[{"@type":"SearchAction","target":{"@type":"EntryPoint","urlTemplate":"https:\/\/www.elle.be\/fr\/?s={search_term_string}"},"query-input":{"@type":"PropertyValueSpecification","valueRequired":true,"valueName":"search_term_string"}}],"inLanguage":"fr-FR"},{"@type":"Organization","@id":"https:\/\/www.elle.be\/fr\/#organization","name":"ELLE Belgique","url":"https:\/\/www.elle.be\/fr\/","logo":{"@type":"ImageObject","inLanguage":"fr-FR","@id":"https:\/\/www.elle.be\/fr\/#\/schema\/logo\/image\/","url":"https:\/\/www.elle.be\/fr\/wp-content\/uploads\/2017\/03\/elle-icon-200px.jpeg","contentUrl":"https:\/\/www.elle.be\/fr\/wp-content\/uploads\/2017\/03\/elle-icon-200px.jpeg","width":200,"height":200,"caption":"ELLE Belgique"},"image":{"@id":"https:\/\/www.elle.be\/fr\/#\/schema\/logo\/image\/"},"sameAs":["https:\/\/www.facebook.com\/ELLEbelgium\/","https:\/\/x.com\/ELLEBelgique","http:\/\/instagram.com\/ellebelgique\/","https:\/\/www.pinterest.com\/ellebelgique\/","https:\/\/www.youtube.com\/user\/ELLEbelgique1"]},{"@type":"Person","@id":"https:\/\/www.elle.be\/fr\/#\/schema\/person\/606361d58b6ed35e97de3abd4b1bb885","name":"Sophie De Coninck","image":{"@type":"ImageObject","inLanguage":"fr-FR","@id":"https:\/\/www.elle.be\/fr\/wp-content\/uploads\/2025\/10\/487123135-1155804232893132-8575215789731603179-n-96x96.jpg","url":"https:\/\/www.elle.be\/fr\/wp-content\/uploads\/2025\/10\/487123135-1155804232893132-8575215789731603179-n-96x96.jpg","contentUrl":"https:\/\/www.elle.be\/fr\/wp-content\/uploads\/2025\/10\/487123135-1155804232893132-8575215789731603179-n-96x96.jpg","caption":"Sophie De Coninck"},"url":"https:\/\/www.elle.be\/fr\/author\/sophie-de-coninckoutlook-com"}]}},"_links":{"self":[{"href":"https:\/\/www.elle.be\/fr\/wp-json\/wp\/v2\/posts\/476475","targetHints":{"allow":["GET"]}}],"collection":[{"href":"https:\/\/www.elle.be\/fr\/wp-json\/wp\/v2\/posts"}],"about":[{"href":"https:\/\/www.elle.be\/fr\/wp-json\/wp\/v2\/types\/post"}],"author":[{"embeddable":true,"href":"https:\/\/www.elle.be\/fr\/wp-json\/wp\/v2\/users\/125"}],"replies":[{"embeddable":true,"href":"https:\/\/www.elle.be\/fr\/wp-json\/wp\/v2\/comments?post=476475"}],"version-history":[{"count":35,"href":"https:\/\/www.elle.be\/fr\/wp-json\/wp\/v2\/posts\/476475\/revisions"}],"predecessor-version":[{"id":476733,"href":"https:\/\/www.elle.be\/fr\/wp-json\/wp\/v2\/posts\/476475\/revisions\/476733"}],"wp:featuredmedia":[{"embeddable":true,"href":"https:\/\/www.elle.be\/fr\/wp-json\/wp\/v2\/media\/476494"}],"wp:attachment":[{"href":"https:\/\/www.elle.be\/fr\/wp-json\/wp\/v2\/media?parent=476475"}],"wp:term":[{"taxonomy":"category","embeddable":true,"href":"https:\/\/www.elle.be\/fr\/wp-json\/wp\/v2\/categories?post=476475"},{"taxonomy":"post_tag","embeddable":true,"href":"https:\/\/www.elle.be\/fr\/wp-json\/wp\/v2\/tags?post=476475"}],"curies":[{"name":"wp","href":"https:\/\/api.w.org\/{rel}","templated":true}]}}