{"id":471708,"date":"2026-04-27T07:06:20","date_gmt":"2026-04-27T05:06:20","guid":{"rendered":"https:\/\/www.elle.be\/fr\/?p=471708"},"modified":"2026-04-24T14:06:32","modified_gmt":"2026-04-24T12:06:32","slug":"les-traitements-anti-age-pour-les-mains-la-nouvelle-tendance-beaute","status":"publish","type":"post","link":"https:\/\/www.elle.be\/fr\/471708-les-traitements-anti-age-pour-les-mains-la-nouvelle-tendance-beaute.html","title":{"rendered":"Les traitements anti-\u00e2ge pour les mains : la nouvelle tendance beaut\u00e9"},"content":{"rendered":"","protected":false},"excerpt":{"rendered":"Des cr\u00e8mes enrichies en actifs anti-\u00e2ge pour les mains aux traitements plus pointus comme le laser, les injections ou m\u00eame la greffe de graisse.","protected":false},"author":74,"featured_media":471706,"comment_status":"open","ping_status":"closed","sticky":false,"template":"","format":"standard","meta":{"_acf_changed":false,"footnotes":""},"categories":[2842,2222],"tags":[1268,3789,4278],"class_list":["post-471708","post","type-post","status-publish","format-standard","has-post-thumbnail","hentry","category-beaute","category-soins-corps","tag-peau","tag-anti-age","tag-rides"],"acf":[],"image_verticale":"471707","_yoast_wpseo_title":"La tendance du moment ? Les traitements anti-\u00e2ge pour les mains","_yoast_wpseo_metadesc":"De plus en plus de femmes ajoutent des traitements anti-\u00e2ge pour les mains \u00e0 leur routine, des cr\u00e8mes aux lasers et aux fillers.","_yoast_wpseo_focuskw_text_input":null,"_yoast_wpseo_opengraph-title":null,"yoast_head":"<!-- This site is optimized with the Yoast SEO plugin v27.4 - https:\/\/yoast.com\/product\/yoast-seo-wordpress\/ -->\n<title>La tendance du moment ? Les traitements anti-\u00e2ge pour les mains<\/title>\n<meta name=\"description\" content=\"De plus en plus de femmes ajoutent des traitements anti-\u00e2ge pour les mains \u00e0 leur routine, des cr\u00e8mes aux lasers et aux fillers.\" \/>\n<meta name=\"robots\" content=\"index, follow, max-snippet:-1, max-image-preview:large, max-video-preview:-1\" \/>\n<link rel=\"canonical\" href=\"https:\/\/www.elle.be\/fr\/471708-les-traitements-anti-age-pour-les-mains-la-nouvelle-tendance-beaute.html\" \/>\n<meta property=\"og:locale\" content=\"fr_FR\" \/>\n<meta property=\"og:type\" content=\"article\" \/>\n<meta property=\"og:title\" content=\"La tendance du moment ? Les traitements anti-\u00e2ge pour les mains\" \/>\n<meta property=\"og:description\" content=\"De plus en plus de femmes ajoutent des traitements anti-\u00e2ge pour les mains \u00e0 leur routine, des cr\u00e8mes aux lasers et aux fillers.\" \/>\n<meta property=\"og:url\" content=\"https:\/\/www.elle.be\/fr\/471708-les-traitements-anti-age-pour-les-mains-la-nouvelle-tendance-beaute.html\" \/>\n<meta property=\"og:site_name\" content=\"ELLE.be\" \/>\n<meta property=\"article:publisher\" content=\"https:\/\/www.facebook.com\/ELLEbelgium\/\" \/>\n<meta property=\"article:published_time\" content=\"2026-04-27T05:06:20+00:00\" \/>\n<meta property=\"og:image\" content=\"https:\/\/www.elle.be\/fr\/wp-content\/uploads\/2026\/04\/429707-rio-de-janeiro-29-4.png\" \/>\n\t<meta property=\"og:image:width\" content=\"1200\" \/>\n\t<meta property=\"og:image:height\" content=\"628\" \/>\n\t<meta property=\"og:image:type\" content=\"image\/png\" \/>\n<meta name=\"author\" content=\"La r\u00e9daction\" \/>\n<meta name=\"twitter:card\" content=\"summary_large_image\" \/>\n<meta name=\"twitter:creator\" content=\"@ELLEBelgique\" \/>\n<meta name=\"twitter:site\" content=\"@ELLEBelgique\" \/>\n<meta name=\"twitter:label1\" content=\"\u00c9crit par\" \/>\n\t<meta name=\"twitter:data1\" content=\"La r\u00e9daction\" \/>\n\t<meta name=\"twitter:label2\" content=\"Dur\u00e9e de lecture estim\u00e9e\" \/>\n\t<meta name=\"twitter:data2\" content=\"4 minutes\" \/>\n<script type=\"application\/ld+json\" class=\"yoast-schema-graph\">{\"@context\":\"https:\\\/\\\/schema.org\",\"@graph\":[{\"@type\":\"NewsArticle\",\"@id\":\"https:\\\/\\\/www.elle.be\\\/fr\\\/471708-les-traitements-anti-age-pour-les-mains-la-nouvelle-tendance-beaute.html#article\",\"isPartOf\":{\"@id\":\"https:\\\/\\\/www.elle.be\\\/fr\\\/471708-les-traitements-anti-age-pour-les-mains-la-nouvelle-tendance-beaute.html\"},\"author\":{\"name\":\"La r\u00e9daction\",\"@id\":\"https:\\\/\\\/www.elle.be\\\/fr\\\/#\\\/schema\\\/person\\\/4c5bb55655357317e8598edc0d2db13a\"},\"headline\":\"Les traitements anti-\u00e2ge pour les mains : la nouvelle tendance beaut\u00e9\",\"datePublished\":\"2026-04-27T05:06:20+00:00\",\"mainEntityOfPage\":{\"@id\":\"https:\\\/\\\/www.elle.be\\\/fr\\\/471708-les-traitements-anti-age-pour-les-mains-la-nouvelle-tendance-beaute.html\"},\"wordCount\":644,\"commentCount\":0,\"publisher\":{\"@id\":\"https:\\\/\\\/www.elle.be\\\/fr\\\/#organization\"},\"image\":{\"@id\":\"https:\\\/\\\/www.elle.be\\\/fr\\\/471708-les-traitements-anti-age-pour-les-mains-la-nouvelle-tendance-beaute.html#primaryimage\"},\"thumbnailUrl\":\"https:\\\/\\\/www.elle.be\\\/fr\\\/wp-content\\\/uploads\\\/2026\\\/04\\\/429707-rio-de-janeiro-29-4.png\",\"keywords\":[\"peau\",\"anti-\u00e2ge\",\"rides\"],\"articleSection\":[\"Beaut\u00e9\",\"Soins Corps\"],\"inLanguage\":\"fr-FR\",\"potentialAction\":[{\"@type\":\"CommentAction\",\"name\":\"Comment\",\"target\":[\"https:\\\/\\\/www.elle.be\\\/fr\\\/471708-les-traitements-anti-age-pour-les-mains-la-nouvelle-tendance-beaute.html#respond\"]}]},{\"@type\":\"WebPage\",\"@id\":\"https:\\\/\\\/www.elle.be\\\/fr\\\/471708-les-traitements-anti-age-pour-les-mains-la-nouvelle-tendance-beaute.html\",\"url\":\"https:\\\/\\\/www.elle.be\\\/fr\\\/471708-les-traitements-anti-age-pour-les-mains-la-nouvelle-tendance-beaute.html\",\"name\":\"La tendance du moment ? Les traitements anti-\u00e2ge pour les mains\",\"isPartOf\":{\"@id\":\"https:\\\/\\\/www.elle.be\\\/fr\\\/#website\"},\"primaryImageOfPage\":{\"@id\":\"https:\\\/\\\/www.elle.be\\\/fr\\\/471708-les-traitements-anti-age-pour-les-mains-la-nouvelle-tendance-beaute.html#primaryimage\"},\"image\":{\"@id\":\"https:\\\/\\\/www.elle.be\\\/fr\\\/471708-les-traitements-anti-age-pour-les-mains-la-nouvelle-tendance-beaute.html#primaryimage\"},\"thumbnailUrl\":\"https:\\\/\\\/www.elle.be\\\/fr\\\/wp-content\\\/uploads\\\/2026\\\/04\\\/429707-rio-de-janeiro-29-4.png\",\"datePublished\":\"2026-04-27T05:06:20+00:00\",\"description\":\"De plus en plus de femmes ajoutent des traitements anti-\u00e2ge pour les mains \u00e0 leur routine, des cr\u00e8mes aux lasers et aux fillers.\",\"breadcrumb\":{\"@id\":\"https:\\\/\\\/www.elle.be\\\/fr\\\/471708-les-traitements-anti-age-pour-les-mains-la-nouvelle-tendance-beaute.html#breadcrumb\"},\"inLanguage\":\"fr-FR\",\"potentialAction\":[{\"@type\":\"ReadAction\",\"target\":[\"https:\\\/\\\/www.elle.be\\\/fr\\\/471708-les-traitements-anti-age-pour-les-mains-la-nouvelle-tendance-beaute.html\"]}]},{\"@type\":\"ImageObject\",\"inLanguage\":\"fr-FR\",\"@id\":\"https:\\\/\\\/www.elle.be\\\/fr\\\/471708-les-traitements-anti-age-pour-les-mains-la-nouvelle-tendance-beaute.html#primaryimage\",\"url\":\"https:\\\/\\\/www.elle.be\\\/fr\\\/wp-content\\\/uploads\\\/2026\\\/04\\\/429707-rio-de-janeiro-29-4.png\",\"contentUrl\":\"https:\\\/\\\/www.elle.be\\\/fr\\\/wp-content\\\/uploads\\\/2026\\\/04\\\/429707-rio-de-janeiro-29-4.png\",\"width\":1200,\"height\":628,\"caption\":\"Omnilux\"},{\"@type\":\"BreadcrumbList\",\"@id\":\"https:\\\/\\\/www.elle.be\\\/fr\\\/471708-les-traitements-anti-age-pour-les-mains-la-nouvelle-tendance-beaute.html#breadcrumb\",\"itemListElement\":[{\"@type\":\"ListItem\",\"position\":1,\"name\":\"FR\",\"item\":\"https:\\\/\\\/www.elle.be\\\/fr\"},{\"@type\":\"ListItem\",\"position\":2,\"name\":\"Beaut\u00e9\",\"item\":\"https:\\\/\\\/www.elle.be\\\/fr\\\/beaute\"},{\"@type\":\"ListItem\",\"position\":3,\"name\":\"Les traitements anti-\u00e2ge pour les mains : la nouvelle tendance beaut\u00e9\"}]},{\"@type\":\"WebSite\",\"@id\":\"https:\\\/\\\/www.elle.be\\\/fr\\\/#website\",\"url\":\"https:\\\/\\\/www.elle.be\\\/fr\\\/\",\"name\":\"ELLE.be\",\"description\":\"Toutes les infos mode, beaut\u00e9 et lifestyle les plus pointues ainsi qu&#039;un contenu 100% belge d\u00e9clin\u00e9 \u00e0 360\u00b0sur le site ELLE.be, nos r\u00e9seaux sociaux et notre cha\u00eene Youtube.\",\"publisher\":{\"@id\":\"https:\\\/\\\/www.elle.be\\\/fr\\\/#organization\"},\"potentialAction\":[{\"@type\":\"SearchAction\",\"target\":{\"@type\":\"EntryPoint\",\"urlTemplate\":\"https:\\\/\\\/www.elle.be\\\/fr\\\/?s={search_term_string}\"},\"query-input\":{\"@type\":\"PropertyValueSpecification\",\"valueRequired\":true,\"valueName\":\"search_term_string\"}}],\"inLanguage\":\"fr-FR\"},{\"@type\":\"Organization\",\"@id\":\"https:\\\/\\\/www.elle.be\\\/fr\\\/#organization\",\"name\":\"ELLE Belgique\",\"url\":\"https:\\\/\\\/www.elle.be\\\/fr\\\/\",\"logo\":{\"@type\":\"ImageObject\",\"inLanguage\":\"fr-FR\",\"@id\":\"https:\\\/\\\/www.elle.be\\\/fr\\\/#\\\/schema\\\/logo\\\/image\\\/\",\"url\":\"https:\\\/\\\/www.elle.be\\\/fr\\\/wp-content\\\/uploads\\\/2017\\\/03\\\/elle-icon-200px.jpeg\",\"contentUrl\":\"https:\\\/\\\/www.elle.be\\\/fr\\\/wp-content\\\/uploads\\\/2017\\\/03\\\/elle-icon-200px.jpeg\",\"width\":200,\"height\":200,\"caption\":\"ELLE Belgique\"},\"image\":{\"@id\":\"https:\\\/\\\/www.elle.be\\\/fr\\\/#\\\/schema\\\/logo\\\/image\\\/\"},\"sameAs\":[\"https:\\\/\\\/www.facebook.com\\\/ELLEbelgium\\\/\",\"https:\\\/\\\/x.com\\\/ELLEBelgique\",\"http:\\\/\\\/instagram.com\\\/ellebelgique\\\/\",\"https:\\\/\\\/www.pinterest.com\\\/ellebelgique\\\/\",\"https:\\\/\\\/www.youtube.com\\\/user\\\/ELLEbelgique1\"]},{\"@type\":\"Person\",\"@id\":\"https:\\\/\\\/www.elle.be\\\/fr\\\/#\\\/schema\\\/person\\\/4c5bb55655357317e8598edc0d2db13a\",\"name\":\"La r\u00e9daction\",\"image\":{\"@type\":\"ImageObject\",\"inLanguage\":\"fr-FR\",\"@id\":\"https:\\\/\\\/secure.gravatar.com\\\/avatar\\\/09bdf918c4ba5982d7ea1180e49c901ee340e78187544d4bbc826f9c62e5270d?s=96&r=g\",\"url\":\"https:\\\/\\\/secure.gravatar.com\\\/avatar\\\/09bdf918c4ba5982d7ea1180e49c901ee340e78187544d4bbc826f9c62e5270d?s=96&r=g\",\"contentUrl\":\"https:\\\/\\\/secure.gravatar.com\\\/avatar\\\/09bdf918c4ba5982d7ea1180e49c901ee340e78187544d4bbc826f9c62e5270d?s=96&r=g\",\"caption\":\"La r\u00e9daction\"},\"url\":\"https:\\\/\\\/www.elle.be\\\/fr\\\/author\\\/stagiaires\"}]}<\/script>\n<!-- \/ Yoast SEO plugin. -->","yoast_head_json":{"title":"La tendance du moment ? Les traitements anti-\u00e2ge pour les mains","description":"De plus en plus de femmes ajoutent des traitements anti-\u00e2ge pour les mains \u00e0 leur routine, des cr\u00e8mes aux lasers et aux fillers.","robots":{"index":"index","follow":"follow","max-snippet":"max-snippet:-1","max-image-preview":"max-image-preview:large","max-video-preview":"max-video-preview:-1"},"canonical":"https:\/\/www.elle.be\/fr\/471708-les-traitements-anti-age-pour-les-mains-la-nouvelle-tendance-beaute.html","og_locale":"fr_FR","og_type":"article","og_title":"La tendance du moment ? Les traitements anti-\u00e2ge pour les mains","og_description":"De plus en plus de femmes ajoutent des traitements anti-\u00e2ge pour les mains \u00e0 leur routine, des cr\u00e8mes aux lasers et aux fillers.","og_url":"https:\/\/www.elle.be\/fr\/471708-les-traitements-anti-age-pour-les-mains-la-nouvelle-tendance-beaute.html","og_site_name":"ELLE.be","article_publisher":"https:\/\/www.facebook.com\/ELLEbelgium\/","article_published_time":"2026-04-27T05:06:20+00:00","og_image":[{"width":1200,"height":628,"url":"https:\/\/www.elle.be\/fr\/wp-content\/uploads\/2026\/04\/429707-rio-de-janeiro-29-4.png","type":"image\/png"}],"author":"La r\u00e9daction","twitter_card":"summary_large_image","twitter_creator":"@ELLEBelgique","twitter_site":"@ELLEBelgique","twitter_misc":{"\u00c9crit par":"La r\u00e9daction","Dur\u00e9e de lecture estim\u00e9e":"4 minutes"},"schema":{"@context":"https:\/\/schema.org","@graph":[{"@type":"NewsArticle","@id":"https:\/\/www.elle.be\/fr\/471708-les-traitements-anti-age-pour-les-mains-la-nouvelle-tendance-beaute.html#article","isPartOf":{"@id":"https:\/\/www.elle.be\/fr\/471708-les-traitements-anti-age-pour-les-mains-la-nouvelle-tendance-beaute.html"},"author":{"name":"La r\u00e9daction","@id":"https:\/\/www.elle.be\/fr\/#\/schema\/person\/4c5bb55655357317e8598edc0d2db13a"},"headline":"Les traitements anti-\u00e2ge pour les mains : la nouvelle tendance beaut\u00e9","datePublished":"2026-04-27T05:06:20+00:00","mainEntityOfPage":{"@id":"https:\/\/www.elle.be\/fr\/471708-les-traitements-anti-age-pour-les-mains-la-nouvelle-tendance-beaute.html"},"wordCount":644,"commentCount":0,"publisher":{"@id":"https:\/\/www.elle.be\/fr\/#organization"},"image":{"@id":"https:\/\/www.elle.be\/fr\/471708-les-traitements-anti-age-pour-les-mains-la-nouvelle-tendance-beaute.html#primaryimage"},"thumbnailUrl":"https:\/\/www.elle.be\/fr\/wp-content\/uploads\/2026\/04\/429707-rio-de-janeiro-29-4.png","keywords":["peau","anti-\u00e2ge","rides"],"articleSection":["Beaut\u00e9","Soins Corps"],"inLanguage":"fr-FR","potentialAction":[{"@type":"CommentAction","name":"Comment","target":["https:\/\/www.elle.be\/fr\/471708-les-traitements-anti-age-pour-les-mains-la-nouvelle-tendance-beaute.html#respond"]}]},{"@type":"WebPage","@id":"https:\/\/www.elle.be\/fr\/471708-les-traitements-anti-age-pour-les-mains-la-nouvelle-tendance-beaute.html","url":"https:\/\/www.elle.be\/fr\/471708-les-traitements-anti-age-pour-les-mains-la-nouvelle-tendance-beaute.html","name":"La tendance du moment ? Les traitements anti-\u00e2ge pour les mains","isPartOf":{"@id":"https:\/\/www.elle.be\/fr\/#website"},"primaryImageOfPage":{"@id":"https:\/\/www.elle.be\/fr\/471708-les-traitements-anti-age-pour-les-mains-la-nouvelle-tendance-beaute.html#primaryimage"},"image":{"@id":"https:\/\/www.elle.be\/fr\/471708-les-traitements-anti-age-pour-les-mains-la-nouvelle-tendance-beaute.html#primaryimage"},"thumbnailUrl":"https:\/\/www.elle.be\/fr\/wp-content\/uploads\/2026\/04\/429707-rio-de-janeiro-29-4.png","datePublished":"2026-04-27T05:06:20+00:00","description":"De plus en plus de femmes ajoutent des traitements anti-\u00e2ge pour les mains \u00e0 leur routine, des cr\u00e8mes aux lasers et aux fillers.","breadcrumb":{"@id":"https:\/\/www.elle.be\/fr\/471708-les-traitements-anti-age-pour-les-mains-la-nouvelle-tendance-beaute.html#breadcrumb"},"inLanguage":"fr-FR","potentialAction":[{"@type":"ReadAction","target":["https:\/\/www.elle.be\/fr\/471708-les-traitements-anti-age-pour-les-mains-la-nouvelle-tendance-beaute.html"]}]},{"@type":"ImageObject","inLanguage":"fr-FR","@id":"https:\/\/www.elle.be\/fr\/471708-les-traitements-anti-age-pour-les-mains-la-nouvelle-tendance-beaute.html#primaryimage","url":"https:\/\/www.elle.be\/fr\/wp-content\/uploads\/2026\/04\/429707-rio-de-janeiro-29-4.png","contentUrl":"https:\/\/www.elle.be\/fr\/wp-content\/uploads\/2026\/04\/429707-rio-de-janeiro-29-4.png","width":1200,"height":628,"caption":"Omnilux"},{"@type":"BreadcrumbList","@id":"https:\/\/www.elle.be\/fr\/471708-les-traitements-anti-age-pour-les-mains-la-nouvelle-tendance-beaute.html#breadcrumb","itemListElement":[{"@type":"ListItem","position":1,"name":"FR","item":"https:\/\/www.elle.be\/fr"},{"@type":"ListItem","position":2,"name":"Beaut\u00e9","item":"https:\/\/www.elle.be\/fr\/beaute"},{"@type":"ListItem","position":3,"name":"Les traitements anti-\u00e2ge pour les mains : la nouvelle tendance beaut\u00e9"}]},{"@type":"WebSite","@id":"https:\/\/www.elle.be\/fr\/#website","url":"https:\/\/www.elle.be\/fr\/","name":"ELLE.be","description":"Toutes les infos mode, beaut\u00e9 et lifestyle les plus pointues ainsi qu&#039;un contenu 100% belge d\u00e9clin\u00e9 \u00e0 360\u00b0sur le site ELLE.be, nos r\u00e9seaux sociaux et notre cha\u00eene Youtube.","publisher":{"@id":"https:\/\/www.elle.be\/fr\/#organization"},"potentialAction":[{"@type":"SearchAction","target":{"@type":"EntryPoint","urlTemplate":"https:\/\/www.elle.be\/fr\/?s={search_term_string}"},"query-input":{"@type":"PropertyValueSpecification","valueRequired":true,"valueName":"search_term_string"}}],"inLanguage":"fr-FR"},{"@type":"Organization","@id":"https:\/\/www.elle.be\/fr\/#organization","name":"ELLE Belgique","url":"https:\/\/www.elle.be\/fr\/","logo":{"@type":"ImageObject","inLanguage":"fr-FR","@id":"https:\/\/www.elle.be\/fr\/#\/schema\/logo\/image\/","url":"https:\/\/www.elle.be\/fr\/wp-content\/uploads\/2017\/03\/elle-icon-200px.jpeg","contentUrl":"https:\/\/www.elle.be\/fr\/wp-content\/uploads\/2017\/03\/elle-icon-200px.jpeg","width":200,"height":200,"caption":"ELLE Belgique"},"image":{"@id":"https:\/\/www.elle.be\/fr\/#\/schema\/logo\/image\/"},"sameAs":["https:\/\/www.facebook.com\/ELLEbelgium\/","https:\/\/x.com\/ELLEBelgique","http:\/\/instagram.com\/ellebelgique\/","https:\/\/www.pinterest.com\/ellebelgique\/","https:\/\/www.youtube.com\/user\/ELLEbelgique1"]},{"@type":"Person","@id":"https:\/\/www.elle.be\/fr\/#\/schema\/person\/4c5bb55655357317e8598edc0d2db13a","name":"La r\u00e9daction","image":{"@type":"ImageObject","inLanguage":"fr-FR","@id":"https:\/\/secure.gravatar.com\/avatar\/09bdf918c4ba5982d7ea1180e49c901ee340e78187544d4bbc826f9c62e5270d?s=96&r=g","url":"https:\/\/secure.gravatar.com\/avatar\/09bdf918c4ba5982d7ea1180e49c901ee340e78187544d4bbc826f9c62e5270d?s=96&r=g","contentUrl":"https:\/\/secure.gravatar.com\/avatar\/09bdf918c4ba5982d7ea1180e49c901ee340e78187544d4bbc826f9c62e5270d?s=96&r=g","caption":"La r\u00e9daction"},"url":"https:\/\/www.elle.be\/fr\/author\/stagiaires"}]}},"_links":{"self":[{"href":"https:\/\/www.elle.be\/fr\/wp-json\/wp\/v2\/posts\/471708","targetHints":{"allow":["GET"]}}],"collection":[{"href":"https:\/\/www.elle.be\/fr\/wp-json\/wp\/v2\/posts"}],"about":[{"href":"https:\/\/www.elle.be\/fr\/wp-json\/wp\/v2\/types\/post"}],"author":[{"embeddable":true,"href":"https:\/\/www.elle.be\/fr\/wp-json\/wp\/v2\/users\/74"}],"replies":[{"embeddable":true,"href":"https:\/\/www.elle.be\/fr\/wp-json\/wp\/v2\/comments?post=471708"}],"version-history":[{"count":4,"href":"https:\/\/www.elle.be\/fr\/wp-json\/wp\/v2\/posts\/471708\/revisions"}],"predecessor-version":[{"id":471978,"href":"https:\/\/www.elle.be\/fr\/wp-json\/wp\/v2\/posts\/471708\/revisions\/471978"}],"wp:featuredmedia":[{"embeddable":true,"href":"https:\/\/www.elle.be\/fr\/wp-json\/wp\/v2\/media\/471706"}],"wp:attachment":[{"href":"https:\/\/www.elle.be\/fr\/wp-json\/wp\/v2\/media?parent=471708"}],"wp:term":[{"taxonomy":"category","embeddable":true,"href":"https:\/\/www.elle.be\/fr\/wp-json\/wp\/v2\/categories?post=471708"},{"taxonomy":"post_tag","embeddable":true,"href":"https:\/\/www.elle.be\/fr\/wp-json\/wp\/v2\/tags?post=471708"}],"curies":[{"name":"wp","href":"https:\/\/api.w.org\/{rel}","templated":true}]}}