{"id":470003,"date":"2026-03-16T09:08:36","date_gmt":"2026-03-16T08:08:36","guid":{"rendered":"https:\/\/www.elle.be\/fr\/?p=470003"},"modified":"2026-03-17T16:51:44","modified_gmt":"2026-03-17T15:51:44","slug":"oscars-2026-les-looks-du-tapis-rouge-a-voir-absolument","status":"publish","type":"post","link":"https:\/\/www.elle.be\/fr\/470003-oscars-2026-les-looks-du-tapis-rouge-a-voir-absolument.html","title":{"rendered":"Oscars 2026: les 20 looks du tapis rouge \u00e0 voir absolument"},"content":{"rendered":"","protected":false},"excerpt":{"rendered":"Des robes Chanel, Prada, Louis Vuitton ou Dior. ...","protected":false},"author":124,"featured_media":470011,"comment_status":"open","ping_status":"closed","sticky":false,"template":"","format":"standard","meta":{"_acf_changed":false,"footnotes":""},"categories":[2202,1186],"tags":[3996],"class_list":["post-470003","post","type-post","status-publish","format-standard","has-post-thumbnail","hentry","category-news-actu","category-actu","tag-hollywood"],"acf":[],"image_verticale":"470009","_yoast_wpseo_title":null,"_yoast_wpseo_metadesc":"Des robes Chanel, Prada, Louis Vuitton ou Dior. Voici les looks les plus marquants du tapis rouge des Oscars 2026 \u00e0 Hollywood.","_yoast_wpseo_focuskw_text_input":null,"_yoast_wpseo_opengraph-title":null,"yoast_head":"<!-- This site is optimized with the Yoast SEO plugin v27.4 - https:\/\/yoast.com\/product\/yoast-seo-wordpress\/ -->\n<title>Oscars 2026: les 20 looks du tapis rouge \u00e0 voir absolument - ELLE.be<\/title>\n<meta name=\"description\" content=\"Des robes Chanel, Prada, Louis Vuitton ou Dior. Voici les looks les plus marquants du tapis rouge des Oscars 2026 \u00e0 Hollywood.\" \/>\n<meta name=\"robots\" content=\"index, follow, max-snippet:-1, max-image-preview:large, max-video-preview:-1\" \/>\n<link rel=\"canonical\" href=\"https:\/\/www.elle.be\/fr\/470003-oscars-2026-les-looks-du-tapis-rouge-a-voir-absolument.html\" \/>\n<meta property=\"og:locale\" content=\"fr_FR\" \/>\n<meta property=\"og:type\" content=\"article\" \/>\n<meta property=\"og:title\" content=\"Oscars 2026: les 20 looks du tapis rouge \u00e0 voir absolument - ELLE.be\" \/>\n<meta property=\"og:description\" content=\"Des robes Chanel, Prada, Louis Vuitton ou Dior. Voici les looks les plus marquants du tapis rouge des Oscars 2026 \u00e0 Hollywood.\" \/>\n<meta property=\"og:url\" content=\"https:\/\/www.elle.be\/fr\/470003-oscars-2026-les-looks-du-tapis-rouge-a-voir-absolument.html\" \/>\n<meta property=\"og:site_name\" content=\"ELLE.be\" \/>\n<meta property=\"article:publisher\" content=\"https:\/\/www.facebook.com\/ELLEbelgium\/\" \/>\n<meta property=\"article:published_time\" content=\"2026-03-16T08:08:36+00:00\" \/>\n<meta property=\"article:modified_time\" content=\"2026-03-17T15:51:44+00:00\" \/>\n<meta property=\"og:image\" content=\"https:\/\/www.elle.be\/fr\/wp-content\/uploads\/2026\/03\/copyright-chanel.jpg\" \/>\n\t<meta property=\"og:image:width\" content=\"1200\" \/>\n\t<meta property=\"og:image:height\" content=\"628\" \/>\n\t<meta property=\"og:image:type\" content=\"image\/jpeg\" \/>\n<meta name=\"author\" content=\"Lore Ginneberge\" \/>\n<meta name=\"twitter:card\" content=\"summary_large_image\" \/>\n<meta name=\"twitter:creator\" content=\"@ELLEBelgique\" \/>\n<meta name=\"twitter:site\" content=\"@ELLEBelgique\" \/>\n<meta name=\"twitter:label1\" content=\"\u00c9crit par\" \/>\n\t<meta name=\"twitter:data1\" content=\"Lore Ginneberge\" \/>\n\t<meta name=\"twitter:label2\" content=\"Dur\u00e9e de lecture estim\u00e9e\" \/>\n\t<meta name=\"twitter:data2\" content=\"5 minutes\" \/>\n<script type=\"application\/ld+json\" class=\"yoast-schema-graph\">{\"@context\":\"https:\\\/\\\/schema.org\",\"@graph\":[{\"@type\":\"NewsArticle\",\"@id\":\"https:\\\/\\\/www.elle.be\\\/fr\\\/470003-oscars-2026-les-looks-du-tapis-rouge-a-voir-absolument.html#article\",\"isPartOf\":{\"@id\":\"https:\\\/\\\/www.elle.be\\\/fr\\\/470003-oscars-2026-les-looks-du-tapis-rouge-a-voir-absolument.html\"},\"author\":{\"name\":\"Lore Ginneberge\",\"@id\":\"https:\\\/\\\/www.elle.be\\\/fr\\\/#\\\/schema\\\/person\\\/af7d525178055f7524781c84b360a6b7\"},\"headline\":\"Oscars 2026: les 20 looks du tapis rouge \u00e0 voir absolument\",\"datePublished\":\"2026-03-16T08:08:36+00:00\",\"dateModified\":\"2026-03-17T15:51:44+00:00\",\"mainEntityOfPage\":{\"@id\":\"https:\\\/\\\/www.elle.be\\\/fr\\\/470003-oscars-2026-les-looks-du-tapis-rouge-a-voir-absolument.html\"},\"wordCount\":850,\"commentCount\":0,\"publisher\":{\"@id\":\"https:\\\/\\\/www.elle.be\\\/fr\\\/#organization\"},\"image\":{\"@id\":\"https:\\\/\\\/www.elle.be\\\/fr\\\/470003-oscars-2026-les-looks-du-tapis-rouge-a-voir-absolument.html#primaryimage\"},\"thumbnailUrl\":\"https:\\\/\\\/www.elle.be\\\/fr\\\/wp-content\\\/uploads\\\/2026\\\/03\\\/copyright-chanel.jpg\",\"keywords\":[\"hollywood\"],\"articleSection\":[\"News Actu\",\"Actu\"],\"inLanguage\":\"fr-FR\",\"potentialAction\":[{\"@type\":\"CommentAction\",\"name\":\"Comment\",\"target\":[\"https:\\\/\\\/www.elle.be\\\/fr\\\/470003-oscars-2026-les-looks-du-tapis-rouge-a-voir-absolument.html#respond\"]}]},{\"@type\":\"WebPage\",\"@id\":\"https:\\\/\\\/www.elle.be\\\/fr\\\/470003-oscars-2026-les-looks-du-tapis-rouge-a-voir-absolument.html\",\"url\":\"https:\\\/\\\/www.elle.be\\\/fr\\\/470003-oscars-2026-les-looks-du-tapis-rouge-a-voir-absolument.html\",\"name\":\"Oscars 2026: les 20 looks du tapis rouge \u00e0 voir absolument - ELLE.be\",\"isPartOf\":{\"@id\":\"https:\\\/\\\/www.elle.be\\\/fr\\\/#website\"},\"primaryImageOfPage\":{\"@id\":\"https:\\\/\\\/www.elle.be\\\/fr\\\/470003-oscars-2026-les-looks-du-tapis-rouge-a-voir-absolument.html#primaryimage\"},\"image\":{\"@id\":\"https:\\\/\\\/www.elle.be\\\/fr\\\/470003-oscars-2026-les-looks-du-tapis-rouge-a-voir-absolument.html#primaryimage\"},\"thumbnailUrl\":\"https:\\\/\\\/www.elle.be\\\/fr\\\/wp-content\\\/uploads\\\/2026\\\/03\\\/copyright-chanel.jpg\",\"datePublished\":\"2026-03-16T08:08:36+00:00\",\"dateModified\":\"2026-03-17T15:51:44+00:00\",\"description\":\"Des robes Chanel, Prada, Louis Vuitton ou Dior. Voici les looks les plus marquants du tapis rouge des Oscars 2026 \u00e0 Hollywood.\",\"breadcrumb\":{\"@id\":\"https:\\\/\\\/www.elle.be\\\/fr\\\/470003-oscars-2026-les-looks-du-tapis-rouge-a-voir-absolument.html#breadcrumb\"},\"inLanguage\":\"fr-FR\",\"potentialAction\":[{\"@type\":\"ReadAction\",\"target\":[\"https:\\\/\\\/www.elle.be\\\/fr\\\/470003-oscars-2026-les-looks-du-tapis-rouge-a-voir-absolument.html\"]}]},{\"@type\":\"ImageObject\",\"inLanguage\":\"fr-FR\",\"@id\":\"https:\\\/\\\/www.elle.be\\\/fr\\\/470003-oscars-2026-les-looks-du-tapis-rouge-a-voir-absolument.html#primaryimage\",\"url\":\"https:\\\/\\\/www.elle.be\\\/fr\\\/wp-content\\\/uploads\\\/2026\\\/03\\\/copyright-chanel.jpg\",\"contentUrl\":\"https:\\\/\\\/www.elle.be\\\/fr\\\/wp-content\\\/uploads\\\/2026\\\/03\\\/copyright-chanel.jpg\",\"width\":1200,\"height\":628,\"caption\":\"Copyright CHANEL\"},{\"@type\":\"BreadcrumbList\",\"@id\":\"https:\\\/\\\/www.elle.be\\\/fr\\\/470003-oscars-2026-les-looks-du-tapis-rouge-a-voir-absolument.html#breadcrumb\",\"itemListElement\":[{\"@type\":\"ListItem\",\"position\":1,\"name\":\"FR\",\"item\":\"https:\\\/\\\/www.elle.be\\\/fr\"},{\"@type\":\"ListItem\",\"position\":2,\"name\":\"Actu\",\"item\":\"https:\\\/\\\/www.elle.be\\\/fr\\\/actu\"},{\"@type\":\"ListItem\",\"position\":3,\"name\":\"Oscars 2026: les 20 looks du tapis rouge \u00e0 voir absolument\"}]},{\"@type\":\"WebSite\",\"@id\":\"https:\\\/\\\/www.elle.be\\\/fr\\\/#website\",\"url\":\"https:\\\/\\\/www.elle.be\\\/fr\\\/\",\"name\":\"ELLE.be\",\"description\":\"Toutes les infos mode, beaut\u00e9 et lifestyle les plus pointues ainsi qu&#039;un contenu 100% belge d\u00e9clin\u00e9 \u00e0 360\u00b0sur le site ELLE.be, nos r\u00e9seaux sociaux et notre cha\u00eene Youtube.\",\"publisher\":{\"@id\":\"https:\\\/\\\/www.elle.be\\\/fr\\\/#organization\"},\"potentialAction\":[{\"@type\":\"SearchAction\",\"target\":{\"@type\":\"EntryPoint\",\"urlTemplate\":\"https:\\\/\\\/www.elle.be\\\/fr\\\/?s={search_term_string}\"},\"query-input\":{\"@type\":\"PropertyValueSpecification\",\"valueRequired\":true,\"valueName\":\"search_term_string\"}}],\"inLanguage\":\"fr-FR\"},{\"@type\":\"Organization\",\"@id\":\"https:\\\/\\\/www.elle.be\\\/fr\\\/#organization\",\"name\":\"ELLE Belgique\",\"url\":\"https:\\\/\\\/www.elle.be\\\/fr\\\/\",\"logo\":{\"@type\":\"ImageObject\",\"inLanguage\":\"fr-FR\",\"@id\":\"https:\\\/\\\/www.elle.be\\\/fr\\\/#\\\/schema\\\/logo\\\/image\\\/\",\"url\":\"https:\\\/\\\/www.elle.be\\\/fr\\\/wp-content\\\/uploads\\\/2017\\\/03\\\/elle-icon-200px.jpeg\",\"contentUrl\":\"https:\\\/\\\/www.elle.be\\\/fr\\\/wp-content\\\/uploads\\\/2017\\\/03\\\/elle-icon-200px.jpeg\",\"width\":200,\"height\":200,\"caption\":\"ELLE Belgique\"},\"image\":{\"@id\":\"https:\\\/\\\/www.elle.be\\\/fr\\\/#\\\/schema\\\/logo\\\/image\\\/\"},\"sameAs\":[\"https:\\\/\\\/www.facebook.com\\\/ELLEbelgium\\\/\",\"https:\\\/\\\/x.com\\\/ELLEBelgique\",\"http:\\\/\\\/instagram.com\\\/ellebelgique\\\/\",\"https:\\\/\\\/www.pinterest.com\\\/ellebelgique\\\/\",\"https:\\\/\\\/www.youtube.com\\\/user\\\/ELLEbelgique1\"]},{\"@type\":\"Person\",\"@id\":\"https:\\\/\\\/www.elle.be\\\/fr\\\/#\\\/schema\\\/person\\\/af7d525178055f7524781c84b360a6b7\",\"name\":\"Lore Ginneberge\",\"image\":{\"@type\":\"ImageObject\",\"inLanguage\":\"fr-FR\",\"@id\":\"https:\\\/\\\/www.elle.be\\\/fr\\\/wp-content\\\/uploads\\\/2025\\\/09\\\/empl-loreg2-copy-96x96.jpg\",\"url\":\"https:\\\/\\\/www.elle.be\\\/fr\\\/wp-content\\\/uploads\\\/2025\\\/09\\\/empl-loreg2-copy-96x96.jpg\",\"contentUrl\":\"https:\\\/\\\/www.elle.be\\\/fr\\\/wp-content\\\/uploads\\\/2025\\\/09\\\/empl-loreg2-copy-96x96.jpg\",\"caption\":\"Lore Ginneberge\"},\"description\":\"Lore est Head of Content du site. Elle \u00e9crit sur la mode et la beaut\u00e9, toujours partante pour d\u00e9crypter votre signe astrologique ou analyser votre palette de couleurs. Hors ligne, on la retrouve le plus souvent au studio de pilates ou plong\u00e9e dans un nouveau bestseller.\",\"url\":\"https:\\\/\\\/www.elle.be\\\/fr\\\/author\\\/lore-ginneberge\"}]}<\/script>\n<!-- \/ Yoast SEO plugin. -->","yoast_head_json":{"title":"Oscars 2026: les 20 looks du tapis rouge \u00e0 voir absolument - ELLE.be","description":"Des robes Chanel, Prada, Louis Vuitton ou Dior. Voici les looks les plus marquants du tapis rouge des Oscars 2026 \u00e0 Hollywood.","robots":{"index":"index","follow":"follow","max-snippet":"max-snippet:-1","max-image-preview":"max-image-preview:large","max-video-preview":"max-video-preview:-1"},"canonical":"https:\/\/www.elle.be\/fr\/470003-oscars-2026-les-looks-du-tapis-rouge-a-voir-absolument.html","og_locale":"fr_FR","og_type":"article","og_title":"Oscars 2026: les 20 looks du tapis rouge \u00e0 voir absolument - ELLE.be","og_description":"Des robes Chanel, Prada, Louis Vuitton ou Dior. Voici les looks les plus marquants du tapis rouge des Oscars 2026 \u00e0 Hollywood.","og_url":"https:\/\/www.elle.be\/fr\/470003-oscars-2026-les-looks-du-tapis-rouge-a-voir-absolument.html","og_site_name":"ELLE.be","article_publisher":"https:\/\/www.facebook.com\/ELLEbelgium\/","article_published_time":"2026-03-16T08:08:36+00:00","article_modified_time":"2026-03-17T15:51:44+00:00","og_image":[{"width":1200,"height":628,"url":"https:\/\/www.elle.be\/fr\/wp-content\/uploads\/2026\/03\/copyright-chanel.jpg","type":"image\/jpeg"}],"author":"Lore Ginneberge","twitter_card":"summary_large_image","twitter_creator":"@ELLEBelgique","twitter_site":"@ELLEBelgique","twitter_misc":{"\u00c9crit par":"Lore Ginneberge","Dur\u00e9e de lecture estim\u00e9e":"5 minutes"},"schema":{"@context":"https:\/\/schema.org","@graph":[{"@type":"NewsArticle","@id":"https:\/\/www.elle.be\/fr\/470003-oscars-2026-les-looks-du-tapis-rouge-a-voir-absolument.html#article","isPartOf":{"@id":"https:\/\/www.elle.be\/fr\/470003-oscars-2026-les-looks-du-tapis-rouge-a-voir-absolument.html"},"author":{"name":"Lore Ginneberge","@id":"https:\/\/www.elle.be\/fr\/#\/schema\/person\/af7d525178055f7524781c84b360a6b7"},"headline":"Oscars 2026: les 20 looks du tapis rouge \u00e0 voir absolument","datePublished":"2026-03-16T08:08:36+00:00","dateModified":"2026-03-17T15:51:44+00:00","mainEntityOfPage":{"@id":"https:\/\/www.elle.be\/fr\/470003-oscars-2026-les-looks-du-tapis-rouge-a-voir-absolument.html"},"wordCount":850,"commentCount":0,"publisher":{"@id":"https:\/\/www.elle.be\/fr\/#organization"},"image":{"@id":"https:\/\/www.elle.be\/fr\/470003-oscars-2026-les-looks-du-tapis-rouge-a-voir-absolument.html#primaryimage"},"thumbnailUrl":"https:\/\/www.elle.be\/fr\/wp-content\/uploads\/2026\/03\/copyright-chanel.jpg","keywords":["hollywood"],"articleSection":["News Actu","Actu"],"inLanguage":"fr-FR","potentialAction":[{"@type":"CommentAction","name":"Comment","target":["https:\/\/www.elle.be\/fr\/470003-oscars-2026-les-looks-du-tapis-rouge-a-voir-absolument.html#respond"]}]},{"@type":"WebPage","@id":"https:\/\/www.elle.be\/fr\/470003-oscars-2026-les-looks-du-tapis-rouge-a-voir-absolument.html","url":"https:\/\/www.elle.be\/fr\/470003-oscars-2026-les-looks-du-tapis-rouge-a-voir-absolument.html","name":"Oscars 2026: les 20 looks du tapis rouge \u00e0 voir absolument - ELLE.be","isPartOf":{"@id":"https:\/\/www.elle.be\/fr\/#website"},"primaryImageOfPage":{"@id":"https:\/\/www.elle.be\/fr\/470003-oscars-2026-les-looks-du-tapis-rouge-a-voir-absolument.html#primaryimage"},"image":{"@id":"https:\/\/www.elle.be\/fr\/470003-oscars-2026-les-looks-du-tapis-rouge-a-voir-absolument.html#primaryimage"},"thumbnailUrl":"https:\/\/www.elle.be\/fr\/wp-content\/uploads\/2026\/03\/copyright-chanel.jpg","datePublished":"2026-03-16T08:08:36+00:00","dateModified":"2026-03-17T15:51:44+00:00","description":"Des robes Chanel, Prada, Louis Vuitton ou Dior. Voici les looks les plus marquants du tapis rouge des Oscars 2026 \u00e0 Hollywood.","breadcrumb":{"@id":"https:\/\/www.elle.be\/fr\/470003-oscars-2026-les-looks-du-tapis-rouge-a-voir-absolument.html#breadcrumb"},"inLanguage":"fr-FR","potentialAction":[{"@type":"ReadAction","target":["https:\/\/www.elle.be\/fr\/470003-oscars-2026-les-looks-du-tapis-rouge-a-voir-absolument.html"]}]},{"@type":"ImageObject","inLanguage":"fr-FR","@id":"https:\/\/www.elle.be\/fr\/470003-oscars-2026-les-looks-du-tapis-rouge-a-voir-absolument.html#primaryimage","url":"https:\/\/www.elle.be\/fr\/wp-content\/uploads\/2026\/03\/copyright-chanel.jpg","contentUrl":"https:\/\/www.elle.be\/fr\/wp-content\/uploads\/2026\/03\/copyright-chanel.jpg","width":1200,"height":628,"caption":"Copyright CHANEL"},{"@type":"BreadcrumbList","@id":"https:\/\/www.elle.be\/fr\/470003-oscars-2026-les-looks-du-tapis-rouge-a-voir-absolument.html#breadcrumb","itemListElement":[{"@type":"ListItem","position":1,"name":"FR","item":"https:\/\/www.elle.be\/fr"},{"@type":"ListItem","position":2,"name":"Actu","item":"https:\/\/www.elle.be\/fr\/actu"},{"@type":"ListItem","position":3,"name":"Oscars 2026: les 20 looks du tapis rouge \u00e0 voir absolument"}]},{"@type":"WebSite","@id":"https:\/\/www.elle.be\/fr\/#website","url":"https:\/\/www.elle.be\/fr\/","name":"ELLE.be","description":"Toutes les infos mode, beaut\u00e9 et lifestyle les plus pointues ainsi qu&#039;un contenu 100% belge d\u00e9clin\u00e9 \u00e0 360\u00b0sur le site ELLE.be, nos r\u00e9seaux sociaux et notre cha\u00eene Youtube.","publisher":{"@id":"https:\/\/www.elle.be\/fr\/#organization"},"potentialAction":[{"@type":"SearchAction","target":{"@type":"EntryPoint","urlTemplate":"https:\/\/www.elle.be\/fr\/?s={search_term_string}"},"query-input":{"@type":"PropertyValueSpecification","valueRequired":true,"valueName":"search_term_string"}}],"inLanguage":"fr-FR"},{"@type":"Organization","@id":"https:\/\/www.elle.be\/fr\/#organization","name":"ELLE Belgique","url":"https:\/\/www.elle.be\/fr\/","logo":{"@type":"ImageObject","inLanguage":"fr-FR","@id":"https:\/\/www.elle.be\/fr\/#\/schema\/logo\/image\/","url":"https:\/\/www.elle.be\/fr\/wp-content\/uploads\/2017\/03\/elle-icon-200px.jpeg","contentUrl":"https:\/\/www.elle.be\/fr\/wp-content\/uploads\/2017\/03\/elle-icon-200px.jpeg","width":200,"height":200,"caption":"ELLE Belgique"},"image":{"@id":"https:\/\/www.elle.be\/fr\/#\/schema\/logo\/image\/"},"sameAs":["https:\/\/www.facebook.com\/ELLEbelgium\/","https:\/\/x.com\/ELLEBelgique","http:\/\/instagram.com\/ellebelgique\/","https:\/\/www.pinterest.com\/ellebelgique\/","https:\/\/www.youtube.com\/user\/ELLEbelgique1"]},{"@type":"Person","@id":"https:\/\/www.elle.be\/fr\/#\/schema\/person\/af7d525178055f7524781c84b360a6b7","name":"Lore Ginneberge","image":{"@type":"ImageObject","inLanguage":"fr-FR","@id":"https:\/\/www.elle.be\/fr\/wp-content\/uploads\/2025\/09\/empl-loreg2-copy-96x96.jpg","url":"https:\/\/www.elle.be\/fr\/wp-content\/uploads\/2025\/09\/empl-loreg2-copy-96x96.jpg","contentUrl":"https:\/\/www.elle.be\/fr\/wp-content\/uploads\/2025\/09\/empl-loreg2-copy-96x96.jpg","caption":"Lore Ginneberge"},"description":"Lore est Head of Content du site. Elle \u00e9crit sur la mode et la beaut\u00e9, toujours partante pour d\u00e9crypter votre signe astrologique ou analyser votre palette de couleurs. Hors ligne, on la retrouve le plus souvent au studio de pilates ou plong\u00e9e dans un nouveau bestseller.","url":"https:\/\/www.elle.be\/fr\/author\/lore-ginneberge"}]}},"_links":{"self":[{"href":"https:\/\/www.elle.be\/fr\/wp-json\/wp\/v2\/posts\/470003","targetHints":{"allow":["GET"]}}],"collection":[{"href":"https:\/\/www.elle.be\/fr\/wp-json\/wp\/v2\/posts"}],"about":[{"href":"https:\/\/www.elle.be\/fr\/wp-json\/wp\/v2\/types\/post"}],"author":[{"embeddable":true,"href":"https:\/\/www.elle.be\/fr\/wp-json\/wp\/v2\/users\/124"}],"replies":[{"embeddable":true,"href":"https:\/\/www.elle.be\/fr\/wp-json\/wp\/v2\/comments?post=470003"}],"version-history":[{"count":5,"href":"https:\/\/www.elle.be\/fr\/wp-json\/wp\/v2\/posts\/470003\/revisions"}],"predecessor-version":[{"id":470168,"href":"https:\/\/www.elle.be\/fr\/wp-json\/wp\/v2\/posts\/470003\/revisions\/470168"}],"wp:featuredmedia":[{"embeddable":true,"href":"https:\/\/www.elle.be\/fr\/wp-json\/wp\/v2\/media\/470011"}],"wp:attachment":[{"href":"https:\/\/www.elle.be\/fr\/wp-json\/wp\/v2\/media?parent=470003"}],"wp:term":[{"taxonomy":"category","embeddable":true,"href":"https:\/\/www.elle.be\/fr\/wp-json\/wp\/v2\/categories?post=470003"},{"taxonomy":"post_tag","embeddable":true,"href":"https:\/\/www.elle.be\/fr\/wp-json\/wp\/v2\/tags?post=470003"}],"curies":[{"name":"wp","href":"https:\/\/api.w.org\/{rel}","templated":true}]}}