{"id":469640,"date":"2026-03-10T10:03:12","date_gmt":"2026-03-10T09:03:12","guid":{"rendered":"https:\/\/www.elle.be\/fr\/?p=469640"},"modified":"2026-03-10T10:03:52","modified_gmt":"2026-03-10T09:03:52","slug":"paris-fashion-week-matthieu-blazy-impose-la-taille-ultra-basse-chez-chanel","status":"publish","type":"post","link":"https:\/\/www.elle.be\/fr\/469640-paris-fashion-week-matthieu-blazy-impose-la-taille-ultra-basse-chez-chanel.html","title":{"rendered":"Paris Fashion Week: Matthieu Blazy impose la taille ultra-basse chez Chanel"},"content":{"rendered":"","protected":false},"excerpt":{"rendered":"Les silhouettes \u00e0 taille dramatiquement basse dominaient le d\u00e9fil\u00e9. ...","protected":false},"author":6,"featured_media":469650,"comment_status":"open","ping_status":"closed","sticky":false,"template":"","format":"standard","meta":{"_acf_changed":false,"footnotes":""},"categories":[5,356],"tags":[31,835,1079],"class_list":["post-469640","post","type-post","status-publish","format-standard","has-post-thumbnail","hentry","category-mode","category-fashion-week","tag-chanel","tag-fashion-week-2","tag-mode"],"acf":[],"image_verticale":"469654","_yoast_wpseo_title":"Paris Fashion Week: Matthieu Blazy impose la taille ultra-basse chez Chanel pour l\u2019automne-hiver 2026","_yoast_wpseo_metadesc":"\u00c0 la Paris Fashion Week, Matthieu Blazy explore une silhouette radicale pour Chanel avec des tailles tr\u00e8s basses inspir\u00e9es des ann\u00e9es 1920. Entre tweeds color\u00e9s, broches plumeuses et robes spectaculaires, la collection joue avec le glamour et l\u2019esprit du dance floor.","_yoast_wpseo_focuskw_text_input":null,"_yoast_wpseo_opengraph-title":null,"yoast_head":"<!-- This site is optimized with the Yoast SEO plugin v27.4 - https:\/\/yoast.com\/product\/yoast-seo-wordpress\/ -->\n<title>Paris Fashion Week: Matthieu Blazy impose la taille ultra-basse chez Chanel pour l\u2019automne-hiver 2026<\/title>\n<meta name=\"description\" content=\"\u00c0 la Paris Fashion Week, Matthieu Blazy explore une silhouette radicale pour Chanel avec des tailles tr\u00e8s basses inspir\u00e9es des ann\u00e9es 1920. Entre tweeds color\u00e9s, broches plumeuses et robes spectaculaires, la collection joue avec le glamour et l\u2019esprit du dance floor.\" \/>\n<meta name=\"robots\" content=\"index, follow, max-snippet:-1, max-image-preview:large, max-video-preview:-1\" \/>\n<link rel=\"canonical\" href=\"https:\/\/www.elle.com\/runway\/a70593196\/chanel-fall-2026-review\/\" \/>\n<meta property=\"og:locale\" content=\"fr_FR\" \/>\n<meta property=\"og:type\" content=\"article\" \/>\n<meta property=\"og:title\" content=\"Paris Fashion Week: Matthieu Blazy impose la taille ultra-basse chez Chanel pour l\u2019automne-hiver 2026\" \/>\n<meta property=\"og:description\" content=\"\u00c0 la Paris Fashion Week, Matthieu Blazy explore une silhouette radicale pour Chanel avec des tailles tr\u00e8s basses inspir\u00e9es des ann\u00e9es 1920. Entre tweeds color\u00e9s, broches plumeuses et robes spectaculaires, la collection joue avec le glamour et l\u2019esprit du dance floor.\" \/>\n<meta property=\"og:url\" content=\"https:\/\/www.elle.com\/runway\/a70593196\/chanel-fall-2026-review\/\" \/>\n<meta property=\"og:site_name\" content=\"ELLE.be\" \/>\n<meta property=\"article:publisher\" content=\"https:\/\/www.facebook.com\/ELLEbelgium\/\" \/>\n<meta property=\"article:author\" content=\"https:\/\/www.facebook.com\/pages\/ELLE-Belgique\/37490723084\" \/>\n<meta property=\"article:published_time\" content=\"2026-03-10T09:03:12+00:00\" \/>\n<meta property=\"article:modified_time\" content=\"2026-03-10T09:03:52+00:00\" \/>\n<meta property=\"og:image\" content=\"https:\/\/www.elle.be\/fr\/wp-content\/uploads\/2026\/03\/ontwerp-zonder-titel-54.jpg\" \/>\n\t<meta property=\"og:image:width\" content=\"1200\" \/>\n\t<meta property=\"og:image:height\" content=\"628\" \/>\n\t<meta property=\"og:image:type\" content=\"image\/jpeg\" \/>\n<meta name=\"author\" content=\"La r\u00e9daction\" \/>\n<meta name=\"twitter:card\" content=\"summary_large_image\" \/>\n<meta name=\"twitter:creator\" content=\"@ELLEBelgique\" \/>\n<meta name=\"twitter:site\" content=\"@ELLEBelgique\" \/>\n<meta name=\"twitter:label1\" content=\"\u00c9crit par\" \/>\n\t<meta name=\"twitter:data1\" content=\"La r\u00e9daction\" \/>\n\t<meta name=\"twitter:label2\" content=\"Dur\u00e9e de lecture estim\u00e9e\" \/>\n\t<meta name=\"twitter:data2\" content=\"4 minutes\" \/>\n<script type=\"application\/ld+json\" class=\"yoast-schema-graph\">{\"@context\":\"https:\\\/\\\/schema.org\",\"@graph\":[{\"@type\":\"NewsArticle\",\"@id\":\"https:\\\/\\\/www.elle.com\\\/runway\\\/a70593196\\\/chanel-fall-2026-review\\\/#article\",\"isPartOf\":{\"@id\":\"https:\\\/\\\/www.elle.be\\\/fr\\\/469640-paris-fashion-week-matthieu-blazy-impose-la-taille-ultra-basse-chez-chanel.html\"},\"author\":{\"name\":\"La r\u00e9daction\",\"@id\":\"https:\\\/\\\/www.elle.be\\\/fr\\\/#\\\/schema\\\/person\\\/16ba064c2e0ef434bf6ed0b45c6e813f\"},\"headline\":\"Paris Fashion Week: Matthieu Blazy impose la taille ultra-basse chez Chanel\",\"datePublished\":\"2026-03-10T09:03:12+00:00\",\"dateModified\":\"2026-03-10T09:03:52+00:00\",\"mainEntityOfPage\":{\"@id\":\"https:\\\/\\\/www.elle.be\\\/fr\\\/469640-paris-fashion-week-matthieu-blazy-impose-la-taille-ultra-basse-chez-chanel.html\"},\"wordCount\":463,\"commentCount\":0,\"publisher\":{\"@id\":\"https:\\\/\\\/www.elle.be\\\/fr\\\/#organization\"},\"image\":{\"@id\":\"https:\\\/\\\/www.elle.com\\\/runway\\\/a70593196\\\/chanel-fall-2026-review\\\/#primaryimage\"},\"thumbnailUrl\":\"https:\\\/\\\/www.elle.be\\\/fr\\\/wp-content\\\/uploads\\\/2026\\\/03\\\/ontwerp-zonder-titel-54.jpg\",\"keywords\":[\"chanel\",\"fashion week\",\"mode\"],\"articleSection\":[\"Mode\",\"Fashion Week\"],\"inLanguage\":\"fr-FR\",\"potentialAction\":[{\"@type\":\"CommentAction\",\"name\":\"Comment\",\"target\":[\"https:\\\/\\\/www.elle.com\\\/runway\\\/a70593196\\\/chanel-fall-2026-review\\\/#respond\"]}]},{\"@type\":\"WebPage\",\"@id\":\"https:\\\/\\\/www.elle.be\\\/fr\\\/469640-paris-fashion-week-matthieu-blazy-impose-la-taille-ultra-basse-chez-chanel.html\",\"url\":\"https:\\\/\\\/www.elle.com\\\/runway\\\/a70593196\\\/chanel-fall-2026-review\\\/\",\"name\":\"Paris Fashion Week: Matthieu Blazy impose la taille ultra-basse chez Chanel pour l\u2019automne-hiver 2026\",\"isPartOf\":{\"@id\":\"https:\\\/\\\/www.elle.be\\\/fr\\\/#website\"},\"primaryImageOfPage\":{\"@id\":\"https:\\\/\\\/www.elle.com\\\/runway\\\/a70593196\\\/chanel-fall-2026-review\\\/#primaryimage\"},\"image\":{\"@id\":\"https:\\\/\\\/www.elle.com\\\/runway\\\/a70593196\\\/chanel-fall-2026-review\\\/#primaryimage\"},\"thumbnailUrl\":\"https:\\\/\\\/www.elle.be\\\/fr\\\/wp-content\\\/uploads\\\/2026\\\/03\\\/ontwerp-zonder-titel-54.jpg\",\"datePublished\":\"2026-03-10T09:03:12+00:00\",\"dateModified\":\"2026-03-10T09:03:52+00:00\",\"description\":\"\u00c0 la Paris Fashion Week, Matthieu Blazy explore une silhouette radicale pour Chanel avec des tailles tr\u00e8s basses inspir\u00e9es des ann\u00e9es 1920. Entre tweeds color\u00e9s, broches plumeuses et robes spectaculaires, la collection joue avec le glamour et l\u2019esprit du dance floor.\",\"breadcrumb\":{\"@id\":\"https:\\\/\\\/www.elle.com\\\/runway\\\/a70593196\\\/chanel-fall-2026-review\\\/#breadcrumb\"},\"inLanguage\":\"fr-FR\",\"potentialAction\":[{\"@type\":\"ReadAction\",\"target\":[\"https:\\\/\\\/www.elle.com\\\/runway\\\/a70593196\\\/chanel-fall-2026-review\\\/\"]}]},{\"@type\":\"ImageObject\",\"inLanguage\":\"fr-FR\",\"@id\":\"https:\\\/\\\/www.elle.com\\\/runway\\\/a70593196\\\/chanel-fall-2026-review\\\/#primaryimage\",\"url\":\"https:\\\/\\\/www.elle.be\\\/fr\\\/wp-content\\\/uploads\\\/2026\\\/03\\\/ontwerp-zonder-titel-54.jpg\",\"contentUrl\":\"https:\\\/\\\/www.elle.be\\\/fr\\\/wp-content\\\/uploads\\\/2026\\\/03\\\/ontwerp-zonder-titel-54.jpg\",\"width\":1200,\"height\":628,\"caption\":\"Chanel FW26 - Launchmetrics Spotlight\"},{\"@type\":\"BreadcrumbList\",\"@id\":\"https:\\\/\\\/www.elle.com\\\/runway\\\/a70593196\\\/chanel-fall-2026-review\\\/#breadcrumb\",\"itemListElement\":[{\"@type\":\"ListItem\",\"position\":1,\"name\":\"FR\",\"item\":\"https:\\\/\\\/www.elle.be\\\/fr\"},{\"@type\":\"ListItem\",\"position\":2,\"name\":\"Mode\",\"item\":\"https:\\\/\\\/www.elle.be\\\/fr\\\/mode\"},{\"@type\":\"ListItem\",\"position\":3,\"name\":\"Paris Fashion Week: Matthieu Blazy impose la taille ultra-basse chez Chanel\"}]},{\"@type\":\"WebSite\",\"@id\":\"https:\\\/\\\/www.elle.be\\\/fr\\\/#website\",\"url\":\"https:\\\/\\\/www.elle.be\\\/fr\\\/\",\"name\":\"ELLE.be\",\"description\":\"Toutes les infos mode, beaut\u00e9 et lifestyle les plus pointues ainsi qu&#039;un contenu 100% belge d\u00e9clin\u00e9 \u00e0 360\u00b0sur le site ELLE.be, nos r\u00e9seaux sociaux et notre cha\u00eene Youtube.\",\"publisher\":{\"@id\":\"https:\\\/\\\/www.elle.be\\\/fr\\\/#organization\"},\"potentialAction\":[{\"@type\":\"SearchAction\",\"target\":{\"@type\":\"EntryPoint\",\"urlTemplate\":\"https:\\\/\\\/www.elle.be\\\/fr\\\/?s={search_term_string}\"},\"query-input\":{\"@type\":\"PropertyValueSpecification\",\"valueRequired\":true,\"valueName\":\"search_term_string\"}}],\"inLanguage\":\"fr-FR\"},{\"@type\":\"Organization\",\"@id\":\"https:\\\/\\\/www.elle.be\\\/fr\\\/#organization\",\"name\":\"ELLE Belgique\",\"url\":\"https:\\\/\\\/www.elle.be\\\/fr\\\/\",\"logo\":{\"@type\":\"ImageObject\",\"inLanguage\":\"fr-FR\",\"@id\":\"https:\\\/\\\/www.elle.be\\\/fr\\\/#\\\/schema\\\/logo\\\/image\\\/\",\"url\":\"https:\\\/\\\/www.elle.be\\\/fr\\\/wp-content\\\/uploads\\\/2017\\\/03\\\/elle-icon-200px.jpeg\",\"contentUrl\":\"https:\\\/\\\/www.elle.be\\\/fr\\\/wp-content\\\/uploads\\\/2017\\\/03\\\/elle-icon-200px.jpeg\",\"width\":200,\"height\":200,\"caption\":\"ELLE Belgique\"},\"image\":{\"@id\":\"https:\\\/\\\/www.elle.be\\\/fr\\\/#\\\/schema\\\/logo\\\/image\\\/\"},\"sameAs\":[\"https:\\\/\\\/www.facebook.com\\\/ELLEbelgium\\\/\",\"https:\\\/\\\/x.com\\\/ELLEBelgique\",\"http:\\\/\\\/instagram.com\\\/ellebelgique\\\/\",\"https:\\\/\\\/www.pinterest.com\\\/ellebelgique\\\/\",\"https:\\\/\\\/www.youtube.com\\\/user\\\/ELLEbelgique1\"]},{\"@type\":\"Person\",\"@id\":\"https:\\\/\\\/www.elle.be\\\/fr\\\/#\\\/schema\\\/person\\\/16ba064c2e0ef434bf6ed0b45c6e813f\",\"name\":\"La r\u00e9daction\",\"image\":{\"@type\":\"ImageObject\",\"inLanguage\":\"fr-FR\",\"@id\":\"https:\\\/\\\/www.elle.be\\\/fr\\\/wp-content\\\/uploads\\\/2017\\\/03\\\/cover_FR166-96x96.jpg\",\"url\":\"https:\\\/\\\/www.elle.be\\\/fr\\\/wp-content\\\/uploads\\\/2017\\\/03\\\/cover_FR166-96x96.jpg\",\"contentUrl\":\"https:\\\/\\\/www.elle.be\\\/fr\\\/wp-content\\\/uploads\\\/2017\\\/03\\\/cover_FR166-96x96.jpg\",\"caption\":\"La r\u00e9daction\"},\"description\":\"Toutes les infos mode, beaut\u00e9 et lifestyle les plus pointues ainsi qu'un contenu 100% belge d\u00e9clin\u00e9 \u00e0 360\u00b0sur le site ELLE.be, nos r\u00e9seaux sociaux et notre cha\u00eene Youtube.\",\"sameAs\":[\"http:\\\/\\\/www.elle.be\\\/fr\\\/\",\"https:\\\/\\\/www.facebook.com\\\/pages\\\/ELLE-Belgique\\\/37490723084\",\"http:\\\/\\\/instagram.com\\\/ellebelgique#\",\"http:\\\/\\\/www.pinterest.com\\\/ellebelgique\\\/pins\\\/\",\"https:\\\/\\\/x.com\\\/ELLEBelgique\"],\"url\":\"https:\\\/\\\/www.elle.be\\\/fr\\\/author\\\/elle-be\"}]}<\/script>\n<!-- \/ Yoast SEO plugin. -->","yoast_head_json":{"title":"Paris Fashion Week: Matthieu Blazy impose la taille ultra-basse chez Chanel pour l\u2019automne-hiver 2026","description":"\u00c0 la Paris Fashion Week, Matthieu Blazy explore une silhouette radicale pour Chanel avec des tailles tr\u00e8s basses inspir\u00e9es des ann\u00e9es 1920. Entre tweeds color\u00e9s, broches plumeuses et robes spectaculaires, la collection joue avec le glamour et l\u2019esprit du dance floor.","robots":{"index":"index","follow":"follow","max-snippet":"max-snippet:-1","max-image-preview":"max-image-preview:large","max-video-preview":"max-video-preview:-1"},"canonical":"https:\/\/www.elle.com\/runway\/a70593196\/chanel-fall-2026-review\/","og_locale":"fr_FR","og_type":"article","og_title":"Paris Fashion Week: Matthieu Blazy impose la taille ultra-basse chez Chanel pour l\u2019automne-hiver 2026","og_description":"\u00c0 la Paris Fashion Week, Matthieu Blazy explore une silhouette radicale pour Chanel avec des tailles tr\u00e8s basses inspir\u00e9es des ann\u00e9es 1920. Entre tweeds color\u00e9s, broches plumeuses et robes spectaculaires, la collection joue avec le glamour et l\u2019esprit du dance floor.","og_url":"https:\/\/www.elle.com\/runway\/a70593196\/chanel-fall-2026-review\/","og_site_name":"ELLE.be","article_publisher":"https:\/\/www.facebook.com\/ELLEbelgium\/","article_author":"https:\/\/www.facebook.com\/pages\/ELLE-Belgique\/37490723084","article_published_time":"2026-03-10T09:03:12+00:00","article_modified_time":"2026-03-10T09:03:52+00:00","og_image":[{"width":1200,"height":628,"url":"https:\/\/www.elle.be\/fr\/wp-content\/uploads\/2026\/03\/ontwerp-zonder-titel-54.jpg","type":"image\/jpeg"}],"author":"La r\u00e9daction","twitter_card":"summary_large_image","twitter_creator":"@ELLEBelgique","twitter_site":"@ELLEBelgique","twitter_misc":{"\u00c9crit par":"La r\u00e9daction","Dur\u00e9e de lecture estim\u00e9e":"4 minutes"},"schema":{"@context":"https:\/\/schema.org","@graph":[{"@type":"NewsArticle","@id":"https:\/\/www.elle.com\/runway\/a70593196\/chanel-fall-2026-review\/#article","isPartOf":{"@id":"https:\/\/www.elle.be\/fr\/469640-paris-fashion-week-matthieu-blazy-impose-la-taille-ultra-basse-chez-chanel.html"},"author":{"name":"La r\u00e9daction","@id":"https:\/\/www.elle.be\/fr\/#\/schema\/person\/16ba064c2e0ef434bf6ed0b45c6e813f"},"headline":"Paris Fashion Week: Matthieu Blazy impose la taille ultra-basse chez Chanel","datePublished":"2026-03-10T09:03:12+00:00","dateModified":"2026-03-10T09:03:52+00:00","mainEntityOfPage":{"@id":"https:\/\/www.elle.be\/fr\/469640-paris-fashion-week-matthieu-blazy-impose-la-taille-ultra-basse-chez-chanel.html"},"wordCount":463,"commentCount":0,"publisher":{"@id":"https:\/\/www.elle.be\/fr\/#organization"},"image":{"@id":"https:\/\/www.elle.com\/runway\/a70593196\/chanel-fall-2026-review\/#primaryimage"},"thumbnailUrl":"https:\/\/www.elle.be\/fr\/wp-content\/uploads\/2026\/03\/ontwerp-zonder-titel-54.jpg","keywords":["chanel","fashion week","mode"],"articleSection":["Mode","Fashion Week"],"inLanguage":"fr-FR","potentialAction":[{"@type":"CommentAction","name":"Comment","target":["https:\/\/www.elle.com\/runway\/a70593196\/chanel-fall-2026-review\/#respond"]}]},{"@type":"WebPage","@id":"https:\/\/www.elle.be\/fr\/469640-paris-fashion-week-matthieu-blazy-impose-la-taille-ultra-basse-chez-chanel.html","url":"https:\/\/www.elle.com\/runway\/a70593196\/chanel-fall-2026-review\/","name":"Paris Fashion Week: Matthieu Blazy impose la taille ultra-basse chez Chanel pour l\u2019automne-hiver 2026","isPartOf":{"@id":"https:\/\/www.elle.be\/fr\/#website"},"primaryImageOfPage":{"@id":"https:\/\/www.elle.com\/runway\/a70593196\/chanel-fall-2026-review\/#primaryimage"},"image":{"@id":"https:\/\/www.elle.com\/runway\/a70593196\/chanel-fall-2026-review\/#primaryimage"},"thumbnailUrl":"https:\/\/www.elle.be\/fr\/wp-content\/uploads\/2026\/03\/ontwerp-zonder-titel-54.jpg","datePublished":"2026-03-10T09:03:12+00:00","dateModified":"2026-03-10T09:03:52+00:00","description":"\u00c0 la Paris Fashion Week, Matthieu Blazy explore une silhouette radicale pour Chanel avec des tailles tr\u00e8s basses inspir\u00e9es des ann\u00e9es 1920. Entre tweeds color\u00e9s, broches plumeuses et robes spectaculaires, la collection joue avec le glamour et l\u2019esprit du dance floor.","breadcrumb":{"@id":"https:\/\/www.elle.com\/runway\/a70593196\/chanel-fall-2026-review\/#breadcrumb"},"inLanguage":"fr-FR","potentialAction":[{"@type":"ReadAction","target":["https:\/\/www.elle.com\/runway\/a70593196\/chanel-fall-2026-review\/"]}]},{"@type":"ImageObject","inLanguage":"fr-FR","@id":"https:\/\/www.elle.com\/runway\/a70593196\/chanel-fall-2026-review\/#primaryimage","url":"https:\/\/www.elle.be\/fr\/wp-content\/uploads\/2026\/03\/ontwerp-zonder-titel-54.jpg","contentUrl":"https:\/\/www.elle.be\/fr\/wp-content\/uploads\/2026\/03\/ontwerp-zonder-titel-54.jpg","width":1200,"height":628,"caption":"Chanel FW26 - Launchmetrics Spotlight"},{"@type":"BreadcrumbList","@id":"https:\/\/www.elle.com\/runway\/a70593196\/chanel-fall-2026-review\/#breadcrumb","itemListElement":[{"@type":"ListItem","position":1,"name":"FR","item":"https:\/\/www.elle.be\/fr"},{"@type":"ListItem","position":2,"name":"Mode","item":"https:\/\/www.elle.be\/fr\/mode"},{"@type":"ListItem","position":3,"name":"Paris Fashion Week: Matthieu Blazy impose la taille ultra-basse chez Chanel"}]},{"@type":"WebSite","@id":"https:\/\/www.elle.be\/fr\/#website","url":"https:\/\/www.elle.be\/fr\/","name":"ELLE.be","description":"Toutes les infos mode, beaut\u00e9 et lifestyle les plus pointues ainsi qu&#039;un contenu 100% belge d\u00e9clin\u00e9 \u00e0 360\u00b0sur le site ELLE.be, nos r\u00e9seaux sociaux et notre cha\u00eene Youtube.","publisher":{"@id":"https:\/\/www.elle.be\/fr\/#organization"},"potentialAction":[{"@type":"SearchAction","target":{"@type":"EntryPoint","urlTemplate":"https:\/\/www.elle.be\/fr\/?s={search_term_string}"},"query-input":{"@type":"PropertyValueSpecification","valueRequired":true,"valueName":"search_term_string"}}],"inLanguage":"fr-FR"},{"@type":"Organization","@id":"https:\/\/www.elle.be\/fr\/#organization","name":"ELLE Belgique","url":"https:\/\/www.elle.be\/fr\/","logo":{"@type":"ImageObject","inLanguage":"fr-FR","@id":"https:\/\/www.elle.be\/fr\/#\/schema\/logo\/image\/","url":"https:\/\/www.elle.be\/fr\/wp-content\/uploads\/2017\/03\/elle-icon-200px.jpeg","contentUrl":"https:\/\/www.elle.be\/fr\/wp-content\/uploads\/2017\/03\/elle-icon-200px.jpeg","width":200,"height":200,"caption":"ELLE Belgique"},"image":{"@id":"https:\/\/www.elle.be\/fr\/#\/schema\/logo\/image\/"},"sameAs":["https:\/\/www.facebook.com\/ELLEbelgium\/","https:\/\/x.com\/ELLEBelgique","http:\/\/instagram.com\/ellebelgique\/","https:\/\/www.pinterest.com\/ellebelgique\/","https:\/\/www.youtube.com\/user\/ELLEbelgique1"]},{"@type":"Person","@id":"https:\/\/www.elle.be\/fr\/#\/schema\/person\/16ba064c2e0ef434bf6ed0b45c6e813f","name":"La r\u00e9daction","image":{"@type":"ImageObject","inLanguage":"fr-FR","@id":"https:\/\/www.elle.be\/fr\/wp-content\/uploads\/2017\/03\/cover_FR166-96x96.jpg","url":"https:\/\/www.elle.be\/fr\/wp-content\/uploads\/2017\/03\/cover_FR166-96x96.jpg","contentUrl":"https:\/\/www.elle.be\/fr\/wp-content\/uploads\/2017\/03\/cover_FR166-96x96.jpg","caption":"La r\u00e9daction"},"description":"Toutes les infos mode, beaut\u00e9 et lifestyle les plus pointues ainsi qu'un contenu 100% belge d\u00e9clin\u00e9 \u00e0 360\u00b0sur le site ELLE.be, nos r\u00e9seaux sociaux et notre cha\u00eene Youtube.","sameAs":["http:\/\/www.elle.be\/fr\/","https:\/\/www.facebook.com\/pages\/ELLE-Belgique\/37490723084","http:\/\/instagram.com\/ellebelgique#","http:\/\/www.pinterest.com\/ellebelgique\/pins\/","https:\/\/x.com\/ELLEBelgique"],"url":"https:\/\/www.elle.be\/fr\/author\/elle-be"}]}},"_links":{"self":[{"href":"https:\/\/www.elle.be\/fr\/wp-json\/wp\/v2\/posts\/469640","targetHints":{"allow":["GET"]}}],"collection":[{"href":"https:\/\/www.elle.be\/fr\/wp-json\/wp\/v2\/posts"}],"about":[{"href":"https:\/\/www.elle.be\/fr\/wp-json\/wp\/v2\/types\/post"}],"author":[{"embeddable":true,"href":"https:\/\/www.elle.be\/fr\/wp-json\/wp\/v2\/users\/6"}],"replies":[{"embeddable":true,"href":"https:\/\/www.elle.be\/fr\/wp-json\/wp\/v2\/comments?post=469640"}],"version-history":[{"count":2,"href":"https:\/\/www.elle.be\/fr\/wp-json\/wp\/v2\/posts\/469640\/revisions"}],"predecessor-version":[{"id":469656,"href":"https:\/\/www.elle.be\/fr\/wp-json\/wp\/v2\/posts\/469640\/revisions\/469656"}],"wp:featuredmedia":[{"embeddable":true,"href":"https:\/\/www.elle.be\/fr\/wp-json\/wp\/v2\/media\/469650"}],"wp:attachment":[{"href":"https:\/\/www.elle.be\/fr\/wp-json\/wp\/v2\/media?parent=469640"}],"wp:term":[{"taxonomy":"category","embeddable":true,"href":"https:\/\/www.elle.be\/fr\/wp-json\/wp\/v2\/categories?post=469640"},{"taxonomy":"post_tag","embeddable":true,"href":"https:\/\/www.elle.be\/fr\/wp-json\/wp\/v2\/tags?post=469640"}],"curies":[{"name":"wp","href":"https:\/\/api.w.org\/{rel}","templated":true}]}}