{"id":469243,"date":"2026-03-06T14:40:47","date_gmt":"2026-03-06T13:40:47","guid":{"rendered":"https:\/\/www.elle.be\/fr\/?p=469243"},"modified":"2026-03-05T09:41:26","modified_gmt":"2026-03-05T08:41:26","slug":"8-mars-a-bruxelles-6-rendez-vous-engages-a-ne-pas-manquer","status":"publish","type":"post","link":"https:\/\/www.elle.be\/fr\/469243-8-mars-a-bruxelles-6-rendez-vous-engages-a-ne-pas-manquer.html","title":{"rendered":"8 mars \u00e0 Bruxelles : 6 rendez-vous engag\u00e9s \u00e0 ne pas manquer"},"content":{"rendered":"","protected":false},"excerpt":{"rendered":"Vous cherchez comment transformer votre indignation en action (ou en danse) ? On a d\u00e9nich\u00e9 pour vous les rendez-vous les plus br\u00fblants pour se mobiliser ce 8 mars 2026, Journ\u00e9e internationale de lutte pour les droits des femmes.","protected":false},"author":105,"featured_media":469245,"comment_status":"open","ping_status":"closed","sticky":false,"template":"","format":"standard","meta":{"_acf_changed":false,"footnotes":""},"categories":[1186,2220],"tags":[403,907,2409],"class_list":["post-469243","post","type-post","status-publish","format-standard","has-post-thumbnail","hentry","category-actu","category-societe","tag-feminisme","tag-journee-internationale-des-droits-des-femmes","tag-8-mars"],"acf":[],"image_verticale":"469244","_yoast_wpseo_title":"8 mars \u00e0 Bruxelles : 6 rendez-vous engag\u00e9s \u00e0 ne pas manquer","_yoast_wpseo_metadesc":"On a d\u00e9nich\u00e9 pour vous les rendez-vous les plus br\u00fblants pour se mobiliser ce 8 mars 2026, Journ\u00e9ede lutte pour les droits des femmes.","_yoast_wpseo_focuskw_text_input":null,"_yoast_wpseo_opengraph-title":null,"yoast_head":"<!-- This site is optimized with the Yoast SEO plugin v27.4 - https:\/\/yoast.com\/product\/yoast-seo-wordpress\/ -->\n<title>8 mars \u00e0 Bruxelles : 6 rendez-vous engag\u00e9s \u00e0 ne pas manquer<\/title>\n<meta name=\"description\" content=\"On a d\u00e9nich\u00e9 pour vous les rendez-vous les plus br\u00fblants pour se mobiliser ce 8 mars 2026, Journ\u00e9ede lutte pour les droits des femmes.\" \/>\n<meta name=\"robots\" content=\"index, follow, max-snippet:-1, max-image-preview:large, max-video-preview:-1\" \/>\n<link rel=\"canonical\" href=\"https:\/\/www.elle.be\/fr\/469243-8-mars-a-bruxelles-6-rendez-vous-engages-a-ne-pas-manquer.html\" \/>\n<meta property=\"og:locale\" content=\"fr_FR\" \/>\n<meta property=\"og:type\" content=\"article\" \/>\n<meta property=\"og:title\" content=\"8 mars \u00e0 Bruxelles : 6 rendez-vous engag\u00e9s \u00e0 ne pas manquer\" \/>\n<meta property=\"og:description\" content=\"On a d\u00e9nich\u00e9 pour vous les rendez-vous les plus br\u00fblants pour se mobiliser ce 8 mars 2026, Journ\u00e9ede lutte pour les droits des femmes.\" \/>\n<meta property=\"og:url\" content=\"https:\/\/www.elle.be\/fr\/469243-8-mars-a-bruxelles-6-rendez-vous-engages-a-ne-pas-manquer.html\" \/>\n<meta property=\"og:site_name\" content=\"ELLE.be\" \/>\n<meta property=\"article:publisher\" content=\"https:\/\/www.facebook.com\/ELLEbelgium\/\" \/>\n<meta property=\"article:published_time\" content=\"2026-03-06T13:40:47+00:00\" \/>\n<meta property=\"og:image\" content=\"https:\/\/www.elle.be\/fr\/wp-content\/uploads\/2026\/03\/8-mars-journee-internationale-droits-femmes-1.png\" \/>\n\t<meta property=\"og:image:width\" content=\"1200\" \/>\n\t<meta property=\"og:image:height\" content=\"628\" \/>\n\t<meta property=\"og:image:type\" content=\"image\/png\" \/>\n<meta name=\"author\" content=\"Camille Vernin\" \/>\n<meta name=\"twitter:card\" content=\"summary_large_image\" \/>\n<meta name=\"twitter:creator\" content=\"@ELLEBelgique\" \/>\n<meta name=\"twitter:site\" content=\"@ELLEBelgique\" \/>\n<meta name=\"twitter:label1\" content=\"\u00c9crit par\" \/>\n\t<meta name=\"twitter:data1\" content=\"Camille Vernin\" \/>\n\t<meta name=\"twitter:label2\" content=\"Dur\u00e9e de lecture estim\u00e9e\" \/>\n\t<meta name=\"twitter:data2\" content=\"3 minutes\" \/>\n<script type=\"application\/ld+json\" class=\"yoast-schema-graph\">{\"@context\":\"https:\\\/\\\/schema.org\",\"@graph\":[{\"@type\":\"NewsArticle\",\"@id\":\"https:\\\/\\\/www.elle.be\\\/fr\\\/469243-8-mars-a-bruxelles-6-rendez-vous-engages-a-ne-pas-manquer.html#article\",\"isPartOf\":{\"@id\":\"https:\\\/\\\/www.elle.be\\\/fr\\\/469243-8-mars-a-bruxelles-6-rendez-vous-engages-a-ne-pas-manquer.html\"},\"author\":{\"name\":\"Camille Vernin\",\"@id\":\"https:\\\/\\\/www.elle.be\\\/fr\\\/#\\\/schema\\\/person\\\/b3aea5bbef80b73c9441f0b80adb1f89\"},\"headline\":\"8 mars \u00e0 Bruxelles : 6 rendez-vous engag\u00e9s \u00e0 ne pas manquer\",\"datePublished\":\"2026-03-06T13:40:47+00:00\",\"mainEntityOfPage\":{\"@id\":\"https:\\\/\\\/www.elle.be\\\/fr\\\/469243-8-mars-a-bruxelles-6-rendez-vous-engages-a-ne-pas-manquer.html\"},\"wordCount\":526,\"commentCount\":0,\"publisher\":{\"@id\":\"https:\\\/\\\/www.elle.be\\\/fr\\\/#organization\"},\"image\":{\"@id\":\"https:\\\/\\\/www.elle.be\\\/fr\\\/469243-8-mars-a-bruxelles-6-rendez-vous-engages-a-ne-pas-manquer.html#primaryimage\"},\"thumbnailUrl\":\"https:\\\/\\\/www.elle.be\\\/fr\\\/wp-content\\\/uploads\\\/2026\\\/03\\\/8-mars-journee-internationale-droits-femmes-1.png\",\"keywords\":[\"f\u00e9minisme\",\"journ\u00e9e internationale des droits des femmes\",\"8 mars\"],\"articleSection\":[\"Actu\",\"Soci\u00e9t\u00e9\"],\"inLanguage\":\"fr-FR\",\"potentialAction\":[{\"@type\":\"CommentAction\",\"name\":\"Comment\",\"target\":[\"https:\\\/\\\/www.elle.be\\\/fr\\\/469243-8-mars-a-bruxelles-6-rendez-vous-engages-a-ne-pas-manquer.html#respond\"]}]},{\"@type\":\"WebPage\",\"@id\":\"https:\\\/\\\/www.elle.be\\\/fr\\\/469243-8-mars-a-bruxelles-6-rendez-vous-engages-a-ne-pas-manquer.html\",\"url\":\"https:\\\/\\\/www.elle.be\\\/fr\\\/469243-8-mars-a-bruxelles-6-rendez-vous-engages-a-ne-pas-manquer.html\",\"name\":\"8 mars \u00e0 Bruxelles : 6 rendez-vous engag\u00e9s \u00e0 ne pas manquer\",\"isPartOf\":{\"@id\":\"https:\\\/\\\/www.elle.be\\\/fr\\\/#website\"},\"primaryImageOfPage\":{\"@id\":\"https:\\\/\\\/www.elle.be\\\/fr\\\/469243-8-mars-a-bruxelles-6-rendez-vous-engages-a-ne-pas-manquer.html#primaryimage\"},\"image\":{\"@id\":\"https:\\\/\\\/www.elle.be\\\/fr\\\/469243-8-mars-a-bruxelles-6-rendez-vous-engages-a-ne-pas-manquer.html#primaryimage\"},\"thumbnailUrl\":\"https:\\\/\\\/www.elle.be\\\/fr\\\/wp-content\\\/uploads\\\/2026\\\/03\\\/8-mars-journee-internationale-droits-femmes-1.png\",\"datePublished\":\"2026-03-06T13:40:47+00:00\",\"description\":\"On a d\u00e9nich\u00e9 pour vous les rendez-vous les plus br\u00fblants pour se mobiliser ce 8 mars 2026, Journ\u00e9ede lutte pour les droits des femmes.\",\"breadcrumb\":{\"@id\":\"https:\\\/\\\/www.elle.be\\\/fr\\\/469243-8-mars-a-bruxelles-6-rendez-vous-engages-a-ne-pas-manquer.html#breadcrumb\"},\"inLanguage\":\"fr-FR\",\"potentialAction\":[{\"@type\":\"ReadAction\",\"target\":[\"https:\\\/\\\/www.elle.be\\\/fr\\\/469243-8-mars-a-bruxelles-6-rendez-vous-engages-a-ne-pas-manquer.html\"]}]},{\"@type\":\"ImageObject\",\"inLanguage\":\"fr-FR\",\"@id\":\"https:\\\/\\\/www.elle.be\\\/fr\\\/469243-8-mars-a-bruxelles-6-rendez-vous-engages-a-ne-pas-manquer.html#primaryimage\",\"url\":\"https:\\\/\\\/www.elle.be\\\/fr\\\/wp-content\\\/uploads\\\/2026\\\/03\\\/8-mars-journee-internationale-droits-femmes-1.png\",\"contentUrl\":\"https:\\\/\\\/www.elle.be\\\/fr\\\/wp-content\\\/uploads\\\/2026\\\/03\\\/8-mars-journee-internationale-droits-femmes-1.png\",\"width\":1200,\"height\":628,\"caption\":\"\u00a9Unsplash\"},{\"@type\":\"BreadcrumbList\",\"@id\":\"https:\\\/\\\/www.elle.be\\\/fr\\\/469243-8-mars-a-bruxelles-6-rendez-vous-engages-a-ne-pas-manquer.html#breadcrumb\",\"itemListElement\":[{\"@type\":\"ListItem\",\"position\":1,\"name\":\"FR\",\"item\":\"https:\\\/\\\/www.elle.be\\\/fr\"},{\"@type\":\"ListItem\",\"position\":2,\"name\":\"Actu\",\"item\":\"https:\\\/\\\/www.elle.be\\\/fr\\\/actu\"},{\"@type\":\"ListItem\",\"position\":3,\"name\":\"8 mars \u00e0 Bruxelles : 6 rendez-vous engag\u00e9s \u00e0 ne pas manquer\"}]},{\"@type\":\"WebSite\",\"@id\":\"https:\\\/\\\/www.elle.be\\\/fr\\\/#website\",\"url\":\"https:\\\/\\\/www.elle.be\\\/fr\\\/\",\"name\":\"ELLE.be\",\"description\":\"Toutes les infos mode, beaut\u00e9 et lifestyle les plus pointues ainsi qu&#039;un contenu 100% belge d\u00e9clin\u00e9 \u00e0 360\u00b0sur le site ELLE.be, nos r\u00e9seaux sociaux et notre cha\u00eene Youtube.\",\"publisher\":{\"@id\":\"https:\\\/\\\/www.elle.be\\\/fr\\\/#organization\"},\"potentialAction\":[{\"@type\":\"SearchAction\",\"target\":{\"@type\":\"EntryPoint\",\"urlTemplate\":\"https:\\\/\\\/www.elle.be\\\/fr\\\/?s={search_term_string}\"},\"query-input\":{\"@type\":\"PropertyValueSpecification\",\"valueRequired\":true,\"valueName\":\"search_term_string\"}}],\"inLanguage\":\"fr-FR\"},{\"@type\":\"Organization\",\"@id\":\"https:\\\/\\\/www.elle.be\\\/fr\\\/#organization\",\"name\":\"ELLE Belgique\",\"url\":\"https:\\\/\\\/www.elle.be\\\/fr\\\/\",\"logo\":{\"@type\":\"ImageObject\",\"inLanguage\":\"fr-FR\",\"@id\":\"https:\\\/\\\/www.elle.be\\\/fr\\\/#\\\/schema\\\/logo\\\/image\\\/\",\"url\":\"https:\\\/\\\/www.elle.be\\\/fr\\\/wp-content\\\/uploads\\\/2017\\\/03\\\/elle-icon-200px.jpeg\",\"contentUrl\":\"https:\\\/\\\/www.elle.be\\\/fr\\\/wp-content\\\/uploads\\\/2017\\\/03\\\/elle-icon-200px.jpeg\",\"width\":200,\"height\":200,\"caption\":\"ELLE Belgique\"},\"image\":{\"@id\":\"https:\\\/\\\/www.elle.be\\\/fr\\\/#\\\/schema\\\/logo\\\/image\\\/\"},\"sameAs\":[\"https:\\\/\\\/www.facebook.com\\\/ELLEbelgium\\\/\",\"https:\\\/\\\/x.com\\\/ELLEBelgique\",\"http:\\\/\\\/instagram.com\\\/ellebelgique\\\/\",\"https:\\\/\\\/www.pinterest.com\\\/ellebelgique\\\/\",\"https:\\\/\\\/www.youtube.com\\\/user\\\/ELLEbelgique1\"]},{\"@type\":\"Person\",\"@id\":\"https:\\\/\\\/www.elle.be\\\/fr\\\/#\\\/schema\\\/person\\\/b3aea5bbef80b73c9441f0b80adb1f89\",\"name\":\"Camille Vernin\",\"image\":{\"@type\":\"ImageObject\",\"inLanguage\":\"fr-FR\",\"@id\":\"https:\\\/\\\/www.elle.be\\\/fr\\\/wp-content\\\/uploads\\\/2021\\\/01\\\/capture-decran-2024-07-28-a-221623-96x96.jpg\",\"url\":\"https:\\\/\\\/www.elle.be\\\/fr\\\/wp-content\\\/uploads\\\/2021\\\/01\\\/capture-decran-2024-07-28-a-221623-96x96.jpg\",\"contentUrl\":\"https:\\\/\\\/www.elle.be\\\/fr\\\/wp-content\\\/uploads\\\/2021\\\/01\\\/capture-decran-2024-07-28-a-221623-96x96.jpg\",\"caption\":\"Camille Vernin\"},\"url\":\"https:\\\/\\\/www.elle.be\\\/fr\\\/author\\\/camille-vernin\"}]}<\/script>\n<!-- \/ Yoast SEO plugin. -->","yoast_head_json":{"title":"8 mars \u00e0 Bruxelles : 6 rendez-vous engag\u00e9s \u00e0 ne pas manquer","description":"On a d\u00e9nich\u00e9 pour vous les rendez-vous les plus br\u00fblants pour se mobiliser ce 8 mars 2026, Journ\u00e9ede lutte pour les droits des femmes.","robots":{"index":"index","follow":"follow","max-snippet":"max-snippet:-1","max-image-preview":"max-image-preview:large","max-video-preview":"max-video-preview:-1"},"canonical":"https:\/\/www.elle.be\/fr\/469243-8-mars-a-bruxelles-6-rendez-vous-engages-a-ne-pas-manquer.html","og_locale":"fr_FR","og_type":"article","og_title":"8 mars \u00e0 Bruxelles : 6 rendez-vous engag\u00e9s \u00e0 ne pas manquer","og_description":"On a d\u00e9nich\u00e9 pour vous les rendez-vous les plus br\u00fblants pour se mobiliser ce 8 mars 2026, Journ\u00e9ede lutte pour les droits des femmes.","og_url":"https:\/\/www.elle.be\/fr\/469243-8-mars-a-bruxelles-6-rendez-vous-engages-a-ne-pas-manquer.html","og_site_name":"ELLE.be","article_publisher":"https:\/\/www.facebook.com\/ELLEbelgium\/","article_published_time":"2026-03-06T13:40:47+00:00","og_image":[{"width":1200,"height":628,"url":"https:\/\/www.elle.be\/fr\/wp-content\/uploads\/2026\/03\/8-mars-journee-internationale-droits-femmes-1.png","type":"image\/png"}],"author":"Camille Vernin","twitter_card":"summary_large_image","twitter_creator":"@ELLEBelgique","twitter_site":"@ELLEBelgique","twitter_misc":{"\u00c9crit par":"Camille Vernin","Dur\u00e9e de lecture estim\u00e9e":"3 minutes"},"schema":{"@context":"https:\/\/schema.org","@graph":[{"@type":"NewsArticle","@id":"https:\/\/www.elle.be\/fr\/469243-8-mars-a-bruxelles-6-rendez-vous-engages-a-ne-pas-manquer.html#article","isPartOf":{"@id":"https:\/\/www.elle.be\/fr\/469243-8-mars-a-bruxelles-6-rendez-vous-engages-a-ne-pas-manquer.html"},"author":{"name":"Camille Vernin","@id":"https:\/\/www.elle.be\/fr\/#\/schema\/person\/b3aea5bbef80b73c9441f0b80adb1f89"},"headline":"8 mars \u00e0 Bruxelles : 6 rendez-vous engag\u00e9s \u00e0 ne pas manquer","datePublished":"2026-03-06T13:40:47+00:00","mainEntityOfPage":{"@id":"https:\/\/www.elle.be\/fr\/469243-8-mars-a-bruxelles-6-rendez-vous-engages-a-ne-pas-manquer.html"},"wordCount":526,"commentCount":0,"publisher":{"@id":"https:\/\/www.elle.be\/fr\/#organization"},"image":{"@id":"https:\/\/www.elle.be\/fr\/469243-8-mars-a-bruxelles-6-rendez-vous-engages-a-ne-pas-manquer.html#primaryimage"},"thumbnailUrl":"https:\/\/www.elle.be\/fr\/wp-content\/uploads\/2026\/03\/8-mars-journee-internationale-droits-femmes-1.png","keywords":["f\u00e9minisme","journ\u00e9e internationale des droits des femmes","8 mars"],"articleSection":["Actu","Soci\u00e9t\u00e9"],"inLanguage":"fr-FR","potentialAction":[{"@type":"CommentAction","name":"Comment","target":["https:\/\/www.elle.be\/fr\/469243-8-mars-a-bruxelles-6-rendez-vous-engages-a-ne-pas-manquer.html#respond"]}]},{"@type":"WebPage","@id":"https:\/\/www.elle.be\/fr\/469243-8-mars-a-bruxelles-6-rendez-vous-engages-a-ne-pas-manquer.html","url":"https:\/\/www.elle.be\/fr\/469243-8-mars-a-bruxelles-6-rendez-vous-engages-a-ne-pas-manquer.html","name":"8 mars \u00e0 Bruxelles : 6 rendez-vous engag\u00e9s \u00e0 ne pas manquer","isPartOf":{"@id":"https:\/\/www.elle.be\/fr\/#website"},"primaryImageOfPage":{"@id":"https:\/\/www.elle.be\/fr\/469243-8-mars-a-bruxelles-6-rendez-vous-engages-a-ne-pas-manquer.html#primaryimage"},"image":{"@id":"https:\/\/www.elle.be\/fr\/469243-8-mars-a-bruxelles-6-rendez-vous-engages-a-ne-pas-manquer.html#primaryimage"},"thumbnailUrl":"https:\/\/www.elle.be\/fr\/wp-content\/uploads\/2026\/03\/8-mars-journee-internationale-droits-femmes-1.png","datePublished":"2026-03-06T13:40:47+00:00","description":"On a d\u00e9nich\u00e9 pour vous les rendez-vous les plus br\u00fblants pour se mobiliser ce 8 mars 2026, Journ\u00e9ede lutte pour les droits des femmes.","breadcrumb":{"@id":"https:\/\/www.elle.be\/fr\/469243-8-mars-a-bruxelles-6-rendez-vous-engages-a-ne-pas-manquer.html#breadcrumb"},"inLanguage":"fr-FR","potentialAction":[{"@type":"ReadAction","target":["https:\/\/www.elle.be\/fr\/469243-8-mars-a-bruxelles-6-rendez-vous-engages-a-ne-pas-manquer.html"]}]},{"@type":"ImageObject","inLanguage":"fr-FR","@id":"https:\/\/www.elle.be\/fr\/469243-8-mars-a-bruxelles-6-rendez-vous-engages-a-ne-pas-manquer.html#primaryimage","url":"https:\/\/www.elle.be\/fr\/wp-content\/uploads\/2026\/03\/8-mars-journee-internationale-droits-femmes-1.png","contentUrl":"https:\/\/www.elle.be\/fr\/wp-content\/uploads\/2026\/03\/8-mars-journee-internationale-droits-femmes-1.png","width":1200,"height":628,"caption":"\u00a9Unsplash"},{"@type":"BreadcrumbList","@id":"https:\/\/www.elle.be\/fr\/469243-8-mars-a-bruxelles-6-rendez-vous-engages-a-ne-pas-manquer.html#breadcrumb","itemListElement":[{"@type":"ListItem","position":1,"name":"FR","item":"https:\/\/www.elle.be\/fr"},{"@type":"ListItem","position":2,"name":"Actu","item":"https:\/\/www.elle.be\/fr\/actu"},{"@type":"ListItem","position":3,"name":"8 mars \u00e0 Bruxelles : 6 rendez-vous engag\u00e9s \u00e0 ne pas manquer"}]},{"@type":"WebSite","@id":"https:\/\/www.elle.be\/fr\/#website","url":"https:\/\/www.elle.be\/fr\/","name":"ELLE.be","description":"Toutes les infos mode, beaut\u00e9 et lifestyle les plus pointues ainsi qu&#039;un contenu 100% belge d\u00e9clin\u00e9 \u00e0 360\u00b0sur le site ELLE.be, nos r\u00e9seaux sociaux et notre cha\u00eene Youtube.","publisher":{"@id":"https:\/\/www.elle.be\/fr\/#organization"},"potentialAction":[{"@type":"SearchAction","target":{"@type":"EntryPoint","urlTemplate":"https:\/\/www.elle.be\/fr\/?s={search_term_string}"},"query-input":{"@type":"PropertyValueSpecification","valueRequired":true,"valueName":"search_term_string"}}],"inLanguage":"fr-FR"},{"@type":"Organization","@id":"https:\/\/www.elle.be\/fr\/#organization","name":"ELLE Belgique","url":"https:\/\/www.elle.be\/fr\/","logo":{"@type":"ImageObject","inLanguage":"fr-FR","@id":"https:\/\/www.elle.be\/fr\/#\/schema\/logo\/image\/","url":"https:\/\/www.elle.be\/fr\/wp-content\/uploads\/2017\/03\/elle-icon-200px.jpeg","contentUrl":"https:\/\/www.elle.be\/fr\/wp-content\/uploads\/2017\/03\/elle-icon-200px.jpeg","width":200,"height":200,"caption":"ELLE Belgique"},"image":{"@id":"https:\/\/www.elle.be\/fr\/#\/schema\/logo\/image\/"},"sameAs":["https:\/\/www.facebook.com\/ELLEbelgium\/","https:\/\/x.com\/ELLEBelgique","http:\/\/instagram.com\/ellebelgique\/","https:\/\/www.pinterest.com\/ellebelgique\/","https:\/\/www.youtube.com\/user\/ELLEbelgique1"]},{"@type":"Person","@id":"https:\/\/www.elle.be\/fr\/#\/schema\/person\/b3aea5bbef80b73c9441f0b80adb1f89","name":"Camille Vernin","image":{"@type":"ImageObject","inLanguage":"fr-FR","@id":"https:\/\/www.elle.be\/fr\/wp-content\/uploads\/2021\/01\/capture-decran-2024-07-28-a-221623-96x96.jpg","url":"https:\/\/www.elle.be\/fr\/wp-content\/uploads\/2021\/01\/capture-decran-2024-07-28-a-221623-96x96.jpg","contentUrl":"https:\/\/www.elle.be\/fr\/wp-content\/uploads\/2021\/01\/capture-decran-2024-07-28-a-221623-96x96.jpg","caption":"Camille Vernin"},"url":"https:\/\/www.elle.be\/fr\/author\/camille-vernin"}]}},"_links":{"self":[{"href":"https:\/\/www.elle.be\/fr\/wp-json\/wp\/v2\/posts\/469243","targetHints":{"allow":["GET"]}}],"collection":[{"href":"https:\/\/www.elle.be\/fr\/wp-json\/wp\/v2\/posts"}],"about":[{"href":"https:\/\/www.elle.be\/fr\/wp-json\/wp\/v2\/types\/post"}],"author":[{"embeddable":true,"href":"https:\/\/www.elle.be\/fr\/wp-json\/wp\/v2\/users\/105"}],"replies":[{"embeddable":true,"href":"https:\/\/www.elle.be\/fr\/wp-json\/wp\/v2\/comments?post=469243"}],"version-history":[{"count":3,"href":"https:\/\/www.elle.be\/fr\/wp-json\/wp\/v2\/posts\/469243\/revisions"}],"predecessor-version":[{"id":469248,"href":"https:\/\/www.elle.be\/fr\/wp-json\/wp\/v2\/posts\/469243\/revisions\/469248"}],"wp:featuredmedia":[{"embeddable":true,"href":"https:\/\/www.elle.be\/fr\/wp-json\/wp\/v2\/media\/469245"}],"wp:attachment":[{"href":"https:\/\/www.elle.be\/fr\/wp-json\/wp\/v2\/media?parent=469243"}],"wp:term":[{"taxonomy":"category","embeddable":true,"href":"https:\/\/www.elle.be\/fr\/wp-json\/wp\/v2\/categories?post=469243"},{"taxonomy":"post_tag","embeddable":true,"href":"https:\/\/www.elle.be\/fr\/wp-json\/wp\/v2\/tags?post=469243"}],"curies":[{"name":"wp","href":"https:\/\/api.w.org\/{rel}","templated":true}]}}