{"id":468959,"date":"2026-03-16T12:02:56","date_gmt":"2026-03-16T11:02:56","guid":{"rendered":"https:\/\/www.elle.be\/fr\/?p=468959"},"modified":"2026-03-05T09:50:28","modified_gmt":"2026-03-05T08:50:28","slug":"mirror-manicure-minimaliste-printemps","status":"publish","type":"post","link":"https:\/\/www.elle.be\/fr\/468959-mirror-manicure-minimaliste-printemps.html","title":{"rendered":"La &#8220;mirror manicure&#8221; s\u2019impose : comment recr\u00e9er cette manucure minimaliste et clean pour le printemps"},"content":{"rendered":"","protected":false},"excerpt":{"rendered":"La manucure \u00ab your nails but better \u00bb mise sur la sant\u00e9 et la long\u00e9vit\u00e9 des ongles. ongles....","protected":false},"author":124,"featured_media":468971,"comment_status":"open","ping_status":"closed","sticky":false,"template":"","format":"standard","meta":{"_acf_changed":false,"footnotes":""},"categories":[2842,2210],"tags":[145,482],"class_list":["post-468959","post","type-post","status-publish","format-standard","has-post-thumbnail","hentry","category-beaute","category-ongles","tag-ongles","tag-manucure"],"acf":[],"image_verticale":"468982","_yoast_wpseo_title":null,"_yoast_wpseo_metadesc":"La \"mirror manicure\" s\u2019impose comme la tendance ongles minimaliste du printemps 2026, misant sur brillance miroir, soin et effet naturel.","_yoast_wpseo_focuskw_text_input":null,"_yoast_wpseo_opengraph-title":null,"yoast_head":"<!-- This site is optimized with the Yoast SEO plugin v27.4 - https:\/\/yoast.com\/product\/yoast-seo-wordpress\/ -->\n<title>La &quot;mirror manicure&quot; s\u2019impose : comment recr\u00e9er cette manucure minimaliste et clean pour le printemps - ELLE.be<\/title>\n<meta name=\"description\" content=\"La &quot;mirror manicure&quot; s\u2019impose comme la tendance ongles minimaliste du printemps 2026, misant sur brillance miroir, soin et effet naturel.\" \/>\n<meta name=\"robots\" content=\"index, follow, max-snippet:-1, max-image-preview:large, max-video-preview:-1\" \/>\n<link rel=\"canonical\" href=\"https:\/\/www.elle.com\/uk\/beauty\/nails\/a70328176\/mirror-manicure\/\" \/>\n<meta property=\"og:locale\" content=\"fr_FR\" \/>\n<meta property=\"og:type\" content=\"article\" \/>\n<meta property=\"og:title\" content=\"La &quot;mirror manicure&quot; s\u2019impose : comment recr\u00e9er cette manucure minimaliste et clean pour le printemps - ELLE.be\" \/>\n<meta property=\"og:description\" content=\"La &quot;mirror manicure&quot; s\u2019impose comme la tendance ongles minimaliste du printemps 2026, misant sur brillance miroir, soin et effet naturel.\" \/>\n<meta property=\"og:url\" content=\"https:\/\/www.elle.com\/uk\/beauty\/nails\/a70328176\/mirror-manicure\/\" \/>\n<meta property=\"og:site_name\" content=\"ELLE.be\" \/>\n<meta property=\"article:publisher\" content=\"https:\/\/www.facebook.com\/ELLEbelgium\/\" \/>\n<meta property=\"article:published_time\" content=\"2026-03-16T11:02:56+00:00\" \/>\n<meta property=\"og:image\" content=\"https:\/\/www.elle.be\/fr\/wp-content\/uploads\/2026\/02\/mirror-nails.jpg\" \/>\n\t<meta property=\"og:image:width\" content=\"1500\" \/>\n\t<meta property=\"og:image:height\" content=\"785\" \/>\n\t<meta property=\"og:image:type\" content=\"image\/jpeg\" \/>\n<meta name=\"author\" content=\"Lore Ginneberge\" \/>\n<meta name=\"twitter:card\" content=\"summary_large_image\" \/>\n<meta name=\"twitter:creator\" content=\"@ELLEBelgique\" \/>\n<meta name=\"twitter:site\" content=\"@ELLEBelgique\" \/>\n<meta name=\"twitter:label1\" content=\"\u00c9crit par\" \/>\n\t<meta name=\"twitter:data1\" content=\"Lore Ginneberge\" \/>\n\t<meta name=\"twitter:label2\" content=\"Dur\u00e9e de lecture estim\u00e9e\" \/>\n\t<meta name=\"twitter:data2\" content=\"3 minutes\" \/>\n<script type=\"application\/ld+json\" class=\"yoast-schema-graph\">{\"@context\":\"https:\\\/\\\/schema.org\",\"@graph\":[{\"@type\":\"NewsArticle\",\"@id\":\"https:\\\/\\\/www.elle.com\\\/uk\\\/beauty\\\/nails\\\/a70328176\\\/mirror-manicure\\\/#article\",\"isPartOf\":{\"@id\":\"https:\\\/\\\/www.elle.be\\\/fr\\\/468959-mirror-manicure-minimaliste-printemps.html\"},\"author\":{\"name\":\"Lore Ginneberge\",\"@id\":\"https:\\\/\\\/www.elle.be\\\/fr\\\/#\\\/schema\\\/person\\\/af7d525178055f7524781c84b360a6b7\"},\"headline\":\"La &#8220;mirror manicure&#8221; s\u2019impose : comment recr\u00e9er cette manucure minimaliste et clean pour le printemps\",\"datePublished\":\"2026-03-16T11:02:56+00:00\",\"mainEntityOfPage\":{\"@id\":\"https:\\\/\\\/www.elle.be\\\/fr\\\/468959-mirror-manicure-minimaliste-printemps.html\"},\"wordCount\":637,\"commentCount\":0,\"publisher\":{\"@id\":\"https:\\\/\\\/www.elle.be\\\/fr\\\/#organization\"},\"image\":{\"@id\":\"https:\\\/\\\/www.elle.com\\\/uk\\\/beauty\\\/nails\\\/a70328176\\\/mirror-manicure\\\/#primaryimage\"},\"thumbnailUrl\":\"https:\\\/\\\/www.elle.be\\\/fr\\\/wp-content\\\/uploads\\\/2026\\\/02\\\/mirror-nails.jpg\",\"keywords\":[\"ongles\",\"manucure\"],\"articleSection\":[\"Beaut\u00e9\",\"Ongles\"],\"inLanguage\":\"fr-FR\",\"potentialAction\":[{\"@type\":\"CommentAction\",\"name\":\"Comment\",\"target\":[\"https:\\\/\\\/www.elle.com\\\/uk\\\/beauty\\\/nails\\\/a70328176\\\/mirror-manicure\\\/#respond\"]}]},{\"@type\":\"WebPage\",\"@id\":\"https:\\\/\\\/www.elle.be\\\/fr\\\/468959-mirror-manicure-minimaliste-printemps.html\",\"url\":\"https:\\\/\\\/www.elle.com\\\/uk\\\/beauty\\\/nails\\\/a70328176\\\/mirror-manicure\\\/\",\"name\":\"La \\\"mirror manicure\\\" s\u2019impose : comment recr\u00e9er cette manucure minimaliste et clean pour le printemps - ELLE.be\",\"isPartOf\":{\"@id\":\"https:\\\/\\\/www.elle.be\\\/fr\\\/#website\"},\"primaryImageOfPage\":{\"@id\":\"https:\\\/\\\/www.elle.com\\\/uk\\\/beauty\\\/nails\\\/a70328176\\\/mirror-manicure\\\/#primaryimage\"},\"image\":{\"@id\":\"https:\\\/\\\/www.elle.com\\\/uk\\\/beauty\\\/nails\\\/a70328176\\\/mirror-manicure\\\/#primaryimage\"},\"thumbnailUrl\":\"https:\\\/\\\/www.elle.be\\\/fr\\\/wp-content\\\/uploads\\\/2026\\\/02\\\/mirror-nails.jpg\",\"datePublished\":\"2026-03-16T11:02:56+00:00\",\"description\":\"La \\\"mirror manicure\\\" s\u2019impose comme la tendance ongles minimaliste du printemps 2026, misant sur brillance miroir, soin et effet naturel.\",\"breadcrumb\":{\"@id\":\"https:\\\/\\\/www.elle.com\\\/uk\\\/beauty\\\/nails\\\/a70328176\\\/mirror-manicure\\\/#breadcrumb\"},\"inLanguage\":\"fr-FR\",\"potentialAction\":[{\"@type\":\"ReadAction\",\"target\":[\"https:\\\/\\\/www.elle.com\\\/uk\\\/beauty\\\/nails\\\/a70328176\\\/mirror-manicure\\\/\"]}]},{\"@type\":\"ImageObject\",\"inLanguage\":\"fr-FR\",\"@id\":\"https:\\\/\\\/www.elle.com\\\/uk\\\/beauty\\\/nails\\\/a70328176\\\/mirror-manicure\\\/#primaryimage\",\"url\":\"https:\\\/\\\/www.elle.be\\\/fr\\\/wp-content\\\/uploads\\\/2026\\\/02\\\/mirror-nails.jpg\",\"contentUrl\":\"https:\\\/\\\/www.elle.be\\\/fr\\\/wp-content\\\/uploads\\\/2026\\\/02\\\/mirror-nails.jpg\",\"width\":1500,\"height\":785,\"caption\":\"Bynatashad \\\/ Chanel \\\/ Manucurist \\\/ Karolin Van Loon \\\/ Slowianka Nails\"},{\"@type\":\"BreadcrumbList\",\"@id\":\"https:\\\/\\\/www.elle.com\\\/uk\\\/beauty\\\/nails\\\/a70328176\\\/mirror-manicure\\\/#breadcrumb\",\"itemListElement\":[{\"@type\":\"ListItem\",\"position\":1,\"name\":\"FR\",\"item\":\"https:\\\/\\\/www.elle.be\\\/fr\"},{\"@type\":\"ListItem\",\"position\":2,\"name\":\"Beaut\u00e9\",\"item\":\"https:\\\/\\\/www.elle.be\\\/fr\\\/beaute\"},{\"@type\":\"ListItem\",\"position\":3,\"name\":\"La &#8220;mirror manicure&#8221; s\u2019impose : comment recr\u00e9er cette manucure minimaliste et clean pour le printemps\"}]},{\"@type\":\"WebSite\",\"@id\":\"https:\\\/\\\/www.elle.be\\\/fr\\\/#website\",\"url\":\"https:\\\/\\\/www.elle.be\\\/fr\\\/\",\"name\":\"ELLE.be\",\"description\":\"Toutes les infos mode, beaut\u00e9 et lifestyle les plus pointues ainsi qu&#039;un contenu 100% belge d\u00e9clin\u00e9 \u00e0 360\u00b0sur le site ELLE.be, nos r\u00e9seaux sociaux et notre cha\u00eene Youtube.\",\"publisher\":{\"@id\":\"https:\\\/\\\/www.elle.be\\\/fr\\\/#organization\"},\"potentialAction\":[{\"@type\":\"SearchAction\",\"target\":{\"@type\":\"EntryPoint\",\"urlTemplate\":\"https:\\\/\\\/www.elle.be\\\/fr\\\/?s={search_term_string}\"},\"query-input\":{\"@type\":\"PropertyValueSpecification\",\"valueRequired\":true,\"valueName\":\"search_term_string\"}}],\"inLanguage\":\"fr-FR\"},{\"@type\":\"Organization\",\"@id\":\"https:\\\/\\\/www.elle.be\\\/fr\\\/#organization\",\"name\":\"ELLE Belgique\",\"url\":\"https:\\\/\\\/www.elle.be\\\/fr\\\/\",\"logo\":{\"@type\":\"ImageObject\",\"inLanguage\":\"fr-FR\",\"@id\":\"https:\\\/\\\/www.elle.be\\\/fr\\\/#\\\/schema\\\/logo\\\/image\\\/\",\"url\":\"https:\\\/\\\/www.elle.be\\\/fr\\\/wp-content\\\/uploads\\\/2017\\\/03\\\/elle-icon-200px.jpeg\",\"contentUrl\":\"https:\\\/\\\/www.elle.be\\\/fr\\\/wp-content\\\/uploads\\\/2017\\\/03\\\/elle-icon-200px.jpeg\",\"width\":200,\"height\":200,\"caption\":\"ELLE Belgique\"},\"image\":{\"@id\":\"https:\\\/\\\/www.elle.be\\\/fr\\\/#\\\/schema\\\/logo\\\/image\\\/\"},\"sameAs\":[\"https:\\\/\\\/www.facebook.com\\\/ELLEbelgium\\\/\",\"https:\\\/\\\/x.com\\\/ELLEBelgique\",\"http:\\\/\\\/instagram.com\\\/ellebelgique\\\/\",\"https:\\\/\\\/www.pinterest.com\\\/ellebelgique\\\/\",\"https:\\\/\\\/www.youtube.com\\\/user\\\/ELLEbelgique1\"]},{\"@type\":\"Person\",\"@id\":\"https:\\\/\\\/www.elle.be\\\/fr\\\/#\\\/schema\\\/person\\\/af7d525178055f7524781c84b360a6b7\",\"name\":\"Lore Ginneberge\",\"image\":{\"@type\":\"ImageObject\",\"inLanguage\":\"fr-FR\",\"@id\":\"https:\\\/\\\/www.elle.be\\\/fr\\\/wp-content\\\/uploads\\\/2025\\\/09\\\/empl-loreg2-copy-96x96.jpg\",\"url\":\"https:\\\/\\\/www.elle.be\\\/fr\\\/wp-content\\\/uploads\\\/2025\\\/09\\\/empl-loreg2-copy-96x96.jpg\",\"contentUrl\":\"https:\\\/\\\/www.elle.be\\\/fr\\\/wp-content\\\/uploads\\\/2025\\\/09\\\/empl-loreg2-copy-96x96.jpg\",\"caption\":\"Lore Ginneberge\"},\"description\":\"Lore est Head of Content du site. Elle \u00e9crit sur la mode et la beaut\u00e9, toujours partante pour d\u00e9crypter votre signe astrologique ou analyser votre palette de couleurs. Hors ligne, on la retrouve le plus souvent au studio de pilates ou plong\u00e9e dans un nouveau bestseller.\",\"url\":\"https:\\\/\\\/www.elle.be\\\/fr\\\/author\\\/lore-ginneberge\"}]}<\/script>\n<!-- \/ Yoast SEO plugin. -->","yoast_head_json":{"title":"La \"mirror manicure\" s\u2019impose : comment recr\u00e9er cette manucure minimaliste et clean pour le printemps - ELLE.be","description":"La \"mirror manicure\" s\u2019impose comme la tendance ongles minimaliste du printemps 2026, misant sur brillance miroir, soin et effet naturel.","robots":{"index":"index","follow":"follow","max-snippet":"max-snippet:-1","max-image-preview":"max-image-preview:large","max-video-preview":"max-video-preview:-1"},"canonical":"https:\/\/www.elle.com\/uk\/beauty\/nails\/a70328176\/mirror-manicure\/","og_locale":"fr_FR","og_type":"article","og_title":"La \"mirror manicure\" s\u2019impose : comment recr\u00e9er cette manucure minimaliste et clean pour le printemps - ELLE.be","og_description":"La \"mirror manicure\" s\u2019impose comme la tendance ongles minimaliste du printemps 2026, misant sur brillance miroir, soin et effet naturel.","og_url":"https:\/\/www.elle.com\/uk\/beauty\/nails\/a70328176\/mirror-manicure\/","og_site_name":"ELLE.be","article_publisher":"https:\/\/www.facebook.com\/ELLEbelgium\/","article_published_time":"2026-03-16T11:02:56+00:00","og_image":[{"width":1500,"height":785,"url":"https:\/\/www.elle.be\/fr\/wp-content\/uploads\/2026\/02\/mirror-nails.jpg","type":"image\/jpeg"}],"author":"Lore Ginneberge","twitter_card":"summary_large_image","twitter_creator":"@ELLEBelgique","twitter_site":"@ELLEBelgique","twitter_misc":{"\u00c9crit par":"Lore Ginneberge","Dur\u00e9e de lecture estim\u00e9e":"3 minutes"},"schema":{"@context":"https:\/\/schema.org","@graph":[{"@type":"NewsArticle","@id":"https:\/\/www.elle.com\/uk\/beauty\/nails\/a70328176\/mirror-manicure\/#article","isPartOf":{"@id":"https:\/\/www.elle.be\/fr\/468959-mirror-manicure-minimaliste-printemps.html"},"author":{"name":"Lore Ginneberge","@id":"https:\/\/www.elle.be\/fr\/#\/schema\/person\/af7d525178055f7524781c84b360a6b7"},"headline":"La &#8220;mirror manicure&#8221; s\u2019impose : comment recr\u00e9er cette manucure minimaliste et clean pour le printemps","datePublished":"2026-03-16T11:02:56+00:00","mainEntityOfPage":{"@id":"https:\/\/www.elle.be\/fr\/468959-mirror-manicure-minimaliste-printemps.html"},"wordCount":637,"commentCount":0,"publisher":{"@id":"https:\/\/www.elle.be\/fr\/#organization"},"image":{"@id":"https:\/\/www.elle.com\/uk\/beauty\/nails\/a70328176\/mirror-manicure\/#primaryimage"},"thumbnailUrl":"https:\/\/www.elle.be\/fr\/wp-content\/uploads\/2026\/02\/mirror-nails.jpg","keywords":["ongles","manucure"],"articleSection":["Beaut\u00e9","Ongles"],"inLanguage":"fr-FR","potentialAction":[{"@type":"CommentAction","name":"Comment","target":["https:\/\/www.elle.com\/uk\/beauty\/nails\/a70328176\/mirror-manicure\/#respond"]}]},{"@type":"WebPage","@id":"https:\/\/www.elle.be\/fr\/468959-mirror-manicure-minimaliste-printemps.html","url":"https:\/\/www.elle.com\/uk\/beauty\/nails\/a70328176\/mirror-manicure\/","name":"La \"mirror manicure\" s\u2019impose : comment recr\u00e9er cette manucure minimaliste et clean pour le printemps - ELLE.be","isPartOf":{"@id":"https:\/\/www.elle.be\/fr\/#website"},"primaryImageOfPage":{"@id":"https:\/\/www.elle.com\/uk\/beauty\/nails\/a70328176\/mirror-manicure\/#primaryimage"},"image":{"@id":"https:\/\/www.elle.com\/uk\/beauty\/nails\/a70328176\/mirror-manicure\/#primaryimage"},"thumbnailUrl":"https:\/\/www.elle.be\/fr\/wp-content\/uploads\/2026\/02\/mirror-nails.jpg","datePublished":"2026-03-16T11:02:56+00:00","description":"La \"mirror manicure\" s\u2019impose comme la tendance ongles minimaliste du printemps 2026, misant sur brillance miroir, soin et effet naturel.","breadcrumb":{"@id":"https:\/\/www.elle.com\/uk\/beauty\/nails\/a70328176\/mirror-manicure\/#breadcrumb"},"inLanguage":"fr-FR","potentialAction":[{"@type":"ReadAction","target":["https:\/\/www.elle.com\/uk\/beauty\/nails\/a70328176\/mirror-manicure\/"]}]},{"@type":"ImageObject","inLanguage":"fr-FR","@id":"https:\/\/www.elle.com\/uk\/beauty\/nails\/a70328176\/mirror-manicure\/#primaryimage","url":"https:\/\/www.elle.be\/fr\/wp-content\/uploads\/2026\/02\/mirror-nails.jpg","contentUrl":"https:\/\/www.elle.be\/fr\/wp-content\/uploads\/2026\/02\/mirror-nails.jpg","width":1500,"height":785,"caption":"Bynatashad \/ Chanel \/ Manucurist \/ Karolin Van Loon \/ Slowianka Nails"},{"@type":"BreadcrumbList","@id":"https:\/\/www.elle.com\/uk\/beauty\/nails\/a70328176\/mirror-manicure\/#breadcrumb","itemListElement":[{"@type":"ListItem","position":1,"name":"FR","item":"https:\/\/www.elle.be\/fr"},{"@type":"ListItem","position":2,"name":"Beaut\u00e9","item":"https:\/\/www.elle.be\/fr\/beaute"},{"@type":"ListItem","position":3,"name":"La &#8220;mirror manicure&#8221; s\u2019impose : comment recr\u00e9er cette manucure minimaliste et clean pour le printemps"}]},{"@type":"WebSite","@id":"https:\/\/www.elle.be\/fr\/#website","url":"https:\/\/www.elle.be\/fr\/","name":"ELLE.be","description":"Toutes les infos mode, beaut\u00e9 et lifestyle les plus pointues ainsi qu&#039;un contenu 100% belge d\u00e9clin\u00e9 \u00e0 360\u00b0sur le site ELLE.be, nos r\u00e9seaux sociaux et notre cha\u00eene Youtube.","publisher":{"@id":"https:\/\/www.elle.be\/fr\/#organization"},"potentialAction":[{"@type":"SearchAction","target":{"@type":"EntryPoint","urlTemplate":"https:\/\/www.elle.be\/fr\/?s={search_term_string}"},"query-input":{"@type":"PropertyValueSpecification","valueRequired":true,"valueName":"search_term_string"}}],"inLanguage":"fr-FR"},{"@type":"Organization","@id":"https:\/\/www.elle.be\/fr\/#organization","name":"ELLE Belgique","url":"https:\/\/www.elle.be\/fr\/","logo":{"@type":"ImageObject","inLanguage":"fr-FR","@id":"https:\/\/www.elle.be\/fr\/#\/schema\/logo\/image\/","url":"https:\/\/www.elle.be\/fr\/wp-content\/uploads\/2017\/03\/elle-icon-200px.jpeg","contentUrl":"https:\/\/www.elle.be\/fr\/wp-content\/uploads\/2017\/03\/elle-icon-200px.jpeg","width":200,"height":200,"caption":"ELLE Belgique"},"image":{"@id":"https:\/\/www.elle.be\/fr\/#\/schema\/logo\/image\/"},"sameAs":["https:\/\/www.facebook.com\/ELLEbelgium\/","https:\/\/x.com\/ELLEBelgique","http:\/\/instagram.com\/ellebelgique\/","https:\/\/www.pinterest.com\/ellebelgique\/","https:\/\/www.youtube.com\/user\/ELLEbelgique1"]},{"@type":"Person","@id":"https:\/\/www.elle.be\/fr\/#\/schema\/person\/af7d525178055f7524781c84b360a6b7","name":"Lore Ginneberge","image":{"@type":"ImageObject","inLanguage":"fr-FR","@id":"https:\/\/www.elle.be\/fr\/wp-content\/uploads\/2025\/09\/empl-loreg2-copy-96x96.jpg","url":"https:\/\/www.elle.be\/fr\/wp-content\/uploads\/2025\/09\/empl-loreg2-copy-96x96.jpg","contentUrl":"https:\/\/www.elle.be\/fr\/wp-content\/uploads\/2025\/09\/empl-loreg2-copy-96x96.jpg","caption":"Lore Ginneberge"},"description":"Lore est Head of Content du site. Elle \u00e9crit sur la mode et la beaut\u00e9, toujours partante pour d\u00e9crypter votre signe astrologique ou analyser votre palette de couleurs. Hors ligne, on la retrouve le plus souvent au studio de pilates ou plong\u00e9e dans un nouveau bestseller.","url":"https:\/\/www.elle.be\/fr\/author\/lore-ginneberge"}]}},"_links":{"self":[{"href":"https:\/\/www.elle.be\/fr\/wp-json\/wp\/v2\/posts\/468959","targetHints":{"allow":["GET"]}}],"collection":[{"href":"https:\/\/www.elle.be\/fr\/wp-json\/wp\/v2\/posts"}],"about":[{"href":"https:\/\/www.elle.be\/fr\/wp-json\/wp\/v2\/types\/post"}],"author":[{"embeddable":true,"href":"https:\/\/www.elle.be\/fr\/wp-json\/wp\/v2\/users\/124"}],"replies":[{"embeddable":true,"href":"https:\/\/www.elle.be\/fr\/wp-json\/wp\/v2\/comments?post=468959"}],"version-history":[{"count":2,"href":"https:\/\/www.elle.be\/fr\/wp-json\/wp\/v2\/posts\/468959\/revisions"}],"predecessor-version":[{"id":468984,"href":"https:\/\/www.elle.be\/fr\/wp-json\/wp\/v2\/posts\/468959\/revisions\/468984"}],"wp:featuredmedia":[{"embeddable":true,"href":"https:\/\/www.elle.be\/fr\/wp-json\/wp\/v2\/media\/468971"}],"wp:attachment":[{"href":"https:\/\/www.elle.be\/fr\/wp-json\/wp\/v2\/media?parent=468959"}],"wp:term":[{"taxonomy":"category","embeddable":true,"href":"https:\/\/www.elle.be\/fr\/wp-json\/wp\/v2\/categories?post=468959"},{"taxonomy":"post_tag","embeddable":true,"href":"https:\/\/www.elle.be\/fr\/wp-json\/wp\/v2\/tags?post=468959"}],"curies":[{"name":"wp","href":"https:\/\/api.w.org\/{rel}","templated":true}]}}