{"id":468923,"date":"2026-02-27T10:59:03","date_gmt":"2026-02-27T09:59:03","guid":{"rendered":"https:\/\/www.elle.be\/fr\/?p=468923"},"modified":"2026-02-27T10:59:13","modified_gmt":"2026-02-27T09:59:13","slug":"milan-fashion-week-le-marni-de-meryll-rogge","status":"publish","type":"post","link":"https:\/\/www.elle.be\/fr\/468923-milan-fashion-week-le-marni-de-meryll-rogge.html","title":{"rendered":"Milan Fashion Week : le Marni de Meryll Rogge"},"content":{"rendered":"","protected":false},"excerpt":{"rendered":"Meryll Rogge redessine Marni avec pr\u00e9cision, instinct et une vision r\u00e9solument contemporaine. ...","protected":false},"author":74,"featured_media":468944,"comment_status":"open","ping_status":"closed","sticky":false,"template":"","format":"standard","meta":{"_acf_changed":false,"footnotes":""},"categories":[5,356],"tags":[],"class_list":["post-468923","post","type-post","status-publish","format-standard","has-post-thumbnail","hentry","category-mode","category-fashion-week"],"acf":[],"image_verticale":"468943","_yoast_wpseo_title":"Milan Fashion Week: le Marni de Meryll Rogge - ELLE","_yoast_wpseo_metadesc":"\u00c0 la Fashion Week de Milan, Meryll Rogge d\u00e9voile sa premi\u00e8re collection Marni : des silhouettes portables, shearling, maille alpine et fausses fourrures","_yoast_wpseo_focuskw_text_input":null,"_yoast_wpseo_opengraph-title":null,"yoast_head":"<!-- This site is optimized with the Yoast SEO plugin v27.4 - https:\/\/yoast.com\/product\/yoast-seo-wordpress\/ -->\n<title>Milan Fashion Week: le Marni de Meryll Rogge - ELLE<\/title>\n<meta name=\"description\" content=\"\u00c0 la Fashion Week de Milan, Meryll Rogge d\u00e9voile sa premi\u00e8re collection Marni : des silhouettes portables, shearling, maille alpine et fausses fourrures\" \/>\n<meta name=\"robots\" content=\"index, follow, max-snippet:-1, max-image-preview:large, max-video-preview:-1\" \/>\n<link rel=\"canonical\" href=\"https:\/\/www.elle.com\/it\/moda\/ultime-notizie\/a70508256\/sfilata-marni-autunno-inverno-2026-2027-debutto-meryll-rogge\/\" \/>\n<meta property=\"og:locale\" content=\"fr_FR\" \/>\n<meta property=\"og:type\" content=\"article\" \/>\n<meta property=\"og:title\" content=\"Milan Fashion Week: le Marni de Meryll Rogge - ELLE\" \/>\n<meta property=\"og:description\" content=\"\u00c0 la Fashion Week de Milan, Meryll Rogge d\u00e9voile sa premi\u00e8re collection Marni : des silhouettes portables, shearling, maille alpine et fausses fourrures\" \/>\n<meta property=\"og:url\" content=\"https:\/\/www.elle.com\/it\/moda\/ultime-notizie\/a70508256\/sfilata-marni-autunno-inverno-2026-2027-debutto-meryll-rogge\/\" \/>\n<meta property=\"og:site_name\" content=\"ELLE.be\" \/>\n<meta property=\"article:publisher\" content=\"https:\/\/www.facebook.com\/ELLEbelgium\/\" \/>\n<meta property=\"article:published_time\" content=\"2026-02-27T09:59:03+00:00\" \/>\n<meta property=\"article:modified_time\" content=\"2026-02-27T09:59:13+00:00\" \/>\n<meta property=\"og:image\" content=\"https:\/\/www.elle.be\/fr\/wp-content\/uploads\/2026\/02\/marni-meryll-rogge-finale.jpg\" \/>\n\t<meta property=\"og:image:width\" content=\"1320\" \/>\n\t<meta property=\"og:image:height\" content=\"690\" \/>\n\t<meta property=\"og:image:type\" content=\"image\/jpeg\" \/>\n<meta name=\"author\" content=\"La r\u00e9daction\" \/>\n<meta name=\"twitter:card\" content=\"summary_large_image\" \/>\n<meta name=\"twitter:creator\" content=\"@ELLEBelgique\" \/>\n<meta name=\"twitter:site\" content=\"@ELLEBelgique\" \/>\n<meta name=\"twitter:label1\" content=\"\u00c9crit par\" \/>\n\t<meta name=\"twitter:data1\" content=\"La r\u00e9daction\" \/>\n\t<meta name=\"twitter:label2\" content=\"Dur\u00e9e de lecture estim\u00e9e\" \/>\n\t<meta name=\"twitter:data2\" content=\"6 minutes\" \/>\n<script type=\"application\/ld+json\" class=\"yoast-schema-graph\">{\"@context\":\"https:\\\/\\\/schema.org\",\"@graph\":[{\"@type\":\"NewsArticle\",\"@id\":\"https:\\\/\\\/www.elle.com\\\/it\\\/moda\\\/ultime-notizie\\\/a70508256\\\/sfilata-marni-autunno-inverno-2026-2027-debutto-meryll-rogge\\\/#article\",\"isPartOf\":{\"@id\":\"https:\\\/\\\/www.elle.be\\\/fr\\\/468923-milan-fashion-week-le-marni-de-meryll-rogge.html\"},\"author\":{\"name\":\"La r\u00e9daction\",\"@id\":\"https:\\\/\\\/www.elle.be\\\/fr\\\/#\\\/schema\\\/person\\\/4c5bb55655357317e8598edc0d2db13a\"},\"headline\":\"Milan Fashion Week : le Marni de Meryll Rogge\",\"datePublished\":\"2026-02-27T09:59:03+00:00\",\"dateModified\":\"2026-02-27T09:59:13+00:00\",\"mainEntityOfPage\":{\"@id\":\"https:\\\/\\\/www.elle.be\\\/fr\\\/468923-milan-fashion-week-le-marni-de-meryll-rogge.html\"},\"wordCount\":658,\"commentCount\":0,\"publisher\":{\"@id\":\"https:\\\/\\\/www.elle.be\\\/fr\\\/#organization\"},\"image\":{\"@id\":\"https:\\\/\\\/www.elle.com\\\/it\\\/moda\\\/ultime-notizie\\\/a70508256\\\/sfilata-marni-autunno-inverno-2026-2027-debutto-meryll-rogge\\\/#primaryimage\"},\"thumbnailUrl\":\"https:\\\/\\\/www.elle.be\\\/fr\\\/wp-content\\\/uploads\\\/2026\\\/02\\\/marni-meryll-rogge-finale.jpg\",\"articleSection\":[\"Mode\",\"Fashion Week\"],\"inLanguage\":\"fr-FR\",\"potentialAction\":[{\"@type\":\"CommentAction\",\"name\":\"Comment\",\"target\":[\"https:\\\/\\\/www.elle.com\\\/it\\\/moda\\\/ultime-notizie\\\/a70508256\\\/sfilata-marni-autunno-inverno-2026-2027-debutto-meryll-rogge\\\/#respond\"]}]},{\"@type\":\"WebPage\",\"@id\":\"https:\\\/\\\/www.elle.be\\\/fr\\\/468923-milan-fashion-week-le-marni-de-meryll-rogge.html\",\"url\":\"https:\\\/\\\/www.elle.com\\\/it\\\/moda\\\/ultime-notizie\\\/a70508256\\\/sfilata-marni-autunno-inverno-2026-2027-debutto-meryll-rogge\\\/\",\"name\":\"Milan Fashion Week: le Marni de Meryll Rogge - ELLE\",\"isPartOf\":{\"@id\":\"https:\\\/\\\/www.elle.be\\\/fr\\\/#website\"},\"primaryImageOfPage\":{\"@id\":\"https:\\\/\\\/www.elle.com\\\/it\\\/moda\\\/ultime-notizie\\\/a70508256\\\/sfilata-marni-autunno-inverno-2026-2027-debutto-meryll-rogge\\\/#primaryimage\"},\"image\":{\"@id\":\"https:\\\/\\\/www.elle.com\\\/it\\\/moda\\\/ultime-notizie\\\/a70508256\\\/sfilata-marni-autunno-inverno-2026-2027-debutto-meryll-rogge\\\/#primaryimage\"},\"thumbnailUrl\":\"https:\\\/\\\/www.elle.be\\\/fr\\\/wp-content\\\/uploads\\\/2026\\\/02\\\/marni-meryll-rogge-finale.jpg\",\"datePublished\":\"2026-02-27T09:59:03+00:00\",\"dateModified\":\"2026-02-27T09:59:13+00:00\",\"description\":\"\u00c0 la Fashion Week de Milan, Meryll Rogge d\u00e9voile sa premi\u00e8re collection Marni : des silhouettes portables, shearling, maille alpine et fausses fourrures\",\"breadcrumb\":{\"@id\":\"https:\\\/\\\/www.elle.com\\\/it\\\/moda\\\/ultime-notizie\\\/a70508256\\\/sfilata-marni-autunno-inverno-2026-2027-debutto-meryll-rogge\\\/#breadcrumb\"},\"inLanguage\":\"fr-FR\",\"potentialAction\":[{\"@type\":\"ReadAction\",\"target\":[\"https:\\\/\\\/www.elle.com\\\/it\\\/moda\\\/ultime-notizie\\\/a70508256\\\/sfilata-marni-autunno-inverno-2026-2027-debutto-meryll-rogge\\\/\"]}]},{\"@type\":\"ImageObject\",\"inLanguage\":\"fr-FR\",\"@id\":\"https:\\\/\\\/www.elle.com\\\/it\\\/moda\\\/ultime-notizie\\\/a70508256\\\/sfilata-marni-autunno-inverno-2026-2027-debutto-meryll-rogge\\\/#primaryimage\",\"url\":\"https:\\\/\\\/www.elle.be\\\/fr\\\/wp-content\\\/uploads\\\/2026\\\/02\\\/marni-meryll-rogge-finale.jpg\",\"contentUrl\":\"https:\\\/\\\/www.elle.be\\\/fr\\\/wp-content\\\/uploads\\\/2026\\\/02\\\/marni-meryll-rogge-finale.jpg\",\"width\":1320,\"height\":690,\"caption\":\"Launchmetrics Spotlight\"},{\"@type\":\"BreadcrumbList\",\"@id\":\"https:\\\/\\\/www.elle.com\\\/it\\\/moda\\\/ultime-notizie\\\/a70508256\\\/sfilata-marni-autunno-inverno-2026-2027-debutto-meryll-rogge\\\/#breadcrumb\",\"itemListElement\":[{\"@type\":\"ListItem\",\"position\":1,\"name\":\"FR\",\"item\":\"https:\\\/\\\/www.elle.be\\\/fr\"},{\"@type\":\"ListItem\",\"position\":2,\"name\":\"Mode\",\"item\":\"https:\\\/\\\/www.elle.be\\\/fr\\\/mode\"},{\"@type\":\"ListItem\",\"position\":3,\"name\":\"Milan Fashion Week : le Marni de Meryll Rogge\"}]},{\"@type\":\"WebSite\",\"@id\":\"https:\\\/\\\/www.elle.be\\\/fr\\\/#website\",\"url\":\"https:\\\/\\\/www.elle.be\\\/fr\\\/\",\"name\":\"ELLE.be\",\"description\":\"Toutes les infos mode, beaut\u00e9 et lifestyle les plus pointues ainsi qu&#039;un contenu 100% belge d\u00e9clin\u00e9 \u00e0 360\u00b0sur le site ELLE.be, nos r\u00e9seaux sociaux et notre cha\u00eene Youtube.\",\"publisher\":{\"@id\":\"https:\\\/\\\/www.elle.be\\\/fr\\\/#organization\"},\"potentialAction\":[{\"@type\":\"SearchAction\",\"target\":{\"@type\":\"EntryPoint\",\"urlTemplate\":\"https:\\\/\\\/www.elle.be\\\/fr\\\/?s={search_term_string}\"},\"query-input\":{\"@type\":\"PropertyValueSpecification\",\"valueRequired\":true,\"valueName\":\"search_term_string\"}}],\"inLanguage\":\"fr-FR\"},{\"@type\":\"Organization\",\"@id\":\"https:\\\/\\\/www.elle.be\\\/fr\\\/#organization\",\"name\":\"ELLE Belgique\",\"url\":\"https:\\\/\\\/www.elle.be\\\/fr\\\/\",\"logo\":{\"@type\":\"ImageObject\",\"inLanguage\":\"fr-FR\",\"@id\":\"https:\\\/\\\/www.elle.be\\\/fr\\\/#\\\/schema\\\/logo\\\/image\\\/\",\"url\":\"https:\\\/\\\/www.elle.be\\\/fr\\\/wp-content\\\/uploads\\\/2017\\\/03\\\/elle-icon-200px.jpeg\",\"contentUrl\":\"https:\\\/\\\/www.elle.be\\\/fr\\\/wp-content\\\/uploads\\\/2017\\\/03\\\/elle-icon-200px.jpeg\",\"width\":200,\"height\":200,\"caption\":\"ELLE Belgique\"},\"image\":{\"@id\":\"https:\\\/\\\/www.elle.be\\\/fr\\\/#\\\/schema\\\/logo\\\/image\\\/\"},\"sameAs\":[\"https:\\\/\\\/www.facebook.com\\\/ELLEbelgium\\\/\",\"https:\\\/\\\/x.com\\\/ELLEBelgique\",\"http:\\\/\\\/instagram.com\\\/ellebelgique\\\/\",\"https:\\\/\\\/www.pinterest.com\\\/ellebelgique\\\/\",\"https:\\\/\\\/www.youtube.com\\\/user\\\/ELLEbelgique1\"]},{\"@type\":\"Person\",\"@id\":\"https:\\\/\\\/www.elle.be\\\/fr\\\/#\\\/schema\\\/person\\\/4c5bb55655357317e8598edc0d2db13a\",\"name\":\"La r\u00e9daction\",\"image\":{\"@type\":\"ImageObject\",\"inLanguage\":\"fr-FR\",\"@id\":\"https:\\\/\\\/secure.gravatar.com\\\/avatar\\\/09bdf918c4ba5982d7ea1180e49c901ee340e78187544d4bbc826f9c62e5270d?s=96&r=g\",\"url\":\"https:\\\/\\\/secure.gravatar.com\\\/avatar\\\/09bdf918c4ba5982d7ea1180e49c901ee340e78187544d4bbc826f9c62e5270d?s=96&r=g\",\"contentUrl\":\"https:\\\/\\\/secure.gravatar.com\\\/avatar\\\/09bdf918c4ba5982d7ea1180e49c901ee340e78187544d4bbc826f9c62e5270d?s=96&r=g\",\"caption\":\"La r\u00e9daction\"},\"url\":\"https:\\\/\\\/www.elle.be\\\/fr\\\/author\\\/stagiaires\"}]}<\/script>\n<!-- \/ Yoast SEO plugin. -->","yoast_head_json":{"title":"Milan Fashion Week: le Marni de Meryll Rogge - ELLE","description":"\u00c0 la Fashion Week de Milan, Meryll Rogge d\u00e9voile sa premi\u00e8re collection Marni : des silhouettes portables, shearling, maille alpine et fausses fourrures","robots":{"index":"index","follow":"follow","max-snippet":"max-snippet:-1","max-image-preview":"max-image-preview:large","max-video-preview":"max-video-preview:-1"},"canonical":"https:\/\/www.elle.com\/it\/moda\/ultime-notizie\/a70508256\/sfilata-marni-autunno-inverno-2026-2027-debutto-meryll-rogge\/","og_locale":"fr_FR","og_type":"article","og_title":"Milan Fashion Week: le Marni de Meryll Rogge - ELLE","og_description":"\u00c0 la Fashion Week de Milan, Meryll Rogge d\u00e9voile sa premi\u00e8re collection Marni : des silhouettes portables, shearling, maille alpine et fausses fourrures","og_url":"https:\/\/www.elle.com\/it\/moda\/ultime-notizie\/a70508256\/sfilata-marni-autunno-inverno-2026-2027-debutto-meryll-rogge\/","og_site_name":"ELLE.be","article_publisher":"https:\/\/www.facebook.com\/ELLEbelgium\/","article_published_time":"2026-02-27T09:59:03+00:00","article_modified_time":"2026-02-27T09:59:13+00:00","og_image":[{"width":1320,"height":690,"url":"https:\/\/www.elle.be\/fr\/wp-content\/uploads\/2026\/02\/marni-meryll-rogge-finale.jpg","type":"image\/jpeg"}],"author":"La r\u00e9daction","twitter_card":"summary_large_image","twitter_creator":"@ELLEBelgique","twitter_site":"@ELLEBelgique","twitter_misc":{"\u00c9crit par":"La r\u00e9daction","Dur\u00e9e de lecture estim\u00e9e":"6 minutes"},"schema":{"@context":"https:\/\/schema.org","@graph":[{"@type":"NewsArticle","@id":"https:\/\/www.elle.com\/it\/moda\/ultime-notizie\/a70508256\/sfilata-marni-autunno-inverno-2026-2027-debutto-meryll-rogge\/#article","isPartOf":{"@id":"https:\/\/www.elle.be\/fr\/468923-milan-fashion-week-le-marni-de-meryll-rogge.html"},"author":{"name":"La r\u00e9daction","@id":"https:\/\/www.elle.be\/fr\/#\/schema\/person\/4c5bb55655357317e8598edc0d2db13a"},"headline":"Milan Fashion Week : le Marni de Meryll Rogge","datePublished":"2026-02-27T09:59:03+00:00","dateModified":"2026-02-27T09:59:13+00:00","mainEntityOfPage":{"@id":"https:\/\/www.elle.be\/fr\/468923-milan-fashion-week-le-marni-de-meryll-rogge.html"},"wordCount":658,"commentCount":0,"publisher":{"@id":"https:\/\/www.elle.be\/fr\/#organization"},"image":{"@id":"https:\/\/www.elle.com\/it\/moda\/ultime-notizie\/a70508256\/sfilata-marni-autunno-inverno-2026-2027-debutto-meryll-rogge\/#primaryimage"},"thumbnailUrl":"https:\/\/www.elle.be\/fr\/wp-content\/uploads\/2026\/02\/marni-meryll-rogge-finale.jpg","articleSection":["Mode","Fashion Week"],"inLanguage":"fr-FR","potentialAction":[{"@type":"CommentAction","name":"Comment","target":["https:\/\/www.elle.com\/it\/moda\/ultime-notizie\/a70508256\/sfilata-marni-autunno-inverno-2026-2027-debutto-meryll-rogge\/#respond"]}]},{"@type":"WebPage","@id":"https:\/\/www.elle.be\/fr\/468923-milan-fashion-week-le-marni-de-meryll-rogge.html","url":"https:\/\/www.elle.com\/it\/moda\/ultime-notizie\/a70508256\/sfilata-marni-autunno-inverno-2026-2027-debutto-meryll-rogge\/","name":"Milan Fashion Week: le Marni de Meryll Rogge - ELLE","isPartOf":{"@id":"https:\/\/www.elle.be\/fr\/#website"},"primaryImageOfPage":{"@id":"https:\/\/www.elle.com\/it\/moda\/ultime-notizie\/a70508256\/sfilata-marni-autunno-inverno-2026-2027-debutto-meryll-rogge\/#primaryimage"},"image":{"@id":"https:\/\/www.elle.com\/it\/moda\/ultime-notizie\/a70508256\/sfilata-marni-autunno-inverno-2026-2027-debutto-meryll-rogge\/#primaryimage"},"thumbnailUrl":"https:\/\/www.elle.be\/fr\/wp-content\/uploads\/2026\/02\/marni-meryll-rogge-finale.jpg","datePublished":"2026-02-27T09:59:03+00:00","dateModified":"2026-02-27T09:59:13+00:00","description":"\u00c0 la Fashion Week de Milan, Meryll Rogge d\u00e9voile sa premi\u00e8re collection Marni : des silhouettes portables, shearling, maille alpine et fausses fourrures","breadcrumb":{"@id":"https:\/\/www.elle.com\/it\/moda\/ultime-notizie\/a70508256\/sfilata-marni-autunno-inverno-2026-2027-debutto-meryll-rogge\/#breadcrumb"},"inLanguage":"fr-FR","potentialAction":[{"@type":"ReadAction","target":["https:\/\/www.elle.com\/it\/moda\/ultime-notizie\/a70508256\/sfilata-marni-autunno-inverno-2026-2027-debutto-meryll-rogge\/"]}]},{"@type":"ImageObject","inLanguage":"fr-FR","@id":"https:\/\/www.elle.com\/it\/moda\/ultime-notizie\/a70508256\/sfilata-marni-autunno-inverno-2026-2027-debutto-meryll-rogge\/#primaryimage","url":"https:\/\/www.elle.be\/fr\/wp-content\/uploads\/2026\/02\/marni-meryll-rogge-finale.jpg","contentUrl":"https:\/\/www.elle.be\/fr\/wp-content\/uploads\/2026\/02\/marni-meryll-rogge-finale.jpg","width":1320,"height":690,"caption":"Launchmetrics Spotlight"},{"@type":"BreadcrumbList","@id":"https:\/\/www.elle.com\/it\/moda\/ultime-notizie\/a70508256\/sfilata-marni-autunno-inverno-2026-2027-debutto-meryll-rogge\/#breadcrumb","itemListElement":[{"@type":"ListItem","position":1,"name":"FR","item":"https:\/\/www.elle.be\/fr"},{"@type":"ListItem","position":2,"name":"Mode","item":"https:\/\/www.elle.be\/fr\/mode"},{"@type":"ListItem","position":3,"name":"Milan Fashion Week : le Marni de Meryll Rogge"}]},{"@type":"WebSite","@id":"https:\/\/www.elle.be\/fr\/#website","url":"https:\/\/www.elle.be\/fr\/","name":"ELLE.be","description":"Toutes les infos mode, beaut\u00e9 et lifestyle les plus pointues ainsi qu&#039;un contenu 100% belge d\u00e9clin\u00e9 \u00e0 360\u00b0sur le site ELLE.be, nos r\u00e9seaux sociaux et notre cha\u00eene Youtube.","publisher":{"@id":"https:\/\/www.elle.be\/fr\/#organization"},"potentialAction":[{"@type":"SearchAction","target":{"@type":"EntryPoint","urlTemplate":"https:\/\/www.elle.be\/fr\/?s={search_term_string}"},"query-input":{"@type":"PropertyValueSpecification","valueRequired":true,"valueName":"search_term_string"}}],"inLanguage":"fr-FR"},{"@type":"Organization","@id":"https:\/\/www.elle.be\/fr\/#organization","name":"ELLE Belgique","url":"https:\/\/www.elle.be\/fr\/","logo":{"@type":"ImageObject","inLanguage":"fr-FR","@id":"https:\/\/www.elle.be\/fr\/#\/schema\/logo\/image\/","url":"https:\/\/www.elle.be\/fr\/wp-content\/uploads\/2017\/03\/elle-icon-200px.jpeg","contentUrl":"https:\/\/www.elle.be\/fr\/wp-content\/uploads\/2017\/03\/elle-icon-200px.jpeg","width":200,"height":200,"caption":"ELLE Belgique"},"image":{"@id":"https:\/\/www.elle.be\/fr\/#\/schema\/logo\/image\/"},"sameAs":["https:\/\/www.facebook.com\/ELLEbelgium\/","https:\/\/x.com\/ELLEBelgique","http:\/\/instagram.com\/ellebelgique\/","https:\/\/www.pinterest.com\/ellebelgique\/","https:\/\/www.youtube.com\/user\/ELLEbelgique1"]},{"@type":"Person","@id":"https:\/\/www.elle.be\/fr\/#\/schema\/person\/4c5bb55655357317e8598edc0d2db13a","name":"La r\u00e9daction","image":{"@type":"ImageObject","inLanguage":"fr-FR","@id":"https:\/\/secure.gravatar.com\/avatar\/09bdf918c4ba5982d7ea1180e49c901ee340e78187544d4bbc826f9c62e5270d?s=96&r=g","url":"https:\/\/secure.gravatar.com\/avatar\/09bdf918c4ba5982d7ea1180e49c901ee340e78187544d4bbc826f9c62e5270d?s=96&r=g","contentUrl":"https:\/\/secure.gravatar.com\/avatar\/09bdf918c4ba5982d7ea1180e49c901ee340e78187544d4bbc826f9c62e5270d?s=96&r=g","caption":"La r\u00e9daction"},"url":"https:\/\/www.elle.be\/fr\/author\/stagiaires"}]}},"_links":{"self":[{"href":"https:\/\/www.elle.be\/fr\/wp-json\/wp\/v2\/posts\/468923","targetHints":{"allow":["GET"]}}],"collection":[{"href":"https:\/\/www.elle.be\/fr\/wp-json\/wp\/v2\/posts"}],"about":[{"href":"https:\/\/www.elle.be\/fr\/wp-json\/wp\/v2\/types\/post"}],"author":[{"embeddable":true,"href":"https:\/\/www.elle.be\/fr\/wp-json\/wp\/v2\/users\/74"}],"replies":[{"embeddable":true,"href":"https:\/\/www.elle.be\/fr\/wp-json\/wp\/v2\/comments?post=468923"}],"version-history":[{"count":2,"href":"https:\/\/www.elle.be\/fr\/wp-json\/wp\/v2\/posts\/468923\/revisions"}],"predecessor-version":[{"id":468949,"href":"https:\/\/www.elle.be\/fr\/wp-json\/wp\/v2\/posts\/468923\/revisions\/468949"}],"wp:featuredmedia":[{"embeddable":true,"href":"https:\/\/www.elle.be\/fr\/wp-json\/wp\/v2\/media\/468944"}],"wp:attachment":[{"href":"https:\/\/www.elle.be\/fr\/wp-json\/wp\/v2\/media?parent=468923"}],"wp:term":[{"taxonomy":"category","embeddable":true,"href":"https:\/\/www.elle.be\/fr\/wp-json\/wp\/v2\/categories?post=468923"},{"taxonomy":"post_tag","embeddable":true,"href":"https:\/\/www.elle.be\/fr\/wp-json\/wp\/v2\/tags?post=468923"}],"curies":[{"name":"wp","href":"https:\/\/api.w.org\/{rel}","templated":true}]}}