{"id":467955,"date":"2026-02-11T13:08:41","date_gmt":"2026-02-11T12:08:41","guid":{"rendered":"https:\/\/www.elle.be\/fr\/?p=467955"},"modified":"2026-02-04T13:33:44","modified_gmt":"2026-02-04T12:33:44","slug":"porter-le-jean-a-revers","status":"publish","type":"post","link":"https:\/\/www.elle.be\/fr\/467955-porter-le-jean-a-revers.html","title":{"rendered":"5 fa\u00e7ons de porter le jean le plus cool du moment (que vous avez peut-\u00eatre d\u00e9j\u00e0 dans votre dressing)"},"content":{"rendered":"","protected":false},"excerpt":{"rendered":"Les jeans \u00e0 revers, qu\u2019ils soient pr\u00e9-cousus ou improvis\u00e9s, redeviennent une valeur s\u00fbre du street style. ...","protected":false},"author":6,"featured_media":467956,"comment_status":"open","ping_status":"closed","sticky":false,"template":"","format":"standard","meta":{"_acf_changed":false,"footnotes":""},"categories":[3963,5],"tags":[276,415,2998,4339],"class_list":["post-467955","post","type-post","status-publish","format-standard","has-post-thumbnail","hentry","category-tendances-mode","category-mode","tag-tendance","tag-streetstyle","tag-denim","tag-jean"],"acf":[],"image_verticale":"467957","_yoast_wpseo_title":null,"_yoast_wpseo_metadesc":"Le jean \u00e0 revers, cousu ou simplement retrouss\u00e9, s\u2019impose \u00e0 nouveau comme un favori du street style. Voici comment le porter.","_yoast_wpseo_focuskw_text_input":null,"_yoast_wpseo_opengraph-title":null,"yoast_head":"<!-- This site is optimized with the Yoast SEO plugin v27.4 - https:\/\/yoast.com\/product\/yoast-seo-wordpress\/ -->\n<title>5 fa\u00e7ons de porter le jean le plus cool du moment (que vous avez peut-\u00eatre d\u00e9j\u00e0 dans votre dressing) - ELLE.be<\/title>\n<meta name=\"description\" content=\"Le jean \u00e0 revers, cousu ou simplement retrouss\u00e9, s\u2019impose \u00e0 nouveau comme un favori du street style. Voici comment le porter.\" \/>\n<meta name=\"robots\" content=\"index, follow, max-snippet:-1, max-image-preview:large, max-video-preview:-1\" \/>\n<link rel=\"canonical\" href=\"https:\/\/www.elle.com\/uk\/fashion\/a70143828\/best-turn-up-jeans\/\" \/>\n<meta property=\"og:locale\" content=\"fr_FR\" \/>\n<meta property=\"og:type\" content=\"article\" \/>\n<meta property=\"og:title\" content=\"5 fa\u00e7ons de porter le jean le plus cool du moment (que vous avez peut-\u00eatre d\u00e9j\u00e0 dans votre dressing) - ELLE.be\" \/>\n<meta property=\"og:description\" content=\"Le jean \u00e0 revers, cousu ou simplement retrouss\u00e9, s\u2019impose \u00e0 nouveau comme un favori du street style. Voici comment le porter.\" \/>\n<meta property=\"og:url\" content=\"https:\/\/www.elle.com\/uk\/fashion\/a70143828\/best-turn-up-jeans\/\" \/>\n<meta property=\"og:site_name\" content=\"ELLE.be\" \/>\n<meta property=\"article:publisher\" content=\"https:\/\/www.facebook.com\/ELLEbelgium\/\" \/>\n<meta property=\"article:author\" content=\"https:\/\/www.facebook.com\/pages\/ELLE-Belgique\/37490723084\" \/>\n<meta property=\"article:published_time\" content=\"2026-02-11T12:08:41+00:00\" \/>\n<meta property=\"og:image\" content=\"https:\/\/www.elle.be\/fr\/wp-content\/uploads\/2026\/02\/denim-trend-jeans-omslag.jpg\" \/>\n\t<meta property=\"og:image:width\" content=\"1321\" \/>\n\t<meta property=\"og:image:height\" content=\"691\" \/>\n\t<meta property=\"og:image:type\" content=\"image\/jpeg\" \/>\n<meta name=\"author\" content=\"La r\u00e9daction\" \/>\n<meta name=\"twitter:card\" content=\"summary_large_image\" \/>\n<meta name=\"twitter:creator\" content=\"@ELLEBelgique\" \/>\n<meta name=\"twitter:site\" content=\"@ELLEBelgique\" \/>\n<meta name=\"twitter:label1\" content=\"\u00c9crit par\" \/>\n\t<meta name=\"twitter:data1\" content=\"La r\u00e9daction\" \/>\n\t<meta name=\"twitter:label2\" content=\"Dur\u00e9e de lecture estim\u00e9e\" \/>\n\t<meta name=\"twitter:data2\" content=\"4 minutes\" \/>\n<script type=\"application\/ld+json\" class=\"yoast-schema-graph\">{\"@context\":\"https:\\\/\\\/schema.org\",\"@graph\":[{\"@type\":\"NewsArticle\",\"@id\":\"https:\\\/\\\/www.elle.com\\\/uk\\\/fashion\\\/a70143828\\\/best-turn-up-jeans\\\/#article\",\"isPartOf\":{\"@id\":\"https:\\\/\\\/www.elle.be\\\/fr\\\/467955-porter-le-jean-a-revers.html\"},\"author\":{\"name\":\"La r\u00e9daction\",\"@id\":\"https:\\\/\\\/www.elle.be\\\/fr\\\/#\\\/schema\\\/person\\\/16ba064c2e0ef434bf6ed0b45c6e813f\"},\"headline\":\"5 fa\u00e7ons de porter le jean le plus cool du moment (que vous avez peut-\u00eatre d\u00e9j\u00e0 dans votre dressing)\",\"datePublished\":\"2026-02-11T12:08:41+00:00\",\"mainEntityOfPage\":{\"@id\":\"https:\\\/\\\/www.elle.be\\\/fr\\\/467955-porter-le-jean-a-revers.html\"},\"wordCount\":785,\"commentCount\":0,\"publisher\":{\"@id\":\"https:\\\/\\\/www.elle.be\\\/fr\\\/#organization\"},\"image\":{\"@id\":\"https:\\\/\\\/www.elle.com\\\/uk\\\/fashion\\\/a70143828\\\/best-turn-up-jeans\\\/#primaryimage\"},\"thumbnailUrl\":\"https:\\\/\\\/www.elle.be\\\/fr\\\/wp-content\\\/uploads\\\/2026\\\/02\\\/denim-trend-jeans-omslag.jpg\",\"keywords\":[\"tendance\",\"streetstyle\",\"denim\",\"jean\"],\"articleSection\":[\"Tendances Mode\",\"Mode\"],\"inLanguage\":\"fr-FR\",\"potentialAction\":[{\"@type\":\"CommentAction\",\"name\":\"Comment\",\"target\":[\"https:\\\/\\\/www.elle.com\\\/uk\\\/fashion\\\/a70143828\\\/best-turn-up-jeans\\\/#respond\"]}]},{\"@type\":\"WebPage\",\"@id\":\"https:\\\/\\\/www.elle.be\\\/fr\\\/467955-porter-le-jean-a-revers.html\",\"url\":\"https:\\\/\\\/www.elle.com\\\/uk\\\/fashion\\\/a70143828\\\/best-turn-up-jeans\\\/\",\"name\":\"5 fa\u00e7ons de porter le jean le plus cool du moment (que vous avez peut-\u00eatre d\u00e9j\u00e0 dans votre dressing) - ELLE.be\",\"isPartOf\":{\"@id\":\"https:\\\/\\\/www.elle.be\\\/fr\\\/#website\"},\"primaryImageOfPage\":{\"@id\":\"https:\\\/\\\/www.elle.com\\\/uk\\\/fashion\\\/a70143828\\\/best-turn-up-jeans\\\/#primaryimage\"},\"image\":{\"@id\":\"https:\\\/\\\/www.elle.com\\\/uk\\\/fashion\\\/a70143828\\\/best-turn-up-jeans\\\/#primaryimage\"},\"thumbnailUrl\":\"https:\\\/\\\/www.elle.be\\\/fr\\\/wp-content\\\/uploads\\\/2026\\\/02\\\/denim-trend-jeans-omslag.jpg\",\"datePublished\":\"2026-02-11T12:08:41+00:00\",\"description\":\"Le jean \u00e0 revers, cousu ou simplement retrouss\u00e9, s\u2019impose \u00e0 nouveau comme un favori du street style. Voici comment le porter.\",\"breadcrumb\":{\"@id\":\"https:\\\/\\\/www.elle.com\\\/uk\\\/fashion\\\/a70143828\\\/best-turn-up-jeans\\\/#breadcrumb\"},\"inLanguage\":\"fr-FR\",\"potentialAction\":[{\"@type\":\"ReadAction\",\"target\":[\"https:\\\/\\\/www.elle.com\\\/uk\\\/fashion\\\/a70143828\\\/best-turn-up-jeans\\\/\"]}]},{\"@type\":\"ImageObject\",\"inLanguage\":\"fr-FR\",\"@id\":\"https:\\\/\\\/www.elle.com\\\/uk\\\/fashion\\\/a70143828\\\/best-turn-up-jeans\\\/#primaryimage\",\"url\":\"https:\\\/\\\/www.elle.be\\\/fr\\\/wp-content\\\/uploads\\\/2026\\\/02\\\/denim-trend-jeans-omslag.jpg\",\"contentUrl\":\"https:\\\/\\\/www.elle.be\\\/fr\\\/wp-content\\\/uploads\\\/2026\\\/02\\\/denim-trend-jeans-omslag.jpg\",\"width\":1321,\"height\":691,\"caption\":\"Launchmetrics Spotlight\"},{\"@type\":\"BreadcrumbList\",\"@id\":\"https:\\\/\\\/www.elle.com\\\/uk\\\/fashion\\\/a70143828\\\/best-turn-up-jeans\\\/#breadcrumb\",\"itemListElement\":[{\"@type\":\"ListItem\",\"position\":1,\"name\":\"FR\",\"item\":\"https:\\\/\\\/www.elle.be\\\/fr\"},{\"@type\":\"ListItem\",\"position\":2,\"name\":\"Mode\",\"item\":\"https:\\\/\\\/www.elle.be\\\/fr\\\/mode\"},{\"@type\":\"ListItem\",\"position\":3,\"name\":\"5 fa\u00e7ons de porter le jean le plus cool du moment (que vous avez peut-\u00eatre d\u00e9j\u00e0 dans votre dressing)\"}]},{\"@type\":\"WebSite\",\"@id\":\"https:\\\/\\\/www.elle.be\\\/fr\\\/#website\",\"url\":\"https:\\\/\\\/www.elle.be\\\/fr\\\/\",\"name\":\"ELLE.be\",\"description\":\"Toutes les infos mode, beaut\u00e9 et lifestyle les plus pointues ainsi qu&#039;un contenu 100% belge d\u00e9clin\u00e9 \u00e0 360\u00b0sur le site ELLE.be, nos r\u00e9seaux sociaux et notre cha\u00eene Youtube.\",\"publisher\":{\"@id\":\"https:\\\/\\\/www.elle.be\\\/fr\\\/#organization\"},\"potentialAction\":[{\"@type\":\"SearchAction\",\"target\":{\"@type\":\"EntryPoint\",\"urlTemplate\":\"https:\\\/\\\/www.elle.be\\\/fr\\\/?s={search_term_string}\"},\"query-input\":{\"@type\":\"PropertyValueSpecification\",\"valueRequired\":true,\"valueName\":\"search_term_string\"}}],\"inLanguage\":\"fr-FR\"},{\"@type\":\"Organization\",\"@id\":\"https:\\\/\\\/www.elle.be\\\/fr\\\/#organization\",\"name\":\"ELLE Belgique\",\"url\":\"https:\\\/\\\/www.elle.be\\\/fr\\\/\",\"logo\":{\"@type\":\"ImageObject\",\"inLanguage\":\"fr-FR\",\"@id\":\"https:\\\/\\\/www.elle.be\\\/fr\\\/#\\\/schema\\\/logo\\\/image\\\/\",\"url\":\"https:\\\/\\\/www.elle.be\\\/fr\\\/wp-content\\\/uploads\\\/2017\\\/03\\\/elle-icon-200px.jpeg\",\"contentUrl\":\"https:\\\/\\\/www.elle.be\\\/fr\\\/wp-content\\\/uploads\\\/2017\\\/03\\\/elle-icon-200px.jpeg\",\"width\":200,\"height\":200,\"caption\":\"ELLE Belgique\"},\"image\":{\"@id\":\"https:\\\/\\\/www.elle.be\\\/fr\\\/#\\\/schema\\\/logo\\\/image\\\/\"},\"sameAs\":[\"https:\\\/\\\/www.facebook.com\\\/ELLEbelgium\\\/\",\"https:\\\/\\\/x.com\\\/ELLEBelgique\",\"http:\\\/\\\/instagram.com\\\/ellebelgique\\\/\",\"https:\\\/\\\/www.pinterest.com\\\/ellebelgique\\\/\",\"https:\\\/\\\/www.youtube.com\\\/user\\\/ELLEbelgique1\"]},{\"@type\":\"Person\",\"@id\":\"https:\\\/\\\/www.elle.be\\\/fr\\\/#\\\/schema\\\/person\\\/16ba064c2e0ef434bf6ed0b45c6e813f\",\"name\":\"La r\u00e9daction\",\"image\":{\"@type\":\"ImageObject\",\"inLanguage\":\"fr-FR\",\"@id\":\"https:\\\/\\\/www.elle.be\\\/fr\\\/wp-content\\\/uploads\\\/2017\\\/03\\\/cover_FR166-96x96.jpg\",\"url\":\"https:\\\/\\\/www.elle.be\\\/fr\\\/wp-content\\\/uploads\\\/2017\\\/03\\\/cover_FR166-96x96.jpg\",\"contentUrl\":\"https:\\\/\\\/www.elle.be\\\/fr\\\/wp-content\\\/uploads\\\/2017\\\/03\\\/cover_FR166-96x96.jpg\",\"caption\":\"La r\u00e9daction\"},\"description\":\"Toutes les infos mode, beaut\u00e9 et lifestyle les plus pointues ainsi qu'un contenu 100% belge d\u00e9clin\u00e9 \u00e0 360\u00b0sur le site ELLE.be, nos r\u00e9seaux sociaux et notre cha\u00eene Youtube.\",\"sameAs\":[\"http:\\\/\\\/www.elle.be\\\/fr\\\/\",\"https:\\\/\\\/www.facebook.com\\\/pages\\\/ELLE-Belgique\\\/37490723084\",\"http:\\\/\\\/instagram.com\\\/ellebelgique#\",\"http:\\\/\\\/www.pinterest.com\\\/ellebelgique\\\/pins\\\/\",\"https:\\\/\\\/x.com\\\/ELLEBelgique\"],\"url\":\"https:\\\/\\\/www.elle.be\\\/fr\\\/author\\\/elle-be\"}]}<\/script>\n<!-- \/ Yoast SEO plugin. -->","yoast_head_json":{"title":"5 fa\u00e7ons de porter le jean le plus cool du moment (que vous avez peut-\u00eatre d\u00e9j\u00e0 dans votre dressing) - ELLE.be","description":"Le jean \u00e0 revers, cousu ou simplement retrouss\u00e9, s\u2019impose \u00e0 nouveau comme un favori du street style. Voici comment le porter.","robots":{"index":"index","follow":"follow","max-snippet":"max-snippet:-1","max-image-preview":"max-image-preview:large","max-video-preview":"max-video-preview:-1"},"canonical":"https:\/\/www.elle.com\/uk\/fashion\/a70143828\/best-turn-up-jeans\/","og_locale":"fr_FR","og_type":"article","og_title":"5 fa\u00e7ons de porter le jean le plus cool du moment (que vous avez peut-\u00eatre d\u00e9j\u00e0 dans votre dressing) - ELLE.be","og_description":"Le jean \u00e0 revers, cousu ou simplement retrouss\u00e9, s\u2019impose \u00e0 nouveau comme un favori du street style. Voici comment le porter.","og_url":"https:\/\/www.elle.com\/uk\/fashion\/a70143828\/best-turn-up-jeans\/","og_site_name":"ELLE.be","article_publisher":"https:\/\/www.facebook.com\/ELLEbelgium\/","article_author":"https:\/\/www.facebook.com\/pages\/ELLE-Belgique\/37490723084","article_published_time":"2026-02-11T12:08:41+00:00","og_image":[{"width":1321,"height":691,"url":"https:\/\/www.elle.be\/fr\/wp-content\/uploads\/2026\/02\/denim-trend-jeans-omslag.jpg","type":"image\/jpeg"}],"author":"La r\u00e9daction","twitter_card":"summary_large_image","twitter_creator":"@ELLEBelgique","twitter_site":"@ELLEBelgique","twitter_misc":{"\u00c9crit par":"La r\u00e9daction","Dur\u00e9e de lecture estim\u00e9e":"4 minutes"},"schema":{"@context":"https:\/\/schema.org","@graph":[{"@type":"NewsArticle","@id":"https:\/\/www.elle.com\/uk\/fashion\/a70143828\/best-turn-up-jeans\/#article","isPartOf":{"@id":"https:\/\/www.elle.be\/fr\/467955-porter-le-jean-a-revers.html"},"author":{"name":"La r\u00e9daction","@id":"https:\/\/www.elle.be\/fr\/#\/schema\/person\/16ba064c2e0ef434bf6ed0b45c6e813f"},"headline":"5 fa\u00e7ons de porter le jean le plus cool du moment (que vous avez peut-\u00eatre d\u00e9j\u00e0 dans votre dressing)","datePublished":"2026-02-11T12:08:41+00:00","mainEntityOfPage":{"@id":"https:\/\/www.elle.be\/fr\/467955-porter-le-jean-a-revers.html"},"wordCount":785,"commentCount":0,"publisher":{"@id":"https:\/\/www.elle.be\/fr\/#organization"},"image":{"@id":"https:\/\/www.elle.com\/uk\/fashion\/a70143828\/best-turn-up-jeans\/#primaryimage"},"thumbnailUrl":"https:\/\/www.elle.be\/fr\/wp-content\/uploads\/2026\/02\/denim-trend-jeans-omslag.jpg","keywords":["tendance","streetstyle","denim","jean"],"articleSection":["Tendances Mode","Mode"],"inLanguage":"fr-FR","potentialAction":[{"@type":"CommentAction","name":"Comment","target":["https:\/\/www.elle.com\/uk\/fashion\/a70143828\/best-turn-up-jeans\/#respond"]}]},{"@type":"WebPage","@id":"https:\/\/www.elle.be\/fr\/467955-porter-le-jean-a-revers.html","url":"https:\/\/www.elle.com\/uk\/fashion\/a70143828\/best-turn-up-jeans\/","name":"5 fa\u00e7ons de porter le jean le plus cool du moment (que vous avez peut-\u00eatre d\u00e9j\u00e0 dans votre dressing) - ELLE.be","isPartOf":{"@id":"https:\/\/www.elle.be\/fr\/#website"},"primaryImageOfPage":{"@id":"https:\/\/www.elle.com\/uk\/fashion\/a70143828\/best-turn-up-jeans\/#primaryimage"},"image":{"@id":"https:\/\/www.elle.com\/uk\/fashion\/a70143828\/best-turn-up-jeans\/#primaryimage"},"thumbnailUrl":"https:\/\/www.elle.be\/fr\/wp-content\/uploads\/2026\/02\/denim-trend-jeans-omslag.jpg","datePublished":"2026-02-11T12:08:41+00:00","description":"Le jean \u00e0 revers, cousu ou simplement retrouss\u00e9, s\u2019impose \u00e0 nouveau comme un favori du street style. Voici comment le porter.","breadcrumb":{"@id":"https:\/\/www.elle.com\/uk\/fashion\/a70143828\/best-turn-up-jeans\/#breadcrumb"},"inLanguage":"fr-FR","potentialAction":[{"@type":"ReadAction","target":["https:\/\/www.elle.com\/uk\/fashion\/a70143828\/best-turn-up-jeans\/"]}]},{"@type":"ImageObject","inLanguage":"fr-FR","@id":"https:\/\/www.elle.com\/uk\/fashion\/a70143828\/best-turn-up-jeans\/#primaryimage","url":"https:\/\/www.elle.be\/fr\/wp-content\/uploads\/2026\/02\/denim-trend-jeans-omslag.jpg","contentUrl":"https:\/\/www.elle.be\/fr\/wp-content\/uploads\/2026\/02\/denim-trend-jeans-omslag.jpg","width":1321,"height":691,"caption":"Launchmetrics Spotlight"},{"@type":"BreadcrumbList","@id":"https:\/\/www.elle.com\/uk\/fashion\/a70143828\/best-turn-up-jeans\/#breadcrumb","itemListElement":[{"@type":"ListItem","position":1,"name":"FR","item":"https:\/\/www.elle.be\/fr"},{"@type":"ListItem","position":2,"name":"Mode","item":"https:\/\/www.elle.be\/fr\/mode"},{"@type":"ListItem","position":3,"name":"5 fa\u00e7ons de porter le jean le plus cool du moment (que vous avez peut-\u00eatre d\u00e9j\u00e0 dans votre dressing)"}]},{"@type":"WebSite","@id":"https:\/\/www.elle.be\/fr\/#website","url":"https:\/\/www.elle.be\/fr\/","name":"ELLE.be","description":"Toutes les infos mode, beaut\u00e9 et lifestyle les plus pointues ainsi qu&#039;un contenu 100% belge d\u00e9clin\u00e9 \u00e0 360\u00b0sur le site ELLE.be, nos r\u00e9seaux sociaux et notre cha\u00eene Youtube.","publisher":{"@id":"https:\/\/www.elle.be\/fr\/#organization"},"potentialAction":[{"@type":"SearchAction","target":{"@type":"EntryPoint","urlTemplate":"https:\/\/www.elle.be\/fr\/?s={search_term_string}"},"query-input":{"@type":"PropertyValueSpecification","valueRequired":true,"valueName":"search_term_string"}}],"inLanguage":"fr-FR"},{"@type":"Organization","@id":"https:\/\/www.elle.be\/fr\/#organization","name":"ELLE Belgique","url":"https:\/\/www.elle.be\/fr\/","logo":{"@type":"ImageObject","inLanguage":"fr-FR","@id":"https:\/\/www.elle.be\/fr\/#\/schema\/logo\/image\/","url":"https:\/\/www.elle.be\/fr\/wp-content\/uploads\/2017\/03\/elle-icon-200px.jpeg","contentUrl":"https:\/\/www.elle.be\/fr\/wp-content\/uploads\/2017\/03\/elle-icon-200px.jpeg","width":200,"height":200,"caption":"ELLE Belgique"},"image":{"@id":"https:\/\/www.elle.be\/fr\/#\/schema\/logo\/image\/"},"sameAs":["https:\/\/www.facebook.com\/ELLEbelgium\/","https:\/\/x.com\/ELLEBelgique","http:\/\/instagram.com\/ellebelgique\/","https:\/\/www.pinterest.com\/ellebelgique\/","https:\/\/www.youtube.com\/user\/ELLEbelgique1"]},{"@type":"Person","@id":"https:\/\/www.elle.be\/fr\/#\/schema\/person\/16ba064c2e0ef434bf6ed0b45c6e813f","name":"La r\u00e9daction","image":{"@type":"ImageObject","inLanguage":"fr-FR","@id":"https:\/\/www.elle.be\/fr\/wp-content\/uploads\/2017\/03\/cover_FR166-96x96.jpg","url":"https:\/\/www.elle.be\/fr\/wp-content\/uploads\/2017\/03\/cover_FR166-96x96.jpg","contentUrl":"https:\/\/www.elle.be\/fr\/wp-content\/uploads\/2017\/03\/cover_FR166-96x96.jpg","caption":"La r\u00e9daction"},"description":"Toutes les infos mode, beaut\u00e9 et lifestyle les plus pointues ainsi qu'un contenu 100% belge d\u00e9clin\u00e9 \u00e0 360\u00b0sur le site ELLE.be, nos r\u00e9seaux sociaux et notre cha\u00eene Youtube.","sameAs":["http:\/\/www.elle.be\/fr\/","https:\/\/www.facebook.com\/pages\/ELLE-Belgique\/37490723084","http:\/\/instagram.com\/ellebelgique#","http:\/\/www.pinterest.com\/ellebelgique\/pins\/","https:\/\/x.com\/ELLEBelgique"],"url":"https:\/\/www.elle.be\/fr\/author\/elle-be"}]}},"_links":{"self":[{"href":"https:\/\/www.elle.be\/fr\/wp-json\/wp\/v2\/posts\/467955","targetHints":{"allow":["GET"]}}],"collection":[{"href":"https:\/\/www.elle.be\/fr\/wp-json\/wp\/v2\/posts"}],"about":[{"href":"https:\/\/www.elle.be\/fr\/wp-json\/wp\/v2\/types\/post"}],"author":[{"embeddable":true,"href":"https:\/\/www.elle.be\/fr\/wp-json\/wp\/v2\/users\/6"}],"replies":[{"embeddable":true,"href":"https:\/\/www.elle.be\/fr\/wp-json\/wp\/v2\/comments?post=467955"}],"version-history":[{"count":1,"href":"https:\/\/www.elle.be\/fr\/wp-json\/wp\/v2\/posts\/467955\/revisions"}],"predecessor-version":[{"id":467958,"href":"https:\/\/www.elle.be\/fr\/wp-json\/wp\/v2\/posts\/467955\/revisions\/467958"}],"wp:featuredmedia":[{"embeddable":true,"href":"https:\/\/www.elle.be\/fr\/wp-json\/wp\/v2\/media\/467956"}],"wp:attachment":[{"href":"https:\/\/www.elle.be\/fr\/wp-json\/wp\/v2\/media?parent=467955"}],"wp:term":[{"taxonomy":"category","embeddable":true,"href":"https:\/\/www.elle.be\/fr\/wp-json\/wp\/v2\/categories?post=467955"},{"taxonomy":"post_tag","embeddable":true,"href":"https:\/\/www.elle.be\/fr\/wp-json\/wp\/v2\/tags?post=467955"}],"curies":[{"name":"wp","href":"https:\/\/api.w.org\/{rel}","templated":true}]}}