{"id":467171,"date":"2026-01-20T12:26:42","date_gmt":"2026-01-20T11:26:42","guid":{"rendered":"https:\/\/www.elle.be\/fr\/?p=467171"},"modified":"2026-01-20T12:28:19","modified_gmt":"2026-01-20T11:28:19","slug":"brooklyn-beckham-rupture-david-victoria","status":"publish","type":"post","link":"https:\/\/www.elle.be\/fr\/467171-brooklyn-beckham-rupture-david-victoria.html","title":{"rendered":"Brooklyn Beckham prend la parole sur sa rupture avec David et Victoria Beckham"},"content":{"rendered":"","protected":false},"excerpt":{"rendered":"Comment en est-on arriv\u00e9 l\u00e0, et que dit Brooklyn Beckham aujourd\u2019hui ? ...","protected":false},"author":124,"featured_media":467172,"comment_status":"open","ping_status":"closed","sticky":false,"template":"","format":"standard","meta":{"_acf_changed":false,"footnotes":""},"categories":[2202,1186],"tags":[639,3996],"class_list":["post-467171","post","type-post","status-publish","format-standard","has-post-thumbnail","hentry","category-news-actu","category-actu","tag-victoria-beckham","tag-hollywood"],"acf":[],"image_verticale":"467173","_yoast_wpseo_title":"\u00ab Je ne veux pas me r\u00e9concilier \u00bb : Brooklyn Beckham rompt avec David et Victoria Beckham","_yoast_wpseo_metadesc":"La rupture entre Brooklyn Beckham et ses parents semble irr\u00e9versible. Absences, accusations publiques : les faits qui ont men\u00e9 \u00e0 l\u2019escalade du conflit avec David et Victoria.","_yoast_wpseo_focuskw_text_input":null,"_yoast_wpseo_opengraph-title":null,"yoast_head":"<!-- This site is optimized with the Yoast SEO plugin v27.4 - https:\/\/yoast.com\/product\/yoast-seo-wordpress\/ -->\n<title>\u00ab Je ne veux pas me r\u00e9concilier \u00bb : Brooklyn Beckham rompt avec David et Victoria Beckham<\/title>\n<meta name=\"description\" content=\"La rupture entre Brooklyn Beckham et ses parents semble irr\u00e9versible. Absences, accusations publiques : les faits qui ont men\u00e9 \u00e0 l\u2019escalade du conflit avec David et Victoria.\" \/>\n<meta name=\"robots\" content=\"index, follow, max-snippet:-1, max-image-preview:large, max-video-preview:-1\" \/>\n<link rel=\"canonical\" href=\"https:\/\/www.elle.be\/fr\/467171-brooklyn-beckham-rupture-david-victoria.html\" \/>\n<meta property=\"og:locale\" content=\"fr_FR\" \/>\n<meta property=\"og:type\" content=\"article\" \/>\n<meta property=\"og:title\" content=\"\u00ab Je ne veux pas me r\u00e9concilier \u00bb : Brooklyn Beckham rompt avec David et Victoria Beckham\" \/>\n<meta property=\"og:description\" content=\"La rupture entre Brooklyn Beckham et ses parents semble irr\u00e9versible. Absences, accusations publiques : les faits qui ont men\u00e9 \u00e0 l\u2019escalade du conflit avec David et Victoria.\" \/>\n<meta property=\"og:url\" content=\"https:\/\/www.elle.be\/fr\/467171-brooklyn-beckham-rupture-david-victoria.html\" \/>\n<meta property=\"og:site_name\" content=\"ELLE.be\" \/>\n<meta property=\"article:publisher\" content=\"https:\/\/www.facebook.com\/ELLEbelgium\/\" \/>\n<meta property=\"article:published_time\" content=\"2026-01-20T11:26:42+00:00\" \/>\n<meta property=\"article:modified_time\" content=\"2026-01-20T11:28:19+00:00\" \/>\n<meta property=\"og:image\" content=\"https:\/\/www.elle.be\/fr\/wp-content\/uploads\/2026\/01\/brooklyn-nicola-beckham.jpg\" \/>\n\t<meta property=\"og:image:width\" content=\"1280\" \/>\n\t<meta property=\"og:image:height\" content=\"670\" \/>\n\t<meta property=\"og:image:type\" content=\"image\/jpeg\" \/>\n<meta name=\"author\" content=\"Lore Ginneberge\" \/>\n<meta name=\"twitter:card\" content=\"summary_large_image\" \/>\n<meta name=\"twitter:creator\" content=\"@ELLEBelgique\" \/>\n<meta name=\"twitter:site\" content=\"@ELLEBelgique\" \/>\n<meta name=\"twitter:label1\" content=\"\u00c9crit par\" \/>\n\t<meta name=\"twitter:data1\" content=\"Lore Ginneberge\" \/>\n\t<meta name=\"twitter:label2\" content=\"Dur\u00e9e de lecture estim\u00e9e\" \/>\n\t<meta name=\"twitter:data2\" content=\"6 minutes\" \/>\n<script type=\"application\/ld+json\" class=\"yoast-schema-graph\">{\"@context\":\"https:\\\/\\\/schema.org\",\"@graph\":[{\"@type\":\"NewsArticle\",\"@id\":\"https:\\\/\\\/www.elle.be\\\/fr\\\/467171-brooklyn-beckham-rupture-david-victoria.html#article\",\"isPartOf\":{\"@id\":\"https:\\\/\\\/www.elle.be\\\/fr\\\/467171-brooklyn-beckham-rupture-david-victoria.html\"},\"author\":{\"name\":\"Lore Ginneberge\",\"@id\":\"https:\\\/\\\/www.elle.be\\\/fr\\\/#\\\/schema\\\/person\\\/af7d525178055f7524781c84b360a6b7\"},\"headline\":\"Brooklyn Beckham prend la parole sur sa rupture avec David et Victoria Beckham\",\"datePublished\":\"2026-01-20T11:26:42+00:00\",\"dateModified\":\"2026-01-20T11:28:19+00:00\",\"mainEntityOfPage\":{\"@id\":\"https:\\\/\\\/www.elle.be\\\/fr\\\/467171-brooklyn-beckham-rupture-david-victoria.html\"},\"wordCount\":1024,\"commentCount\":0,\"publisher\":{\"@id\":\"https:\\\/\\\/www.elle.be\\\/fr\\\/#organization\"},\"image\":{\"@id\":\"https:\\\/\\\/www.elle.be\\\/fr\\\/467171-brooklyn-beckham-rupture-david-victoria.html#primaryimage\"},\"thumbnailUrl\":\"https:\\\/\\\/www.elle.be\\\/fr\\\/wp-content\\\/uploads\\\/2026\\\/01\\\/brooklyn-nicola-beckham.jpg\",\"keywords\":[\"Victoria Beckham\",\"hollywood\"],\"articleSection\":[\"News Actu\",\"Actu\"],\"inLanguage\":\"fr-FR\",\"potentialAction\":[{\"@type\":\"CommentAction\",\"name\":\"Comment\",\"target\":[\"https:\\\/\\\/www.elle.be\\\/fr\\\/467171-brooklyn-beckham-rupture-david-victoria.html#respond\"]}]},{\"@type\":\"WebPage\",\"@id\":\"https:\\\/\\\/www.elle.be\\\/fr\\\/467171-brooklyn-beckham-rupture-david-victoria.html\",\"url\":\"https:\\\/\\\/www.elle.be\\\/fr\\\/467171-brooklyn-beckham-rupture-david-victoria.html\",\"name\":\"\u00ab Je ne veux pas me r\u00e9concilier \u00bb : Brooklyn Beckham rompt avec David et Victoria Beckham\",\"isPartOf\":{\"@id\":\"https:\\\/\\\/www.elle.be\\\/fr\\\/#website\"},\"primaryImageOfPage\":{\"@id\":\"https:\\\/\\\/www.elle.be\\\/fr\\\/467171-brooklyn-beckham-rupture-david-victoria.html#primaryimage\"},\"image\":{\"@id\":\"https:\\\/\\\/www.elle.be\\\/fr\\\/467171-brooklyn-beckham-rupture-david-victoria.html#primaryimage\"},\"thumbnailUrl\":\"https:\\\/\\\/www.elle.be\\\/fr\\\/wp-content\\\/uploads\\\/2026\\\/01\\\/brooklyn-nicola-beckham.jpg\",\"datePublished\":\"2026-01-20T11:26:42+00:00\",\"dateModified\":\"2026-01-20T11:28:19+00:00\",\"description\":\"La rupture entre Brooklyn Beckham et ses parents semble irr\u00e9versible. Absences, accusations publiques : les faits qui ont men\u00e9 \u00e0 l\u2019escalade du conflit avec David et Victoria.\",\"breadcrumb\":{\"@id\":\"https:\\\/\\\/www.elle.be\\\/fr\\\/467171-brooklyn-beckham-rupture-david-victoria.html#breadcrumb\"},\"inLanguage\":\"fr-FR\",\"potentialAction\":[{\"@type\":\"ReadAction\",\"target\":[\"https:\\\/\\\/www.elle.be\\\/fr\\\/467171-brooklyn-beckham-rupture-david-victoria.html\"]}]},{\"@type\":\"ImageObject\",\"inLanguage\":\"fr-FR\",\"@id\":\"https:\\\/\\\/www.elle.be\\\/fr\\\/467171-brooklyn-beckham-rupture-david-victoria.html#primaryimage\",\"url\":\"https:\\\/\\\/www.elle.be\\\/fr\\\/wp-content\\\/uploads\\\/2026\\\/01\\\/brooklyn-nicola-beckham.jpg\",\"contentUrl\":\"https:\\\/\\\/www.elle.be\\\/fr\\\/wp-content\\\/uploads\\\/2026\\\/01\\\/brooklyn-nicola-beckham.jpg\",\"width\":1280,\"height\":670,\"caption\":\"Launchmetrics Spotlight\"},{\"@type\":\"BreadcrumbList\",\"@id\":\"https:\\\/\\\/www.elle.be\\\/fr\\\/467171-brooklyn-beckham-rupture-david-victoria.html#breadcrumb\",\"itemListElement\":[{\"@type\":\"ListItem\",\"position\":1,\"name\":\"FR\",\"item\":\"https:\\\/\\\/www.elle.be\\\/fr\"},{\"@type\":\"ListItem\",\"position\":2,\"name\":\"Actu\",\"item\":\"https:\\\/\\\/www.elle.be\\\/fr\\\/actu\"},{\"@type\":\"ListItem\",\"position\":3,\"name\":\"Brooklyn Beckham prend la parole sur sa rupture avec David et Victoria Beckham\"}]},{\"@type\":\"WebSite\",\"@id\":\"https:\\\/\\\/www.elle.be\\\/fr\\\/#website\",\"url\":\"https:\\\/\\\/www.elle.be\\\/fr\\\/\",\"name\":\"ELLE.be\",\"description\":\"Toutes les infos mode, beaut\u00e9 et lifestyle les plus pointues ainsi qu&#039;un contenu 100% belge d\u00e9clin\u00e9 \u00e0 360\u00b0sur le site ELLE.be, nos r\u00e9seaux sociaux et notre cha\u00eene Youtube.\",\"publisher\":{\"@id\":\"https:\\\/\\\/www.elle.be\\\/fr\\\/#organization\"},\"potentialAction\":[{\"@type\":\"SearchAction\",\"target\":{\"@type\":\"EntryPoint\",\"urlTemplate\":\"https:\\\/\\\/www.elle.be\\\/fr\\\/?s={search_term_string}\"},\"query-input\":{\"@type\":\"PropertyValueSpecification\",\"valueRequired\":true,\"valueName\":\"search_term_string\"}}],\"inLanguage\":\"fr-FR\"},{\"@type\":\"Organization\",\"@id\":\"https:\\\/\\\/www.elle.be\\\/fr\\\/#organization\",\"name\":\"ELLE Belgique\",\"url\":\"https:\\\/\\\/www.elle.be\\\/fr\\\/\",\"logo\":{\"@type\":\"ImageObject\",\"inLanguage\":\"fr-FR\",\"@id\":\"https:\\\/\\\/www.elle.be\\\/fr\\\/#\\\/schema\\\/logo\\\/image\\\/\",\"url\":\"https:\\\/\\\/www.elle.be\\\/fr\\\/wp-content\\\/uploads\\\/2017\\\/03\\\/elle-icon-200px.jpeg\",\"contentUrl\":\"https:\\\/\\\/www.elle.be\\\/fr\\\/wp-content\\\/uploads\\\/2017\\\/03\\\/elle-icon-200px.jpeg\",\"width\":200,\"height\":200,\"caption\":\"ELLE Belgique\"},\"image\":{\"@id\":\"https:\\\/\\\/www.elle.be\\\/fr\\\/#\\\/schema\\\/logo\\\/image\\\/\"},\"sameAs\":[\"https:\\\/\\\/www.facebook.com\\\/ELLEbelgium\\\/\",\"https:\\\/\\\/x.com\\\/ELLEBelgique\",\"http:\\\/\\\/instagram.com\\\/ellebelgique\\\/\",\"https:\\\/\\\/www.pinterest.com\\\/ellebelgique\\\/\",\"https:\\\/\\\/www.youtube.com\\\/user\\\/ELLEbelgique1\"]},{\"@type\":\"Person\",\"@id\":\"https:\\\/\\\/www.elle.be\\\/fr\\\/#\\\/schema\\\/person\\\/af7d525178055f7524781c84b360a6b7\",\"name\":\"Lore Ginneberge\",\"image\":{\"@type\":\"ImageObject\",\"inLanguage\":\"fr-FR\",\"@id\":\"https:\\\/\\\/www.elle.be\\\/fr\\\/wp-content\\\/uploads\\\/2025\\\/09\\\/empl-loreg2-copy-96x96.jpg\",\"url\":\"https:\\\/\\\/www.elle.be\\\/fr\\\/wp-content\\\/uploads\\\/2025\\\/09\\\/empl-loreg2-copy-96x96.jpg\",\"contentUrl\":\"https:\\\/\\\/www.elle.be\\\/fr\\\/wp-content\\\/uploads\\\/2025\\\/09\\\/empl-loreg2-copy-96x96.jpg\",\"caption\":\"Lore Ginneberge\"},\"description\":\"Lore est Head of Content du site. Elle \u00e9crit sur la mode et la beaut\u00e9, toujours partante pour d\u00e9crypter votre signe astrologique ou analyser votre palette de couleurs. Hors ligne, on la retrouve le plus souvent au studio de pilates ou plong\u00e9e dans un nouveau bestseller.\",\"url\":\"https:\\\/\\\/www.elle.be\\\/fr\\\/author\\\/lore-ginneberge\"}]}<\/script>\n<!-- \/ Yoast SEO plugin. -->","yoast_head_json":{"title":"\u00ab Je ne veux pas me r\u00e9concilier \u00bb : Brooklyn Beckham rompt avec David et Victoria Beckham","description":"La rupture entre Brooklyn Beckham et ses parents semble irr\u00e9versible. Absences, accusations publiques : les faits qui ont men\u00e9 \u00e0 l\u2019escalade du conflit avec David et Victoria.","robots":{"index":"index","follow":"follow","max-snippet":"max-snippet:-1","max-image-preview":"max-image-preview:large","max-video-preview":"max-video-preview:-1"},"canonical":"https:\/\/www.elle.be\/fr\/467171-brooklyn-beckham-rupture-david-victoria.html","og_locale":"fr_FR","og_type":"article","og_title":"\u00ab Je ne veux pas me r\u00e9concilier \u00bb : Brooklyn Beckham rompt avec David et Victoria Beckham","og_description":"La rupture entre Brooklyn Beckham et ses parents semble irr\u00e9versible. Absences, accusations publiques : les faits qui ont men\u00e9 \u00e0 l\u2019escalade du conflit avec David et Victoria.","og_url":"https:\/\/www.elle.be\/fr\/467171-brooklyn-beckham-rupture-david-victoria.html","og_site_name":"ELLE.be","article_publisher":"https:\/\/www.facebook.com\/ELLEbelgium\/","article_published_time":"2026-01-20T11:26:42+00:00","article_modified_time":"2026-01-20T11:28:19+00:00","og_image":[{"width":1280,"height":670,"url":"https:\/\/www.elle.be\/fr\/wp-content\/uploads\/2026\/01\/brooklyn-nicola-beckham.jpg","type":"image\/jpeg"}],"author":"Lore Ginneberge","twitter_card":"summary_large_image","twitter_creator":"@ELLEBelgique","twitter_site":"@ELLEBelgique","twitter_misc":{"\u00c9crit par":"Lore Ginneberge","Dur\u00e9e de lecture estim\u00e9e":"6 minutes"},"schema":{"@context":"https:\/\/schema.org","@graph":[{"@type":"NewsArticle","@id":"https:\/\/www.elle.be\/fr\/467171-brooklyn-beckham-rupture-david-victoria.html#article","isPartOf":{"@id":"https:\/\/www.elle.be\/fr\/467171-brooklyn-beckham-rupture-david-victoria.html"},"author":{"name":"Lore Ginneberge","@id":"https:\/\/www.elle.be\/fr\/#\/schema\/person\/af7d525178055f7524781c84b360a6b7"},"headline":"Brooklyn Beckham prend la parole sur sa rupture avec David et Victoria Beckham","datePublished":"2026-01-20T11:26:42+00:00","dateModified":"2026-01-20T11:28:19+00:00","mainEntityOfPage":{"@id":"https:\/\/www.elle.be\/fr\/467171-brooklyn-beckham-rupture-david-victoria.html"},"wordCount":1024,"commentCount":0,"publisher":{"@id":"https:\/\/www.elle.be\/fr\/#organization"},"image":{"@id":"https:\/\/www.elle.be\/fr\/467171-brooklyn-beckham-rupture-david-victoria.html#primaryimage"},"thumbnailUrl":"https:\/\/www.elle.be\/fr\/wp-content\/uploads\/2026\/01\/brooklyn-nicola-beckham.jpg","keywords":["Victoria Beckham","hollywood"],"articleSection":["News Actu","Actu"],"inLanguage":"fr-FR","potentialAction":[{"@type":"CommentAction","name":"Comment","target":["https:\/\/www.elle.be\/fr\/467171-brooklyn-beckham-rupture-david-victoria.html#respond"]}]},{"@type":"WebPage","@id":"https:\/\/www.elle.be\/fr\/467171-brooklyn-beckham-rupture-david-victoria.html","url":"https:\/\/www.elle.be\/fr\/467171-brooklyn-beckham-rupture-david-victoria.html","name":"\u00ab Je ne veux pas me r\u00e9concilier \u00bb : Brooklyn Beckham rompt avec David et Victoria Beckham","isPartOf":{"@id":"https:\/\/www.elle.be\/fr\/#website"},"primaryImageOfPage":{"@id":"https:\/\/www.elle.be\/fr\/467171-brooklyn-beckham-rupture-david-victoria.html#primaryimage"},"image":{"@id":"https:\/\/www.elle.be\/fr\/467171-brooklyn-beckham-rupture-david-victoria.html#primaryimage"},"thumbnailUrl":"https:\/\/www.elle.be\/fr\/wp-content\/uploads\/2026\/01\/brooklyn-nicola-beckham.jpg","datePublished":"2026-01-20T11:26:42+00:00","dateModified":"2026-01-20T11:28:19+00:00","description":"La rupture entre Brooklyn Beckham et ses parents semble irr\u00e9versible. Absences, accusations publiques : les faits qui ont men\u00e9 \u00e0 l\u2019escalade du conflit avec David et Victoria.","breadcrumb":{"@id":"https:\/\/www.elle.be\/fr\/467171-brooklyn-beckham-rupture-david-victoria.html#breadcrumb"},"inLanguage":"fr-FR","potentialAction":[{"@type":"ReadAction","target":["https:\/\/www.elle.be\/fr\/467171-brooklyn-beckham-rupture-david-victoria.html"]}]},{"@type":"ImageObject","inLanguage":"fr-FR","@id":"https:\/\/www.elle.be\/fr\/467171-brooklyn-beckham-rupture-david-victoria.html#primaryimage","url":"https:\/\/www.elle.be\/fr\/wp-content\/uploads\/2026\/01\/brooklyn-nicola-beckham.jpg","contentUrl":"https:\/\/www.elle.be\/fr\/wp-content\/uploads\/2026\/01\/brooklyn-nicola-beckham.jpg","width":1280,"height":670,"caption":"Launchmetrics Spotlight"},{"@type":"BreadcrumbList","@id":"https:\/\/www.elle.be\/fr\/467171-brooklyn-beckham-rupture-david-victoria.html#breadcrumb","itemListElement":[{"@type":"ListItem","position":1,"name":"FR","item":"https:\/\/www.elle.be\/fr"},{"@type":"ListItem","position":2,"name":"Actu","item":"https:\/\/www.elle.be\/fr\/actu"},{"@type":"ListItem","position":3,"name":"Brooklyn Beckham prend la parole sur sa rupture avec David et Victoria Beckham"}]},{"@type":"WebSite","@id":"https:\/\/www.elle.be\/fr\/#website","url":"https:\/\/www.elle.be\/fr\/","name":"ELLE.be","description":"Toutes les infos mode, beaut\u00e9 et lifestyle les plus pointues ainsi qu&#039;un contenu 100% belge d\u00e9clin\u00e9 \u00e0 360\u00b0sur le site ELLE.be, nos r\u00e9seaux sociaux et notre cha\u00eene Youtube.","publisher":{"@id":"https:\/\/www.elle.be\/fr\/#organization"},"potentialAction":[{"@type":"SearchAction","target":{"@type":"EntryPoint","urlTemplate":"https:\/\/www.elle.be\/fr\/?s={search_term_string}"},"query-input":{"@type":"PropertyValueSpecification","valueRequired":true,"valueName":"search_term_string"}}],"inLanguage":"fr-FR"},{"@type":"Organization","@id":"https:\/\/www.elle.be\/fr\/#organization","name":"ELLE Belgique","url":"https:\/\/www.elle.be\/fr\/","logo":{"@type":"ImageObject","inLanguage":"fr-FR","@id":"https:\/\/www.elle.be\/fr\/#\/schema\/logo\/image\/","url":"https:\/\/www.elle.be\/fr\/wp-content\/uploads\/2017\/03\/elle-icon-200px.jpeg","contentUrl":"https:\/\/www.elle.be\/fr\/wp-content\/uploads\/2017\/03\/elle-icon-200px.jpeg","width":200,"height":200,"caption":"ELLE Belgique"},"image":{"@id":"https:\/\/www.elle.be\/fr\/#\/schema\/logo\/image\/"},"sameAs":["https:\/\/www.facebook.com\/ELLEbelgium\/","https:\/\/x.com\/ELLEBelgique","http:\/\/instagram.com\/ellebelgique\/","https:\/\/www.pinterest.com\/ellebelgique\/","https:\/\/www.youtube.com\/user\/ELLEbelgique1"]},{"@type":"Person","@id":"https:\/\/www.elle.be\/fr\/#\/schema\/person\/af7d525178055f7524781c84b360a6b7","name":"Lore Ginneberge","image":{"@type":"ImageObject","inLanguage":"fr-FR","@id":"https:\/\/www.elle.be\/fr\/wp-content\/uploads\/2025\/09\/empl-loreg2-copy-96x96.jpg","url":"https:\/\/www.elle.be\/fr\/wp-content\/uploads\/2025\/09\/empl-loreg2-copy-96x96.jpg","contentUrl":"https:\/\/www.elle.be\/fr\/wp-content\/uploads\/2025\/09\/empl-loreg2-copy-96x96.jpg","caption":"Lore Ginneberge"},"description":"Lore est Head of Content du site. Elle \u00e9crit sur la mode et la beaut\u00e9, toujours partante pour d\u00e9crypter votre signe astrologique ou analyser votre palette de couleurs. Hors ligne, on la retrouve le plus souvent au studio de pilates ou plong\u00e9e dans un nouveau bestseller.","url":"https:\/\/www.elle.be\/fr\/author\/lore-ginneberge"}]}},"_links":{"self":[{"href":"https:\/\/www.elle.be\/fr\/wp-json\/wp\/v2\/posts\/467171","targetHints":{"allow":["GET"]}}],"collection":[{"href":"https:\/\/www.elle.be\/fr\/wp-json\/wp\/v2\/posts"}],"about":[{"href":"https:\/\/www.elle.be\/fr\/wp-json\/wp\/v2\/types\/post"}],"author":[{"embeddable":true,"href":"https:\/\/www.elle.be\/fr\/wp-json\/wp\/v2\/users\/124"}],"replies":[{"embeddable":true,"href":"https:\/\/www.elle.be\/fr\/wp-json\/wp\/v2\/comments?post=467171"}],"version-history":[{"count":3,"href":"https:\/\/www.elle.be\/fr\/wp-json\/wp\/v2\/posts\/467171\/revisions"}],"predecessor-version":[{"id":467180,"href":"https:\/\/www.elle.be\/fr\/wp-json\/wp\/v2\/posts\/467171\/revisions\/467180"}],"wp:featuredmedia":[{"embeddable":true,"href":"https:\/\/www.elle.be\/fr\/wp-json\/wp\/v2\/media\/467172"}],"wp:attachment":[{"href":"https:\/\/www.elle.be\/fr\/wp-json\/wp\/v2\/media?parent=467171"}],"wp:term":[{"taxonomy":"category","embeddable":true,"href":"https:\/\/www.elle.be\/fr\/wp-json\/wp\/v2\/categories?post=467171"},{"taxonomy":"post_tag","embeddable":true,"href":"https:\/\/www.elle.be\/fr\/wp-json\/wp\/v2\/tags?post=467171"}],"curies":[{"name":"wp","href":"https:\/\/api.w.org\/{rel}","templated":true}]}}