{"id":46388,"date":"2018-01-10T15:03:18","date_gmt":"2018-01-10T14:03:18","guid":{"rendered":"http:\/\/www.elle.be\/fr\/?p=46388"},"modified":"2020-12-11T15:21:57","modified_gmt":"2020-12-11T14:21:57","slug":"10-facons-ranger-ses-affaires-on-na-pas-placard","status":"publish","type":"post","link":"https:\/\/www.elle.be\/fr\/46388-10-facons-ranger-ses-affaires-on-na-pas-placard.html","title":{"rendered":"10 fa\u00e7ons de ranger ses affaires quand on n&#8217;a pas de placard"},"content":{"rendered":"","protected":false},"excerpt":{"rendered":"Parce que les beaux dressings, organis\u00e9s et immacul\u00e9s rel\u00e8vent plus du mythe que de la r\u00e9alit\u00e9, voici 10 astuces pratiques pour ranger ses affaires.","protected":false},"author":3,"featured_media":177913,"comment_status":"closed","ping_status":"closed","sticky":false,"template":"","format":"standard","meta":{"_acf_changed":false,"footnotes":""},"categories":[3269,3272],"tags":[],"class_list":["post-46388","post","type-post","status-publish","format-standard","has-post-thumbnail","hentry","category-elle-decoration","category-astuces-deco"],"acf":[],"image_verticale":"","_yoast_wpseo_title":null,"_yoast_wpseo_metadesc":null,"_yoast_wpseo_focuskw_text_input":"ranger","_yoast_wpseo_opengraph-title":null,"yoast_head":"<!-- This site is optimized with the Yoast SEO plugin v27.4 - https:\/\/yoast.com\/product\/yoast-seo-wordpress\/ -->\n<title>10 fa\u00e7ons de ranger ses affaires quand on n&#039;a pas de placard - ELLE.be<\/title>\n<meta name=\"description\" content=\"Parce que les beaux dressings, organis\u00e9s et immacul\u00e9s rel\u00e8vent plus du mythe que de la r\u00e9alit\u00e9, voici 10 astuces pratiques pour ranger ses affaires.\" \/>\n<meta name=\"robots\" content=\"index, follow, max-snippet:-1, max-image-preview:large, max-video-preview:-1\" \/>\n<link rel=\"canonical\" href=\"https:\/\/www.elle.be\/fr\/46388-10-facons-ranger-ses-affaires-on-na-pas-placard.html\" \/>\n<link rel=\"next\" href=\"https:\/\/www.elle.be\/fr\/46388-10-facons-ranger-ses-affaires-on-na-pas-placard.html\/2\" \/>\n<meta property=\"og:locale\" content=\"fr_FR\" \/>\n<meta property=\"og:type\" content=\"article\" \/>\n<meta property=\"og:title\" content=\"10 fa\u00e7ons de ranger ses affaires quand on n&#039;a pas de placard - ELLE.be\" \/>\n<meta property=\"og:description\" content=\"Parce que les beaux dressings, organis\u00e9s et immacul\u00e9s rel\u00e8vent plus du mythe que de la r\u00e9alit\u00e9, voici 10 astuces pratiques pour ranger ses affaires.\" \/>\n<meta property=\"og:url\" content=\"https:\/\/www.elle.be\/fr\/46388-10-facons-ranger-ses-affaires-on-na-pas-placard.html\" \/>\n<meta property=\"og:site_name\" content=\"ELLE.be\" \/>\n<meta property=\"article:publisher\" content=\"https:\/\/www.facebook.com\/ELLEbelgium\/\" \/>\n<meta property=\"article:author\" content=\"https:\/\/www.facebook.com\/Marie-Gurin-1721050434849149\/\" \/>\n<meta property=\"article:published_time\" content=\"2018-01-10T14:03:18+00:00\" \/>\n<meta property=\"article:modified_time\" content=\"2020-12-11T14:21:57+00:00\" \/>\n<meta property=\"og:image\" content=\"https:\/\/www.elle.be\/fr\/wp-content\/uploads\/2014\/07\/rangement.jpg\" \/>\n\t<meta property=\"og:image:width\" content=\"670\" \/>\n\t<meta property=\"og:image:height\" content=\"351\" \/>\n\t<meta property=\"og:image:type\" content=\"image\/jpeg\" \/>\n<meta name=\"author\" content=\"Marie Gu\u00e9rin\" \/>\n<meta name=\"twitter:card\" content=\"summary_large_image\" \/>\n<meta name=\"twitter:creator\" content=\"@marie_elle_be\" \/>\n<meta name=\"twitter:site\" content=\"@ELLEBelgique\" \/>\n<meta name=\"twitter:label1\" content=\"\u00c9crit par\" \/>\n\t<meta name=\"twitter:data1\" content=\"Marie Gu\u00e9rin\" \/>\n\t<meta name=\"twitter:label2\" content=\"Dur\u00e9e de lecture estim\u00e9e\" \/>\n\t<meta name=\"twitter:data2\" content=\"2 minutes\" \/>\n<script type=\"application\/ld+json\" class=\"yoast-schema-graph\">{\"@context\":\"https:\\\/\\\/schema.org\",\"@graph\":[{\"@type\":\"NewsArticle\",\"@id\":\"https:\\\/\\\/www.elle.be\\\/fr\\\/46388-10-facons-ranger-ses-affaires-on-na-pas-placard.html#article\",\"isPartOf\":{\"@id\":\"https:\\\/\\\/www.elle.be\\\/fr\\\/46388-10-facons-ranger-ses-affaires-on-na-pas-placard.html\"},\"author\":{\"name\":\"Marie Gu\u00e9rin\",\"@id\":\"https:\\\/\\\/www.elle.be\\\/fr\\\/#\\\/schema\\\/person\\\/aa4e257722b2e3dd300f8fbdb031db01\"},\"headline\":\"10 fa\u00e7ons de ranger ses affaires quand on n&#8217;a pas de placard\",\"datePublished\":\"2018-01-10T14:03:18+00:00\",\"dateModified\":\"2020-12-11T14:21:57+00:00\",\"mainEntityOfPage\":{\"@id\":\"https:\\\/\\\/www.elle.be\\\/fr\\\/46388-10-facons-ranger-ses-affaires-on-na-pas-placard.html\"},\"wordCount\":335,\"publisher\":{\"@id\":\"https:\\\/\\\/www.elle.be\\\/fr\\\/#organization\"},\"image\":{\"@id\":\"https:\\\/\\\/www.elle.be\\\/fr\\\/46388-10-facons-ranger-ses-affaires-on-na-pas-placard.html#primaryimage\"},\"thumbnailUrl\":\"https:\\\/\\\/www.elle.be\\\/fr\\\/wp-content\\\/uploads\\\/2014\\\/07\\\/rangement.jpg\",\"articleSection\":[\"ELLE d\u00e9coration\",\"Astuces D\u00e9co\"],\"inLanguage\":\"fr-FR\"},{\"@type\":\"WebPage\",\"@id\":\"https:\\\/\\\/www.elle.be\\\/fr\\\/46388-10-facons-ranger-ses-affaires-on-na-pas-placard.html\",\"url\":\"https:\\\/\\\/www.elle.be\\\/fr\\\/46388-10-facons-ranger-ses-affaires-on-na-pas-placard.html\",\"name\":\"10 fa\u00e7ons de ranger ses affaires quand on n'a pas de placard - ELLE.be\",\"isPartOf\":{\"@id\":\"https:\\\/\\\/www.elle.be\\\/fr\\\/#website\"},\"primaryImageOfPage\":{\"@id\":\"https:\\\/\\\/www.elle.be\\\/fr\\\/46388-10-facons-ranger-ses-affaires-on-na-pas-placard.html#primaryimage\"},\"image\":{\"@id\":\"https:\\\/\\\/www.elle.be\\\/fr\\\/46388-10-facons-ranger-ses-affaires-on-na-pas-placard.html#primaryimage\"},\"thumbnailUrl\":\"https:\\\/\\\/www.elle.be\\\/fr\\\/wp-content\\\/uploads\\\/2014\\\/07\\\/rangement.jpg\",\"datePublished\":\"2018-01-10T14:03:18+00:00\",\"dateModified\":\"2020-12-11T14:21:57+00:00\",\"description\":\"Parce que les beaux dressings, organis\u00e9s et immacul\u00e9s rel\u00e8vent plus du mythe que de la r\u00e9alit\u00e9, voici 10 astuces pratiques pour ranger ses affaires.\",\"breadcrumb\":{\"@id\":\"https:\\\/\\\/www.elle.be\\\/fr\\\/46388-10-facons-ranger-ses-affaires-on-na-pas-placard.html#breadcrumb\"},\"inLanguage\":\"fr-FR\",\"potentialAction\":[{\"@type\":\"ReadAction\",\"target\":[\"https:\\\/\\\/www.elle.be\\\/fr\\\/46388-10-facons-ranger-ses-affaires-on-na-pas-placard.html\"]}]},{\"@type\":\"ImageObject\",\"inLanguage\":\"fr-FR\",\"@id\":\"https:\\\/\\\/www.elle.be\\\/fr\\\/46388-10-facons-ranger-ses-affaires-on-na-pas-placard.html#primaryimage\",\"url\":\"https:\\\/\\\/www.elle.be\\\/fr\\\/wp-content\\\/uploads\\\/2014\\\/07\\\/rangement.jpg\",\"contentUrl\":\"https:\\\/\\\/www.elle.be\\\/fr\\\/wp-content\\\/uploads\\\/2014\\\/07\\\/rangement.jpg\",\"width\":670,\"height\":351},{\"@type\":\"BreadcrumbList\",\"@id\":\"https:\\\/\\\/www.elle.be\\\/fr\\\/46388-10-facons-ranger-ses-affaires-on-na-pas-placard.html#breadcrumb\",\"itemListElement\":[{\"@type\":\"ListItem\",\"position\":1,\"name\":\"FR\",\"item\":\"https:\\\/\\\/www.elle.be\\\/fr\"},{\"@type\":\"ListItem\",\"position\":2,\"name\":\"ELLE d\u00e9coration\"}]},{\"@type\":\"WebSite\",\"@id\":\"https:\\\/\\\/www.elle.be\\\/fr\\\/#website\",\"url\":\"https:\\\/\\\/www.elle.be\\\/fr\\\/\",\"name\":\"ELLE.be\",\"description\":\"Toutes les infos mode, beaut\u00e9 et lifestyle les plus pointues ainsi qu&#039;un contenu 100% belge d\u00e9clin\u00e9 \u00e0 360\u00b0sur le site ELLE.be, nos r\u00e9seaux sociaux et notre cha\u00eene Youtube.\",\"publisher\":{\"@id\":\"https:\\\/\\\/www.elle.be\\\/fr\\\/#organization\"},\"potentialAction\":[{\"@type\":\"SearchAction\",\"target\":{\"@type\":\"EntryPoint\",\"urlTemplate\":\"https:\\\/\\\/www.elle.be\\\/fr\\\/?s={search_term_string}\"},\"query-input\":{\"@type\":\"PropertyValueSpecification\",\"valueRequired\":true,\"valueName\":\"search_term_string\"}}],\"inLanguage\":\"fr-FR\"},{\"@type\":\"Organization\",\"@id\":\"https:\\\/\\\/www.elle.be\\\/fr\\\/#organization\",\"name\":\"ELLE Belgique\",\"url\":\"https:\\\/\\\/www.elle.be\\\/fr\\\/\",\"logo\":{\"@type\":\"ImageObject\",\"inLanguage\":\"fr-FR\",\"@id\":\"https:\\\/\\\/www.elle.be\\\/fr\\\/#\\\/schema\\\/logo\\\/image\\\/\",\"url\":\"https:\\\/\\\/www.elle.be\\\/fr\\\/wp-content\\\/uploads\\\/2017\\\/03\\\/elle-icon-200px.jpeg\",\"contentUrl\":\"https:\\\/\\\/www.elle.be\\\/fr\\\/wp-content\\\/uploads\\\/2017\\\/03\\\/elle-icon-200px.jpeg\",\"width\":200,\"height\":200,\"caption\":\"ELLE Belgique\"},\"image\":{\"@id\":\"https:\\\/\\\/www.elle.be\\\/fr\\\/#\\\/schema\\\/logo\\\/image\\\/\"},\"sameAs\":[\"https:\\\/\\\/www.facebook.com\\\/ELLEbelgium\\\/\",\"https:\\\/\\\/x.com\\\/ELLEBelgique\",\"http:\\\/\\\/instagram.com\\\/ellebelgique\\\/\",\"https:\\\/\\\/www.pinterest.com\\\/ellebelgique\\\/\",\"https:\\\/\\\/www.youtube.com\\\/user\\\/ELLEbelgique1\"]},{\"@type\":\"Person\",\"@id\":\"https:\\\/\\\/www.elle.be\\\/fr\\\/#\\\/schema\\\/person\\\/aa4e257722b2e3dd300f8fbdb031db01\",\"name\":\"Marie Gu\u00e9rin\",\"image\":{\"@type\":\"ImageObject\",\"inLanguage\":\"fr-FR\",\"@id\":\"https:\\\/\\\/www.elle.be\\\/fr\\\/wp-content\\\/uploads\\\/2017\\\/03\\\/IMG_4442-96x96.jpg\",\"url\":\"https:\\\/\\\/www.elle.be\\\/fr\\\/wp-content\\\/uploads\\\/2017\\\/03\\\/IMG_4442-96x96.jpg\",\"contentUrl\":\"https:\\\/\\\/www.elle.be\\\/fr\\\/wp-content\\\/uploads\\\/2017\\\/03\\\/IMG_4442-96x96.jpg\",\"caption\":\"Marie Gu\u00e9rin\"},\"description\":\"Obs\u00e9d\u00e9e par les stilettos et tout ce qui facilite la marche \u00e0 pied, cette journaliste sportive (ou pas) sillonne pour vous le monde entier (et la Belgique le reste du temps) \u00e0 la recherche de l'actu mode, beaut\u00e9, lifestyle et de ses meilleurs bons plans.\",\"sameAs\":[\"https:\\\/\\\/www.facebook.com\\\/Marie-Gurin-1721050434849149\\\/\",\"https:\\\/\\\/www.instagram.com\\\/marie_elle_be\\\/\",\"https:\\\/\\\/x.com\\\/marie_elle_be\"],\"url\":\"https:\\\/\\\/www.elle.be\\\/fr\\\/author\\\/marie\"}]}<\/script>\n<!-- \/ Yoast SEO plugin. -->","yoast_head_json":{"title":"10 fa\u00e7ons de ranger ses affaires quand on n'a pas de placard - ELLE.be","description":"Parce que les beaux dressings, organis\u00e9s et immacul\u00e9s rel\u00e8vent plus du mythe que de la r\u00e9alit\u00e9, voici 10 astuces pratiques pour ranger ses affaires.","robots":{"index":"index","follow":"follow","max-snippet":"max-snippet:-1","max-image-preview":"max-image-preview:large","max-video-preview":"max-video-preview:-1"},"canonical":"https:\/\/www.elle.be\/fr\/46388-10-facons-ranger-ses-affaires-on-na-pas-placard.html","next":"https:\/\/www.elle.be\/fr\/46388-10-facons-ranger-ses-affaires-on-na-pas-placard.html\/2","og_locale":"fr_FR","og_type":"article","og_title":"10 fa\u00e7ons de ranger ses affaires quand on n'a pas de placard - ELLE.be","og_description":"Parce que les beaux dressings, organis\u00e9s et immacul\u00e9s rel\u00e8vent plus du mythe que de la r\u00e9alit\u00e9, voici 10 astuces pratiques pour ranger ses affaires.","og_url":"https:\/\/www.elle.be\/fr\/46388-10-facons-ranger-ses-affaires-on-na-pas-placard.html","og_site_name":"ELLE.be","article_publisher":"https:\/\/www.facebook.com\/ELLEbelgium\/","article_author":"https:\/\/www.facebook.com\/Marie-Gurin-1721050434849149\/","article_published_time":"2018-01-10T14:03:18+00:00","article_modified_time":"2020-12-11T14:21:57+00:00","og_image":[{"width":670,"height":351,"url":"https:\/\/www.elle.be\/fr\/wp-content\/uploads\/2014\/07\/rangement.jpg","type":"image\/jpeg"}],"author":"Marie Gu\u00e9rin","twitter_card":"summary_large_image","twitter_creator":"@marie_elle_be","twitter_site":"@ELLEBelgique","twitter_misc":{"\u00c9crit par":"Marie Gu\u00e9rin","Dur\u00e9e de lecture estim\u00e9e":"2 minutes"},"schema":{"@context":"https:\/\/schema.org","@graph":[{"@type":"NewsArticle","@id":"https:\/\/www.elle.be\/fr\/46388-10-facons-ranger-ses-affaires-on-na-pas-placard.html#article","isPartOf":{"@id":"https:\/\/www.elle.be\/fr\/46388-10-facons-ranger-ses-affaires-on-na-pas-placard.html"},"author":{"name":"Marie Gu\u00e9rin","@id":"https:\/\/www.elle.be\/fr\/#\/schema\/person\/aa4e257722b2e3dd300f8fbdb031db01"},"headline":"10 fa\u00e7ons de ranger ses affaires quand on n&#8217;a pas de placard","datePublished":"2018-01-10T14:03:18+00:00","dateModified":"2020-12-11T14:21:57+00:00","mainEntityOfPage":{"@id":"https:\/\/www.elle.be\/fr\/46388-10-facons-ranger-ses-affaires-on-na-pas-placard.html"},"wordCount":335,"publisher":{"@id":"https:\/\/www.elle.be\/fr\/#organization"},"image":{"@id":"https:\/\/www.elle.be\/fr\/46388-10-facons-ranger-ses-affaires-on-na-pas-placard.html#primaryimage"},"thumbnailUrl":"https:\/\/www.elle.be\/fr\/wp-content\/uploads\/2014\/07\/rangement.jpg","articleSection":["ELLE d\u00e9coration","Astuces D\u00e9co"],"inLanguage":"fr-FR"},{"@type":"WebPage","@id":"https:\/\/www.elle.be\/fr\/46388-10-facons-ranger-ses-affaires-on-na-pas-placard.html","url":"https:\/\/www.elle.be\/fr\/46388-10-facons-ranger-ses-affaires-on-na-pas-placard.html","name":"10 fa\u00e7ons de ranger ses affaires quand on n'a pas de placard - ELLE.be","isPartOf":{"@id":"https:\/\/www.elle.be\/fr\/#website"},"primaryImageOfPage":{"@id":"https:\/\/www.elle.be\/fr\/46388-10-facons-ranger-ses-affaires-on-na-pas-placard.html#primaryimage"},"image":{"@id":"https:\/\/www.elle.be\/fr\/46388-10-facons-ranger-ses-affaires-on-na-pas-placard.html#primaryimage"},"thumbnailUrl":"https:\/\/www.elle.be\/fr\/wp-content\/uploads\/2014\/07\/rangement.jpg","datePublished":"2018-01-10T14:03:18+00:00","dateModified":"2020-12-11T14:21:57+00:00","description":"Parce que les beaux dressings, organis\u00e9s et immacul\u00e9s rel\u00e8vent plus du mythe que de la r\u00e9alit\u00e9, voici 10 astuces pratiques pour ranger ses affaires.","breadcrumb":{"@id":"https:\/\/www.elle.be\/fr\/46388-10-facons-ranger-ses-affaires-on-na-pas-placard.html#breadcrumb"},"inLanguage":"fr-FR","potentialAction":[{"@type":"ReadAction","target":["https:\/\/www.elle.be\/fr\/46388-10-facons-ranger-ses-affaires-on-na-pas-placard.html"]}]},{"@type":"ImageObject","inLanguage":"fr-FR","@id":"https:\/\/www.elle.be\/fr\/46388-10-facons-ranger-ses-affaires-on-na-pas-placard.html#primaryimage","url":"https:\/\/www.elle.be\/fr\/wp-content\/uploads\/2014\/07\/rangement.jpg","contentUrl":"https:\/\/www.elle.be\/fr\/wp-content\/uploads\/2014\/07\/rangement.jpg","width":670,"height":351},{"@type":"BreadcrumbList","@id":"https:\/\/www.elle.be\/fr\/46388-10-facons-ranger-ses-affaires-on-na-pas-placard.html#breadcrumb","itemListElement":[{"@type":"ListItem","position":1,"name":"FR","item":"https:\/\/www.elle.be\/fr"},{"@type":"ListItem","position":2,"name":"ELLE d\u00e9coration"}]},{"@type":"WebSite","@id":"https:\/\/www.elle.be\/fr\/#website","url":"https:\/\/www.elle.be\/fr\/","name":"ELLE.be","description":"Toutes les infos mode, beaut\u00e9 et lifestyle les plus pointues ainsi qu&#039;un contenu 100% belge d\u00e9clin\u00e9 \u00e0 360\u00b0sur le site ELLE.be, nos r\u00e9seaux sociaux et notre cha\u00eene Youtube.","publisher":{"@id":"https:\/\/www.elle.be\/fr\/#organization"},"potentialAction":[{"@type":"SearchAction","target":{"@type":"EntryPoint","urlTemplate":"https:\/\/www.elle.be\/fr\/?s={search_term_string}"},"query-input":{"@type":"PropertyValueSpecification","valueRequired":true,"valueName":"search_term_string"}}],"inLanguage":"fr-FR"},{"@type":"Organization","@id":"https:\/\/www.elle.be\/fr\/#organization","name":"ELLE Belgique","url":"https:\/\/www.elle.be\/fr\/","logo":{"@type":"ImageObject","inLanguage":"fr-FR","@id":"https:\/\/www.elle.be\/fr\/#\/schema\/logo\/image\/","url":"https:\/\/www.elle.be\/fr\/wp-content\/uploads\/2017\/03\/elle-icon-200px.jpeg","contentUrl":"https:\/\/www.elle.be\/fr\/wp-content\/uploads\/2017\/03\/elle-icon-200px.jpeg","width":200,"height":200,"caption":"ELLE Belgique"},"image":{"@id":"https:\/\/www.elle.be\/fr\/#\/schema\/logo\/image\/"},"sameAs":["https:\/\/www.facebook.com\/ELLEbelgium\/","https:\/\/x.com\/ELLEBelgique","http:\/\/instagram.com\/ellebelgique\/","https:\/\/www.pinterest.com\/ellebelgique\/","https:\/\/www.youtube.com\/user\/ELLEbelgique1"]},{"@type":"Person","@id":"https:\/\/www.elle.be\/fr\/#\/schema\/person\/aa4e257722b2e3dd300f8fbdb031db01","name":"Marie Gu\u00e9rin","image":{"@type":"ImageObject","inLanguage":"fr-FR","@id":"https:\/\/www.elle.be\/fr\/wp-content\/uploads\/2017\/03\/IMG_4442-96x96.jpg","url":"https:\/\/www.elle.be\/fr\/wp-content\/uploads\/2017\/03\/IMG_4442-96x96.jpg","contentUrl":"https:\/\/www.elle.be\/fr\/wp-content\/uploads\/2017\/03\/IMG_4442-96x96.jpg","caption":"Marie Gu\u00e9rin"},"description":"Obs\u00e9d\u00e9e par les stilettos et tout ce qui facilite la marche \u00e0 pied, cette journaliste sportive (ou pas) sillonne pour vous le monde entier (et la Belgique le reste du temps) \u00e0 la recherche de l'actu mode, beaut\u00e9, lifestyle et de ses meilleurs bons plans.","sameAs":["https:\/\/www.facebook.com\/Marie-Gurin-1721050434849149\/","https:\/\/www.instagram.com\/marie_elle_be\/","https:\/\/x.com\/marie_elle_be"],"url":"https:\/\/www.elle.be\/fr\/author\/marie"}]}},"_links":{"self":[{"href":"https:\/\/www.elle.be\/fr\/wp-json\/wp\/v2\/posts\/46388","targetHints":{"allow":["GET"]}}],"collection":[{"href":"https:\/\/www.elle.be\/fr\/wp-json\/wp\/v2\/posts"}],"about":[{"href":"https:\/\/www.elle.be\/fr\/wp-json\/wp\/v2\/types\/post"}],"author":[{"embeddable":true,"href":"https:\/\/www.elle.be\/fr\/wp-json\/wp\/v2\/users\/3"}],"replies":[{"embeddable":true,"href":"https:\/\/www.elle.be\/fr\/wp-json\/wp\/v2\/comments?post=46388"}],"version-history":[{"count":3,"href":"https:\/\/www.elle.be\/fr\/wp-json\/wp\/v2\/posts\/46388\/revisions"}],"predecessor-version":[{"id":317984,"href":"https:\/\/www.elle.be\/fr\/wp-json\/wp\/v2\/posts\/46388\/revisions\/317984"}],"wp:featuredmedia":[{"embeddable":true,"href":"https:\/\/www.elle.be\/fr\/wp-json\/wp\/v2\/media\/177913"}],"wp:attachment":[{"href":"https:\/\/www.elle.be\/fr\/wp-json\/wp\/v2\/media?parent=46388"}],"wp:term":[{"taxonomy":"category","embeddable":true,"href":"https:\/\/www.elle.be\/fr\/wp-json\/wp\/v2\/categories?post=46388"},{"taxonomy":"post_tag","embeddable":true,"href":"https:\/\/www.elle.be\/fr\/wp-json\/wp\/v2\/tags?post=46388"}],"curies":[{"name":"wp","href":"https:\/\/api.w.org\/{rel}","templated":true}]}}