{"id":456214,"date":"2025-06-30T11:00:09","date_gmt":"2025-06-30T09:00:09","guid":{"rendered":"https:\/\/www.elle.be\/fr\/?p=456214"},"modified":"2025-06-30T10:29:20","modified_gmt":"2025-06-30T08:29:20","slug":"teste-par-la-redaction-le-velo-electrique-culture-avec-assistance-bosch-ebike-systems","status":"publish","type":"post","link":"https:\/\/www.elle.be\/fr\/456214-teste-par-la-redaction-le-velo-electrique-culture-avec-assistance-bosch-ebike-systems.html","title":{"rendered":"Test\u00e9 par la r\u00e9daction : le v\u00e9lo \u00e9lectrique Culture, \u00e9quip\u00e9 d&#8217;un syst\u00e8me Bosch eBike Systems"},"content":{"rendered":"","protected":false},"excerpt":{"rendered":"Freiner tous les dix m\u00e8tres pour un feu rouge, une file de gens devant et \u00e0 c\u00f4t\u00e9 de vous, des klaxons d&#8217;agacement \u00e0 chaque fois qu&#8217;il faut encore esquiver un obstacle, et devoir red\u00e9marrer constamment par la force de ses jambes.","protected":false},"author":47,"featured_media":456212,"comment_status":"open","ping_status":"closed","sticky":false,"template":"","format":"standard","meta":{"_acf_changed":false,"footnotes":""},"categories":[2191,1140],"tags":[],"class_list":["post-456214","post","type-post","status-publish","format-standard","has-post-thumbnail","hentry","category-lifestyle","category-sport"],"acf":[],"image_verticale":"456213","_yoast_wpseo_title":"La r\u00e9dac' \u00e0 test\u00e9 : le v\u00e9lo \u00e9lectrique Culture de Bosch eBike Systems","_yoast_wpseo_metadesc":"Depuis que je teste le v\u00e9lo \u00e9lectrique Culture de Bosch eBike Systems, faire du v\u00e9lo est devenu amusant. Un eBike allant jusqu'\u00e0 30 km\/h. %%page%%","_yoast_wpseo_focuskw_text_input":null,"_yoast_wpseo_opengraph-title":null,"yoast_head":"<!-- This site is optimized with the Yoast SEO plugin v27.4 - https:\/\/yoast.com\/product\/yoast-seo-wordpress\/ -->\n<title>La r\u00e9dac&#039; \u00e0 test\u00e9 : le v\u00e9lo \u00e9lectrique Culture de Bosch eBike Systems<\/title>\n<meta name=\"description\" content=\"Depuis que je teste le v\u00e9lo \u00e9lectrique Culture de Bosch eBike Systems, faire du v\u00e9lo est devenu amusant. Un eBike allant jusqu&#039;\u00e0 30 km\/h.\" \/>\n<meta name=\"robots\" content=\"index, follow, max-snippet:-1, max-image-preview:large, max-video-preview:-1\" \/>\n<link rel=\"canonical\" href=\"https:\/\/www.elle.be\/fr\/456214-teste-par-la-redaction-le-velo-electrique-culture-avec-assistance-bosch-ebike-systems.html\" \/>\n<meta property=\"og:locale\" content=\"fr_FR\" \/>\n<meta property=\"og:type\" content=\"article\" \/>\n<meta property=\"og:title\" content=\"La r\u00e9dac&#039; \u00e0 test\u00e9 : le v\u00e9lo \u00e9lectrique Culture de Bosch eBike Systems\" \/>\n<meta property=\"og:description\" content=\"Depuis que je teste le v\u00e9lo \u00e9lectrique Culture de Bosch eBike Systems, faire du v\u00e9lo est devenu amusant. Un eBike allant jusqu&#039;\u00e0 30 km\/h.\" \/>\n<meta property=\"og:url\" content=\"https:\/\/www.elle.be\/fr\/456214-teste-par-la-redaction-le-velo-electrique-culture-avec-assistance-bosch-ebike-systems.html\" \/>\n<meta property=\"og:site_name\" content=\"ELLE.be\" \/>\n<meta property=\"article:publisher\" content=\"https:\/\/www.facebook.com\/ELLEbelgium\/\" \/>\n<meta property=\"article:published_time\" content=\"2025-06-30T09:00:09+00:00\" \/>\n<meta property=\"og:image\" content=\"https:\/\/www.elle.be\/fr\/wp-content\/uploads\/2025\/06\/406778-elle-horizontal-18.png\" \/>\n\t<meta property=\"og:image:width\" content=\"1200\" \/>\n\t<meta property=\"og:image:height\" content=\"628\" \/>\n\t<meta property=\"og:image:type\" content=\"image\/png\" \/>\n<meta name=\"author\" content=\"ELLE Partenaire\" \/>\n<meta name=\"twitter:card\" content=\"summary_large_image\" \/>\n<meta name=\"twitter:creator\" content=\"@ELLEBelgique\" \/>\n<meta name=\"twitter:site\" content=\"@ELLEBelgique\" \/>\n<meta name=\"twitter:label1\" content=\"\u00c9crit par\" \/>\n\t<meta name=\"twitter:data1\" content=\"ELLE Partenaire\" \/>\n\t<meta name=\"twitter:label2\" content=\"Dur\u00e9e de lecture estim\u00e9e\" \/>\n\t<meta name=\"twitter:data2\" content=\"4 minutes\" \/>\n<script type=\"application\/ld+json\" class=\"yoast-schema-graph\">{\"@context\":\"https:\\\/\\\/schema.org\",\"@graph\":[{\"@type\":\"NewsArticle\",\"@id\":\"https:\\\/\\\/www.elle.be\\\/fr\\\/456214-teste-par-la-redaction-le-velo-electrique-culture-avec-assistance-bosch-ebike-systems.html#article\",\"isPartOf\":{\"@id\":\"https:\\\/\\\/www.elle.be\\\/fr\\\/456214-teste-par-la-redaction-le-velo-electrique-culture-avec-assistance-bosch-ebike-systems.html\"},\"author\":{\"name\":\"ELLE Partenaire\",\"@id\":\"https:\\\/\\\/www.elle.be\\\/fr\\\/#\\\/schema\\\/person\\\/2c7693f13ee3d4992850ec2ff033c586\"},\"headline\":\"Test\u00e9 par la r\u00e9daction : le v\u00e9lo \u00e9lectrique Culture, \u00e9quip\u00e9 d&#8217;un syst\u00e8me Bosch eBike Systems\",\"datePublished\":\"2025-06-30T09:00:09+00:00\",\"mainEntityOfPage\":{\"@id\":\"https:\\\/\\\/www.elle.be\\\/fr\\\/456214-teste-par-la-redaction-le-velo-electrique-culture-avec-assistance-bosch-ebike-systems.html\"},\"wordCount\":659,\"commentCount\":0,\"publisher\":{\"@id\":\"https:\\\/\\\/www.elle.be\\\/fr\\\/#organization\"},\"image\":{\"@id\":\"https:\\\/\\\/www.elle.be\\\/fr\\\/456214-teste-par-la-redaction-le-velo-electrique-culture-avec-assistance-bosch-ebike-systems.html#primaryimage\"},\"thumbnailUrl\":\"https:\\\/\\\/www.elle.be\\\/fr\\\/wp-content\\\/uploads\\\/2025\\\/06\\\/406778-elle-horizontal-18.png\",\"articleSection\":[\"Lifestyle\",\"Sport\"],\"inLanguage\":\"fr-FR\",\"potentialAction\":[{\"@type\":\"CommentAction\",\"name\":\"Comment\",\"target\":[\"https:\\\/\\\/www.elle.be\\\/fr\\\/456214-teste-par-la-redaction-le-velo-electrique-culture-avec-assistance-bosch-ebike-systems.html#respond\"]}]},{\"@type\":\"WebPage\",\"@id\":\"https:\\\/\\\/www.elle.be\\\/fr\\\/456214-teste-par-la-redaction-le-velo-electrique-culture-avec-assistance-bosch-ebike-systems.html\",\"url\":\"https:\\\/\\\/www.elle.be\\\/fr\\\/456214-teste-par-la-redaction-le-velo-electrique-culture-avec-assistance-bosch-ebike-systems.html\",\"name\":\"La r\u00e9dac' \u00e0 test\u00e9 : le v\u00e9lo \u00e9lectrique Culture de Bosch eBike Systems\",\"isPartOf\":{\"@id\":\"https:\\\/\\\/www.elle.be\\\/fr\\\/#website\"},\"primaryImageOfPage\":{\"@id\":\"https:\\\/\\\/www.elle.be\\\/fr\\\/456214-teste-par-la-redaction-le-velo-electrique-culture-avec-assistance-bosch-ebike-systems.html#primaryimage\"},\"image\":{\"@id\":\"https:\\\/\\\/www.elle.be\\\/fr\\\/456214-teste-par-la-redaction-le-velo-electrique-culture-avec-assistance-bosch-ebike-systems.html#primaryimage\"},\"thumbnailUrl\":\"https:\\\/\\\/www.elle.be\\\/fr\\\/wp-content\\\/uploads\\\/2025\\\/06\\\/406778-elle-horizontal-18.png\",\"datePublished\":\"2025-06-30T09:00:09+00:00\",\"description\":\"Depuis que je teste le v\u00e9lo \u00e9lectrique Culture de Bosch eBike Systems, faire du v\u00e9lo est devenu amusant. Un eBike allant jusqu'\u00e0 30 km\\\/h.\",\"breadcrumb\":{\"@id\":\"https:\\\/\\\/www.elle.be\\\/fr\\\/456214-teste-par-la-redaction-le-velo-electrique-culture-avec-assistance-bosch-ebike-systems.html#breadcrumb\"},\"inLanguage\":\"fr-FR\",\"potentialAction\":[{\"@type\":\"ReadAction\",\"target\":[\"https:\\\/\\\/www.elle.be\\\/fr\\\/456214-teste-par-la-redaction-le-velo-electrique-culture-avec-assistance-bosch-ebike-systems.html\"]}]},{\"@type\":\"ImageObject\",\"inLanguage\":\"fr-FR\",\"@id\":\"https:\\\/\\\/www.elle.be\\\/fr\\\/456214-teste-par-la-redaction-le-velo-electrique-culture-avec-assistance-bosch-ebike-systems.html#primaryimage\",\"url\":\"https:\\\/\\\/www.elle.be\\\/fr\\\/wp-content\\\/uploads\\\/2025\\\/06\\\/406778-elle-horizontal-18.png\",\"contentUrl\":\"https:\\\/\\\/www.elle.be\\\/fr\\\/wp-content\\\/uploads\\\/2025\\\/06\\\/406778-elle-horizontal-18.png\",\"width\":1200,\"height\":628,\"caption\":\"...\"},{\"@type\":\"BreadcrumbList\",\"@id\":\"https:\\\/\\\/www.elle.be\\\/fr\\\/456214-teste-par-la-redaction-le-velo-electrique-culture-avec-assistance-bosch-ebike-systems.html#breadcrumb\",\"itemListElement\":[{\"@type\":\"ListItem\",\"position\":1,\"name\":\"FR\",\"item\":\"https:\\\/\\\/www.elle.be\\\/fr\"},{\"@type\":\"ListItem\",\"position\":2,\"name\":\"Lifestyle\",\"item\":\"https:\\\/\\\/www.elle.be\\\/fr\\\/lifestyle\"},{\"@type\":\"ListItem\",\"position\":3,\"name\":\"Test\u00e9 par la r\u00e9daction : le v\u00e9lo \u00e9lectrique Culture, \u00e9quip\u00e9 d&#8217;un syst\u00e8me Bosch eBike Systems\"}]},{\"@type\":\"WebSite\",\"@id\":\"https:\\\/\\\/www.elle.be\\\/fr\\\/#website\",\"url\":\"https:\\\/\\\/www.elle.be\\\/fr\\\/\",\"name\":\"ELLE.be\",\"description\":\"Toutes les infos mode, beaut\u00e9 et lifestyle les plus pointues ainsi qu&#039;un contenu 100% belge d\u00e9clin\u00e9 \u00e0 360\u00b0sur le site ELLE.be, nos r\u00e9seaux sociaux et notre cha\u00eene Youtube.\",\"publisher\":{\"@id\":\"https:\\\/\\\/www.elle.be\\\/fr\\\/#organization\"},\"potentialAction\":[{\"@type\":\"SearchAction\",\"target\":{\"@type\":\"EntryPoint\",\"urlTemplate\":\"https:\\\/\\\/www.elle.be\\\/fr\\\/?s={search_term_string}\"},\"query-input\":{\"@type\":\"PropertyValueSpecification\",\"valueRequired\":true,\"valueName\":\"search_term_string\"}}],\"inLanguage\":\"fr-FR\"},{\"@type\":\"Organization\",\"@id\":\"https:\\\/\\\/www.elle.be\\\/fr\\\/#organization\",\"name\":\"ELLE Belgique\",\"url\":\"https:\\\/\\\/www.elle.be\\\/fr\\\/\",\"logo\":{\"@type\":\"ImageObject\",\"inLanguage\":\"fr-FR\",\"@id\":\"https:\\\/\\\/www.elle.be\\\/fr\\\/#\\\/schema\\\/logo\\\/image\\\/\",\"url\":\"https:\\\/\\\/www.elle.be\\\/fr\\\/wp-content\\\/uploads\\\/2017\\\/03\\\/elle-icon-200px.jpeg\",\"contentUrl\":\"https:\\\/\\\/www.elle.be\\\/fr\\\/wp-content\\\/uploads\\\/2017\\\/03\\\/elle-icon-200px.jpeg\",\"width\":200,\"height\":200,\"caption\":\"ELLE Belgique\"},\"image\":{\"@id\":\"https:\\\/\\\/www.elle.be\\\/fr\\\/#\\\/schema\\\/logo\\\/image\\\/\"},\"sameAs\":[\"https:\\\/\\\/www.facebook.com\\\/ELLEbelgium\\\/\",\"https:\\\/\\\/x.com\\\/ELLEBelgique\",\"http:\\\/\\\/instagram.com\\\/ellebelgique\\\/\",\"https:\\\/\\\/www.pinterest.com\\\/ellebelgique\\\/\",\"https:\\\/\\\/www.youtube.com\\\/user\\\/ELLEbelgique1\"]},{\"@type\":\"Person\",\"@id\":\"https:\\\/\\\/www.elle.be\\\/fr\\\/#\\\/schema\\\/person\\\/2c7693f13ee3d4992850ec2ff033c586\",\"name\":\"ELLE Partenaire\",\"image\":{\"@type\":\"ImageObject\",\"inLanguage\":\"fr-FR\",\"@id\":\"https:\\\/\\\/secure.gravatar.com\\\/avatar\\\/dddcf2d7bb88803a2e434d2b1c6a7b997b2de2334d047a137cc5e9dc165ca7e2?s=96&r=g\",\"url\":\"https:\\\/\\\/secure.gravatar.com\\\/avatar\\\/dddcf2d7bb88803a2e434d2b1c6a7b997b2de2334d047a137cc5e9dc165ca7e2?s=96&r=g\",\"contentUrl\":\"https:\\\/\\\/secure.gravatar.com\\\/avatar\\\/dddcf2d7bb88803a2e434d2b1c6a7b997b2de2334d047a137cc5e9dc165ca7e2?s=96&r=g\",\"caption\":\"ELLE Partenaire\"},\"url\":\"https:\\\/\\\/www.elle.be\\\/fr\\\/author\\\/operation-speciale\"}]}<\/script>\n<!-- \/ Yoast SEO plugin. -->","yoast_head_json":{"title":"La r\u00e9dac' \u00e0 test\u00e9 : le v\u00e9lo \u00e9lectrique Culture de Bosch eBike Systems","description":"Depuis que je teste le v\u00e9lo \u00e9lectrique Culture de Bosch eBike Systems, faire du v\u00e9lo est devenu amusant. Un eBike allant jusqu'\u00e0 30 km\/h.","robots":{"index":"index","follow":"follow","max-snippet":"max-snippet:-1","max-image-preview":"max-image-preview:large","max-video-preview":"max-video-preview:-1"},"canonical":"https:\/\/www.elle.be\/fr\/456214-teste-par-la-redaction-le-velo-electrique-culture-avec-assistance-bosch-ebike-systems.html","og_locale":"fr_FR","og_type":"article","og_title":"La r\u00e9dac' \u00e0 test\u00e9 : le v\u00e9lo \u00e9lectrique Culture de Bosch eBike Systems","og_description":"Depuis que je teste le v\u00e9lo \u00e9lectrique Culture de Bosch eBike Systems, faire du v\u00e9lo est devenu amusant. Un eBike allant jusqu'\u00e0 30 km\/h.","og_url":"https:\/\/www.elle.be\/fr\/456214-teste-par-la-redaction-le-velo-electrique-culture-avec-assistance-bosch-ebike-systems.html","og_site_name":"ELLE.be","article_publisher":"https:\/\/www.facebook.com\/ELLEbelgium\/","article_published_time":"2025-06-30T09:00:09+00:00","og_image":[{"width":1200,"height":628,"url":"https:\/\/www.elle.be\/fr\/wp-content\/uploads\/2025\/06\/406778-elle-horizontal-18.png","type":"image\/png"}],"author":"ELLE Partenaire","twitter_card":"summary_large_image","twitter_creator":"@ELLEBelgique","twitter_site":"@ELLEBelgique","twitter_misc":{"\u00c9crit par":"ELLE Partenaire","Dur\u00e9e de lecture estim\u00e9e":"4 minutes"},"schema":{"@context":"https:\/\/schema.org","@graph":[{"@type":"NewsArticle","@id":"https:\/\/www.elle.be\/fr\/456214-teste-par-la-redaction-le-velo-electrique-culture-avec-assistance-bosch-ebike-systems.html#article","isPartOf":{"@id":"https:\/\/www.elle.be\/fr\/456214-teste-par-la-redaction-le-velo-electrique-culture-avec-assistance-bosch-ebike-systems.html"},"author":{"name":"ELLE Partenaire","@id":"https:\/\/www.elle.be\/fr\/#\/schema\/person\/2c7693f13ee3d4992850ec2ff033c586"},"headline":"Test\u00e9 par la r\u00e9daction : le v\u00e9lo \u00e9lectrique Culture, \u00e9quip\u00e9 d&#8217;un syst\u00e8me Bosch eBike Systems","datePublished":"2025-06-30T09:00:09+00:00","mainEntityOfPage":{"@id":"https:\/\/www.elle.be\/fr\/456214-teste-par-la-redaction-le-velo-electrique-culture-avec-assistance-bosch-ebike-systems.html"},"wordCount":659,"commentCount":0,"publisher":{"@id":"https:\/\/www.elle.be\/fr\/#organization"},"image":{"@id":"https:\/\/www.elle.be\/fr\/456214-teste-par-la-redaction-le-velo-electrique-culture-avec-assistance-bosch-ebike-systems.html#primaryimage"},"thumbnailUrl":"https:\/\/www.elle.be\/fr\/wp-content\/uploads\/2025\/06\/406778-elle-horizontal-18.png","articleSection":["Lifestyle","Sport"],"inLanguage":"fr-FR","potentialAction":[{"@type":"CommentAction","name":"Comment","target":["https:\/\/www.elle.be\/fr\/456214-teste-par-la-redaction-le-velo-electrique-culture-avec-assistance-bosch-ebike-systems.html#respond"]}]},{"@type":"WebPage","@id":"https:\/\/www.elle.be\/fr\/456214-teste-par-la-redaction-le-velo-electrique-culture-avec-assistance-bosch-ebike-systems.html","url":"https:\/\/www.elle.be\/fr\/456214-teste-par-la-redaction-le-velo-electrique-culture-avec-assistance-bosch-ebike-systems.html","name":"La r\u00e9dac' \u00e0 test\u00e9 : le v\u00e9lo \u00e9lectrique Culture de Bosch eBike Systems","isPartOf":{"@id":"https:\/\/www.elle.be\/fr\/#website"},"primaryImageOfPage":{"@id":"https:\/\/www.elle.be\/fr\/456214-teste-par-la-redaction-le-velo-electrique-culture-avec-assistance-bosch-ebike-systems.html#primaryimage"},"image":{"@id":"https:\/\/www.elle.be\/fr\/456214-teste-par-la-redaction-le-velo-electrique-culture-avec-assistance-bosch-ebike-systems.html#primaryimage"},"thumbnailUrl":"https:\/\/www.elle.be\/fr\/wp-content\/uploads\/2025\/06\/406778-elle-horizontal-18.png","datePublished":"2025-06-30T09:00:09+00:00","description":"Depuis que je teste le v\u00e9lo \u00e9lectrique Culture de Bosch eBike Systems, faire du v\u00e9lo est devenu amusant. Un eBike allant jusqu'\u00e0 30 km\/h.","breadcrumb":{"@id":"https:\/\/www.elle.be\/fr\/456214-teste-par-la-redaction-le-velo-electrique-culture-avec-assistance-bosch-ebike-systems.html#breadcrumb"},"inLanguage":"fr-FR","potentialAction":[{"@type":"ReadAction","target":["https:\/\/www.elle.be\/fr\/456214-teste-par-la-redaction-le-velo-electrique-culture-avec-assistance-bosch-ebike-systems.html"]}]},{"@type":"ImageObject","inLanguage":"fr-FR","@id":"https:\/\/www.elle.be\/fr\/456214-teste-par-la-redaction-le-velo-electrique-culture-avec-assistance-bosch-ebike-systems.html#primaryimage","url":"https:\/\/www.elle.be\/fr\/wp-content\/uploads\/2025\/06\/406778-elle-horizontal-18.png","contentUrl":"https:\/\/www.elle.be\/fr\/wp-content\/uploads\/2025\/06\/406778-elle-horizontal-18.png","width":1200,"height":628,"caption":"..."},{"@type":"BreadcrumbList","@id":"https:\/\/www.elle.be\/fr\/456214-teste-par-la-redaction-le-velo-electrique-culture-avec-assistance-bosch-ebike-systems.html#breadcrumb","itemListElement":[{"@type":"ListItem","position":1,"name":"FR","item":"https:\/\/www.elle.be\/fr"},{"@type":"ListItem","position":2,"name":"Lifestyle","item":"https:\/\/www.elle.be\/fr\/lifestyle"},{"@type":"ListItem","position":3,"name":"Test\u00e9 par la r\u00e9daction : le v\u00e9lo \u00e9lectrique Culture, \u00e9quip\u00e9 d&#8217;un syst\u00e8me Bosch eBike Systems"}]},{"@type":"WebSite","@id":"https:\/\/www.elle.be\/fr\/#website","url":"https:\/\/www.elle.be\/fr\/","name":"ELLE.be","description":"Toutes les infos mode, beaut\u00e9 et lifestyle les plus pointues ainsi qu&#039;un contenu 100% belge d\u00e9clin\u00e9 \u00e0 360\u00b0sur le site ELLE.be, nos r\u00e9seaux sociaux et notre cha\u00eene Youtube.","publisher":{"@id":"https:\/\/www.elle.be\/fr\/#organization"},"potentialAction":[{"@type":"SearchAction","target":{"@type":"EntryPoint","urlTemplate":"https:\/\/www.elle.be\/fr\/?s={search_term_string}"},"query-input":{"@type":"PropertyValueSpecification","valueRequired":true,"valueName":"search_term_string"}}],"inLanguage":"fr-FR"},{"@type":"Organization","@id":"https:\/\/www.elle.be\/fr\/#organization","name":"ELLE Belgique","url":"https:\/\/www.elle.be\/fr\/","logo":{"@type":"ImageObject","inLanguage":"fr-FR","@id":"https:\/\/www.elle.be\/fr\/#\/schema\/logo\/image\/","url":"https:\/\/www.elle.be\/fr\/wp-content\/uploads\/2017\/03\/elle-icon-200px.jpeg","contentUrl":"https:\/\/www.elle.be\/fr\/wp-content\/uploads\/2017\/03\/elle-icon-200px.jpeg","width":200,"height":200,"caption":"ELLE Belgique"},"image":{"@id":"https:\/\/www.elle.be\/fr\/#\/schema\/logo\/image\/"},"sameAs":["https:\/\/www.facebook.com\/ELLEbelgium\/","https:\/\/x.com\/ELLEBelgique","http:\/\/instagram.com\/ellebelgique\/","https:\/\/www.pinterest.com\/ellebelgique\/","https:\/\/www.youtube.com\/user\/ELLEbelgique1"]},{"@type":"Person","@id":"https:\/\/www.elle.be\/fr\/#\/schema\/person\/2c7693f13ee3d4992850ec2ff033c586","name":"ELLE Partenaire","image":{"@type":"ImageObject","inLanguage":"fr-FR","@id":"https:\/\/secure.gravatar.com\/avatar\/dddcf2d7bb88803a2e434d2b1c6a7b997b2de2334d047a137cc5e9dc165ca7e2?s=96&r=g","url":"https:\/\/secure.gravatar.com\/avatar\/dddcf2d7bb88803a2e434d2b1c6a7b997b2de2334d047a137cc5e9dc165ca7e2?s=96&r=g","contentUrl":"https:\/\/secure.gravatar.com\/avatar\/dddcf2d7bb88803a2e434d2b1c6a7b997b2de2334d047a137cc5e9dc165ca7e2?s=96&r=g","caption":"ELLE Partenaire"},"url":"https:\/\/www.elle.be\/fr\/author\/operation-speciale"}]}},"_links":{"self":[{"href":"https:\/\/www.elle.be\/fr\/wp-json\/wp\/v2\/posts\/456214","targetHints":{"allow":["GET"]}}],"collection":[{"href":"https:\/\/www.elle.be\/fr\/wp-json\/wp\/v2\/posts"}],"about":[{"href":"https:\/\/www.elle.be\/fr\/wp-json\/wp\/v2\/types\/post"}],"author":[{"embeddable":true,"href":"https:\/\/www.elle.be\/fr\/wp-json\/wp\/v2\/users\/47"}],"replies":[{"embeddable":true,"href":"https:\/\/www.elle.be\/fr\/wp-json\/wp\/v2\/comments?post=456214"}],"version-history":[{"count":8,"href":"https:\/\/www.elle.be\/fr\/wp-json\/wp\/v2\/posts\/456214\/revisions"}],"predecessor-version":[{"id":457116,"href":"https:\/\/www.elle.be\/fr\/wp-json\/wp\/v2\/posts\/456214\/revisions\/457116"}],"wp:featuredmedia":[{"embeddable":true,"href":"https:\/\/www.elle.be\/fr\/wp-json\/wp\/v2\/media\/456212"}],"wp:attachment":[{"href":"https:\/\/www.elle.be\/fr\/wp-json\/wp\/v2\/media?parent=456214"}],"wp:term":[{"taxonomy":"category","embeddable":true,"href":"https:\/\/www.elle.be\/fr\/wp-json\/wp\/v2\/categories?post=456214"},{"taxonomy":"post_tag","embeddable":true,"href":"https:\/\/www.elle.be\/fr\/wp-json\/wp\/v2\/tags?post=456214"}],"curies":[{"name":"wp","href":"https:\/\/api.w.org\/{rel}","templated":true}]}}