{"id":452877,"date":"2025-04-18T14:34:06","date_gmt":"2025-04-18T12:34:06","guid":{"rendered":"https:\/\/www.elle.be\/fr\/?p=452877"},"modified":"2025-04-21T07:19:05","modified_gmt":"2025-04-21T05:19:05","slug":"mayfair-x-filigranes-le-rendez-vous-dominical-prefere-des-bruxellois-revient","status":"publish","type":"post","link":"https:\/\/www.elle.be\/fr\/452877-mayfair-x-filigranes-le-rendez-vous-dominical-prefere-des-bruxellois-revient.html","title":{"rendered":"Mayfair x Filigranes : le rendez-vous dominical pr\u00e9f\u00e9r\u00e9 des Bruxellois revient"},"content":{"rendered":"","protected":false},"excerpt":{"rendered":"L\u2019iconique librairie Filigranes rena\u00eet au sein de Mayfair, le department store le plus en vue de Bruxelles, et signe un nouveau chapitre \u00e0 la crois\u00e9e du livre, de la mode, du design et de la fl\u00e2nerie.","protected":false},"author":105,"featured_media":452880,"comment_status":"open","ping_status":"closed","sticky":false,"template":"","format":"standard","meta":{"_acf_changed":false,"footnotes":""},"categories":[1186,2219],"tags":[49,2856,3136],"class_list":["post-452877","post","type-post","status-publish","format-standard","has-post-thumbnail","hentry","category-actu","category-culture","tag-bruxelles","tag-litterature","tag-livres"],"acf":[],"image_verticale":"452878","_yoast_wpseo_title":"Mayfair x Filigranes: le rendez-vous dominical des Bruxellois revient","_yoast_wpseo_metadesc":"L\u2019iconique librairie Filigranes rena\u00eet au sein de Mayfair, et signe un nouveau chapitre \u00e0 la crois\u00e9e du livre, de la mode et du design.","_yoast_wpseo_focuskw_text_input":null,"_yoast_wpseo_opengraph-title":null,"yoast_head":"<!-- This site is optimized with the Yoast SEO plugin v27.4 - https:\/\/yoast.com\/product\/yoast-seo-wordpress\/ -->\n<title>Mayfair x Filigranes: le rendez-vous dominical des Bruxellois revient<\/title>\n<meta name=\"description\" content=\"L\u2019iconique librairie Filigranes rena\u00eet au sein de Mayfair, et signe un nouveau chapitre \u00e0 la crois\u00e9e du livre, de la mode et du design.\" \/>\n<meta name=\"robots\" content=\"index, follow, max-snippet:-1, max-image-preview:large, max-video-preview:-1\" \/>\n<link rel=\"canonical\" href=\"https:\/\/www.elle.be\/fr\/452877-mayfair-x-filigranes-le-rendez-vous-dominical-prefere-des-bruxellois-revient.html\" \/>\n<meta property=\"og:locale\" content=\"fr_FR\" \/>\n<meta property=\"og:type\" content=\"article\" \/>\n<meta property=\"og:title\" content=\"Mayfair x Filigranes: le rendez-vous dominical des Bruxellois revient\" \/>\n<meta property=\"og:description\" content=\"L\u2019iconique librairie Filigranes rena\u00eet au sein de Mayfair, et signe un nouveau chapitre \u00e0 la crois\u00e9e du livre, de la mode et du design.\" \/>\n<meta property=\"og:url\" content=\"https:\/\/www.elle.be\/fr\/452877-mayfair-x-filigranes-le-rendez-vous-dominical-prefere-des-bruxellois-revient.html\" \/>\n<meta property=\"og:site_name\" content=\"ELLE.be\" \/>\n<meta property=\"article:publisher\" content=\"https:\/\/www.facebook.com\/ELLEbelgium\/\" \/>\n<meta property=\"article:published_time\" content=\"2025-04-18T12:34:06+00:00\" \/>\n<meta property=\"article:modified_time\" content=\"2025-04-21T05:19:05+00:00\" \/>\n<meta property=\"og:image\" content=\"https:\/\/www.elle.be\/fr\/wp-content\/uploads\/2025\/04\/filigranes-mayfair.png\" \/>\n\t<meta property=\"og:image:width\" content=\"1200\" \/>\n\t<meta property=\"og:image:height\" content=\"628\" \/>\n\t<meta property=\"og:image:type\" content=\"image\/png\" \/>\n<meta name=\"author\" content=\"Camille Vernin\" \/>\n<meta name=\"twitter:card\" content=\"summary_large_image\" \/>\n<meta name=\"twitter:creator\" content=\"@ELLEBelgique\" \/>\n<meta name=\"twitter:site\" content=\"@ELLEBelgique\" \/>\n<meta name=\"twitter:label1\" content=\"\u00c9crit par\" \/>\n\t<meta name=\"twitter:data1\" content=\"Camille Vernin\" \/>\n\t<meta name=\"twitter:label2\" content=\"Dur\u00e9e de lecture estim\u00e9e\" \/>\n\t<meta name=\"twitter:data2\" content=\"4 minutes\" \/>\n<script type=\"application\/ld+json\" class=\"yoast-schema-graph\">{\"@context\":\"https:\\\/\\\/schema.org\",\"@graph\":[{\"@type\":\"NewsArticle\",\"@id\":\"https:\\\/\\\/www.elle.be\\\/fr\\\/452877-mayfair-x-filigranes-le-rendez-vous-dominical-prefere-des-bruxellois-revient.html#article\",\"isPartOf\":{\"@id\":\"https:\\\/\\\/www.elle.be\\\/fr\\\/452877-mayfair-x-filigranes-le-rendez-vous-dominical-prefere-des-bruxellois-revient.html\"},\"author\":{\"name\":\"Camille Vernin\",\"@id\":\"https:\\\/\\\/www.elle.be\\\/fr\\\/#\\\/schema\\\/person\\\/b3aea5bbef80b73c9441f0b80adb1f89\"},\"headline\":\"Mayfair x Filigranes : le rendez-vous dominical pr\u00e9f\u00e9r\u00e9 des Bruxellois revient\",\"datePublished\":\"2025-04-18T12:34:06+00:00\",\"dateModified\":\"2025-04-21T05:19:05+00:00\",\"mainEntityOfPage\":{\"@id\":\"https:\\\/\\\/www.elle.be\\\/fr\\\/452877-mayfair-x-filigranes-le-rendez-vous-dominical-prefere-des-bruxellois-revient.html\"},\"wordCount\":684,\"commentCount\":0,\"publisher\":{\"@id\":\"https:\\\/\\\/www.elle.be\\\/fr\\\/#organization\"},\"image\":{\"@id\":\"https:\\\/\\\/www.elle.be\\\/fr\\\/452877-mayfair-x-filigranes-le-rendez-vous-dominical-prefere-des-bruxellois-revient.html#primaryimage\"},\"thumbnailUrl\":\"https:\\\/\\\/www.elle.be\\\/fr\\\/wp-content\\\/uploads\\\/2025\\\/04\\\/filigranes-mayfair.png\",\"keywords\":[\"bruxelles\",\"litt\u00e9rature\",\"livres\"],\"articleSection\":[\"Actu\",\"Culture\"],\"inLanguage\":\"fr-FR\",\"potentialAction\":[{\"@type\":\"CommentAction\",\"name\":\"Comment\",\"target\":[\"https:\\\/\\\/www.elle.be\\\/fr\\\/452877-mayfair-x-filigranes-le-rendez-vous-dominical-prefere-des-bruxellois-revient.html#respond\"]}]},{\"@type\":\"WebPage\",\"@id\":\"https:\\\/\\\/www.elle.be\\\/fr\\\/452877-mayfair-x-filigranes-le-rendez-vous-dominical-prefere-des-bruxellois-revient.html\",\"url\":\"https:\\\/\\\/www.elle.be\\\/fr\\\/452877-mayfair-x-filigranes-le-rendez-vous-dominical-prefere-des-bruxellois-revient.html\",\"name\":\"Mayfair x Filigranes: le rendez-vous dominical des Bruxellois revient\",\"isPartOf\":{\"@id\":\"https:\\\/\\\/www.elle.be\\\/fr\\\/#website\"},\"primaryImageOfPage\":{\"@id\":\"https:\\\/\\\/www.elle.be\\\/fr\\\/452877-mayfair-x-filigranes-le-rendez-vous-dominical-prefere-des-bruxellois-revient.html#primaryimage\"},\"image\":{\"@id\":\"https:\\\/\\\/www.elle.be\\\/fr\\\/452877-mayfair-x-filigranes-le-rendez-vous-dominical-prefere-des-bruxellois-revient.html#primaryimage\"},\"thumbnailUrl\":\"https:\\\/\\\/www.elle.be\\\/fr\\\/wp-content\\\/uploads\\\/2025\\\/04\\\/filigranes-mayfair.png\",\"datePublished\":\"2025-04-18T12:34:06+00:00\",\"dateModified\":\"2025-04-21T05:19:05+00:00\",\"description\":\"L\u2019iconique librairie Filigranes rena\u00eet au sein de Mayfair, et signe un nouveau chapitre \u00e0 la crois\u00e9e du livre, de la mode et du design.\",\"breadcrumb\":{\"@id\":\"https:\\\/\\\/www.elle.be\\\/fr\\\/452877-mayfair-x-filigranes-le-rendez-vous-dominical-prefere-des-bruxellois-revient.html#breadcrumb\"},\"inLanguage\":\"fr-FR\",\"potentialAction\":[{\"@type\":\"ReadAction\",\"target\":[\"https:\\\/\\\/www.elle.be\\\/fr\\\/452877-mayfair-x-filigranes-le-rendez-vous-dominical-prefere-des-bruxellois-revient.html\"]}]},{\"@type\":\"ImageObject\",\"inLanguage\":\"fr-FR\",\"@id\":\"https:\\\/\\\/www.elle.be\\\/fr\\\/452877-mayfair-x-filigranes-le-rendez-vous-dominical-prefere-des-bruxellois-revient.html#primaryimage\",\"url\":\"https:\\\/\\\/www.elle.be\\\/fr\\\/wp-content\\\/uploads\\\/2025\\\/04\\\/filigranes-mayfair.png\",\"contentUrl\":\"https:\\\/\\\/www.elle.be\\\/fr\\\/wp-content\\\/uploads\\\/2025\\\/04\\\/filigranes-mayfair.png\",\"width\":1200,\"height\":628,\"caption\":\"\u00a9D.R.\"},{\"@type\":\"BreadcrumbList\",\"@id\":\"https:\\\/\\\/www.elle.be\\\/fr\\\/452877-mayfair-x-filigranes-le-rendez-vous-dominical-prefere-des-bruxellois-revient.html#breadcrumb\",\"itemListElement\":[{\"@type\":\"ListItem\",\"position\":1,\"name\":\"FR\",\"item\":\"https:\\\/\\\/www.elle.be\\\/fr\"},{\"@type\":\"ListItem\",\"position\":2,\"name\":\"Actu\",\"item\":\"https:\\\/\\\/www.elle.be\\\/fr\\\/actu\"},{\"@type\":\"ListItem\",\"position\":3,\"name\":\"Mayfair x Filigranes : le rendez-vous dominical pr\u00e9f\u00e9r\u00e9 des Bruxellois revient\"}]},{\"@type\":\"WebSite\",\"@id\":\"https:\\\/\\\/www.elle.be\\\/fr\\\/#website\",\"url\":\"https:\\\/\\\/www.elle.be\\\/fr\\\/\",\"name\":\"ELLE.be\",\"description\":\"Toutes les infos mode, beaut\u00e9 et lifestyle les plus pointues ainsi qu&#039;un contenu 100% belge d\u00e9clin\u00e9 \u00e0 360\u00b0sur le site ELLE.be, nos r\u00e9seaux sociaux et notre cha\u00eene Youtube.\",\"publisher\":{\"@id\":\"https:\\\/\\\/www.elle.be\\\/fr\\\/#organization\"},\"potentialAction\":[{\"@type\":\"SearchAction\",\"target\":{\"@type\":\"EntryPoint\",\"urlTemplate\":\"https:\\\/\\\/www.elle.be\\\/fr\\\/?s={search_term_string}\"},\"query-input\":{\"@type\":\"PropertyValueSpecification\",\"valueRequired\":true,\"valueName\":\"search_term_string\"}}],\"inLanguage\":\"fr-FR\"},{\"@type\":\"Organization\",\"@id\":\"https:\\\/\\\/www.elle.be\\\/fr\\\/#organization\",\"name\":\"ELLE Belgique\",\"url\":\"https:\\\/\\\/www.elle.be\\\/fr\\\/\",\"logo\":{\"@type\":\"ImageObject\",\"inLanguage\":\"fr-FR\",\"@id\":\"https:\\\/\\\/www.elle.be\\\/fr\\\/#\\\/schema\\\/logo\\\/image\\\/\",\"url\":\"https:\\\/\\\/www.elle.be\\\/fr\\\/wp-content\\\/uploads\\\/2017\\\/03\\\/elle-icon-200px.jpeg\",\"contentUrl\":\"https:\\\/\\\/www.elle.be\\\/fr\\\/wp-content\\\/uploads\\\/2017\\\/03\\\/elle-icon-200px.jpeg\",\"width\":200,\"height\":200,\"caption\":\"ELLE Belgique\"},\"image\":{\"@id\":\"https:\\\/\\\/www.elle.be\\\/fr\\\/#\\\/schema\\\/logo\\\/image\\\/\"},\"sameAs\":[\"https:\\\/\\\/www.facebook.com\\\/ELLEbelgium\\\/\",\"https:\\\/\\\/x.com\\\/ELLEBelgique\",\"http:\\\/\\\/instagram.com\\\/ellebelgique\\\/\",\"https:\\\/\\\/www.pinterest.com\\\/ellebelgique\\\/\",\"https:\\\/\\\/www.youtube.com\\\/user\\\/ELLEbelgique1\"]},{\"@type\":\"Person\",\"@id\":\"https:\\\/\\\/www.elle.be\\\/fr\\\/#\\\/schema\\\/person\\\/b3aea5bbef80b73c9441f0b80adb1f89\",\"name\":\"Camille Vernin\",\"image\":{\"@type\":\"ImageObject\",\"inLanguage\":\"fr-FR\",\"@id\":\"https:\\\/\\\/www.elle.be\\\/fr\\\/wp-content\\\/uploads\\\/2021\\\/01\\\/capture-decran-2024-07-28-a-221623-96x96.jpg\",\"url\":\"https:\\\/\\\/www.elle.be\\\/fr\\\/wp-content\\\/uploads\\\/2021\\\/01\\\/capture-decran-2024-07-28-a-221623-96x96.jpg\",\"contentUrl\":\"https:\\\/\\\/www.elle.be\\\/fr\\\/wp-content\\\/uploads\\\/2021\\\/01\\\/capture-decran-2024-07-28-a-221623-96x96.jpg\",\"caption\":\"Camille Vernin\"},\"url\":\"https:\\\/\\\/www.elle.be\\\/fr\\\/author\\\/camille-vernin\"}]}<\/script>\n<!-- \/ Yoast SEO plugin. -->","yoast_head_json":{"title":"Mayfair x Filigranes: le rendez-vous dominical des Bruxellois revient","description":"L\u2019iconique librairie Filigranes rena\u00eet au sein de Mayfair, et signe un nouveau chapitre \u00e0 la crois\u00e9e du livre, de la mode et du design.","robots":{"index":"index","follow":"follow","max-snippet":"max-snippet:-1","max-image-preview":"max-image-preview:large","max-video-preview":"max-video-preview:-1"},"canonical":"https:\/\/www.elle.be\/fr\/452877-mayfair-x-filigranes-le-rendez-vous-dominical-prefere-des-bruxellois-revient.html","og_locale":"fr_FR","og_type":"article","og_title":"Mayfair x Filigranes: le rendez-vous dominical des Bruxellois revient","og_description":"L\u2019iconique librairie Filigranes rena\u00eet au sein de Mayfair, et signe un nouveau chapitre \u00e0 la crois\u00e9e du livre, de la mode et du design.","og_url":"https:\/\/www.elle.be\/fr\/452877-mayfair-x-filigranes-le-rendez-vous-dominical-prefere-des-bruxellois-revient.html","og_site_name":"ELLE.be","article_publisher":"https:\/\/www.facebook.com\/ELLEbelgium\/","article_published_time":"2025-04-18T12:34:06+00:00","article_modified_time":"2025-04-21T05:19:05+00:00","og_image":[{"width":1200,"height":628,"url":"https:\/\/www.elle.be\/fr\/wp-content\/uploads\/2025\/04\/filigranes-mayfair.png","type":"image\/png"}],"author":"Camille Vernin","twitter_card":"summary_large_image","twitter_creator":"@ELLEBelgique","twitter_site":"@ELLEBelgique","twitter_misc":{"\u00c9crit par":"Camille Vernin","Dur\u00e9e de lecture estim\u00e9e":"4 minutes"},"schema":{"@context":"https:\/\/schema.org","@graph":[{"@type":"NewsArticle","@id":"https:\/\/www.elle.be\/fr\/452877-mayfair-x-filigranes-le-rendez-vous-dominical-prefere-des-bruxellois-revient.html#article","isPartOf":{"@id":"https:\/\/www.elle.be\/fr\/452877-mayfair-x-filigranes-le-rendez-vous-dominical-prefere-des-bruxellois-revient.html"},"author":{"name":"Camille Vernin","@id":"https:\/\/www.elle.be\/fr\/#\/schema\/person\/b3aea5bbef80b73c9441f0b80adb1f89"},"headline":"Mayfair x Filigranes : le rendez-vous dominical pr\u00e9f\u00e9r\u00e9 des Bruxellois revient","datePublished":"2025-04-18T12:34:06+00:00","dateModified":"2025-04-21T05:19:05+00:00","mainEntityOfPage":{"@id":"https:\/\/www.elle.be\/fr\/452877-mayfair-x-filigranes-le-rendez-vous-dominical-prefere-des-bruxellois-revient.html"},"wordCount":684,"commentCount":0,"publisher":{"@id":"https:\/\/www.elle.be\/fr\/#organization"},"image":{"@id":"https:\/\/www.elle.be\/fr\/452877-mayfair-x-filigranes-le-rendez-vous-dominical-prefere-des-bruxellois-revient.html#primaryimage"},"thumbnailUrl":"https:\/\/www.elle.be\/fr\/wp-content\/uploads\/2025\/04\/filigranes-mayfair.png","keywords":["bruxelles","litt\u00e9rature","livres"],"articleSection":["Actu","Culture"],"inLanguage":"fr-FR","potentialAction":[{"@type":"CommentAction","name":"Comment","target":["https:\/\/www.elle.be\/fr\/452877-mayfair-x-filigranes-le-rendez-vous-dominical-prefere-des-bruxellois-revient.html#respond"]}]},{"@type":"WebPage","@id":"https:\/\/www.elle.be\/fr\/452877-mayfair-x-filigranes-le-rendez-vous-dominical-prefere-des-bruxellois-revient.html","url":"https:\/\/www.elle.be\/fr\/452877-mayfair-x-filigranes-le-rendez-vous-dominical-prefere-des-bruxellois-revient.html","name":"Mayfair x Filigranes: le rendez-vous dominical des Bruxellois revient","isPartOf":{"@id":"https:\/\/www.elle.be\/fr\/#website"},"primaryImageOfPage":{"@id":"https:\/\/www.elle.be\/fr\/452877-mayfair-x-filigranes-le-rendez-vous-dominical-prefere-des-bruxellois-revient.html#primaryimage"},"image":{"@id":"https:\/\/www.elle.be\/fr\/452877-mayfair-x-filigranes-le-rendez-vous-dominical-prefere-des-bruxellois-revient.html#primaryimage"},"thumbnailUrl":"https:\/\/www.elle.be\/fr\/wp-content\/uploads\/2025\/04\/filigranes-mayfair.png","datePublished":"2025-04-18T12:34:06+00:00","dateModified":"2025-04-21T05:19:05+00:00","description":"L\u2019iconique librairie Filigranes rena\u00eet au sein de Mayfair, et signe un nouveau chapitre \u00e0 la crois\u00e9e du livre, de la mode et du design.","breadcrumb":{"@id":"https:\/\/www.elle.be\/fr\/452877-mayfair-x-filigranes-le-rendez-vous-dominical-prefere-des-bruxellois-revient.html#breadcrumb"},"inLanguage":"fr-FR","potentialAction":[{"@type":"ReadAction","target":["https:\/\/www.elle.be\/fr\/452877-mayfair-x-filigranes-le-rendez-vous-dominical-prefere-des-bruxellois-revient.html"]}]},{"@type":"ImageObject","inLanguage":"fr-FR","@id":"https:\/\/www.elle.be\/fr\/452877-mayfair-x-filigranes-le-rendez-vous-dominical-prefere-des-bruxellois-revient.html#primaryimage","url":"https:\/\/www.elle.be\/fr\/wp-content\/uploads\/2025\/04\/filigranes-mayfair.png","contentUrl":"https:\/\/www.elle.be\/fr\/wp-content\/uploads\/2025\/04\/filigranes-mayfair.png","width":1200,"height":628,"caption":"\u00a9D.R."},{"@type":"BreadcrumbList","@id":"https:\/\/www.elle.be\/fr\/452877-mayfair-x-filigranes-le-rendez-vous-dominical-prefere-des-bruxellois-revient.html#breadcrumb","itemListElement":[{"@type":"ListItem","position":1,"name":"FR","item":"https:\/\/www.elle.be\/fr"},{"@type":"ListItem","position":2,"name":"Actu","item":"https:\/\/www.elle.be\/fr\/actu"},{"@type":"ListItem","position":3,"name":"Mayfair x Filigranes : le rendez-vous dominical pr\u00e9f\u00e9r\u00e9 des Bruxellois revient"}]},{"@type":"WebSite","@id":"https:\/\/www.elle.be\/fr\/#website","url":"https:\/\/www.elle.be\/fr\/","name":"ELLE.be","description":"Toutes les infos mode, beaut\u00e9 et lifestyle les plus pointues ainsi qu&#039;un contenu 100% belge d\u00e9clin\u00e9 \u00e0 360\u00b0sur le site ELLE.be, nos r\u00e9seaux sociaux et notre cha\u00eene Youtube.","publisher":{"@id":"https:\/\/www.elle.be\/fr\/#organization"},"potentialAction":[{"@type":"SearchAction","target":{"@type":"EntryPoint","urlTemplate":"https:\/\/www.elle.be\/fr\/?s={search_term_string}"},"query-input":{"@type":"PropertyValueSpecification","valueRequired":true,"valueName":"search_term_string"}}],"inLanguage":"fr-FR"},{"@type":"Organization","@id":"https:\/\/www.elle.be\/fr\/#organization","name":"ELLE Belgique","url":"https:\/\/www.elle.be\/fr\/","logo":{"@type":"ImageObject","inLanguage":"fr-FR","@id":"https:\/\/www.elle.be\/fr\/#\/schema\/logo\/image\/","url":"https:\/\/www.elle.be\/fr\/wp-content\/uploads\/2017\/03\/elle-icon-200px.jpeg","contentUrl":"https:\/\/www.elle.be\/fr\/wp-content\/uploads\/2017\/03\/elle-icon-200px.jpeg","width":200,"height":200,"caption":"ELLE Belgique"},"image":{"@id":"https:\/\/www.elle.be\/fr\/#\/schema\/logo\/image\/"},"sameAs":["https:\/\/www.facebook.com\/ELLEbelgium\/","https:\/\/x.com\/ELLEBelgique","http:\/\/instagram.com\/ellebelgique\/","https:\/\/www.pinterest.com\/ellebelgique\/","https:\/\/www.youtube.com\/user\/ELLEbelgique1"]},{"@type":"Person","@id":"https:\/\/www.elle.be\/fr\/#\/schema\/person\/b3aea5bbef80b73c9441f0b80adb1f89","name":"Camille Vernin","image":{"@type":"ImageObject","inLanguage":"fr-FR","@id":"https:\/\/www.elle.be\/fr\/wp-content\/uploads\/2021\/01\/capture-decran-2024-07-28-a-221623-96x96.jpg","url":"https:\/\/www.elle.be\/fr\/wp-content\/uploads\/2021\/01\/capture-decran-2024-07-28-a-221623-96x96.jpg","contentUrl":"https:\/\/www.elle.be\/fr\/wp-content\/uploads\/2021\/01\/capture-decran-2024-07-28-a-221623-96x96.jpg","caption":"Camille Vernin"},"url":"https:\/\/www.elle.be\/fr\/author\/camille-vernin"}]}},"_links":{"self":[{"href":"https:\/\/www.elle.be\/fr\/wp-json\/wp\/v2\/posts\/452877","targetHints":{"allow":["GET"]}}],"collection":[{"href":"https:\/\/www.elle.be\/fr\/wp-json\/wp\/v2\/posts"}],"about":[{"href":"https:\/\/www.elle.be\/fr\/wp-json\/wp\/v2\/types\/post"}],"author":[{"embeddable":true,"href":"https:\/\/www.elle.be\/fr\/wp-json\/wp\/v2\/users\/105"}],"replies":[{"embeddable":true,"href":"https:\/\/www.elle.be\/fr\/wp-json\/wp\/v2\/comments?post=452877"}],"version-history":[{"count":7,"href":"https:\/\/www.elle.be\/fr\/wp-json\/wp\/v2\/posts\/452877\/revisions"}],"predecessor-version":[{"id":452921,"href":"https:\/\/www.elle.be\/fr\/wp-json\/wp\/v2\/posts\/452877\/revisions\/452921"}],"wp:featuredmedia":[{"embeddable":true,"href":"https:\/\/www.elle.be\/fr\/wp-json\/wp\/v2\/media\/452880"}],"wp:attachment":[{"href":"https:\/\/www.elle.be\/fr\/wp-json\/wp\/v2\/media?parent=452877"}],"wp:term":[{"taxonomy":"category","embeddable":true,"href":"https:\/\/www.elle.be\/fr\/wp-json\/wp\/v2\/categories?post=452877"},{"taxonomy":"post_tag","embeddable":true,"href":"https:\/\/www.elle.be\/fr\/wp-json\/wp\/v2\/tags?post=452877"}],"curies":[{"name":"wp","href":"https:\/\/api.w.org\/{rel}","templated":true}]}}