{"id":452843,"date":"2025-04-22T11:29:38","date_gmt":"2025-04-22T09:29:38","guid":{"rendered":"https:\/\/www.elle.be\/fr\/?p=452843"},"modified":"2025-04-22T11:42:32","modified_gmt":"2025-04-22T09:42:32","slug":"louis-vuitton-basketina-ballet-sneakers","status":"publish","type":"post","link":"https:\/\/www.elle.be\/fr\/452843-louis-vuitton-basketina-ballet-sneakers.html","title":{"rendered":"Louis Vuitton confirme que les &#8216;ballet sneakers&#8217; feront un carton cette saison"},"content":{"rendered":"","protected":false},"excerpt":{"rendered":"Un nouveau lancement de sneakers \u00e0 ne pas manquer \u2013 et les plus beaux mod\u00e8les \u00e0 acheter d\u00e8s maintenant. maintenant....","protected":false},"author":74,"featured_media":452841,"comment_status":"open","ping_status":"closed","sticky":false,"template":"","format":"standard","meta":{"_acf_changed":false,"footnotes":""},"categories":[3963,5],"tags":[],"class_list":["post-452843","post","type-post","status-publish","format-standard","has-post-thumbnail","hentry","category-tendances-mode","category-mode"],"acf":[],"image_verticale":"452842","_yoast_wpseo_title":"Louis Vuitton confirme que les 'ballet sneakers' feront un carton cette saison","_yoast_wpseo_metadesc":"Un lancement Louis Vuitton \u00e0 ne pas manquer \u2013 et les plus beaux mod\u00e8les de ballet sneakers \u00e0 shopper d\u00e8s maintenant !","_yoast_wpseo_focuskw_text_input":null,"_yoast_wpseo_opengraph-title":null,"yoast_head":"<!-- This site is optimized with the Yoast SEO plugin v27.4 - https:\/\/yoast.com\/product\/yoast-seo-wordpress\/ -->\n<title>Louis Vuitton confirme que les &#039;ballet sneakers&#039; feront un carton cette saison<\/title>\n<meta name=\"description\" content=\"Un lancement Louis Vuitton \u00e0 ne pas manquer \u2013 et les plus beaux mod\u00e8les de ballet sneakers \u00e0 shopper d\u00e8s maintenant !\" \/>\n<meta name=\"robots\" content=\"index, follow, max-snippet:-1, max-image-preview:large, max-video-preview:-1\" \/>\n<link rel=\"canonical\" href=\"https:\/\/www.elle.be\/fr\/452843-louis-vuitton-basketina-ballet-sneakers.html\" \/>\n<meta property=\"og:locale\" content=\"fr_FR\" \/>\n<meta property=\"og:type\" content=\"article\" \/>\n<meta property=\"og:title\" content=\"Louis Vuitton confirme que les &#039;ballet sneakers&#039; feront un carton cette saison\" \/>\n<meta property=\"og:description\" content=\"Un lancement Louis Vuitton \u00e0 ne pas manquer \u2013 et les plus beaux mod\u00e8les de ballet sneakers \u00e0 shopper d\u00e8s maintenant !\" \/>\n<meta property=\"og:url\" content=\"https:\/\/www.elle.be\/fr\/452843-louis-vuitton-basketina-ballet-sneakers.html\" \/>\n<meta property=\"og:site_name\" content=\"ELLE.be\" \/>\n<meta property=\"article:publisher\" content=\"https:\/\/www.facebook.com\/ELLEbelgium\/\" \/>\n<meta property=\"article:published_time\" content=\"2025-04-22T09:29:38+00:00\" \/>\n<meta property=\"article:modified_time\" content=\"2025-04-22T09:42:32+00:00\" \/>\n<meta property=\"og:image\" content=\"https:\/\/www.elle.be\/fr\/wp-content\/uploads\/2025\/04\/401577-louis-vuitton-creators-campaign.png\" \/>\n\t<meta property=\"og:image:width\" content=\"1400\" \/>\n\t<meta property=\"og:image:height\" content=\"733\" \/>\n\t<meta property=\"og:image:type\" content=\"image\/png\" \/>\n<meta name=\"author\" content=\"La r\u00e9daction\" \/>\n<meta name=\"twitter:card\" content=\"summary_large_image\" \/>\n<meta name=\"twitter:creator\" content=\"@ELLEBelgique\" \/>\n<meta name=\"twitter:site\" content=\"@ELLEBelgique\" \/>\n<meta name=\"twitter:label1\" content=\"\u00c9crit par\" \/>\n\t<meta name=\"twitter:data1\" content=\"La r\u00e9daction\" \/>\n\t<meta name=\"twitter:label2\" content=\"Dur\u00e9e de lecture estim\u00e9e\" \/>\n\t<meta name=\"twitter:data2\" content=\"2 minutes\" \/>\n<script type=\"application\/ld+json\" class=\"yoast-schema-graph\">{\"@context\":\"https:\\\/\\\/schema.org\",\"@graph\":[{\"@type\":\"NewsArticle\",\"@id\":\"https:\\\/\\\/www.elle.be\\\/fr\\\/452843-louis-vuitton-basketina-ballet-sneakers.html#article\",\"isPartOf\":{\"@id\":\"https:\\\/\\\/www.elle.be\\\/fr\\\/452843-louis-vuitton-basketina-ballet-sneakers.html\"},\"author\":{\"name\":\"La r\u00e9daction\",\"@id\":\"https:\\\/\\\/www.elle.be\\\/fr\\\/#\\\/schema\\\/person\\\/4c5bb55655357317e8598edc0d2db13a\"},\"headline\":\"Louis Vuitton confirme que les &#8216;ballet sneakers&#8217; feront un carton cette saison\",\"datePublished\":\"2025-04-22T09:29:38+00:00\",\"dateModified\":\"2025-04-22T09:42:32+00:00\",\"mainEntityOfPage\":{\"@id\":\"https:\\\/\\\/www.elle.be\\\/fr\\\/452843-louis-vuitton-basketina-ballet-sneakers.html\"},\"wordCount\":351,\"commentCount\":0,\"publisher\":{\"@id\":\"https:\\\/\\\/www.elle.be\\\/fr\\\/#organization\"},\"image\":{\"@id\":\"https:\\\/\\\/www.elle.be\\\/fr\\\/452843-louis-vuitton-basketina-ballet-sneakers.html#primaryimage\"},\"thumbnailUrl\":\"https:\\\/\\\/www.elle.be\\\/fr\\\/wp-content\\\/uploads\\\/2025\\\/04\\\/401577-louis-vuitton-creators-campaign.png\",\"articleSection\":[\"Tendances Mode\",\"Mode\"],\"inLanguage\":\"fr-FR\",\"potentialAction\":[{\"@type\":\"CommentAction\",\"name\":\"Comment\",\"target\":[\"https:\\\/\\\/www.elle.be\\\/fr\\\/452843-louis-vuitton-basketina-ballet-sneakers.html#respond\"]}]},{\"@type\":\"WebPage\",\"@id\":\"https:\\\/\\\/www.elle.be\\\/fr\\\/452843-louis-vuitton-basketina-ballet-sneakers.html\",\"url\":\"https:\\\/\\\/www.elle.be\\\/fr\\\/452843-louis-vuitton-basketina-ballet-sneakers.html\",\"name\":\"Louis Vuitton confirme que les 'ballet sneakers' feront un carton cette saison\",\"isPartOf\":{\"@id\":\"https:\\\/\\\/www.elle.be\\\/fr\\\/#website\"},\"primaryImageOfPage\":{\"@id\":\"https:\\\/\\\/www.elle.be\\\/fr\\\/452843-louis-vuitton-basketina-ballet-sneakers.html#primaryimage\"},\"image\":{\"@id\":\"https:\\\/\\\/www.elle.be\\\/fr\\\/452843-louis-vuitton-basketina-ballet-sneakers.html#primaryimage\"},\"thumbnailUrl\":\"https:\\\/\\\/www.elle.be\\\/fr\\\/wp-content\\\/uploads\\\/2025\\\/04\\\/401577-louis-vuitton-creators-campaign.png\",\"datePublished\":\"2025-04-22T09:29:38+00:00\",\"dateModified\":\"2025-04-22T09:42:32+00:00\",\"description\":\"Un lancement Louis Vuitton \u00e0 ne pas manquer \u2013 et les plus beaux mod\u00e8les de ballet sneakers \u00e0 shopper d\u00e8s maintenant !\",\"breadcrumb\":{\"@id\":\"https:\\\/\\\/www.elle.be\\\/fr\\\/452843-louis-vuitton-basketina-ballet-sneakers.html#breadcrumb\"},\"inLanguage\":\"fr-FR\",\"potentialAction\":[{\"@type\":\"ReadAction\",\"target\":[\"https:\\\/\\\/www.elle.be\\\/fr\\\/452843-louis-vuitton-basketina-ballet-sneakers.html\"]}]},{\"@type\":\"ImageObject\",\"inLanguage\":\"fr-FR\",\"@id\":\"https:\\\/\\\/www.elle.be\\\/fr\\\/452843-louis-vuitton-basketina-ballet-sneakers.html#primaryimage\",\"url\":\"https:\\\/\\\/www.elle.be\\\/fr\\\/wp-content\\\/uploads\\\/2025\\\/04\\\/401577-louis-vuitton-creators-campaign.png\",\"contentUrl\":\"https:\\\/\\\/www.elle.be\\\/fr\\\/wp-content\\\/uploads\\\/2025\\\/04\\\/401577-louis-vuitton-creators-campaign.png\",\"width\":1400,\"height\":733,\"caption\":\"Louis Vuitton\"},{\"@type\":\"BreadcrumbList\",\"@id\":\"https:\\\/\\\/www.elle.be\\\/fr\\\/452843-louis-vuitton-basketina-ballet-sneakers.html#breadcrumb\",\"itemListElement\":[{\"@type\":\"ListItem\",\"position\":1,\"name\":\"FR\",\"item\":\"https:\\\/\\\/www.elle.be\\\/fr\"},{\"@type\":\"ListItem\",\"position\":2,\"name\":\"Mode\",\"item\":\"https:\\\/\\\/www.elle.be\\\/fr\\\/mode\"},{\"@type\":\"ListItem\",\"position\":3,\"name\":\"Louis Vuitton confirme que les &#8216;ballet sneakers&#8217; feront un carton cette saison\"}]},{\"@type\":\"WebSite\",\"@id\":\"https:\\\/\\\/www.elle.be\\\/fr\\\/#website\",\"url\":\"https:\\\/\\\/www.elle.be\\\/fr\\\/\",\"name\":\"ELLE.be\",\"description\":\"Toutes les infos mode, beaut\u00e9 et lifestyle les plus pointues ainsi qu&#039;un contenu 100% belge d\u00e9clin\u00e9 \u00e0 360\u00b0sur le site ELLE.be, nos r\u00e9seaux sociaux et notre cha\u00eene Youtube.\",\"publisher\":{\"@id\":\"https:\\\/\\\/www.elle.be\\\/fr\\\/#organization\"},\"potentialAction\":[{\"@type\":\"SearchAction\",\"target\":{\"@type\":\"EntryPoint\",\"urlTemplate\":\"https:\\\/\\\/www.elle.be\\\/fr\\\/?s={search_term_string}\"},\"query-input\":{\"@type\":\"PropertyValueSpecification\",\"valueRequired\":true,\"valueName\":\"search_term_string\"}}],\"inLanguage\":\"fr-FR\"},{\"@type\":\"Organization\",\"@id\":\"https:\\\/\\\/www.elle.be\\\/fr\\\/#organization\",\"name\":\"ELLE Belgique\",\"url\":\"https:\\\/\\\/www.elle.be\\\/fr\\\/\",\"logo\":{\"@type\":\"ImageObject\",\"inLanguage\":\"fr-FR\",\"@id\":\"https:\\\/\\\/www.elle.be\\\/fr\\\/#\\\/schema\\\/logo\\\/image\\\/\",\"url\":\"https:\\\/\\\/www.elle.be\\\/fr\\\/wp-content\\\/uploads\\\/2017\\\/03\\\/elle-icon-200px.jpeg\",\"contentUrl\":\"https:\\\/\\\/www.elle.be\\\/fr\\\/wp-content\\\/uploads\\\/2017\\\/03\\\/elle-icon-200px.jpeg\",\"width\":200,\"height\":200,\"caption\":\"ELLE Belgique\"},\"image\":{\"@id\":\"https:\\\/\\\/www.elle.be\\\/fr\\\/#\\\/schema\\\/logo\\\/image\\\/\"},\"sameAs\":[\"https:\\\/\\\/www.facebook.com\\\/ELLEbelgium\\\/\",\"https:\\\/\\\/x.com\\\/ELLEBelgique\",\"http:\\\/\\\/instagram.com\\\/ellebelgique\\\/\",\"https:\\\/\\\/www.pinterest.com\\\/ellebelgique\\\/\",\"https:\\\/\\\/www.youtube.com\\\/user\\\/ELLEbelgique1\"]},{\"@type\":\"Person\",\"@id\":\"https:\\\/\\\/www.elle.be\\\/fr\\\/#\\\/schema\\\/person\\\/4c5bb55655357317e8598edc0d2db13a\",\"name\":\"La r\u00e9daction\",\"image\":{\"@type\":\"ImageObject\",\"inLanguage\":\"fr-FR\",\"@id\":\"https:\\\/\\\/secure.gravatar.com\\\/avatar\\\/09bdf918c4ba5982d7ea1180e49c901ee340e78187544d4bbc826f9c62e5270d?s=96&r=g\",\"url\":\"https:\\\/\\\/secure.gravatar.com\\\/avatar\\\/09bdf918c4ba5982d7ea1180e49c901ee340e78187544d4bbc826f9c62e5270d?s=96&r=g\",\"contentUrl\":\"https:\\\/\\\/secure.gravatar.com\\\/avatar\\\/09bdf918c4ba5982d7ea1180e49c901ee340e78187544d4bbc826f9c62e5270d?s=96&r=g\",\"caption\":\"La r\u00e9daction\"},\"url\":\"https:\\\/\\\/www.elle.be\\\/fr\\\/author\\\/stagiaires\"}]}<\/script>\n<!-- \/ Yoast SEO plugin. -->","yoast_head_json":{"title":"Louis Vuitton confirme que les 'ballet sneakers' feront un carton cette saison","description":"Un lancement Louis Vuitton \u00e0 ne pas manquer \u2013 et les plus beaux mod\u00e8les de ballet sneakers \u00e0 shopper d\u00e8s maintenant !","robots":{"index":"index","follow":"follow","max-snippet":"max-snippet:-1","max-image-preview":"max-image-preview:large","max-video-preview":"max-video-preview:-1"},"canonical":"https:\/\/www.elle.be\/fr\/452843-louis-vuitton-basketina-ballet-sneakers.html","og_locale":"fr_FR","og_type":"article","og_title":"Louis Vuitton confirme que les 'ballet sneakers' feront un carton cette saison","og_description":"Un lancement Louis Vuitton \u00e0 ne pas manquer \u2013 et les plus beaux mod\u00e8les de ballet sneakers \u00e0 shopper d\u00e8s maintenant !","og_url":"https:\/\/www.elle.be\/fr\/452843-louis-vuitton-basketina-ballet-sneakers.html","og_site_name":"ELLE.be","article_publisher":"https:\/\/www.facebook.com\/ELLEbelgium\/","article_published_time":"2025-04-22T09:29:38+00:00","article_modified_time":"2025-04-22T09:42:32+00:00","og_image":[{"width":1400,"height":733,"url":"https:\/\/www.elle.be\/fr\/wp-content\/uploads\/2025\/04\/401577-louis-vuitton-creators-campaign.png","type":"image\/png"}],"author":"La r\u00e9daction","twitter_card":"summary_large_image","twitter_creator":"@ELLEBelgique","twitter_site":"@ELLEBelgique","twitter_misc":{"\u00c9crit par":"La r\u00e9daction","Dur\u00e9e de lecture estim\u00e9e":"2 minutes"},"schema":{"@context":"https:\/\/schema.org","@graph":[{"@type":"NewsArticle","@id":"https:\/\/www.elle.be\/fr\/452843-louis-vuitton-basketina-ballet-sneakers.html#article","isPartOf":{"@id":"https:\/\/www.elle.be\/fr\/452843-louis-vuitton-basketina-ballet-sneakers.html"},"author":{"name":"La r\u00e9daction","@id":"https:\/\/www.elle.be\/fr\/#\/schema\/person\/4c5bb55655357317e8598edc0d2db13a"},"headline":"Louis Vuitton confirme que les &#8216;ballet sneakers&#8217; feront un carton cette saison","datePublished":"2025-04-22T09:29:38+00:00","dateModified":"2025-04-22T09:42:32+00:00","mainEntityOfPage":{"@id":"https:\/\/www.elle.be\/fr\/452843-louis-vuitton-basketina-ballet-sneakers.html"},"wordCount":351,"commentCount":0,"publisher":{"@id":"https:\/\/www.elle.be\/fr\/#organization"},"image":{"@id":"https:\/\/www.elle.be\/fr\/452843-louis-vuitton-basketina-ballet-sneakers.html#primaryimage"},"thumbnailUrl":"https:\/\/www.elle.be\/fr\/wp-content\/uploads\/2025\/04\/401577-louis-vuitton-creators-campaign.png","articleSection":["Tendances Mode","Mode"],"inLanguage":"fr-FR","potentialAction":[{"@type":"CommentAction","name":"Comment","target":["https:\/\/www.elle.be\/fr\/452843-louis-vuitton-basketina-ballet-sneakers.html#respond"]}]},{"@type":"WebPage","@id":"https:\/\/www.elle.be\/fr\/452843-louis-vuitton-basketina-ballet-sneakers.html","url":"https:\/\/www.elle.be\/fr\/452843-louis-vuitton-basketina-ballet-sneakers.html","name":"Louis Vuitton confirme que les 'ballet sneakers' feront un carton cette saison","isPartOf":{"@id":"https:\/\/www.elle.be\/fr\/#website"},"primaryImageOfPage":{"@id":"https:\/\/www.elle.be\/fr\/452843-louis-vuitton-basketina-ballet-sneakers.html#primaryimage"},"image":{"@id":"https:\/\/www.elle.be\/fr\/452843-louis-vuitton-basketina-ballet-sneakers.html#primaryimage"},"thumbnailUrl":"https:\/\/www.elle.be\/fr\/wp-content\/uploads\/2025\/04\/401577-louis-vuitton-creators-campaign.png","datePublished":"2025-04-22T09:29:38+00:00","dateModified":"2025-04-22T09:42:32+00:00","description":"Un lancement Louis Vuitton \u00e0 ne pas manquer \u2013 et les plus beaux mod\u00e8les de ballet sneakers \u00e0 shopper d\u00e8s maintenant !","breadcrumb":{"@id":"https:\/\/www.elle.be\/fr\/452843-louis-vuitton-basketina-ballet-sneakers.html#breadcrumb"},"inLanguage":"fr-FR","potentialAction":[{"@type":"ReadAction","target":["https:\/\/www.elle.be\/fr\/452843-louis-vuitton-basketina-ballet-sneakers.html"]}]},{"@type":"ImageObject","inLanguage":"fr-FR","@id":"https:\/\/www.elle.be\/fr\/452843-louis-vuitton-basketina-ballet-sneakers.html#primaryimage","url":"https:\/\/www.elle.be\/fr\/wp-content\/uploads\/2025\/04\/401577-louis-vuitton-creators-campaign.png","contentUrl":"https:\/\/www.elle.be\/fr\/wp-content\/uploads\/2025\/04\/401577-louis-vuitton-creators-campaign.png","width":1400,"height":733,"caption":"Louis Vuitton"},{"@type":"BreadcrumbList","@id":"https:\/\/www.elle.be\/fr\/452843-louis-vuitton-basketina-ballet-sneakers.html#breadcrumb","itemListElement":[{"@type":"ListItem","position":1,"name":"FR","item":"https:\/\/www.elle.be\/fr"},{"@type":"ListItem","position":2,"name":"Mode","item":"https:\/\/www.elle.be\/fr\/mode"},{"@type":"ListItem","position":3,"name":"Louis Vuitton confirme que les &#8216;ballet sneakers&#8217; feront un carton cette saison"}]},{"@type":"WebSite","@id":"https:\/\/www.elle.be\/fr\/#website","url":"https:\/\/www.elle.be\/fr\/","name":"ELLE.be","description":"Toutes les infos mode, beaut\u00e9 et lifestyle les plus pointues ainsi qu&#039;un contenu 100% belge d\u00e9clin\u00e9 \u00e0 360\u00b0sur le site ELLE.be, nos r\u00e9seaux sociaux et notre cha\u00eene Youtube.","publisher":{"@id":"https:\/\/www.elle.be\/fr\/#organization"},"potentialAction":[{"@type":"SearchAction","target":{"@type":"EntryPoint","urlTemplate":"https:\/\/www.elle.be\/fr\/?s={search_term_string}"},"query-input":{"@type":"PropertyValueSpecification","valueRequired":true,"valueName":"search_term_string"}}],"inLanguage":"fr-FR"},{"@type":"Organization","@id":"https:\/\/www.elle.be\/fr\/#organization","name":"ELLE Belgique","url":"https:\/\/www.elle.be\/fr\/","logo":{"@type":"ImageObject","inLanguage":"fr-FR","@id":"https:\/\/www.elle.be\/fr\/#\/schema\/logo\/image\/","url":"https:\/\/www.elle.be\/fr\/wp-content\/uploads\/2017\/03\/elle-icon-200px.jpeg","contentUrl":"https:\/\/www.elle.be\/fr\/wp-content\/uploads\/2017\/03\/elle-icon-200px.jpeg","width":200,"height":200,"caption":"ELLE Belgique"},"image":{"@id":"https:\/\/www.elle.be\/fr\/#\/schema\/logo\/image\/"},"sameAs":["https:\/\/www.facebook.com\/ELLEbelgium\/","https:\/\/x.com\/ELLEBelgique","http:\/\/instagram.com\/ellebelgique\/","https:\/\/www.pinterest.com\/ellebelgique\/","https:\/\/www.youtube.com\/user\/ELLEbelgique1"]},{"@type":"Person","@id":"https:\/\/www.elle.be\/fr\/#\/schema\/person\/4c5bb55655357317e8598edc0d2db13a","name":"La r\u00e9daction","image":{"@type":"ImageObject","inLanguage":"fr-FR","@id":"https:\/\/secure.gravatar.com\/avatar\/09bdf918c4ba5982d7ea1180e49c901ee340e78187544d4bbc826f9c62e5270d?s=96&r=g","url":"https:\/\/secure.gravatar.com\/avatar\/09bdf918c4ba5982d7ea1180e49c901ee340e78187544d4bbc826f9c62e5270d?s=96&r=g","contentUrl":"https:\/\/secure.gravatar.com\/avatar\/09bdf918c4ba5982d7ea1180e49c901ee340e78187544d4bbc826f9c62e5270d?s=96&r=g","caption":"La r\u00e9daction"},"url":"https:\/\/www.elle.be\/fr\/author\/stagiaires"}]}},"_links":{"self":[{"href":"https:\/\/www.elle.be\/fr\/wp-json\/wp\/v2\/posts\/452843","targetHints":{"allow":["GET"]}}],"collection":[{"href":"https:\/\/www.elle.be\/fr\/wp-json\/wp\/v2\/posts"}],"about":[{"href":"https:\/\/www.elle.be\/fr\/wp-json\/wp\/v2\/types\/post"}],"author":[{"embeddable":true,"href":"https:\/\/www.elle.be\/fr\/wp-json\/wp\/v2\/users\/74"}],"replies":[{"embeddable":true,"href":"https:\/\/www.elle.be\/fr\/wp-json\/wp\/v2\/comments?post=452843"}],"version-history":[{"count":2,"href":"https:\/\/www.elle.be\/fr\/wp-json\/wp\/v2\/posts\/452843\/revisions"}],"predecessor-version":[{"id":453048,"href":"https:\/\/www.elle.be\/fr\/wp-json\/wp\/v2\/posts\/452843\/revisions\/453048"}],"wp:featuredmedia":[{"embeddable":true,"href":"https:\/\/www.elle.be\/fr\/wp-json\/wp\/v2\/media\/452841"}],"wp:attachment":[{"href":"https:\/\/www.elle.be\/fr\/wp-json\/wp\/v2\/media?parent=452843"}],"wp:term":[{"taxonomy":"category","embeddable":true,"href":"https:\/\/www.elle.be\/fr\/wp-json\/wp\/v2\/categories?post=452843"},{"taxonomy":"post_tag","embeddable":true,"href":"https:\/\/www.elle.be\/fr\/wp-json\/wp\/v2\/tags?post=452843"}],"curies":[{"name":"wp","href":"https:\/\/api.w.org\/{rel}","templated":true}]}}