{"id":438063,"date":"2024-12-11T14:01:05","date_gmt":"2024-12-11T13:01:05","guid":{"rendered":"https:\/\/www.elle.be\/fr\/?p=438063"},"modified":"2024-12-13T13:06:45","modified_gmt":"2024-12-13T12:06:45","slug":"elle-deco-x-loberon","status":"publish","type":"post","link":"https:\/\/www.elle.be\/fr\/438063-elle-deco-x-loberon.html","title":{"rendered":"LOBERON, l&#8217;art de vivre au quotidien entre \u00e9l\u00e9gance intemporelle et confort m\u00e9diterran\u00e9en"},"content":{"rendered":"","protected":false},"excerpt":{"rendered":"Au croisement entre le style \u00ab\u00a0maison de campagne\u00a0\u00bb, le classique chic et les influences m\u00e9diterran\u00e9ennes, la s\u00e9lection de cette entreprise implant\u00e9e principalement dans le nord de l\u2019Europe d\u00e9cline des meubles et des objets de d\u00e9corations \u00e9pur\u00e9s et confortables, pour composer un int\u00e9rieur qui nous ressemble, qui nous rassemble.","protected":false},"author":47,"featured_media":438075,"comment_status":"open","ping_status":"closed","sticky":false,"template":"","format":"standard","meta":{"_acf_changed":false,"footnotes":""},"categories":[3269,3270],"tags":[],"class_list":["post-438063","post","type-post","status-publish","format-standard","has-post-thumbnail","hentry","category-elle-decoration","category-tendances-deco"],"acf":[],"image_verticale":"438076","_yoast_wpseo_title":"Loberon : \u00c9l\u00e9gance et confort m\u00e9diterran\u00e9en","_yoast_wpseo_metadesc":"Entre style campagne, chic et m\u00e9diterran\u00e9en, Loberon propose des meubles et d\u00e9co \u00e9pur\u00e9s pour des int\u00e9rieurs chaleureux.","_yoast_wpseo_focuskw_text_input":null,"_yoast_wpseo_opengraph-title":null,"yoast_head":"<!-- This site is optimized with the Yoast SEO plugin v27.4 - https:\/\/yoast.com\/product\/yoast-seo-wordpress\/ -->\n<title>Loberon : \u00c9l\u00e9gance et confort m\u00e9diterran\u00e9en<\/title>\n<meta name=\"description\" content=\"Entre style campagne, chic et m\u00e9diterran\u00e9en, Loberon propose des meubles et d\u00e9co \u00e9pur\u00e9s pour des int\u00e9rieurs chaleureux.\" \/>\n<meta name=\"robots\" content=\"index, follow, max-snippet:-1, max-image-preview:large, max-video-preview:-1\" \/>\n<link rel=\"canonical\" href=\"https:\/\/www.elle.be\/fr\/438063-elle-deco-x-loberon.html\" \/>\n<meta property=\"og:locale\" content=\"fr_FR\" \/>\n<meta property=\"og:type\" content=\"article\" \/>\n<meta property=\"og:title\" content=\"Loberon : \u00c9l\u00e9gance et confort m\u00e9diterran\u00e9en\" \/>\n<meta property=\"og:description\" content=\"Entre style campagne, chic et m\u00e9diterran\u00e9en, Loberon propose des meubles et d\u00e9co \u00e9pur\u00e9s pour des int\u00e9rieurs chaleureux.\" \/>\n<meta property=\"og:url\" content=\"https:\/\/www.elle.be\/fr\/438063-elle-deco-x-loberon.html\" \/>\n<meta property=\"og:site_name\" content=\"ELLE.be\" \/>\n<meta property=\"article:publisher\" content=\"https:\/\/www.facebook.com\/ELLEbelgium\/\" \/>\n<meta property=\"article:published_time\" content=\"2024-12-11T13:01:05+00:00\" \/>\n<meta property=\"article:modified_time\" content=\"2024-12-13T12:06:45+00:00\" \/>\n<meta property=\"og:image\" content=\"https:\/\/www.elle.be\/fr\/wp-content\/uploads\/2024\/11\/horizontal-image-a-la-une-elle-3.png\" \/>\n\t<meta property=\"og:image:width\" content=\"1200\" \/>\n\t<meta property=\"og:image:height\" content=\"628\" \/>\n\t<meta property=\"og:image:type\" content=\"image\/png\" \/>\n<meta name=\"author\" content=\"ELLE Partenaire\" \/>\n<meta name=\"twitter:card\" content=\"summary_large_image\" \/>\n<meta name=\"twitter:creator\" content=\"@ELLEBelgique\" \/>\n<meta name=\"twitter:site\" content=\"@ELLEBelgique\" \/>\n<meta name=\"twitter:label1\" content=\"\u00c9crit par\" \/>\n\t<meta name=\"twitter:data1\" content=\"ELLE Partenaire\" \/>\n\t<meta name=\"twitter:label2\" content=\"Dur\u00e9e de lecture estim\u00e9e\" \/>\n\t<meta name=\"twitter:data2\" content=\"4 minutes\" \/>\n<script type=\"application\/ld+json\" class=\"yoast-schema-graph\">{\"@context\":\"https:\\\/\\\/schema.org\",\"@graph\":[{\"@type\":\"NewsArticle\",\"@id\":\"https:\\\/\\\/www.elle.be\\\/fr\\\/438063-elle-deco-x-loberon.html#article\",\"isPartOf\":{\"@id\":\"https:\\\/\\\/www.elle.be\\\/fr\\\/438063-elle-deco-x-loberon.html\"},\"author\":{\"name\":\"ELLE Partenaire\",\"@id\":\"https:\\\/\\\/www.elle.be\\\/fr\\\/#\\\/schema\\\/person\\\/2c7693f13ee3d4992850ec2ff033c586\"},\"headline\":\"LOBERON, l&#8217;art de vivre au quotidien entre \u00e9l\u00e9gance intemporelle et confort m\u00e9diterran\u00e9en\",\"datePublished\":\"2024-12-11T13:01:05+00:00\",\"dateModified\":\"2024-12-13T12:06:45+00:00\",\"mainEntityOfPage\":{\"@id\":\"https:\\\/\\\/www.elle.be\\\/fr\\\/438063-elle-deco-x-loberon.html\"},\"wordCount\":622,\"commentCount\":0,\"publisher\":{\"@id\":\"https:\\\/\\\/www.elle.be\\\/fr\\\/#organization\"},\"image\":{\"@id\":\"https:\\\/\\\/www.elle.be\\\/fr\\\/438063-elle-deco-x-loberon.html#primaryimage\"},\"thumbnailUrl\":\"https:\\\/\\\/www.elle.be\\\/fr\\\/wp-content\\\/uploads\\\/2024\\\/11\\\/horizontal-image-a-la-une-elle-3.png\",\"articleSection\":[\"ELLE d\u00e9coration\",\"Tendances D\u00e9co\"],\"inLanguage\":\"fr-FR\",\"potentialAction\":[{\"@type\":\"CommentAction\",\"name\":\"Comment\",\"target\":[\"https:\\\/\\\/www.elle.be\\\/fr\\\/438063-elle-deco-x-loberon.html#respond\"]}]},{\"@type\":\"WebPage\",\"@id\":\"https:\\\/\\\/www.elle.be\\\/fr\\\/438063-elle-deco-x-loberon.html\",\"url\":\"https:\\\/\\\/www.elle.be\\\/fr\\\/438063-elle-deco-x-loberon.html\",\"name\":\"Loberon : \u00c9l\u00e9gance et confort m\u00e9diterran\u00e9en\",\"isPartOf\":{\"@id\":\"https:\\\/\\\/www.elle.be\\\/fr\\\/#website\"},\"primaryImageOfPage\":{\"@id\":\"https:\\\/\\\/www.elle.be\\\/fr\\\/438063-elle-deco-x-loberon.html#primaryimage\"},\"image\":{\"@id\":\"https:\\\/\\\/www.elle.be\\\/fr\\\/438063-elle-deco-x-loberon.html#primaryimage\"},\"thumbnailUrl\":\"https:\\\/\\\/www.elle.be\\\/fr\\\/wp-content\\\/uploads\\\/2024\\\/11\\\/horizontal-image-a-la-une-elle-3.png\",\"datePublished\":\"2024-12-11T13:01:05+00:00\",\"dateModified\":\"2024-12-13T12:06:45+00:00\",\"description\":\"Entre style campagne, chic et m\u00e9diterran\u00e9en, Loberon propose des meubles et d\u00e9co \u00e9pur\u00e9s pour des int\u00e9rieurs chaleureux.\",\"breadcrumb\":{\"@id\":\"https:\\\/\\\/www.elle.be\\\/fr\\\/438063-elle-deco-x-loberon.html#breadcrumb\"},\"inLanguage\":\"fr-FR\",\"potentialAction\":[{\"@type\":\"ReadAction\",\"target\":[\"https:\\\/\\\/www.elle.be\\\/fr\\\/438063-elle-deco-x-loberon.html\"]}]},{\"@type\":\"ImageObject\",\"inLanguage\":\"fr-FR\",\"@id\":\"https:\\\/\\\/www.elle.be\\\/fr\\\/438063-elle-deco-x-loberon.html#primaryimage\",\"url\":\"https:\\\/\\\/www.elle.be\\\/fr\\\/wp-content\\\/uploads\\\/2024\\\/11\\\/horizontal-image-a-la-une-elle-3.png\",\"contentUrl\":\"https:\\\/\\\/www.elle.be\\\/fr\\\/wp-content\\\/uploads\\\/2024\\\/11\\\/horizontal-image-a-la-une-elle-3.png\",\"width\":1200,\"height\":628},{\"@type\":\"BreadcrumbList\",\"@id\":\"https:\\\/\\\/www.elle.be\\\/fr\\\/438063-elle-deco-x-loberon.html#breadcrumb\",\"itemListElement\":[{\"@type\":\"ListItem\",\"position\":1,\"name\":\"FR\",\"item\":\"https:\\\/\\\/www.elle.be\\\/fr\"},{\"@type\":\"ListItem\",\"position\":2,\"name\":\"ELLE d\u00e9coration\",\"item\":\"https:\\\/\\\/www.elle.be\\\/fr\\\/elle-decoration\"},{\"@type\":\"ListItem\",\"position\":3,\"name\":\"LOBERON, l&#8217;art de vivre au quotidien entre \u00e9l\u00e9gance intemporelle et confort m\u00e9diterran\u00e9en\"}]},{\"@type\":\"WebSite\",\"@id\":\"https:\\\/\\\/www.elle.be\\\/fr\\\/#website\",\"url\":\"https:\\\/\\\/www.elle.be\\\/fr\\\/\",\"name\":\"ELLE.be\",\"description\":\"Toutes les infos mode, beaut\u00e9 et lifestyle les plus pointues ainsi qu&#039;un contenu 100% belge d\u00e9clin\u00e9 \u00e0 360\u00b0sur le site ELLE.be, nos r\u00e9seaux sociaux et notre cha\u00eene Youtube.\",\"publisher\":{\"@id\":\"https:\\\/\\\/www.elle.be\\\/fr\\\/#organization\"},\"potentialAction\":[{\"@type\":\"SearchAction\",\"target\":{\"@type\":\"EntryPoint\",\"urlTemplate\":\"https:\\\/\\\/www.elle.be\\\/fr\\\/?s={search_term_string}\"},\"query-input\":{\"@type\":\"PropertyValueSpecification\",\"valueRequired\":true,\"valueName\":\"search_term_string\"}}],\"inLanguage\":\"fr-FR\"},{\"@type\":\"Organization\",\"@id\":\"https:\\\/\\\/www.elle.be\\\/fr\\\/#organization\",\"name\":\"ELLE Belgique\",\"url\":\"https:\\\/\\\/www.elle.be\\\/fr\\\/\",\"logo\":{\"@type\":\"ImageObject\",\"inLanguage\":\"fr-FR\",\"@id\":\"https:\\\/\\\/www.elle.be\\\/fr\\\/#\\\/schema\\\/logo\\\/image\\\/\",\"url\":\"https:\\\/\\\/www.elle.be\\\/fr\\\/wp-content\\\/uploads\\\/2017\\\/03\\\/elle-icon-200px.jpeg\",\"contentUrl\":\"https:\\\/\\\/www.elle.be\\\/fr\\\/wp-content\\\/uploads\\\/2017\\\/03\\\/elle-icon-200px.jpeg\",\"width\":200,\"height\":200,\"caption\":\"ELLE Belgique\"},\"image\":{\"@id\":\"https:\\\/\\\/www.elle.be\\\/fr\\\/#\\\/schema\\\/logo\\\/image\\\/\"},\"sameAs\":[\"https:\\\/\\\/www.facebook.com\\\/ELLEbelgium\\\/\",\"https:\\\/\\\/x.com\\\/ELLEBelgique\",\"http:\\\/\\\/instagram.com\\\/ellebelgique\\\/\",\"https:\\\/\\\/www.pinterest.com\\\/ellebelgique\\\/\",\"https:\\\/\\\/www.youtube.com\\\/user\\\/ELLEbelgique1\"]},{\"@type\":\"Person\",\"@id\":\"https:\\\/\\\/www.elle.be\\\/fr\\\/#\\\/schema\\\/person\\\/2c7693f13ee3d4992850ec2ff033c586\",\"name\":\"ELLE Partenaire\",\"image\":{\"@type\":\"ImageObject\",\"inLanguage\":\"fr-FR\",\"@id\":\"https:\\\/\\\/secure.gravatar.com\\\/avatar\\\/dddcf2d7bb88803a2e434d2b1c6a7b997b2de2334d047a137cc5e9dc165ca7e2?s=96&r=g\",\"url\":\"https:\\\/\\\/secure.gravatar.com\\\/avatar\\\/dddcf2d7bb88803a2e434d2b1c6a7b997b2de2334d047a137cc5e9dc165ca7e2?s=96&r=g\",\"contentUrl\":\"https:\\\/\\\/secure.gravatar.com\\\/avatar\\\/dddcf2d7bb88803a2e434d2b1c6a7b997b2de2334d047a137cc5e9dc165ca7e2?s=96&r=g\",\"caption\":\"ELLE Partenaire\"},\"url\":\"https:\\\/\\\/www.elle.be\\\/fr\\\/author\\\/operation-speciale\"}]}<\/script>\n<!-- \/ Yoast SEO plugin. -->","yoast_head_json":{"title":"Loberon : \u00c9l\u00e9gance et confort m\u00e9diterran\u00e9en","description":"Entre style campagne, chic et m\u00e9diterran\u00e9en, Loberon propose des meubles et d\u00e9co \u00e9pur\u00e9s pour des int\u00e9rieurs chaleureux.","robots":{"index":"index","follow":"follow","max-snippet":"max-snippet:-1","max-image-preview":"max-image-preview:large","max-video-preview":"max-video-preview:-1"},"canonical":"https:\/\/www.elle.be\/fr\/438063-elle-deco-x-loberon.html","og_locale":"fr_FR","og_type":"article","og_title":"Loberon : \u00c9l\u00e9gance et confort m\u00e9diterran\u00e9en","og_description":"Entre style campagne, chic et m\u00e9diterran\u00e9en, Loberon propose des meubles et d\u00e9co \u00e9pur\u00e9s pour des int\u00e9rieurs chaleureux.","og_url":"https:\/\/www.elle.be\/fr\/438063-elle-deco-x-loberon.html","og_site_name":"ELLE.be","article_publisher":"https:\/\/www.facebook.com\/ELLEbelgium\/","article_published_time":"2024-12-11T13:01:05+00:00","article_modified_time":"2024-12-13T12:06:45+00:00","og_image":[{"width":1200,"height":628,"url":"https:\/\/www.elle.be\/fr\/wp-content\/uploads\/2024\/11\/horizontal-image-a-la-une-elle-3.png","type":"image\/png"}],"author":"ELLE Partenaire","twitter_card":"summary_large_image","twitter_creator":"@ELLEBelgique","twitter_site":"@ELLEBelgique","twitter_misc":{"\u00c9crit par":"ELLE Partenaire","Dur\u00e9e de lecture estim\u00e9e":"4 minutes"},"schema":{"@context":"https:\/\/schema.org","@graph":[{"@type":"NewsArticle","@id":"https:\/\/www.elle.be\/fr\/438063-elle-deco-x-loberon.html#article","isPartOf":{"@id":"https:\/\/www.elle.be\/fr\/438063-elle-deco-x-loberon.html"},"author":{"name":"ELLE Partenaire","@id":"https:\/\/www.elle.be\/fr\/#\/schema\/person\/2c7693f13ee3d4992850ec2ff033c586"},"headline":"LOBERON, l&#8217;art de vivre au quotidien entre \u00e9l\u00e9gance intemporelle et confort m\u00e9diterran\u00e9en","datePublished":"2024-12-11T13:01:05+00:00","dateModified":"2024-12-13T12:06:45+00:00","mainEntityOfPage":{"@id":"https:\/\/www.elle.be\/fr\/438063-elle-deco-x-loberon.html"},"wordCount":622,"commentCount":0,"publisher":{"@id":"https:\/\/www.elle.be\/fr\/#organization"},"image":{"@id":"https:\/\/www.elle.be\/fr\/438063-elle-deco-x-loberon.html#primaryimage"},"thumbnailUrl":"https:\/\/www.elle.be\/fr\/wp-content\/uploads\/2024\/11\/horizontal-image-a-la-une-elle-3.png","articleSection":["ELLE d\u00e9coration","Tendances D\u00e9co"],"inLanguage":"fr-FR","potentialAction":[{"@type":"CommentAction","name":"Comment","target":["https:\/\/www.elle.be\/fr\/438063-elle-deco-x-loberon.html#respond"]}]},{"@type":"WebPage","@id":"https:\/\/www.elle.be\/fr\/438063-elle-deco-x-loberon.html","url":"https:\/\/www.elle.be\/fr\/438063-elle-deco-x-loberon.html","name":"Loberon : \u00c9l\u00e9gance et confort m\u00e9diterran\u00e9en","isPartOf":{"@id":"https:\/\/www.elle.be\/fr\/#website"},"primaryImageOfPage":{"@id":"https:\/\/www.elle.be\/fr\/438063-elle-deco-x-loberon.html#primaryimage"},"image":{"@id":"https:\/\/www.elle.be\/fr\/438063-elle-deco-x-loberon.html#primaryimage"},"thumbnailUrl":"https:\/\/www.elle.be\/fr\/wp-content\/uploads\/2024\/11\/horizontal-image-a-la-une-elle-3.png","datePublished":"2024-12-11T13:01:05+00:00","dateModified":"2024-12-13T12:06:45+00:00","description":"Entre style campagne, chic et m\u00e9diterran\u00e9en, Loberon propose des meubles et d\u00e9co \u00e9pur\u00e9s pour des int\u00e9rieurs chaleureux.","breadcrumb":{"@id":"https:\/\/www.elle.be\/fr\/438063-elle-deco-x-loberon.html#breadcrumb"},"inLanguage":"fr-FR","potentialAction":[{"@type":"ReadAction","target":["https:\/\/www.elle.be\/fr\/438063-elle-deco-x-loberon.html"]}]},{"@type":"ImageObject","inLanguage":"fr-FR","@id":"https:\/\/www.elle.be\/fr\/438063-elle-deco-x-loberon.html#primaryimage","url":"https:\/\/www.elle.be\/fr\/wp-content\/uploads\/2024\/11\/horizontal-image-a-la-une-elle-3.png","contentUrl":"https:\/\/www.elle.be\/fr\/wp-content\/uploads\/2024\/11\/horizontal-image-a-la-une-elle-3.png","width":1200,"height":628},{"@type":"BreadcrumbList","@id":"https:\/\/www.elle.be\/fr\/438063-elle-deco-x-loberon.html#breadcrumb","itemListElement":[{"@type":"ListItem","position":1,"name":"FR","item":"https:\/\/www.elle.be\/fr"},{"@type":"ListItem","position":2,"name":"ELLE d\u00e9coration","item":"https:\/\/www.elle.be\/fr\/elle-decoration"},{"@type":"ListItem","position":3,"name":"LOBERON, l&#8217;art de vivre au quotidien entre \u00e9l\u00e9gance intemporelle et confort m\u00e9diterran\u00e9en"}]},{"@type":"WebSite","@id":"https:\/\/www.elle.be\/fr\/#website","url":"https:\/\/www.elle.be\/fr\/","name":"ELLE.be","description":"Toutes les infos mode, beaut\u00e9 et lifestyle les plus pointues ainsi qu&#039;un contenu 100% belge d\u00e9clin\u00e9 \u00e0 360\u00b0sur le site ELLE.be, nos r\u00e9seaux sociaux et notre cha\u00eene Youtube.","publisher":{"@id":"https:\/\/www.elle.be\/fr\/#organization"},"potentialAction":[{"@type":"SearchAction","target":{"@type":"EntryPoint","urlTemplate":"https:\/\/www.elle.be\/fr\/?s={search_term_string}"},"query-input":{"@type":"PropertyValueSpecification","valueRequired":true,"valueName":"search_term_string"}}],"inLanguage":"fr-FR"},{"@type":"Organization","@id":"https:\/\/www.elle.be\/fr\/#organization","name":"ELLE Belgique","url":"https:\/\/www.elle.be\/fr\/","logo":{"@type":"ImageObject","inLanguage":"fr-FR","@id":"https:\/\/www.elle.be\/fr\/#\/schema\/logo\/image\/","url":"https:\/\/www.elle.be\/fr\/wp-content\/uploads\/2017\/03\/elle-icon-200px.jpeg","contentUrl":"https:\/\/www.elle.be\/fr\/wp-content\/uploads\/2017\/03\/elle-icon-200px.jpeg","width":200,"height":200,"caption":"ELLE Belgique"},"image":{"@id":"https:\/\/www.elle.be\/fr\/#\/schema\/logo\/image\/"},"sameAs":["https:\/\/www.facebook.com\/ELLEbelgium\/","https:\/\/x.com\/ELLEBelgique","http:\/\/instagram.com\/ellebelgique\/","https:\/\/www.pinterest.com\/ellebelgique\/","https:\/\/www.youtube.com\/user\/ELLEbelgique1"]},{"@type":"Person","@id":"https:\/\/www.elle.be\/fr\/#\/schema\/person\/2c7693f13ee3d4992850ec2ff033c586","name":"ELLE Partenaire","image":{"@type":"ImageObject","inLanguage":"fr-FR","@id":"https:\/\/secure.gravatar.com\/avatar\/dddcf2d7bb88803a2e434d2b1c6a7b997b2de2334d047a137cc5e9dc165ca7e2?s=96&r=g","url":"https:\/\/secure.gravatar.com\/avatar\/dddcf2d7bb88803a2e434d2b1c6a7b997b2de2334d047a137cc5e9dc165ca7e2?s=96&r=g","contentUrl":"https:\/\/secure.gravatar.com\/avatar\/dddcf2d7bb88803a2e434d2b1c6a7b997b2de2334d047a137cc5e9dc165ca7e2?s=96&r=g","caption":"ELLE Partenaire"},"url":"https:\/\/www.elle.be\/fr\/author\/operation-speciale"}]}},"_links":{"self":[{"href":"https:\/\/www.elle.be\/fr\/wp-json\/wp\/v2\/posts\/438063","targetHints":{"allow":["GET"]}}],"collection":[{"href":"https:\/\/www.elle.be\/fr\/wp-json\/wp\/v2\/posts"}],"about":[{"href":"https:\/\/www.elle.be\/fr\/wp-json\/wp\/v2\/types\/post"}],"author":[{"embeddable":true,"href":"https:\/\/www.elle.be\/fr\/wp-json\/wp\/v2\/users\/47"}],"replies":[{"embeddable":true,"href":"https:\/\/www.elle.be\/fr\/wp-json\/wp\/v2\/comments?post=438063"}],"version-history":[{"count":7,"href":"https:\/\/www.elle.be\/fr\/wp-json\/wp\/v2\/posts\/438063\/revisions"}],"predecessor-version":[{"id":439478,"href":"https:\/\/www.elle.be\/fr\/wp-json\/wp\/v2\/posts\/438063\/revisions\/439478"}],"wp:featuredmedia":[{"embeddable":true,"href":"https:\/\/www.elle.be\/fr\/wp-json\/wp\/v2\/media\/438075"}],"wp:attachment":[{"href":"https:\/\/www.elle.be\/fr\/wp-json\/wp\/v2\/media?parent=438063"}],"wp:term":[{"taxonomy":"category","embeddable":true,"href":"https:\/\/www.elle.be\/fr\/wp-json\/wp\/v2\/categories?post=438063"},{"taxonomy":"post_tag","embeddable":true,"href":"https:\/\/www.elle.be\/fr\/wp-json\/wp\/v2\/tags?post=438063"}],"curies":[{"name":"wp","href":"https:\/\/api.w.org\/{rel}","templated":true}]}}