{"id":433088,"date":"2024-10-01T10:06:19","date_gmt":"2024-10-01T08:06:19","guid":{"rendered":"https:\/\/www.elle.be\/fr\/?p=433088"},"modified":"2024-10-01T10:23:39","modified_gmt":"2024-10-01T08:23:39","slug":"paris-fashion-week-decouvrez-plus-de-80-looks-streetstyle-a-adopter","status":"publish","type":"post","link":"https:\/\/www.elle.be\/fr\/433088-paris-fashion-week-decouvrez-plus-de-80-looks-streetstyle-a-adopter.html","title":{"rendered":"Paris Fashion Week : d\u00e9couvrez plus de 80 looks streetstyle \u00e0 adopter"},"content":{"rendered":"","protected":false},"excerpt":{"rendered":"La Paris Fashion Week cl\u00f4ture les semaines de la mode en beaut\u00e9, avec une longue liste de maisons fran\u00e7aises (et belges !) qui d\u00e9voilent leur vision de la mode estivale \u00e0 venir.","protected":false},"author":83,"featured_media":433140,"comment_status":"open","ping_status":"closed","sticky":false,"template":"","format":"standard","meta":{"_acf_changed":false,"footnotes":""},"categories":[5,356],"tags":[],"class_list":["post-433088","post","type-post","status-publish","format-standard","has-post-thumbnail","hentry","category-mode","category-fashion-week"],"acf":[],"image_verticale":"433141","_yoast_wpseo_title":null,"_yoast_wpseo_metadesc":"La Paris Fashion Week d\u00e9voile les tendances estivales \u00e0 venir. D\u00e9couvrez plus de 80 looks streetstyle inspirants \u00e0 adopter.","_yoast_wpseo_focuskw_text_input":null,"_yoast_wpseo_opengraph-title":null,"yoast_head":"<!-- This site is optimized with the Yoast SEO plugin v27.4 - https:\/\/yoast.com\/product\/yoast-seo-wordpress\/ -->\n<title>Paris Fashion Week : d\u00e9couvrez plus de 80 looks streetstyle \u00e0 adopter - ELLE.be<\/title>\n<meta name=\"description\" content=\"La Paris Fashion Week d\u00e9voile les tendances estivales \u00e0 venir. D\u00e9couvrez plus de 80 looks streetstyle inspirants \u00e0 adopter.\" \/>\n<meta name=\"robots\" content=\"index, follow, max-snippet:-1, max-image-preview:large, max-video-preview:-1\" \/>\n<link rel=\"canonical\" href=\"https:\/\/www.elle.be\/fr\/433088-paris-fashion-week-decouvrez-plus-de-80-looks-streetstyle-a-adopter.html\" \/>\n<meta property=\"og:locale\" content=\"fr_FR\" \/>\n<meta property=\"og:type\" content=\"article\" \/>\n<meta property=\"og:title\" content=\"Paris Fashion Week : d\u00e9couvrez plus de 80 looks streetstyle \u00e0 adopter - ELLE.be\" \/>\n<meta property=\"og:description\" content=\"La Paris Fashion Week d\u00e9voile les tendances estivales \u00e0 venir. D\u00e9couvrez plus de 80 looks streetstyle inspirants \u00e0 adopter.\" \/>\n<meta property=\"og:url\" content=\"https:\/\/www.elle.be\/fr\/433088-paris-fashion-week-decouvrez-plus-de-80-looks-streetstyle-a-adopter.html\" \/>\n<meta property=\"og:site_name\" content=\"ELLE.be\" \/>\n<meta property=\"article:publisher\" content=\"https:\/\/www.facebook.com\/ELLEbelgium\/\" \/>\n<meta property=\"article:published_time\" content=\"2024-10-01T08:06:19+00:00\" \/>\n<meta property=\"article:modified_time\" content=\"2024-10-01T08:23:39+00:00\" \/>\n<meta property=\"og:image\" content=\"https:\/\/www.elle.be\/fr\/wp-content\/uploads\/2024\/10\/paris-str-s25-1254.jpg\" \/>\n\t<meta property=\"og:image:width\" content=\"1980\" \/>\n\t<meta property=\"og:image:height\" content=\"1320\" \/>\n\t<meta property=\"og:image:type\" content=\"image\/jpeg\" \/>\n<meta name=\"author\" content=\"Jessica Fine\" \/>\n<meta name=\"twitter:card\" content=\"summary_large_image\" \/>\n<meta name=\"twitter:creator\" content=\"@ELLEBelgique\" \/>\n<meta name=\"twitter:site\" content=\"@ELLEBelgique\" \/>\n<meta name=\"twitter:label1\" content=\"\u00c9crit par\" \/>\n\t<meta name=\"twitter:data1\" content=\"Jessica Fine\" \/>\n\t<meta name=\"twitter:label2\" content=\"Dur\u00e9e de lecture estim\u00e9e\" \/>\n\t<meta name=\"twitter:data2\" content=\"1 minute\" \/>\n<script type=\"application\/ld+json\" class=\"yoast-schema-graph\">{\"@context\":\"https:\\\/\\\/schema.org\",\"@graph\":[{\"@type\":\"NewsArticle\",\"@id\":\"https:\\\/\\\/www.elle.be\\\/fr\\\/433088-paris-fashion-week-decouvrez-plus-de-80-looks-streetstyle-a-adopter.html#article\",\"isPartOf\":{\"@id\":\"https:\\\/\\\/www.elle.be\\\/fr\\\/433088-paris-fashion-week-decouvrez-plus-de-80-looks-streetstyle-a-adopter.html\"},\"author\":{\"name\":\"Jessica Fine\",\"@id\":\"https:\\\/\\\/www.elle.be\\\/fr\\\/#\\\/schema\\\/person\\\/1a86de25644d68095c5a110e36fae9c4\"},\"headline\":\"Paris Fashion Week : d\u00e9couvrez plus de 80 looks streetstyle \u00e0 adopter\",\"datePublished\":\"2024-10-01T08:06:19+00:00\",\"dateModified\":\"2024-10-01T08:23:39+00:00\",\"mainEntityOfPage\":{\"@id\":\"https:\\\/\\\/www.elle.be\\\/fr\\\/433088-paris-fashion-week-decouvrez-plus-de-80-looks-streetstyle-a-adopter.html\"},\"wordCount\":115,\"commentCount\":0,\"publisher\":{\"@id\":\"https:\\\/\\\/www.elle.be\\\/fr\\\/#organization\"},\"image\":{\"@id\":\"https:\\\/\\\/www.elle.be\\\/fr\\\/433088-paris-fashion-week-decouvrez-plus-de-80-looks-streetstyle-a-adopter.html#primaryimage\"},\"thumbnailUrl\":\"https:\\\/\\\/www.elle.be\\\/fr\\\/wp-content\\\/uploads\\\/2024\\\/10\\\/paris-str-s25-1254.jpg\",\"articleSection\":[\"Mode\",\"Fashion Week\"],\"inLanguage\":\"fr-FR\",\"potentialAction\":[{\"@type\":\"CommentAction\",\"name\":\"Comment\",\"target\":[\"https:\\\/\\\/www.elle.be\\\/fr\\\/433088-paris-fashion-week-decouvrez-plus-de-80-looks-streetstyle-a-adopter.html#respond\"]}]},{\"@type\":\"WebPage\",\"@id\":\"https:\\\/\\\/www.elle.be\\\/fr\\\/433088-paris-fashion-week-decouvrez-plus-de-80-looks-streetstyle-a-adopter.html\",\"url\":\"https:\\\/\\\/www.elle.be\\\/fr\\\/433088-paris-fashion-week-decouvrez-plus-de-80-looks-streetstyle-a-adopter.html\",\"name\":\"Paris Fashion Week : d\u00e9couvrez plus de 80 looks streetstyle \u00e0 adopter - ELLE.be\",\"isPartOf\":{\"@id\":\"https:\\\/\\\/www.elle.be\\\/fr\\\/#website\"},\"primaryImageOfPage\":{\"@id\":\"https:\\\/\\\/www.elle.be\\\/fr\\\/433088-paris-fashion-week-decouvrez-plus-de-80-looks-streetstyle-a-adopter.html#primaryimage\"},\"image\":{\"@id\":\"https:\\\/\\\/www.elle.be\\\/fr\\\/433088-paris-fashion-week-decouvrez-plus-de-80-looks-streetstyle-a-adopter.html#primaryimage\"},\"thumbnailUrl\":\"https:\\\/\\\/www.elle.be\\\/fr\\\/wp-content\\\/uploads\\\/2024\\\/10\\\/paris-str-s25-1254.jpg\",\"datePublished\":\"2024-10-01T08:06:19+00:00\",\"dateModified\":\"2024-10-01T08:23:39+00:00\",\"description\":\"La Paris Fashion Week d\u00e9voile les tendances estivales \u00e0 venir. D\u00e9couvrez plus de 80 looks streetstyle inspirants \u00e0 adopter.\",\"breadcrumb\":{\"@id\":\"https:\\\/\\\/www.elle.be\\\/fr\\\/433088-paris-fashion-week-decouvrez-plus-de-80-looks-streetstyle-a-adopter.html#breadcrumb\"},\"inLanguage\":\"fr-FR\",\"potentialAction\":[{\"@type\":\"ReadAction\",\"target\":[\"https:\\\/\\\/www.elle.be\\\/fr\\\/433088-paris-fashion-week-decouvrez-plus-de-80-looks-streetstyle-a-adopter.html\"]}]},{\"@type\":\"ImageObject\",\"inLanguage\":\"fr-FR\",\"@id\":\"https:\\\/\\\/www.elle.be\\\/fr\\\/433088-paris-fashion-week-decouvrez-plus-de-80-looks-streetstyle-a-adopter.html#primaryimage\",\"url\":\"https:\\\/\\\/www.elle.be\\\/fr\\\/wp-content\\\/uploads\\\/2024\\\/10\\\/paris-str-s25-1254.jpg\",\"contentUrl\":\"https:\\\/\\\/www.elle.be\\\/fr\\\/wp-content\\\/uploads\\\/2024\\\/10\\\/paris-str-s25-1254.jpg\",\"width\":1980,\"height\":1320,\"caption\":\"\u00a9 Launchmetrics Spotlight\"},{\"@type\":\"BreadcrumbList\",\"@id\":\"https:\\\/\\\/www.elle.be\\\/fr\\\/433088-paris-fashion-week-decouvrez-plus-de-80-looks-streetstyle-a-adopter.html#breadcrumb\",\"itemListElement\":[{\"@type\":\"ListItem\",\"position\":1,\"name\":\"FR\",\"item\":\"https:\\\/\\\/www.elle.be\\\/fr\"},{\"@type\":\"ListItem\",\"position\":2,\"name\":\"Mode\",\"item\":\"https:\\\/\\\/www.elle.be\\\/fr\\\/mode\"},{\"@type\":\"ListItem\",\"position\":3,\"name\":\"Paris Fashion Week : d\u00e9couvrez plus de 80 looks streetstyle \u00e0 adopter\"}]},{\"@type\":\"WebSite\",\"@id\":\"https:\\\/\\\/www.elle.be\\\/fr\\\/#website\",\"url\":\"https:\\\/\\\/www.elle.be\\\/fr\\\/\",\"name\":\"ELLE.be\",\"description\":\"Toutes les infos mode, beaut\u00e9 et lifestyle les plus pointues ainsi qu&#039;un contenu 100% belge d\u00e9clin\u00e9 \u00e0 360\u00b0sur le site ELLE.be, nos r\u00e9seaux sociaux et notre cha\u00eene Youtube.\",\"publisher\":{\"@id\":\"https:\\\/\\\/www.elle.be\\\/fr\\\/#organization\"},\"potentialAction\":[{\"@type\":\"SearchAction\",\"target\":{\"@type\":\"EntryPoint\",\"urlTemplate\":\"https:\\\/\\\/www.elle.be\\\/fr\\\/?s={search_term_string}\"},\"query-input\":{\"@type\":\"PropertyValueSpecification\",\"valueRequired\":true,\"valueName\":\"search_term_string\"}}],\"inLanguage\":\"fr-FR\"},{\"@type\":\"Organization\",\"@id\":\"https:\\\/\\\/www.elle.be\\\/fr\\\/#organization\",\"name\":\"ELLE Belgique\",\"url\":\"https:\\\/\\\/www.elle.be\\\/fr\\\/\",\"logo\":{\"@type\":\"ImageObject\",\"inLanguage\":\"fr-FR\",\"@id\":\"https:\\\/\\\/www.elle.be\\\/fr\\\/#\\\/schema\\\/logo\\\/image\\\/\",\"url\":\"https:\\\/\\\/www.elle.be\\\/fr\\\/wp-content\\\/uploads\\\/2017\\\/03\\\/elle-icon-200px.jpeg\",\"contentUrl\":\"https:\\\/\\\/www.elle.be\\\/fr\\\/wp-content\\\/uploads\\\/2017\\\/03\\\/elle-icon-200px.jpeg\",\"width\":200,\"height\":200,\"caption\":\"ELLE Belgique\"},\"image\":{\"@id\":\"https:\\\/\\\/www.elle.be\\\/fr\\\/#\\\/schema\\\/logo\\\/image\\\/\"},\"sameAs\":[\"https:\\\/\\\/www.facebook.com\\\/ELLEbelgium\\\/\",\"https:\\\/\\\/x.com\\\/ELLEBelgique\",\"http:\\\/\\\/instagram.com\\\/ellebelgique\\\/\",\"https:\\\/\\\/www.pinterest.com\\\/ellebelgique\\\/\",\"https:\\\/\\\/www.youtube.com\\\/user\\\/ELLEbelgique1\"]},{\"@type\":\"Person\",\"@id\":\"https:\\\/\\\/www.elle.be\\\/fr\\\/#\\\/schema\\\/person\\\/1a86de25644d68095c5a110e36fae9c4\",\"name\":\"Jessica Fine\",\"image\":{\"@type\":\"ImageObject\",\"inLanguage\":\"fr-FR\",\"@id\":\"https:\\\/\\\/www.elle.be\\\/fr\\\/wp-content\\\/uploads\\\/2018\\\/07\\\/img-5032-9-2-lr-96x96.jpg\",\"url\":\"https:\\\/\\\/www.elle.be\\\/fr\\\/wp-content\\\/uploads\\\/2018\\\/07\\\/img-5032-9-2-lr-96x96.jpg\",\"contentUrl\":\"https:\\\/\\\/www.elle.be\\\/fr\\\/wp-content\\\/uploads\\\/2018\\\/07\\\/img-5032-9-2-lr-96x96.jpg\",\"caption\":\"Jessica Fine\"},\"description\":\"Coordinatrice digitale pour ELLE.be, je g\u00e8re et optimise les articles en ligne et je pilote les projets digitaux pour offrir la meilleure exp\u00e9rience aux lecteurs. Mon but ? Assurer des contenus coh\u00e9rents, visibles et percutants. J'\u00e9cris aussi des articles lifestyle, maman et enfants, pour inspirer et accompagner notre communaut\u00e9 au quotidien.\",\"sameAs\":[\"https:\\\/\\\/www.linkedin.com\\\/in\\\/jessica-fine-9b445741\\\/\"],\"url\":\"https:\\\/\\\/www.elle.be\\\/fr\\\/author\\\/jessica\"}]}<\/script>\n<!-- \/ Yoast SEO plugin. -->","yoast_head_json":{"title":"Paris Fashion Week : d\u00e9couvrez plus de 80 looks streetstyle \u00e0 adopter - ELLE.be","description":"La Paris Fashion Week d\u00e9voile les tendances estivales \u00e0 venir. D\u00e9couvrez plus de 80 looks streetstyle inspirants \u00e0 adopter.","robots":{"index":"index","follow":"follow","max-snippet":"max-snippet:-1","max-image-preview":"max-image-preview:large","max-video-preview":"max-video-preview:-1"},"canonical":"https:\/\/www.elle.be\/fr\/433088-paris-fashion-week-decouvrez-plus-de-80-looks-streetstyle-a-adopter.html","og_locale":"fr_FR","og_type":"article","og_title":"Paris Fashion Week : d\u00e9couvrez plus de 80 looks streetstyle \u00e0 adopter - ELLE.be","og_description":"La Paris Fashion Week d\u00e9voile les tendances estivales \u00e0 venir. D\u00e9couvrez plus de 80 looks streetstyle inspirants \u00e0 adopter.","og_url":"https:\/\/www.elle.be\/fr\/433088-paris-fashion-week-decouvrez-plus-de-80-looks-streetstyle-a-adopter.html","og_site_name":"ELLE.be","article_publisher":"https:\/\/www.facebook.com\/ELLEbelgium\/","article_published_time":"2024-10-01T08:06:19+00:00","article_modified_time":"2024-10-01T08:23:39+00:00","og_image":[{"width":1980,"height":1320,"url":"https:\/\/www.elle.be\/fr\/wp-content\/uploads\/2024\/10\/paris-str-s25-1254.jpg","type":"image\/jpeg"}],"author":"Jessica Fine","twitter_card":"summary_large_image","twitter_creator":"@ELLEBelgique","twitter_site":"@ELLEBelgique","twitter_misc":{"\u00c9crit par":"Jessica Fine","Dur\u00e9e de lecture estim\u00e9e":"1 minute"},"schema":{"@context":"https:\/\/schema.org","@graph":[{"@type":"NewsArticle","@id":"https:\/\/www.elle.be\/fr\/433088-paris-fashion-week-decouvrez-plus-de-80-looks-streetstyle-a-adopter.html#article","isPartOf":{"@id":"https:\/\/www.elle.be\/fr\/433088-paris-fashion-week-decouvrez-plus-de-80-looks-streetstyle-a-adopter.html"},"author":{"name":"Jessica Fine","@id":"https:\/\/www.elle.be\/fr\/#\/schema\/person\/1a86de25644d68095c5a110e36fae9c4"},"headline":"Paris Fashion Week : d\u00e9couvrez plus de 80 looks streetstyle \u00e0 adopter","datePublished":"2024-10-01T08:06:19+00:00","dateModified":"2024-10-01T08:23:39+00:00","mainEntityOfPage":{"@id":"https:\/\/www.elle.be\/fr\/433088-paris-fashion-week-decouvrez-plus-de-80-looks-streetstyle-a-adopter.html"},"wordCount":115,"commentCount":0,"publisher":{"@id":"https:\/\/www.elle.be\/fr\/#organization"},"image":{"@id":"https:\/\/www.elle.be\/fr\/433088-paris-fashion-week-decouvrez-plus-de-80-looks-streetstyle-a-adopter.html#primaryimage"},"thumbnailUrl":"https:\/\/www.elle.be\/fr\/wp-content\/uploads\/2024\/10\/paris-str-s25-1254.jpg","articleSection":["Mode","Fashion Week"],"inLanguage":"fr-FR","potentialAction":[{"@type":"CommentAction","name":"Comment","target":["https:\/\/www.elle.be\/fr\/433088-paris-fashion-week-decouvrez-plus-de-80-looks-streetstyle-a-adopter.html#respond"]}]},{"@type":"WebPage","@id":"https:\/\/www.elle.be\/fr\/433088-paris-fashion-week-decouvrez-plus-de-80-looks-streetstyle-a-adopter.html","url":"https:\/\/www.elle.be\/fr\/433088-paris-fashion-week-decouvrez-plus-de-80-looks-streetstyle-a-adopter.html","name":"Paris Fashion Week : d\u00e9couvrez plus de 80 looks streetstyle \u00e0 adopter - ELLE.be","isPartOf":{"@id":"https:\/\/www.elle.be\/fr\/#website"},"primaryImageOfPage":{"@id":"https:\/\/www.elle.be\/fr\/433088-paris-fashion-week-decouvrez-plus-de-80-looks-streetstyle-a-adopter.html#primaryimage"},"image":{"@id":"https:\/\/www.elle.be\/fr\/433088-paris-fashion-week-decouvrez-plus-de-80-looks-streetstyle-a-adopter.html#primaryimage"},"thumbnailUrl":"https:\/\/www.elle.be\/fr\/wp-content\/uploads\/2024\/10\/paris-str-s25-1254.jpg","datePublished":"2024-10-01T08:06:19+00:00","dateModified":"2024-10-01T08:23:39+00:00","description":"La Paris Fashion Week d\u00e9voile les tendances estivales \u00e0 venir. D\u00e9couvrez plus de 80 looks streetstyle inspirants \u00e0 adopter.","breadcrumb":{"@id":"https:\/\/www.elle.be\/fr\/433088-paris-fashion-week-decouvrez-plus-de-80-looks-streetstyle-a-adopter.html#breadcrumb"},"inLanguage":"fr-FR","potentialAction":[{"@type":"ReadAction","target":["https:\/\/www.elle.be\/fr\/433088-paris-fashion-week-decouvrez-plus-de-80-looks-streetstyle-a-adopter.html"]}]},{"@type":"ImageObject","inLanguage":"fr-FR","@id":"https:\/\/www.elle.be\/fr\/433088-paris-fashion-week-decouvrez-plus-de-80-looks-streetstyle-a-adopter.html#primaryimage","url":"https:\/\/www.elle.be\/fr\/wp-content\/uploads\/2024\/10\/paris-str-s25-1254.jpg","contentUrl":"https:\/\/www.elle.be\/fr\/wp-content\/uploads\/2024\/10\/paris-str-s25-1254.jpg","width":1980,"height":1320,"caption":"\u00a9 Launchmetrics Spotlight"},{"@type":"BreadcrumbList","@id":"https:\/\/www.elle.be\/fr\/433088-paris-fashion-week-decouvrez-plus-de-80-looks-streetstyle-a-adopter.html#breadcrumb","itemListElement":[{"@type":"ListItem","position":1,"name":"FR","item":"https:\/\/www.elle.be\/fr"},{"@type":"ListItem","position":2,"name":"Mode","item":"https:\/\/www.elle.be\/fr\/mode"},{"@type":"ListItem","position":3,"name":"Paris Fashion Week : d\u00e9couvrez plus de 80 looks streetstyle \u00e0 adopter"}]},{"@type":"WebSite","@id":"https:\/\/www.elle.be\/fr\/#website","url":"https:\/\/www.elle.be\/fr\/","name":"ELLE.be","description":"Toutes les infos mode, beaut\u00e9 et lifestyle les plus pointues ainsi qu&#039;un contenu 100% belge d\u00e9clin\u00e9 \u00e0 360\u00b0sur le site ELLE.be, nos r\u00e9seaux sociaux et notre cha\u00eene Youtube.","publisher":{"@id":"https:\/\/www.elle.be\/fr\/#organization"},"potentialAction":[{"@type":"SearchAction","target":{"@type":"EntryPoint","urlTemplate":"https:\/\/www.elle.be\/fr\/?s={search_term_string}"},"query-input":{"@type":"PropertyValueSpecification","valueRequired":true,"valueName":"search_term_string"}}],"inLanguage":"fr-FR"},{"@type":"Organization","@id":"https:\/\/www.elle.be\/fr\/#organization","name":"ELLE Belgique","url":"https:\/\/www.elle.be\/fr\/","logo":{"@type":"ImageObject","inLanguage":"fr-FR","@id":"https:\/\/www.elle.be\/fr\/#\/schema\/logo\/image\/","url":"https:\/\/www.elle.be\/fr\/wp-content\/uploads\/2017\/03\/elle-icon-200px.jpeg","contentUrl":"https:\/\/www.elle.be\/fr\/wp-content\/uploads\/2017\/03\/elle-icon-200px.jpeg","width":200,"height":200,"caption":"ELLE Belgique"},"image":{"@id":"https:\/\/www.elle.be\/fr\/#\/schema\/logo\/image\/"},"sameAs":["https:\/\/www.facebook.com\/ELLEbelgium\/","https:\/\/x.com\/ELLEBelgique","http:\/\/instagram.com\/ellebelgique\/","https:\/\/www.pinterest.com\/ellebelgique\/","https:\/\/www.youtube.com\/user\/ELLEbelgique1"]},{"@type":"Person","@id":"https:\/\/www.elle.be\/fr\/#\/schema\/person\/1a86de25644d68095c5a110e36fae9c4","name":"Jessica Fine","image":{"@type":"ImageObject","inLanguage":"fr-FR","@id":"https:\/\/www.elle.be\/fr\/wp-content\/uploads\/2018\/07\/img-5032-9-2-lr-96x96.jpg","url":"https:\/\/www.elle.be\/fr\/wp-content\/uploads\/2018\/07\/img-5032-9-2-lr-96x96.jpg","contentUrl":"https:\/\/www.elle.be\/fr\/wp-content\/uploads\/2018\/07\/img-5032-9-2-lr-96x96.jpg","caption":"Jessica Fine"},"description":"Coordinatrice digitale pour ELLE.be, je g\u00e8re et optimise les articles en ligne et je pilote les projets digitaux pour offrir la meilleure exp\u00e9rience aux lecteurs. Mon but ? Assurer des contenus coh\u00e9rents, visibles et percutants. J'\u00e9cris aussi des articles lifestyle, maman et enfants, pour inspirer et accompagner notre communaut\u00e9 au quotidien.","sameAs":["https:\/\/www.linkedin.com\/in\/jessica-fine-9b445741\/"],"url":"https:\/\/www.elle.be\/fr\/author\/jessica"}]}},"_links":{"self":[{"href":"https:\/\/www.elle.be\/fr\/wp-json\/wp\/v2\/posts\/433088","targetHints":{"allow":["GET"]}}],"collection":[{"href":"https:\/\/www.elle.be\/fr\/wp-json\/wp\/v2\/posts"}],"about":[{"href":"https:\/\/www.elle.be\/fr\/wp-json\/wp\/v2\/types\/post"}],"author":[{"embeddable":true,"href":"https:\/\/www.elle.be\/fr\/wp-json\/wp\/v2\/users\/83"}],"replies":[{"embeddable":true,"href":"https:\/\/www.elle.be\/fr\/wp-json\/wp\/v2\/comments?post=433088"}],"version-history":[{"count":4,"href":"https:\/\/www.elle.be\/fr\/wp-json\/wp\/v2\/posts\/433088\/revisions"}],"predecessor-version":[{"id":433254,"href":"https:\/\/www.elle.be\/fr\/wp-json\/wp\/v2\/posts\/433088\/revisions\/433254"}],"wp:featuredmedia":[{"embeddable":true,"href":"https:\/\/www.elle.be\/fr\/wp-json\/wp\/v2\/media\/433140"}],"wp:attachment":[{"href":"https:\/\/www.elle.be\/fr\/wp-json\/wp\/v2\/media?parent=433088"}],"wp:term":[{"taxonomy":"category","embeddable":true,"href":"https:\/\/www.elle.be\/fr\/wp-json\/wp\/v2\/categories?post=433088"},{"taxonomy":"post_tag","embeddable":true,"href":"https:\/\/www.elle.be\/fr\/wp-json\/wp\/v2\/tags?post=433088"}],"curies":[{"name":"wp","href":"https:\/\/api.w.org\/{rel}","templated":true}]}}