{"id":432979,"date":"2024-10-09T07:37:56","date_gmt":"2024-10-09T05:37:56","guid":{"rendered":"https:\/\/www.elle.be\/fr\/?p=432979"},"modified":"2024-09-27T12:39:03","modified_gmt":"2024-09-27T10:39:03","slug":"interview-exclusive-zaho-de-sagazan-ne-pas-juste-se-fondre-dans-la-masse-cest-ce-quil-y-a-de-plus-beau-au-monde","status":"publish","type":"post","link":"https:\/\/www.elle.be\/fr\/432979-interview-exclusive-zaho-de-sagazan-ne-pas-juste-se-fondre-dans-la-masse-cest-ce-quil-y-a-de-plus-beau-au-monde.html","title":{"rendered":"Interview exclusive Zaho de Sagazan : &#8220;Ne pas juste se fondre dans la masse, c&#8217;est ce qu&#8217;il y a de plus beau au monde&#8221;"},"content":{"rendered":"","protected":false},"excerpt":{"rendered":"\u00ab M\u00eame dans la joie, il faut toujours un peu de tristesse \u00bb. \u00bb....","protected":false},"author":102,"featured_media":432980,"comment_status":"open","ping_status":"closed","sticky":false,"template":"","format":"standard","meta":{"_acf_changed":false,"footnotes":""},"categories":[1186,2219],"tags":[265,303,2313,2531],"class_list":["post-432979","post","type-post","status-publish","format-standard","has-post-thumbnail","hentry","category-actu","category-culture","tag-musique","tag-culture","tag-actu","tag-interview"],"acf":[],"image_verticale":"432981","_yoast_wpseo_title":null,"_yoast_wpseo_metadesc":"Zaho de Sagazan nous parle de sa vie de star qui n\u2019a rien de filante, entre \u00ab modern love \u00bb sans fronti\u00e8res et \u00ab dreams are my reality \u00bb.\u00a0","_yoast_wpseo_focuskw_text_input":null,"_yoast_wpseo_opengraph-title":null,"yoast_head":"<!-- This site is optimized with the Yoast SEO plugin v27.4 - https:\/\/yoast.com\/product\/yoast-seo-wordpress\/ -->\n<title>Interview exclusive Zaho de Sagazan : &quot;Ne pas juste se fondre dans la masse, c&#039;est ce qu&#039;il y a de plus beau au monde&quot; - ELLE.be<\/title>\n<meta name=\"description\" content=\"Zaho de Sagazan nous parle de sa vie de star qui n\u2019a rien de filante, entre \u00ab modern love \u00bb sans fronti\u00e8res et \u00ab dreams are my reality \u00bb.\u00a0\" \/>\n<meta name=\"robots\" content=\"index, follow, max-snippet:-1, max-image-preview:large, max-video-preview:-1\" \/>\n<link rel=\"canonical\" href=\"https:\/\/www.elle.be\/fr\/432979-interview-exclusive-zaho-de-sagazan-ne-pas-juste-se-fondre-dans-la-masse-cest-ce-quil-y-a-de-plus-beau-au-monde.html\" \/>\n<meta property=\"og:locale\" content=\"fr_FR\" \/>\n<meta property=\"og:type\" content=\"article\" \/>\n<meta property=\"og:title\" content=\"Interview exclusive Zaho de Sagazan : &quot;Ne pas juste se fondre dans la masse, c&#039;est ce qu&#039;il y a de plus beau au monde&quot; - ELLE.be\" \/>\n<meta property=\"og:description\" content=\"Zaho de Sagazan nous parle de sa vie de star qui n\u2019a rien de filante, entre \u00ab modern love \u00bb sans fronti\u00e8res et \u00ab dreams are my reality \u00bb.\u00a0\" \/>\n<meta property=\"og:url\" content=\"https:\/\/www.elle.be\/fr\/432979-interview-exclusive-zaho-de-sagazan-ne-pas-juste-se-fondre-dans-la-masse-cest-ce-quil-y-a-de-plus-beau-au-monde.html\" \/>\n<meta property=\"og:site_name\" content=\"ELLE.be\" \/>\n<meta property=\"article:publisher\" content=\"https:\/\/www.facebook.com\/ELLEbelgium\/\" \/>\n<meta property=\"article:published_time\" content=\"2024-10-09T05:37:56+00:00\" \/>\n<meta property=\"og:image\" content=\"https:\/\/www.elle.be\/fr\/wp-content\/uploads\/2024\/09\/zds-2024-by-zoe-joubert-0001.jpg\" \/>\n\t<meta property=\"og:image:width\" content=\"1200\" \/>\n\t<meta property=\"og:image:height\" content=\"628\" \/>\n\t<meta property=\"og:image:type\" content=\"image\/jpeg\" \/>\n<meta name=\"author\" content=\"Noemi Dell&#039;aira\" \/>\n<meta name=\"twitter:card\" content=\"summary_large_image\" \/>\n<meta name=\"twitter:creator\" content=\"@ELLEBelgique\" \/>\n<meta name=\"twitter:site\" content=\"@ELLEBelgique\" \/>\n<meta name=\"twitter:label1\" content=\"\u00c9crit par\" \/>\n\t<meta name=\"twitter:data1\" content=\"Noemi Dell&#039;aira\" \/>\n\t<meta name=\"twitter:label2\" content=\"Dur\u00e9e de lecture estim\u00e9e\" \/>\n\t<meta name=\"twitter:data2\" content=\"7 minutes\" \/>\n<script type=\"application\/ld+json\" class=\"yoast-schema-graph\">{\"@context\":\"https:\\\/\\\/schema.org\",\"@graph\":[{\"@type\":\"NewsArticle\",\"@id\":\"https:\\\/\\\/www.elle.be\\\/fr\\\/432979-interview-exclusive-zaho-de-sagazan-ne-pas-juste-se-fondre-dans-la-masse-cest-ce-quil-y-a-de-plus-beau-au-monde.html#article\",\"isPartOf\":{\"@id\":\"https:\\\/\\\/www.elle.be\\\/fr\\\/432979-interview-exclusive-zaho-de-sagazan-ne-pas-juste-se-fondre-dans-la-masse-cest-ce-quil-y-a-de-plus-beau-au-monde.html\"},\"author\":{\"name\":\"Noemi Dell'aira\",\"@id\":\"https:\\\/\\\/www.elle.be\\\/fr\\\/#\\\/schema\\\/person\\\/b4b7022e57c22f3a2a897195e43d6068\"},\"headline\":\"Interview exclusive Zaho de Sagazan : &#8220;Ne pas juste se fondre dans la masse, c&#8217;est ce qu&#8217;il y a de plus beau au monde&#8221;\",\"datePublished\":\"2024-10-09T05:37:56+00:00\",\"mainEntityOfPage\":{\"@id\":\"https:\\\/\\\/www.elle.be\\\/fr\\\/432979-interview-exclusive-zaho-de-sagazan-ne-pas-juste-se-fondre-dans-la-masse-cest-ce-quil-y-a-de-plus-beau-au-monde.html\"},\"wordCount\":1331,\"commentCount\":0,\"publisher\":{\"@id\":\"https:\\\/\\\/www.elle.be\\\/fr\\\/#organization\"},\"image\":{\"@id\":\"https:\\\/\\\/www.elle.be\\\/fr\\\/432979-interview-exclusive-zaho-de-sagazan-ne-pas-juste-se-fondre-dans-la-masse-cest-ce-quil-y-a-de-plus-beau-au-monde.html#primaryimage\"},\"thumbnailUrl\":\"https:\\\/\\\/www.elle.be\\\/fr\\\/wp-content\\\/uploads\\\/2024\\\/09\\\/zds-2024-by-zoe-joubert-0001.jpg\",\"keywords\":[\"musique\",\"culture\",\"actu\",\"interview\"],\"articleSection\":[\"Actu\",\"Culture\"],\"inLanguage\":\"fr-FR\",\"potentialAction\":[{\"@type\":\"CommentAction\",\"name\":\"Comment\",\"target\":[\"https:\\\/\\\/www.elle.be\\\/fr\\\/432979-interview-exclusive-zaho-de-sagazan-ne-pas-juste-se-fondre-dans-la-masse-cest-ce-quil-y-a-de-plus-beau-au-monde.html#respond\"]}]},{\"@type\":\"WebPage\",\"@id\":\"https:\\\/\\\/www.elle.be\\\/fr\\\/432979-interview-exclusive-zaho-de-sagazan-ne-pas-juste-se-fondre-dans-la-masse-cest-ce-quil-y-a-de-plus-beau-au-monde.html\",\"url\":\"https:\\\/\\\/www.elle.be\\\/fr\\\/432979-interview-exclusive-zaho-de-sagazan-ne-pas-juste-se-fondre-dans-la-masse-cest-ce-quil-y-a-de-plus-beau-au-monde.html\",\"name\":\"Interview exclusive Zaho de Sagazan : \\\"Ne pas juste se fondre dans la masse, c'est ce qu'il y a de plus beau au monde\\\" - ELLE.be\",\"isPartOf\":{\"@id\":\"https:\\\/\\\/www.elle.be\\\/fr\\\/#website\"},\"primaryImageOfPage\":{\"@id\":\"https:\\\/\\\/www.elle.be\\\/fr\\\/432979-interview-exclusive-zaho-de-sagazan-ne-pas-juste-se-fondre-dans-la-masse-cest-ce-quil-y-a-de-plus-beau-au-monde.html#primaryimage\"},\"image\":{\"@id\":\"https:\\\/\\\/www.elle.be\\\/fr\\\/432979-interview-exclusive-zaho-de-sagazan-ne-pas-juste-se-fondre-dans-la-masse-cest-ce-quil-y-a-de-plus-beau-au-monde.html#primaryimage\"},\"thumbnailUrl\":\"https:\\\/\\\/www.elle.be\\\/fr\\\/wp-content\\\/uploads\\\/2024\\\/09\\\/zds-2024-by-zoe-joubert-0001.jpg\",\"datePublished\":\"2024-10-09T05:37:56+00:00\",\"description\":\"Zaho de Sagazan nous parle de sa vie de star qui n\u2019a rien de filante, entre \u00ab modern love \u00bb sans fronti\u00e8res et \u00ab dreams are my reality \u00bb.\u00a0\",\"breadcrumb\":{\"@id\":\"https:\\\/\\\/www.elle.be\\\/fr\\\/432979-interview-exclusive-zaho-de-sagazan-ne-pas-juste-se-fondre-dans-la-masse-cest-ce-quil-y-a-de-plus-beau-au-monde.html#breadcrumb\"},\"inLanguage\":\"fr-FR\",\"potentialAction\":[{\"@type\":\"ReadAction\",\"target\":[\"https:\\\/\\\/www.elle.be\\\/fr\\\/432979-interview-exclusive-zaho-de-sagazan-ne-pas-juste-se-fondre-dans-la-masse-cest-ce-quil-y-a-de-plus-beau-au-monde.html\"]}]},{\"@type\":\"ImageObject\",\"inLanguage\":\"fr-FR\",\"@id\":\"https:\\\/\\\/www.elle.be\\\/fr\\\/432979-interview-exclusive-zaho-de-sagazan-ne-pas-juste-se-fondre-dans-la-masse-cest-ce-quil-y-a-de-plus-beau-au-monde.html#primaryimage\",\"url\":\"https:\\\/\\\/www.elle.be\\\/fr\\\/wp-content\\\/uploads\\\/2024\\\/09\\\/zds-2024-by-zoe-joubert-0001.jpg\",\"contentUrl\":\"https:\\\/\\\/www.elle.be\\\/fr\\\/wp-content\\\/uploads\\\/2024\\\/09\\\/zds-2024-by-zoe-joubert-0001.jpg\",\"width\":1200,\"height\":628,\"caption\":\"\u00a9 Zoe Joubert\"},{\"@type\":\"BreadcrumbList\",\"@id\":\"https:\\\/\\\/www.elle.be\\\/fr\\\/432979-interview-exclusive-zaho-de-sagazan-ne-pas-juste-se-fondre-dans-la-masse-cest-ce-quil-y-a-de-plus-beau-au-monde.html#breadcrumb\",\"itemListElement\":[{\"@type\":\"ListItem\",\"position\":1,\"name\":\"FR\",\"item\":\"https:\\\/\\\/www.elle.be\\\/fr\"},{\"@type\":\"ListItem\",\"position\":2,\"name\":\"Actu\",\"item\":\"https:\\\/\\\/www.elle.be\\\/fr\\\/actu\"},{\"@type\":\"ListItem\",\"position\":3,\"name\":\"Interview exclusive Zaho de Sagazan : \u00ab\u00a0Ne pas juste se fondre dans la masse, c&rsquo;est ce qu&rsquo;il y a de plus beau au monde\u00a0\u00bb\"}]},{\"@type\":\"WebSite\",\"@id\":\"https:\\\/\\\/www.elle.be\\\/fr\\\/#website\",\"url\":\"https:\\\/\\\/www.elle.be\\\/fr\\\/\",\"name\":\"ELLE.be\",\"description\":\"Toutes les infos mode, beaut\u00e9 et lifestyle les plus pointues ainsi qu&#039;un contenu 100% belge d\u00e9clin\u00e9 \u00e0 360\u00b0sur le site ELLE.be, nos r\u00e9seaux sociaux et notre cha\u00eene Youtube.\",\"publisher\":{\"@id\":\"https:\\\/\\\/www.elle.be\\\/fr\\\/#organization\"},\"potentialAction\":[{\"@type\":\"SearchAction\",\"target\":{\"@type\":\"EntryPoint\",\"urlTemplate\":\"https:\\\/\\\/www.elle.be\\\/fr\\\/?s={search_term_string}\"},\"query-input\":{\"@type\":\"PropertyValueSpecification\",\"valueRequired\":true,\"valueName\":\"search_term_string\"}}],\"inLanguage\":\"fr-FR\"},{\"@type\":\"Organization\",\"@id\":\"https:\\\/\\\/www.elle.be\\\/fr\\\/#organization\",\"name\":\"ELLE Belgique\",\"url\":\"https:\\\/\\\/www.elle.be\\\/fr\\\/\",\"logo\":{\"@type\":\"ImageObject\",\"inLanguage\":\"fr-FR\",\"@id\":\"https:\\\/\\\/www.elle.be\\\/fr\\\/#\\\/schema\\\/logo\\\/image\\\/\",\"url\":\"https:\\\/\\\/www.elle.be\\\/fr\\\/wp-content\\\/uploads\\\/2017\\\/03\\\/elle-icon-200px.jpeg\",\"contentUrl\":\"https:\\\/\\\/www.elle.be\\\/fr\\\/wp-content\\\/uploads\\\/2017\\\/03\\\/elle-icon-200px.jpeg\",\"width\":200,\"height\":200,\"caption\":\"ELLE Belgique\"},\"image\":{\"@id\":\"https:\\\/\\\/www.elle.be\\\/fr\\\/#\\\/schema\\\/logo\\\/image\\\/\"},\"sameAs\":[\"https:\\\/\\\/www.facebook.com\\\/ELLEbelgium\\\/\",\"https:\\\/\\\/x.com\\\/ELLEBelgique\",\"http:\\\/\\\/instagram.com\\\/ellebelgique\\\/\",\"https:\\\/\\\/www.pinterest.com\\\/ellebelgique\\\/\",\"https:\\\/\\\/www.youtube.com\\\/user\\\/ELLEbelgique1\"]},{\"@type\":\"Person\",\"@id\":\"https:\\\/\\\/www.elle.be\\\/fr\\\/#\\\/schema\\\/person\\\/b4b7022e57c22f3a2a897195e43d6068\",\"name\":\"Noemi Dell'aira\",\"image\":{\"@type\":\"ImageObject\",\"inLanguage\":\"fr-FR\",\"@id\":\"https:\\\/\\\/secure.gravatar.com\\\/avatar\\\/d3a38bb3bea0af965ce2fc2689ae0097431faf234bc245a4ce26ef10705824cf?s=96&r=g\",\"url\":\"https:\\\/\\\/secure.gravatar.com\\\/avatar\\\/d3a38bb3bea0af965ce2fc2689ae0097431faf234bc245a4ce26ef10705824cf?s=96&r=g\",\"contentUrl\":\"https:\\\/\\\/secure.gravatar.com\\\/avatar\\\/d3a38bb3bea0af965ce2fc2689ae0097431faf234bc245a4ce26ef10705824cf?s=96&r=g\",\"caption\":\"Noemi Dell'aira\"},\"sameAs\":[\"https:\\\/\\\/www.instagram.com\\\/noemidellaira\\\/\"],\"url\":\"https:\\\/\\\/www.elle.be\\\/fr\\\/author\\\/noemi\"}]}<\/script>\n<!-- \/ Yoast SEO plugin. -->","yoast_head_json":{"title":"Interview exclusive Zaho de Sagazan : \"Ne pas juste se fondre dans la masse, c'est ce qu'il y a de plus beau au monde\" - ELLE.be","description":"Zaho de Sagazan nous parle de sa vie de star qui n\u2019a rien de filante, entre \u00ab modern love \u00bb sans fronti\u00e8res et \u00ab dreams are my reality \u00bb.\u00a0","robots":{"index":"index","follow":"follow","max-snippet":"max-snippet:-1","max-image-preview":"max-image-preview:large","max-video-preview":"max-video-preview:-1"},"canonical":"https:\/\/www.elle.be\/fr\/432979-interview-exclusive-zaho-de-sagazan-ne-pas-juste-se-fondre-dans-la-masse-cest-ce-quil-y-a-de-plus-beau-au-monde.html","og_locale":"fr_FR","og_type":"article","og_title":"Interview exclusive Zaho de Sagazan : \"Ne pas juste se fondre dans la masse, c'est ce qu'il y a de plus beau au monde\" - ELLE.be","og_description":"Zaho de Sagazan nous parle de sa vie de star qui n\u2019a rien de filante, entre \u00ab modern love \u00bb sans fronti\u00e8res et \u00ab dreams are my reality \u00bb.\u00a0","og_url":"https:\/\/www.elle.be\/fr\/432979-interview-exclusive-zaho-de-sagazan-ne-pas-juste-se-fondre-dans-la-masse-cest-ce-quil-y-a-de-plus-beau-au-monde.html","og_site_name":"ELLE.be","article_publisher":"https:\/\/www.facebook.com\/ELLEbelgium\/","article_published_time":"2024-10-09T05:37:56+00:00","og_image":[{"width":1200,"height":628,"url":"https:\/\/www.elle.be\/fr\/wp-content\/uploads\/2024\/09\/zds-2024-by-zoe-joubert-0001.jpg","type":"image\/jpeg"}],"author":"Noemi Dell'aira","twitter_card":"summary_large_image","twitter_creator":"@ELLEBelgique","twitter_site":"@ELLEBelgique","twitter_misc":{"\u00c9crit par":"Noemi Dell'aira","Dur\u00e9e de lecture estim\u00e9e":"7 minutes"},"schema":{"@context":"https:\/\/schema.org","@graph":[{"@type":"NewsArticle","@id":"https:\/\/www.elle.be\/fr\/432979-interview-exclusive-zaho-de-sagazan-ne-pas-juste-se-fondre-dans-la-masse-cest-ce-quil-y-a-de-plus-beau-au-monde.html#article","isPartOf":{"@id":"https:\/\/www.elle.be\/fr\/432979-interview-exclusive-zaho-de-sagazan-ne-pas-juste-se-fondre-dans-la-masse-cest-ce-quil-y-a-de-plus-beau-au-monde.html"},"author":{"name":"Noemi Dell'aira","@id":"https:\/\/www.elle.be\/fr\/#\/schema\/person\/b4b7022e57c22f3a2a897195e43d6068"},"headline":"Interview exclusive Zaho de Sagazan : &#8220;Ne pas juste se fondre dans la masse, c&#8217;est ce qu&#8217;il y a de plus beau au monde&#8221;","datePublished":"2024-10-09T05:37:56+00:00","mainEntityOfPage":{"@id":"https:\/\/www.elle.be\/fr\/432979-interview-exclusive-zaho-de-sagazan-ne-pas-juste-se-fondre-dans-la-masse-cest-ce-quil-y-a-de-plus-beau-au-monde.html"},"wordCount":1331,"commentCount":0,"publisher":{"@id":"https:\/\/www.elle.be\/fr\/#organization"},"image":{"@id":"https:\/\/www.elle.be\/fr\/432979-interview-exclusive-zaho-de-sagazan-ne-pas-juste-se-fondre-dans-la-masse-cest-ce-quil-y-a-de-plus-beau-au-monde.html#primaryimage"},"thumbnailUrl":"https:\/\/www.elle.be\/fr\/wp-content\/uploads\/2024\/09\/zds-2024-by-zoe-joubert-0001.jpg","keywords":["musique","culture","actu","interview"],"articleSection":["Actu","Culture"],"inLanguage":"fr-FR","potentialAction":[{"@type":"CommentAction","name":"Comment","target":["https:\/\/www.elle.be\/fr\/432979-interview-exclusive-zaho-de-sagazan-ne-pas-juste-se-fondre-dans-la-masse-cest-ce-quil-y-a-de-plus-beau-au-monde.html#respond"]}]},{"@type":"WebPage","@id":"https:\/\/www.elle.be\/fr\/432979-interview-exclusive-zaho-de-sagazan-ne-pas-juste-se-fondre-dans-la-masse-cest-ce-quil-y-a-de-plus-beau-au-monde.html","url":"https:\/\/www.elle.be\/fr\/432979-interview-exclusive-zaho-de-sagazan-ne-pas-juste-se-fondre-dans-la-masse-cest-ce-quil-y-a-de-plus-beau-au-monde.html","name":"Interview exclusive Zaho de Sagazan : \"Ne pas juste se fondre dans la masse, c'est ce qu'il y a de plus beau au monde\" - ELLE.be","isPartOf":{"@id":"https:\/\/www.elle.be\/fr\/#website"},"primaryImageOfPage":{"@id":"https:\/\/www.elle.be\/fr\/432979-interview-exclusive-zaho-de-sagazan-ne-pas-juste-se-fondre-dans-la-masse-cest-ce-quil-y-a-de-plus-beau-au-monde.html#primaryimage"},"image":{"@id":"https:\/\/www.elle.be\/fr\/432979-interview-exclusive-zaho-de-sagazan-ne-pas-juste-se-fondre-dans-la-masse-cest-ce-quil-y-a-de-plus-beau-au-monde.html#primaryimage"},"thumbnailUrl":"https:\/\/www.elle.be\/fr\/wp-content\/uploads\/2024\/09\/zds-2024-by-zoe-joubert-0001.jpg","datePublished":"2024-10-09T05:37:56+00:00","description":"Zaho de Sagazan nous parle de sa vie de star qui n\u2019a rien de filante, entre \u00ab modern love \u00bb sans fronti\u00e8res et \u00ab dreams are my reality \u00bb.\u00a0","breadcrumb":{"@id":"https:\/\/www.elle.be\/fr\/432979-interview-exclusive-zaho-de-sagazan-ne-pas-juste-se-fondre-dans-la-masse-cest-ce-quil-y-a-de-plus-beau-au-monde.html#breadcrumb"},"inLanguage":"fr-FR","potentialAction":[{"@type":"ReadAction","target":["https:\/\/www.elle.be\/fr\/432979-interview-exclusive-zaho-de-sagazan-ne-pas-juste-se-fondre-dans-la-masse-cest-ce-quil-y-a-de-plus-beau-au-monde.html"]}]},{"@type":"ImageObject","inLanguage":"fr-FR","@id":"https:\/\/www.elle.be\/fr\/432979-interview-exclusive-zaho-de-sagazan-ne-pas-juste-se-fondre-dans-la-masse-cest-ce-quil-y-a-de-plus-beau-au-monde.html#primaryimage","url":"https:\/\/www.elle.be\/fr\/wp-content\/uploads\/2024\/09\/zds-2024-by-zoe-joubert-0001.jpg","contentUrl":"https:\/\/www.elle.be\/fr\/wp-content\/uploads\/2024\/09\/zds-2024-by-zoe-joubert-0001.jpg","width":1200,"height":628,"caption":"\u00a9 Zoe Joubert"},{"@type":"BreadcrumbList","@id":"https:\/\/www.elle.be\/fr\/432979-interview-exclusive-zaho-de-sagazan-ne-pas-juste-se-fondre-dans-la-masse-cest-ce-quil-y-a-de-plus-beau-au-monde.html#breadcrumb","itemListElement":[{"@type":"ListItem","position":1,"name":"FR","item":"https:\/\/www.elle.be\/fr"},{"@type":"ListItem","position":2,"name":"Actu","item":"https:\/\/www.elle.be\/fr\/actu"},{"@type":"ListItem","position":3,"name":"Interview exclusive Zaho de Sagazan : \u00ab\u00a0Ne pas juste se fondre dans la masse, c&rsquo;est ce qu&rsquo;il y a de plus beau au monde\u00a0\u00bb"}]},{"@type":"WebSite","@id":"https:\/\/www.elle.be\/fr\/#website","url":"https:\/\/www.elle.be\/fr\/","name":"ELLE.be","description":"Toutes les infos mode, beaut\u00e9 et lifestyle les plus pointues ainsi qu&#039;un contenu 100% belge d\u00e9clin\u00e9 \u00e0 360\u00b0sur le site ELLE.be, nos r\u00e9seaux sociaux et notre cha\u00eene Youtube.","publisher":{"@id":"https:\/\/www.elle.be\/fr\/#organization"},"potentialAction":[{"@type":"SearchAction","target":{"@type":"EntryPoint","urlTemplate":"https:\/\/www.elle.be\/fr\/?s={search_term_string}"},"query-input":{"@type":"PropertyValueSpecification","valueRequired":true,"valueName":"search_term_string"}}],"inLanguage":"fr-FR"},{"@type":"Organization","@id":"https:\/\/www.elle.be\/fr\/#organization","name":"ELLE Belgique","url":"https:\/\/www.elle.be\/fr\/","logo":{"@type":"ImageObject","inLanguage":"fr-FR","@id":"https:\/\/www.elle.be\/fr\/#\/schema\/logo\/image\/","url":"https:\/\/www.elle.be\/fr\/wp-content\/uploads\/2017\/03\/elle-icon-200px.jpeg","contentUrl":"https:\/\/www.elle.be\/fr\/wp-content\/uploads\/2017\/03\/elle-icon-200px.jpeg","width":200,"height":200,"caption":"ELLE Belgique"},"image":{"@id":"https:\/\/www.elle.be\/fr\/#\/schema\/logo\/image\/"},"sameAs":["https:\/\/www.facebook.com\/ELLEbelgium\/","https:\/\/x.com\/ELLEBelgique","http:\/\/instagram.com\/ellebelgique\/","https:\/\/www.pinterest.com\/ellebelgique\/","https:\/\/www.youtube.com\/user\/ELLEbelgique1"]},{"@type":"Person","@id":"https:\/\/www.elle.be\/fr\/#\/schema\/person\/b4b7022e57c22f3a2a897195e43d6068","name":"Noemi Dell'aira","image":{"@type":"ImageObject","inLanguage":"fr-FR","@id":"https:\/\/secure.gravatar.com\/avatar\/d3a38bb3bea0af965ce2fc2689ae0097431faf234bc245a4ce26ef10705824cf?s=96&r=g","url":"https:\/\/secure.gravatar.com\/avatar\/d3a38bb3bea0af965ce2fc2689ae0097431faf234bc245a4ce26ef10705824cf?s=96&r=g","contentUrl":"https:\/\/secure.gravatar.com\/avatar\/d3a38bb3bea0af965ce2fc2689ae0097431faf234bc245a4ce26ef10705824cf?s=96&r=g","caption":"Noemi Dell'aira"},"sameAs":["https:\/\/www.instagram.com\/noemidellaira\/"],"url":"https:\/\/www.elle.be\/fr\/author\/noemi"}]}},"_links":{"self":[{"href":"https:\/\/www.elle.be\/fr\/wp-json\/wp\/v2\/posts\/432979","targetHints":{"allow":["GET"]}}],"collection":[{"href":"https:\/\/www.elle.be\/fr\/wp-json\/wp\/v2\/posts"}],"about":[{"href":"https:\/\/www.elle.be\/fr\/wp-json\/wp\/v2\/types\/post"}],"author":[{"embeddable":true,"href":"https:\/\/www.elle.be\/fr\/wp-json\/wp\/v2\/users\/102"}],"replies":[{"embeddable":true,"href":"https:\/\/www.elle.be\/fr\/wp-json\/wp\/v2\/comments?post=432979"}],"version-history":[{"count":4,"href":"https:\/\/www.elle.be\/fr\/wp-json\/wp\/v2\/posts\/432979\/revisions"}],"predecessor-version":[{"id":432987,"href":"https:\/\/www.elle.be\/fr\/wp-json\/wp\/v2\/posts\/432979\/revisions\/432987"}],"wp:featuredmedia":[{"embeddable":true,"href":"https:\/\/www.elle.be\/fr\/wp-json\/wp\/v2\/media\/432980"}],"wp:attachment":[{"href":"https:\/\/www.elle.be\/fr\/wp-json\/wp\/v2\/media?parent=432979"}],"wp:term":[{"taxonomy":"category","embeddable":true,"href":"https:\/\/www.elle.be\/fr\/wp-json\/wp\/v2\/categories?post=432979"},{"taxonomy":"post_tag","embeddable":true,"href":"https:\/\/www.elle.be\/fr\/wp-json\/wp\/v2\/tags?post=432979"}],"curies":[{"name":"wp","href":"https:\/\/api.w.org\/{rel}","templated":true}]}}