{"id":430595,"date":"2024-09-05T09:39:18","date_gmt":"2024-09-05T07:39:18","guid":{"rendered":"https:\/\/www.elle.be\/fr\/?p=430595"},"modified":"2024-08-29T10:22:03","modified_gmt":"2024-08-29T08:22:03","slug":"mode-20-marques-belges-a-redecouvrir","status":"publish","type":"post","link":"https:\/\/www.elle.be\/fr\/430595-mode-20-marques-belges-a-redecouvrir.html","title":{"rendered":"Mode : 20 marques belges \u00e0 (re)d\u00e9couvrir"},"content":{"rendered":"","protected":false},"excerpt":{"rendered":"Avons-nous vraiment besoin d&#8217;une occasion particuli\u00e8re pour mettre en lumi\u00e8re la mode belge ? Absolument pas ! Voici 20 jolies marques belges \u00e0 (re)d\u00e9couvrir cette saison.","protected":false},"author":102,"featured_media":430634,"comment_status":"open","ping_status":"closed","sticky":false,"template":"","format":"standard","meta":{"_acf_changed":false,"footnotes":""},"categories":[3965,5],"tags":[105,658,1079,4190],"class_list":["post-430595","post","type-post","status-publish","format-standard","has-post-thumbnail","hentry","category-news-mode","category-mode","tag-belgique","tag-fashion","tag-mode","tag-marques-belges"],"acf":[],"image_verticale":"430633","_yoast_wpseo_title":null,"_yoast_wpseo_metadesc":"Envie de soutenir les marques belges ? En voici 20 \u00e0 (re)d\u00e9couvrir pour int\u00e9grer plus de belge dans vos dressings.","_yoast_wpseo_focuskw_text_input":null,"_yoast_wpseo_opengraph-title":null,"yoast_head":"<!-- This site is optimized with the Yoast SEO plugin v27.4 - https:\/\/yoast.com\/product\/yoast-seo-wordpress\/ -->\n<title>Mode : 20 marques belges \u00e0 (re)d\u00e9couvrir - ELLE.be<\/title>\n<meta name=\"description\" content=\"Envie de soutenir les marques belges ? En voici 20 \u00e0 (re)d\u00e9couvrir pour int\u00e9grer plus de belge dans vos dressings.\" \/>\n<meta name=\"robots\" content=\"index, follow, max-snippet:-1, max-image-preview:large, max-video-preview:-1\" \/>\n<link rel=\"canonical\" href=\"https:\/\/www.elle.be\/fr\/430595-mode-20-marques-belges-a-redecouvrir.html\" \/>\n<meta property=\"og:locale\" content=\"fr_FR\" \/>\n<meta property=\"og:type\" content=\"article\" \/>\n<meta property=\"og:title\" content=\"Mode : 20 marques belges \u00e0 (re)d\u00e9couvrir - ELLE.be\" \/>\n<meta property=\"og:description\" content=\"Envie de soutenir les marques belges ? En voici 20 \u00e0 (re)d\u00e9couvrir pour int\u00e9grer plus de belge dans vos dressings.\" \/>\n<meta property=\"og:url\" content=\"https:\/\/www.elle.be\/fr\/430595-mode-20-marques-belges-a-redecouvrir.html\" \/>\n<meta property=\"og:site_name\" content=\"ELLE.be\" \/>\n<meta property=\"article:publisher\" content=\"https:\/\/www.facebook.com\/ELLEbelgium\/\" \/>\n<meta property=\"article:published_time\" content=\"2024-09-05T07:39:18+00:00\" \/>\n<meta property=\"og:image\" content=\"https:\/\/www.elle.be\/fr\/wp-content\/uploads\/2024\/08\/rosie-aw24-shot-005-152-copy.png\" \/>\n\t<meta property=\"og:image:width\" content=\"1200\" \/>\n\t<meta property=\"og:image:height\" content=\"628\" \/>\n\t<meta property=\"og:image:type\" content=\"image\/png\" \/>\n<meta name=\"author\" content=\"Noemi Dell&#039;aira\" \/>\n<meta name=\"twitter:card\" content=\"summary_large_image\" \/>\n<meta name=\"twitter:creator\" content=\"@ELLEBelgique\" \/>\n<meta name=\"twitter:site\" content=\"@ELLEBelgique\" \/>\n<meta name=\"twitter:label1\" content=\"\u00c9crit par\" \/>\n\t<meta name=\"twitter:data1\" content=\"Noemi Dell&#039;aira\" \/>\n\t<meta name=\"twitter:label2\" content=\"Dur\u00e9e de lecture estim\u00e9e\" \/>\n\t<meta name=\"twitter:data2\" content=\"10 minutes\" \/>\n<script type=\"application\/ld+json\" class=\"yoast-schema-graph\">{\"@context\":\"https:\\\/\\\/schema.org\",\"@graph\":[{\"@type\":\"NewsArticle\",\"@id\":\"https:\\\/\\\/www.elle.be\\\/fr\\\/430595-mode-20-marques-belges-a-redecouvrir.html#article\",\"isPartOf\":{\"@id\":\"https:\\\/\\\/www.elle.be\\\/fr\\\/430595-mode-20-marques-belges-a-redecouvrir.html\"},\"author\":{\"name\":\"Noemi Dell'aira\",\"@id\":\"https:\\\/\\\/www.elle.be\\\/fr\\\/#\\\/schema\\\/person\\\/b4b7022e57c22f3a2a897195e43d6068\"},\"headline\":\"Mode : 20 marques belges \u00e0 (re)d\u00e9couvrir\",\"datePublished\":\"2024-09-05T07:39:18+00:00\",\"mainEntityOfPage\":{\"@id\":\"https:\\\/\\\/www.elle.be\\\/fr\\\/430595-mode-20-marques-belges-a-redecouvrir.html\"},\"wordCount\":2223,\"commentCount\":0,\"publisher\":{\"@id\":\"https:\\\/\\\/www.elle.be\\\/fr\\\/#organization\"},\"image\":{\"@id\":\"https:\\\/\\\/www.elle.be\\\/fr\\\/430595-mode-20-marques-belges-a-redecouvrir.html#primaryimage\"},\"thumbnailUrl\":\"https:\\\/\\\/www.elle.be\\\/fr\\\/wp-content\\\/uploads\\\/2024\\\/08\\\/rosie-aw24-shot-005-152-copy.png\",\"keywords\":[\"belgique\",\"fashion\",\"mode\",\"marques belges\"],\"articleSection\":[\"News Mode\",\"Mode\"],\"inLanguage\":\"fr-FR\",\"potentialAction\":[{\"@type\":\"CommentAction\",\"name\":\"Comment\",\"target\":[\"https:\\\/\\\/www.elle.be\\\/fr\\\/430595-mode-20-marques-belges-a-redecouvrir.html#respond\"]}]},{\"@type\":\"WebPage\",\"@id\":\"https:\\\/\\\/www.elle.be\\\/fr\\\/430595-mode-20-marques-belges-a-redecouvrir.html\",\"url\":\"https:\\\/\\\/www.elle.be\\\/fr\\\/430595-mode-20-marques-belges-a-redecouvrir.html\",\"name\":\"Mode : 20 marques belges \u00e0 (re)d\u00e9couvrir - ELLE.be\",\"isPartOf\":{\"@id\":\"https:\\\/\\\/www.elle.be\\\/fr\\\/#website\"},\"primaryImageOfPage\":{\"@id\":\"https:\\\/\\\/www.elle.be\\\/fr\\\/430595-mode-20-marques-belges-a-redecouvrir.html#primaryimage\"},\"image\":{\"@id\":\"https:\\\/\\\/www.elle.be\\\/fr\\\/430595-mode-20-marques-belges-a-redecouvrir.html#primaryimage\"},\"thumbnailUrl\":\"https:\\\/\\\/www.elle.be\\\/fr\\\/wp-content\\\/uploads\\\/2024\\\/08\\\/rosie-aw24-shot-005-152-copy.png\",\"datePublished\":\"2024-09-05T07:39:18+00:00\",\"description\":\"Envie de soutenir les marques belges ? En voici 20 \u00e0 (re)d\u00e9couvrir pour int\u00e9grer plus de belge dans vos dressings.\",\"breadcrumb\":{\"@id\":\"https:\\\/\\\/www.elle.be\\\/fr\\\/430595-mode-20-marques-belges-a-redecouvrir.html#breadcrumb\"},\"inLanguage\":\"fr-FR\",\"potentialAction\":[{\"@type\":\"ReadAction\",\"target\":[\"https:\\\/\\\/www.elle.be\\\/fr\\\/430595-mode-20-marques-belges-a-redecouvrir.html\"]}]},{\"@type\":\"ImageObject\",\"inLanguage\":\"fr-FR\",\"@id\":\"https:\\\/\\\/www.elle.be\\\/fr\\\/430595-mode-20-marques-belges-a-redecouvrir.html#primaryimage\",\"url\":\"https:\\\/\\\/www.elle.be\\\/fr\\\/wp-content\\\/uploads\\\/2024\\\/08\\\/rosie-aw24-shot-005-152-copy.png\",\"contentUrl\":\"https:\\\/\\\/www.elle.be\\\/fr\\\/wp-content\\\/uploads\\\/2024\\\/08\\\/rosie-aw24-shot-005-152-copy.png\",\"width\":1200,\"height\":628,\"caption\":\"Rosie Antwerp AW24\"},{\"@type\":\"BreadcrumbList\",\"@id\":\"https:\\\/\\\/www.elle.be\\\/fr\\\/430595-mode-20-marques-belges-a-redecouvrir.html#breadcrumb\",\"itemListElement\":[{\"@type\":\"ListItem\",\"position\":1,\"name\":\"FR\",\"item\":\"https:\\\/\\\/www.elle.be\\\/fr\"},{\"@type\":\"ListItem\",\"position\":2,\"name\":\"Mode\",\"item\":\"https:\\\/\\\/www.elle.be\\\/fr\\\/mode\"},{\"@type\":\"ListItem\",\"position\":3,\"name\":\"Mode : 20 marques belges \u00e0 (re)d\u00e9couvrir\"}]},{\"@type\":\"WebSite\",\"@id\":\"https:\\\/\\\/www.elle.be\\\/fr\\\/#website\",\"url\":\"https:\\\/\\\/www.elle.be\\\/fr\\\/\",\"name\":\"ELLE.be\",\"description\":\"Toutes les infos mode, beaut\u00e9 et lifestyle les plus pointues ainsi qu&#039;un contenu 100% belge d\u00e9clin\u00e9 \u00e0 360\u00b0sur le site ELLE.be, nos r\u00e9seaux sociaux et notre cha\u00eene Youtube.\",\"publisher\":{\"@id\":\"https:\\\/\\\/www.elle.be\\\/fr\\\/#organization\"},\"potentialAction\":[{\"@type\":\"SearchAction\",\"target\":{\"@type\":\"EntryPoint\",\"urlTemplate\":\"https:\\\/\\\/www.elle.be\\\/fr\\\/?s={search_term_string}\"},\"query-input\":{\"@type\":\"PropertyValueSpecification\",\"valueRequired\":true,\"valueName\":\"search_term_string\"}}],\"inLanguage\":\"fr-FR\"},{\"@type\":\"Organization\",\"@id\":\"https:\\\/\\\/www.elle.be\\\/fr\\\/#organization\",\"name\":\"ELLE Belgique\",\"url\":\"https:\\\/\\\/www.elle.be\\\/fr\\\/\",\"logo\":{\"@type\":\"ImageObject\",\"inLanguage\":\"fr-FR\",\"@id\":\"https:\\\/\\\/www.elle.be\\\/fr\\\/#\\\/schema\\\/logo\\\/image\\\/\",\"url\":\"https:\\\/\\\/www.elle.be\\\/fr\\\/wp-content\\\/uploads\\\/2017\\\/03\\\/elle-icon-200px.jpeg\",\"contentUrl\":\"https:\\\/\\\/www.elle.be\\\/fr\\\/wp-content\\\/uploads\\\/2017\\\/03\\\/elle-icon-200px.jpeg\",\"width\":200,\"height\":200,\"caption\":\"ELLE Belgique\"},\"image\":{\"@id\":\"https:\\\/\\\/www.elle.be\\\/fr\\\/#\\\/schema\\\/logo\\\/image\\\/\"},\"sameAs\":[\"https:\\\/\\\/www.facebook.com\\\/ELLEbelgium\\\/\",\"https:\\\/\\\/x.com\\\/ELLEBelgique\",\"http:\\\/\\\/instagram.com\\\/ellebelgique\\\/\",\"https:\\\/\\\/www.pinterest.com\\\/ellebelgique\\\/\",\"https:\\\/\\\/www.youtube.com\\\/user\\\/ELLEbelgique1\"]},{\"@type\":\"Person\",\"@id\":\"https:\\\/\\\/www.elle.be\\\/fr\\\/#\\\/schema\\\/person\\\/b4b7022e57c22f3a2a897195e43d6068\",\"name\":\"Noemi Dell'aira\",\"image\":{\"@type\":\"ImageObject\",\"inLanguage\":\"fr-FR\",\"@id\":\"https:\\\/\\\/secure.gravatar.com\\\/avatar\\\/d3a38bb3bea0af965ce2fc2689ae0097431faf234bc245a4ce26ef10705824cf?s=96&r=g\",\"url\":\"https:\\\/\\\/secure.gravatar.com\\\/avatar\\\/d3a38bb3bea0af965ce2fc2689ae0097431faf234bc245a4ce26ef10705824cf?s=96&r=g\",\"contentUrl\":\"https:\\\/\\\/secure.gravatar.com\\\/avatar\\\/d3a38bb3bea0af965ce2fc2689ae0097431faf234bc245a4ce26ef10705824cf?s=96&r=g\",\"caption\":\"Noemi Dell'aira\"},\"sameAs\":[\"https:\\\/\\\/www.instagram.com\\\/noemidellaira\\\/\"],\"url\":\"https:\\\/\\\/www.elle.be\\\/fr\\\/author\\\/noemi\"}]}<\/script>\n<!-- \/ Yoast SEO plugin. -->","yoast_head_json":{"title":"Mode : 20 marques belges \u00e0 (re)d\u00e9couvrir - ELLE.be","description":"Envie de soutenir les marques belges ? En voici 20 \u00e0 (re)d\u00e9couvrir pour int\u00e9grer plus de belge dans vos dressings.","robots":{"index":"index","follow":"follow","max-snippet":"max-snippet:-1","max-image-preview":"max-image-preview:large","max-video-preview":"max-video-preview:-1"},"canonical":"https:\/\/www.elle.be\/fr\/430595-mode-20-marques-belges-a-redecouvrir.html","og_locale":"fr_FR","og_type":"article","og_title":"Mode : 20 marques belges \u00e0 (re)d\u00e9couvrir - ELLE.be","og_description":"Envie de soutenir les marques belges ? En voici 20 \u00e0 (re)d\u00e9couvrir pour int\u00e9grer plus de belge dans vos dressings.","og_url":"https:\/\/www.elle.be\/fr\/430595-mode-20-marques-belges-a-redecouvrir.html","og_site_name":"ELLE.be","article_publisher":"https:\/\/www.facebook.com\/ELLEbelgium\/","article_published_time":"2024-09-05T07:39:18+00:00","og_image":[{"width":1200,"height":628,"url":"https:\/\/www.elle.be\/fr\/wp-content\/uploads\/2024\/08\/rosie-aw24-shot-005-152-copy.png","type":"image\/png"}],"author":"Noemi Dell'aira","twitter_card":"summary_large_image","twitter_creator":"@ELLEBelgique","twitter_site":"@ELLEBelgique","twitter_misc":{"\u00c9crit par":"Noemi Dell'aira","Dur\u00e9e de lecture estim\u00e9e":"10 minutes"},"schema":{"@context":"https:\/\/schema.org","@graph":[{"@type":"NewsArticle","@id":"https:\/\/www.elle.be\/fr\/430595-mode-20-marques-belges-a-redecouvrir.html#article","isPartOf":{"@id":"https:\/\/www.elle.be\/fr\/430595-mode-20-marques-belges-a-redecouvrir.html"},"author":{"name":"Noemi Dell'aira","@id":"https:\/\/www.elle.be\/fr\/#\/schema\/person\/b4b7022e57c22f3a2a897195e43d6068"},"headline":"Mode : 20 marques belges \u00e0 (re)d\u00e9couvrir","datePublished":"2024-09-05T07:39:18+00:00","mainEntityOfPage":{"@id":"https:\/\/www.elle.be\/fr\/430595-mode-20-marques-belges-a-redecouvrir.html"},"wordCount":2223,"commentCount":0,"publisher":{"@id":"https:\/\/www.elle.be\/fr\/#organization"},"image":{"@id":"https:\/\/www.elle.be\/fr\/430595-mode-20-marques-belges-a-redecouvrir.html#primaryimage"},"thumbnailUrl":"https:\/\/www.elle.be\/fr\/wp-content\/uploads\/2024\/08\/rosie-aw24-shot-005-152-copy.png","keywords":["belgique","fashion","mode","marques belges"],"articleSection":["News Mode","Mode"],"inLanguage":"fr-FR","potentialAction":[{"@type":"CommentAction","name":"Comment","target":["https:\/\/www.elle.be\/fr\/430595-mode-20-marques-belges-a-redecouvrir.html#respond"]}]},{"@type":"WebPage","@id":"https:\/\/www.elle.be\/fr\/430595-mode-20-marques-belges-a-redecouvrir.html","url":"https:\/\/www.elle.be\/fr\/430595-mode-20-marques-belges-a-redecouvrir.html","name":"Mode : 20 marques belges \u00e0 (re)d\u00e9couvrir - ELLE.be","isPartOf":{"@id":"https:\/\/www.elle.be\/fr\/#website"},"primaryImageOfPage":{"@id":"https:\/\/www.elle.be\/fr\/430595-mode-20-marques-belges-a-redecouvrir.html#primaryimage"},"image":{"@id":"https:\/\/www.elle.be\/fr\/430595-mode-20-marques-belges-a-redecouvrir.html#primaryimage"},"thumbnailUrl":"https:\/\/www.elle.be\/fr\/wp-content\/uploads\/2024\/08\/rosie-aw24-shot-005-152-copy.png","datePublished":"2024-09-05T07:39:18+00:00","description":"Envie de soutenir les marques belges ? En voici 20 \u00e0 (re)d\u00e9couvrir pour int\u00e9grer plus de belge dans vos dressings.","breadcrumb":{"@id":"https:\/\/www.elle.be\/fr\/430595-mode-20-marques-belges-a-redecouvrir.html#breadcrumb"},"inLanguage":"fr-FR","potentialAction":[{"@type":"ReadAction","target":["https:\/\/www.elle.be\/fr\/430595-mode-20-marques-belges-a-redecouvrir.html"]}]},{"@type":"ImageObject","inLanguage":"fr-FR","@id":"https:\/\/www.elle.be\/fr\/430595-mode-20-marques-belges-a-redecouvrir.html#primaryimage","url":"https:\/\/www.elle.be\/fr\/wp-content\/uploads\/2024\/08\/rosie-aw24-shot-005-152-copy.png","contentUrl":"https:\/\/www.elle.be\/fr\/wp-content\/uploads\/2024\/08\/rosie-aw24-shot-005-152-copy.png","width":1200,"height":628,"caption":"Rosie Antwerp AW24"},{"@type":"BreadcrumbList","@id":"https:\/\/www.elle.be\/fr\/430595-mode-20-marques-belges-a-redecouvrir.html#breadcrumb","itemListElement":[{"@type":"ListItem","position":1,"name":"FR","item":"https:\/\/www.elle.be\/fr"},{"@type":"ListItem","position":2,"name":"Mode","item":"https:\/\/www.elle.be\/fr\/mode"},{"@type":"ListItem","position":3,"name":"Mode : 20 marques belges \u00e0 (re)d\u00e9couvrir"}]},{"@type":"WebSite","@id":"https:\/\/www.elle.be\/fr\/#website","url":"https:\/\/www.elle.be\/fr\/","name":"ELLE.be","description":"Toutes les infos mode, beaut\u00e9 et lifestyle les plus pointues ainsi qu&#039;un contenu 100% belge d\u00e9clin\u00e9 \u00e0 360\u00b0sur le site ELLE.be, nos r\u00e9seaux sociaux et notre cha\u00eene Youtube.","publisher":{"@id":"https:\/\/www.elle.be\/fr\/#organization"},"potentialAction":[{"@type":"SearchAction","target":{"@type":"EntryPoint","urlTemplate":"https:\/\/www.elle.be\/fr\/?s={search_term_string}"},"query-input":{"@type":"PropertyValueSpecification","valueRequired":true,"valueName":"search_term_string"}}],"inLanguage":"fr-FR"},{"@type":"Organization","@id":"https:\/\/www.elle.be\/fr\/#organization","name":"ELLE Belgique","url":"https:\/\/www.elle.be\/fr\/","logo":{"@type":"ImageObject","inLanguage":"fr-FR","@id":"https:\/\/www.elle.be\/fr\/#\/schema\/logo\/image\/","url":"https:\/\/www.elle.be\/fr\/wp-content\/uploads\/2017\/03\/elle-icon-200px.jpeg","contentUrl":"https:\/\/www.elle.be\/fr\/wp-content\/uploads\/2017\/03\/elle-icon-200px.jpeg","width":200,"height":200,"caption":"ELLE Belgique"},"image":{"@id":"https:\/\/www.elle.be\/fr\/#\/schema\/logo\/image\/"},"sameAs":["https:\/\/www.facebook.com\/ELLEbelgium\/","https:\/\/x.com\/ELLEBelgique","http:\/\/instagram.com\/ellebelgique\/","https:\/\/www.pinterest.com\/ellebelgique\/","https:\/\/www.youtube.com\/user\/ELLEbelgique1"]},{"@type":"Person","@id":"https:\/\/www.elle.be\/fr\/#\/schema\/person\/b4b7022e57c22f3a2a897195e43d6068","name":"Noemi Dell'aira","image":{"@type":"ImageObject","inLanguage":"fr-FR","@id":"https:\/\/secure.gravatar.com\/avatar\/d3a38bb3bea0af965ce2fc2689ae0097431faf234bc245a4ce26ef10705824cf?s=96&r=g","url":"https:\/\/secure.gravatar.com\/avatar\/d3a38bb3bea0af965ce2fc2689ae0097431faf234bc245a4ce26ef10705824cf?s=96&r=g","contentUrl":"https:\/\/secure.gravatar.com\/avatar\/d3a38bb3bea0af965ce2fc2689ae0097431faf234bc245a4ce26ef10705824cf?s=96&r=g","caption":"Noemi Dell'aira"},"sameAs":["https:\/\/www.instagram.com\/noemidellaira\/"],"url":"https:\/\/www.elle.be\/fr\/author\/noemi"}]}},"_links":{"self":[{"href":"https:\/\/www.elle.be\/fr\/wp-json\/wp\/v2\/posts\/430595","targetHints":{"allow":["GET"]}}],"collection":[{"href":"https:\/\/www.elle.be\/fr\/wp-json\/wp\/v2\/posts"}],"about":[{"href":"https:\/\/www.elle.be\/fr\/wp-json\/wp\/v2\/types\/post"}],"author":[{"embeddable":true,"href":"https:\/\/www.elle.be\/fr\/wp-json\/wp\/v2\/users\/102"}],"replies":[{"embeddable":true,"href":"https:\/\/www.elle.be\/fr\/wp-json\/wp\/v2\/comments?post=430595"}],"version-history":[{"count":9,"href":"https:\/\/www.elle.be\/fr\/wp-json\/wp\/v2\/posts\/430595\/revisions"}],"predecessor-version":[{"id":430639,"href":"https:\/\/www.elle.be\/fr\/wp-json\/wp\/v2\/posts\/430595\/revisions\/430639"}],"wp:featuredmedia":[{"embeddable":true,"href":"https:\/\/www.elle.be\/fr\/wp-json\/wp\/v2\/media\/430634"}],"wp:attachment":[{"href":"https:\/\/www.elle.be\/fr\/wp-json\/wp\/v2\/media?parent=430595"}],"wp:term":[{"taxonomy":"category","embeddable":true,"href":"https:\/\/www.elle.be\/fr\/wp-json\/wp\/v2\/categories?post=430595"},{"taxonomy":"post_tag","embeddable":true,"href":"https:\/\/www.elle.be\/fr\/wp-json\/wp\/v2\/tags?post=430595"}],"curies":[{"name":"wp","href":"https:\/\/api.w.org\/{rel}","templated":true}]}}