{"id":428744,"date":"2024-10-07T11:30:51","date_gmt":"2024-10-07T09:30:51","guid":{"rendered":"https:\/\/www.elle.be\/fr\/?p=428744"},"modified":"2024-10-10T16:41:13","modified_gmt":"2024-10-10T14:41:13","slug":"un-evenement-solidaire-et-glamour-pour-toutes-les-femmes-touchees-par-le-cancer","status":"publish","type":"post","link":"https:\/\/www.elle.be\/fr\/428744-un-evenement-solidaire-et-glamour-pour-toutes-les-femmes-touchees-par-le-cancer.html","title":{"rendered":"Un \u00e9v\u00e9nement solidaire et glamour pour toutes les femmes"},"content":{"rendered":"","protected":false},"excerpt":{"rendered":"Le samedi 12 octobre 2024, ELLE organisera un \u00e9v\u00e9nement exceptionnel, au c\u0153ur du shopping City 2, d\u00e9di\u00e9 \u00e0 toutes les femmes mais aussi \u00e0 celles atteintes, gu\u00e9ries ou touch\u00e9es par le cancer.","protected":false},"author":47,"featured_media":428745,"comment_status":"open","ping_status":"closed","sticky":false,"template":"","format":"standard","meta":{"_acf_changed":false,"footnotes":""},"categories":[2202,1186],"tags":[],"class_list":["post-428744","post","type-post","status-publish","format-standard","has-post-thumbnail","hentry","category-news-actu","category-actu"],"acf":[],"image_verticale":"428746","_yoast_wpseo_title":"City 2 x ELLE: un \u00e9v\u00e9nement solidaire et glamour %%page%% %%sep%% %%sitename%%","_yoast_wpseo_metadesc":"Cet \u00e9v\u00e9nement unique organis\u00e9 au City 2 en son genre apportera du r\u00e9confort, de la joie et de l'inspiration \u00e0 toutes les femmes pr\u00e9sentes","_yoast_wpseo_focuskw_text_input":null,"_yoast_wpseo_opengraph-title":null,"yoast_head":"<!-- This site is optimized with the Yoast SEO plugin v27.4 - https:\/\/yoast.com\/product\/yoast-seo-wordpress\/ -->\n<title>City 2 x ELLE: un \u00e9v\u00e9nement solidaire et glamour - ELLE.be<\/title>\n<meta name=\"description\" content=\"Cet \u00e9v\u00e9nement unique organis\u00e9 au City 2 en son genre apportera du r\u00e9confort, de la joie et de l&#039;inspiration \u00e0 toutes les femmes pr\u00e9sentes\" \/>\n<meta name=\"robots\" content=\"index, follow, max-snippet:-1, max-image-preview:large, max-video-preview:-1\" \/>\n<link rel=\"canonical\" href=\"https:\/\/www.elle.be\/fr\/428744-un-evenement-solidaire-et-glamour-pour-toutes-les-femmes-touchees-par-le-cancer.html\" \/>\n<meta property=\"og:locale\" content=\"fr_FR\" \/>\n<meta property=\"og:type\" content=\"article\" \/>\n<meta property=\"og:title\" content=\"City 2 x ELLE: un \u00e9v\u00e9nement solidaire et glamour - ELLE.be\" \/>\n<meta property=\"og:description\" content=\"Cet \u00e9v\u00e9nement unique organis\u00e9 au City 2 en son genre apportera du r\u00e9confort, de la joie et de l&#039;inspiration \u00e0 toutes les femmes pr\u00e9sentes\" \/>\n<meta property=\"og:url\" content=\"https:\/\/www.elle.be\/fr\/428744-un-evenement-solidaire-et-glamour-pour-toutes-les-femmes-touchees-par-le-cancer.html\" \/>\n<meta property=\"og:site_name\" content=\"ELLE.be\" \/>\n<meta property=\"article:publisher\" content=\"https:\/\/www.facebook.com\/ELLEbelgium\/\" \/>\n<meta property=\"article:published_time\" content=\"2024-10-07T09:30:51+00:00\" \/>\n<meta property=\"article:modified_time\" content=\"2024-10-10T14:41:13+00:00\" \/>\n<meta property=\"og:image\" content=\"https:\/\/www.elle.be\/fr\/wp-content\/uploads\/2024\/07\/cover-city2.jpg\" \/>\n\t<meta property=\"og:image:width\" content=\"1200\" \/>\n\t<meta property=\"og:image:height\" content=\"628\" \/>\n\t<meta property=\"og:image:type\" content=\"image\/jpeg\" \/>\n<meta name=\"author\" content=\"ELLE Partenaire\" \/>\n<meta name=\"twitter:card\" content=\"summary_large_image\" \/>\n<meta name=\"twitter:creator\" content=\"@ELLEBelgique\" \/>\n<meta name=\"twitter:site\" content=\"@ELLEBelgique\" \/>\n<meta name=\"twitter:label1\" content=\"\u00c9crit par\" \/>\n\t<meta name=\"twitter:data1\" content=\"ELLE Partenaire\" \/>\n\t<meta name=\"twitter:label2\" content=\"Dur\u00e9e de lecture estim\u00e9e\" \/>\n\t<meta name=\"twitter:data2\" content=\"4 minutes\" \/>\n<script type=\"application\/ld+json\" class=\"yoast-schema-graph\">{\"@context\":\"https:\\\/\\\/schema.org\",\"@graph\":[{\"@type\":\"NewsArticle\",\"@id\":\"https:\\\/\\\/www.elle.be\\\/fr\\\/428744-un-evenement-solidaire-et-glamour-pour-toutes-les-femmes-touchees-par-le-cancer.html#article\",\"isPartOf\":{\"@id\":\"https:\\\/\\\/www.elle.be\\\/fr\\\/428744-un-evenement-solidaire-et-glamour-pour-toutes-les-femmes-touchees-par-le-cancer.html\"},\"author\":{\"name\":\"ELLE Partenaire\",\"@id\":\"https:\\\/\\\/www.elle.be\\\/fr\\\/#\\\/schema\\\/person\\\/2c7693f13ee3d4992850ec2ff033c586\"},\"headline\":\"Un \u00e9v\u00e9nement solidaire et glamour pour toutes les femmes\",\"datePublished\":\"2024-10-07T09:30:51+00:00\",\"dateModified\":\"2024-10-10T14:41:13+00:00\",\"mainEntityOfPage\":{\"@id\":\"https:\\\/\\\/www.elle.be\\\/fr\\\/428744-un-evenement-solidaire-et-glamour-pour-toutes-les-femmes-touchees-par-le-cancer.html\"},\"wordCount\":713,\"commentCount\":0,\"publisher\":{\"@id\":\"https:\\\/\\\/www.elle.be\\\/fr\\\/#organization\"},\"image\":{\"@id\":\"https:\\\/\\\/www.elle.be\\\/fr\\\/428744-un-evenement-solidaire-et-glamour-pour-toutes-les-femmes-touchees-par-le-cancer.html#primaryimage\"},\"thumbnailUrl\":\"https:\\\/\\\/www.elle.be\\\/fr\\\/wp-content\\\/uploads\\\/2024\\\/07\\\/cover-city2.jpg\",\"articleSection\":[\"News Actu\",\"Actu\"],\"inLanguage\":\"fr-FR\",\"potentialAction\":[{\"@type\":\"CommentAction\",\"name\":\"Comment\",\"target\":[\"https:\\\/\\\/www.elle.be\\\/fr\\\/428744-un-evenement-solidaire-et-glamour-pour-toutes-les-femmes-touchees-par-le-cancer.html#respond\"]}]},{\"@type\":\"WebPage\",\"@id\":\"https:\\\/\\\/www.elle.be\\\/fr\\\/428744-un-evenement-solidaire-et-glamour-pour-toutes-les-femmes-touchees-par-le-cancer.html\",\"url\":\"https:\\\/\\\/www.elle.be\\\/fr\\\/428744-un-evenement-solidaire-et-glamour-pour-toutes-les-femmes-touchees-par-le-cancer.html\",\"name\":\"City 2 x ELLE: un \u00e9v\u00e9nement solidaire et glamour - ELLE.be\",\"isPartOf\":{\"@id\":\"https:\\\/\\\/www.elle.be\\\/fr\\\/#website\"},\"primaryImageOfPage\":{\"@id\":\"https:\\\/\\\/www.elle.be\\\/fr\\\/428744-un-evenement-solidaire-et-glamour-pour-toutes-les-femmes-touchees-par-le-cancer.html#primaryimage\"},\"image\":{\"@id\":\"https:\\\/\\\/www.elle.be\\\/fr\\\/428744-un-evenement-solidaire-et-glamour-pour-toutes-les-femmes-touchees-par-le-cancer.html#primaryimage\"},\"thumbnailUrl\":\"https:\\\/\\\/www.elle.be\\\/fr\\\/wp-content\\\/uploads\\\/2024\\\/07\\\/cover-city2.jpg\",\"datePublished\":\"2024-10-07T09:30:51+00:00\",\"dateModified\":\"2024-10-10T14:41:13+00:00\",\"description\":\"Cet \u00e9v\u00e9nement unique organis\u00e9 au City 2 en son genre apportera du r\u00e9confort, de la joie et de l'inspiration \u00e0 toutes les femmes pr\u00e9sentes\",\"breadcrumb\":{\"@id\":\"https:\\\/\\\/www.elle.be\\\/fr\\\/428744-un-evenement-solidaire-et-glamour-pour-toutes-les-femmes-touchees-par-le-cancer.html#breadcrumb\"},\"inLanguage\":\"fr-FR\",\"potentialAction\":[{\"@type\":\"ReadAction\",\"target\":[\"https:\\\/\\\/www.elle.be\\\/fr\\\/428744-un-evenement-solidaire-et-glamour-pour-toutes-les-femmes-touchees-par-le-cancer.html\"]}]},{\"@type\":\"ImageObject\",\"inLanguage\":\"fr-FR\",\"@id\":\"https:\\\/\\\/www.elle.be\\\/fr\\\/428744-un-evenement-solidaire-et-glamour-pour-toutes-les-femmes-touchees-par-le-cancer.html#primaryimage\",\"url\":\"https:\\\/\\\/www.elle.be\\\/fr\\\/wp-content\\\/uploads\\\/2024\\\/07\\\/cover-city2.jpg\",\"contentUrl\":\"https:\\\/\\\/www.elle.be\\\/fr\\\/wp-content\\\/uploads\\\/2024\\\/07\\\/cover-city2.jpg\",\"width\":1200,\"height\":628,\"caption\":\"\u00a9presse\"},{\"@type\":\"BreadcrumbList\",\"@id\":\"https:\\\/\\\/www.elle.be\\\/fr\\\/428744-un-evenement-solidaire-et-glamour-pour-toutes-les-femmes-touchees-par-le-cancer.html#breadcrumb\",\"itemListElement\":[{\"@type\":\"ListItem\",\"position\":1,\"name\":\"FR\",\"item\":\"https:\\\/\\\/www.elle.be\\\/fr\"},{\"@type\":\"ListItem\",\"position\":2,\"name\":\"Actu\",\"item\":\"https:\\\/\\\/www.elle.be\\\/fr\\\/actu\"},{\"@type\":\"ListItem\",\"position\":3,\"name\":\"Un \u00e9v\u00e9nement solidaire et glamour pour toutes les femmes\"}]},{\"@type\":\"WebSite\",\"@id\":\"https:\\\/\\\/www.elle.be\\\/fr\\\/#website\",\"url\":\"https:\\\/\\\/www.elle.be\\\/fr\\\/\",\"name\":\"ELLE.be\",\"description\":\"Toutes les infos mode, beaut\u00e9 et lifestyle les plus pointues ainsi qu&#039;un contenu 100% belge d\u00e9clin\u00e9 \u00e0 360\u00b0sur le site ELLE.be, nos r\u00e9seaux sociaux et notre cha\u00eene Youtube.\",\"publisher\":{\"@id\":\"https:\\\/\\\/www.elle.be\\\/fr\\\/#organization\"},\"potentialAction\":[{\"@type\":\"SearchAction\",\"target\":{\"@type\":\"EntryPoint\",\"urlTemplate\":\"https:\\\/\\\/www.elle.be\\\/fr\\\/?s={search_term_string}\"},\"query-input\":{\"@type\":\"PropertyValueSpecification\",\"valueRequired\":true,\"valueName\":\"search_term_string\"}}],\"inLanguage\":\"fr-FR\"},{\"@type\":\"Organization\",\"@id\":\"https:\\\/\\\/www.elle.be\\\/fr\\\/#organization\",\"name\":\"ELLE Belgique\",\"url\":\"https:\\\/\\\/www.elle.be\\\/fr\\\/\",\"logo\":{\"@type\":\"ImageObject\",\"inLanguage\":\"fr-FR\",\"@id\":\"https:\\\/\\\/www.elle.be\\\/fr\\\/#\\\/schema\\\/logo\\\/image\\\/\",\"url\":\"https:\\\/\\\/www.elle.be\\\/fr\\\/wp-content\\\/uploads\\\/2017\\\/03\\\/elle-icon-200px.jpeg\",\"contentUrl\":\"https:\\\/\\\/www.elle.be\\\/fr\\\/wp-content\\\/uploads\\\/2017\\\/03\\\/elle-icon-200px.jpeg\",\"width\":200,\"height\":200,\"caption\":\"ELLE Belgique\"},\"image\":{\"@id\":\"https:\\\/\\\/www.elle.be\\\/fr\\\/#\\\/schema\\\/logo\\\/image\\\/\"},\"sameAs\":[\"https:\\\/\\\/www.facebook.com\\\/ELLEbelgium\\\/\",\"https:\\\/\\\/x.com\\\/ELLEBelgique\",\"http:\\\/\\\/instagram.com\\\/ellebelgique\\\/\",\"https:\\\/\\\/www.pinterest.com\\\/ellebelgique\\\/\",\"https:\\\/\\\/www.youtube.com\\\/user\\\/ELLEbelgique1\"]},{\"@type\":\"Person\",\"@id\":\"https:\\\/\\\/www.elle.be\\\/fr\\\/#\\\/schema\\\/person\\\/2c7693f13ee3d4992850ec2ff033c586\",\"name\":\"ELLE Partenaire\",\"image\":{\"@type\":\"ImageObject\",\"inLanguage\":\"fr-FR\",\"@id\":\"https:\\\/\\\/secure.gravatar.com\\\/avatar\\\/dddcf2d7bb88803a2e434d2b1c6a7b997b2de2334d047a137cc5e9dc165ca7e2?s=96&r=g\",\"url\":\"https:\\\/\\\/secure.gravatar.com\\\/avatar\\\/dddcf2d7bb88803a2e434d2b1c6a7b997b2de2334d047a137cc5e9dc165ca7e2?s=96&r=g\",\"contentUrl\":\"https:\\\/\\\/secure.gravatar.com\\\/avatar\\\/dddcf2d7bb88803a2e434d2b1c6a7b997b2de2334d047a137cc5e9dc165ca7e2?s=96&r=g\",\"caption\":\"ELLE Partenaire\"},\"url\":\"https:\\\/\\\/www.elle.be\\\/fr\\\/author\\\/operation-speciale\"}]}<\/script>\n<!-- \/ Yoast SEO plugin. -->","yoast_head_json":{"title":"City 2 x ELLE: un \u00e9v\u00e9nement solidaire et glamour - ELLE.be","description":"Cet \u00e9v\u00e9nement unique organis\u00e9 au City 2 en son genre apportera du r\u00e9confort, de la joie et de l'inspiration \u00e0 toutes les femmes pr\u00e9sentes","robots":{"index":"index","follow":"follow","max-snippet":"max-snippet:-1","max-image-preview":"max-image-preview:large","max-video-preview":"max-video-preview:-1"},"canonical":"https:\/\/www.elle.be\/fr\/428744-un-evenement-solidaire-et-glamour-pour-toutes-les-femmes-touchees-par-le-cancer.html","og_locale":"fr_FR","og_type":"article","og_title":"City 2 x ELLE: un \u00e9v\u00e9nement solidaire et glamour - ELLE.be","og_description":"Cet \u00e9v\u00e9nement unique organis\u00e9 au City 2 en son genre apportera du r\u00e9confort, de la joie et de l'inspiration \u00e0 toutes les femmes pr\u00e9sentes","og_url":"https:\/\/www.elle.be\/fr\/428744-un-evenement-solidaire-et-glamour-pour-toutes-les-femmes-touchees-par-le-cancer.html","og_site_name":"ELLE.be","article_publisher":"https:\/\/www.facebook.com\/ELLEbelgium\/","article_published_time":"2024-10-07T09:30:51+00:00","article_modified_time":"2024-10-10T14:41:13+00:00","og_image":[{"width":1200,"height":628,"url":"https:\/\/www.elle.be\/fr\/wp-content\/uploads\/2024\/07\/cover-city2.jpg","type":"image\/jpeg"}],"author":"ELLE Partenaire","twitter_card":"summary_large_image","twitter_creator":"@ELLEBelgique","twitter_site":"@ELLEBelgique","twitter_misc":{"\u00c9crit par":"ELLE Partenaire","Dur\u00e9e de lecture estim\u00e9e":"4 minutes"},"schema":{"@context":"https:\/\/schema.org","@graph":[{"@type":"NewsArticle","@id":"https:\/\/www.elle.be\/fr\/428744-un-evenement-solidaire-et-glamour-pour-toutes-les-femmes-touchees-par-le-cancer.html#article","isPartOf":{"@id":"https:\/\/www.elle.be\/fr\/428744-un-evenement-solidaire-et-glamour-pour-toutes-les-femmes-touchees-par-le-cancer.html"},"author":{"name":"ELLE Partenaire","@id":"https:\/\/www.elle.be\/fr\/#\/schema\/person\/2c7693f13ee3d4992850ec2ff033c586"},"headline":"Un \u00e9v\u00e9nement solidaire et glamour pour toutes les femmes","datePublished":"2024-10-07T09:30:51+00:00","dateModified":"2024-10-10T14:41:13+00:00","mainEntityOfPage":{"@id":"https:\/\/www.elle.be\/fr\/428744-un-evenement-solidaire-et-glamour-pour-toutes-les-femmes-touchees-par-le-cancer.html"},"wordCount":713,"commentCount":0,"publisher":{"@id":"https:\/\/www.elle.be\/fr\/#organization"},"image":{"@id":"https:\/\/www.elle.be\/fr\/428744-un-evenement-solidaire-et-glamour-pour-toutes-les-femmes-touchees-par-le-cancer.html#primaryimage"},"thumbnailUrl":"https:\/\/www.elle.be\/fr\/wp-content\/uploads\/2024\/07\/cover-city2.jpg","articleSection":["News Actu","Actu"],"inLanguage":"fr-FR","potentialAction":[{"@type":"CommentAction","name":"Comment","target":["https:\/\/www.elle.be\/fr\/428744-un-evenement-solidaire-et-glamour-pour-toutes-les-femmes-touchees-par-le-cancer.html#respond"]}]},{"@type":"WebPage","@id":"https:\/\/www.elle.be\/fr\/428744-un-evenement-solidaire-et-glamour-pour-toutes-les-femmes-touchees-par-le-cancer.html","url":"https:\/\/www.elle.be\/fr\/428744-un-evenement-solidaire-et-glamour-pour-toutes-les-femmes-touchees-par-le-cancer.html","name":"City 2 x ELLE: un \u00e9v\u00e9nement solidaire et glamour - ELLE.be","isPartOf":{"@id":"https:\/\/www.elle.be\/fr\/#website"},"primaryImageOfPage":{"@id":"https:\/\/www.elle.be\/fr\/428744-un-evenement-solidaire-et-glamour-pour-toutes-les-femmes-touchees-par-le-cancer.html#primaryimage"},"image":{"@id":"https:\/\/www.elle.be\/fr\/428744-un-evenement-solidaire-et-glamour-pour-toutes-les-femmes-touchees-par-le-cancer.html#primaryimage"},"thumbnailUrl":"https:\/\/www.elle.be\/fr\/wp-content\/uploads\/2024\/07\/cover-city2.jpg","datePublished":"2024-10-07T09:30:51+00:00","dateModified":"2024-10-10T14:41:13+00:00","description":"Cet \u00e9v\u00e9nement unique organis\u00e9 au City 2 en son genre apportera du r\u00e9confort, de la joie et de l'inspiration \u00e0 toutes les femmes pr\u00e9sentes","breadcrumb":{"@id":"https:\/\/www.elle.be\/fr\/428744-un-evenement-solidaire-et-glamour-pour-toutes-les-femmes-touchees-par-le-cancer.html#breadcrumb"},"inLanguage":"fr-FR","potentialAction":[{"@type":"ReadAction","target":["https:\/\/www.elle.be\/fr\/428744-un-evenement-solidaire-et-glamour-pour-toutes-les-femmes-touchees-par-le-cancer.html"]}]},{"@type":"ImageObject","inLanguage":"fr-FR","@id":"https:\/\/www.elle.be\/fr\/428744-un-evenement-solidaire-et-glamour-pour-toutes-les-femmes-touchees-par-le-cancer.html#primaryimage","url":"https:\/\/www.elle.be\/fr\/wp-content\/uploads\/2024\/07\/cover-city2.jpg","contentUrl":"https:\/\/www.elle.be\/fr\/wp-content\/uploads\/2024\/07\/cover-city2.jpg","width":1200,"height":628,"caption":"\u00a9presse"},{"@type":"BreadcrumbList","@id":"https:\/\/www.elle.be\/fr\/428744-un-evenement-solidaire-et-glamour-pour-toutes-les-femmes-touchees-par-le-cancer.html#breadcrumb","itemListElement":[{"@type":"ListItem","position":1,"name":"FR","item":"https:\/\/www.elle.be\/fr"},{"@type":"ListItem","position":2,"name":"Actu","item":"https:\/\/www.elle.be\/fr\/actu"},{"@type":"ListItem","position":3,"name":"Un \u00e9v\u00e9nement solidaire et glamour pour toutes les femmes"}]},{"@type":"WebSite","@id":"https:\/\/www.elle.be\/fr\/#website","url":"https:\/\/www.elle.be\/fr\/","name":"ELLE.be","description":"Toutes les infos mode, beaut\u00e9 et lifestyle les plus pointues ainsi qu&#039;un contenu 100% belge d\u00e9clin\u00e9 \u00e0 360\u00b0sur le site ELLE.be, nos r\u00e9seaux sociaux et notre cha\u00eene Youtube.","publisher":{"@id":"https:\/\/www.elle.be\/fr\/#organization"},"potentialAction":[{"@type":"SearchAction","target":{"@type":"EntryPoint","urlTemplate":"https:\/\/www.elle.be\/fr\/?s={search_term_string}"},"query-input":{"@type":"PropertyValueSpecification","valueRequired":true,"valueName":"search_term_string"}}],"inLanguage":"fr-FR"},{"@type":"Organization","@id":"https:\/\/www.elle.be\/fr\/#organization","name":"ELLE Belgique","url":"https:\/\/www.elle.be\/fr\/","logo":{"@type":"ImageObject","inLanguage":"fr-FR","@id":"https:\/\/www.elle.be\/fr\/#\/schema\/logo\/image\/","url":"https:\/\/www.elle.be\/fr\/wp-content\/uploads\/2017\/03\/elle-icon-200px.jpeg","contentUrl":"https:\/\/www.elle.be\/fr\/wp-content\/uploads\/2017\/03\/elle-icon-200px.jpeg","width":200,"height":200,"caption":"ELLE Belgique"},"image":{"@id":"https:\/\/www.elle.be\/fr\/#\/schema\/logo\/image\/"},"sameAs":["https:\/\/www.facebook.com\/ELLEbelgium\/","https:\/\/x.com\/ELLEBelgique","http:\/\/instagram.com\/ellebelgique\/","https:\/\/www.pinterest.com\/ellebelgique\/","https:\/\/www.youtube.com\/user\/ELLEbelgique1"]},{"@type":"Person","@id":"https:\/\/www.elle.be\/fr\/#\/schema\/person\/2c7693f13ee3d4992850ec2ff033c586","name":"ELLE Partenaire","image":{"@type":"ImageObject","inLanguage":"fr-FR","@id":"https:\/\/secure.gravatar.com\/avatar\/dddcf2d7bb88803a2e434d2b1c6a7b997b2de2334d047a137cc5e9dc165ca7e2?s=96&r=g","url":"https:\/\/secure.gravatar.com\/avatar\/dddcf2d7bb88803a2e434d2b1c6a7b997b2de2334d047a137cc5e9dc165ca7e2?s=96&r=g","contentUrl":"https:\/\/secure.gravatar.com\/avatar\/dddcf2d7bb88803a2e434d2b1c6a7b997b2de2334d047a137cc5e9dc165ca7e2?s=96&r=g","caption":"ELLE Partenaire"},"url":"https:\/\/www.elle.be\/fr\/author\/operation-speciale"}]}},"_links":{"self":[{"href":"https:\/\/www.elle.be\/fr\/wp-json\/wp\/v2\/posts\/428744","targetHints":{"allow":["GET"]}}],"collection":[{"href":"https:\/\/www.elle.be\/fr\/wp-json\/wp\/v2\/posts"}],"about":[{"href":"https:\/\/www.elle.be\/fr\/wp-json\/wp\/v2\/types\/post"}],"author":[{"embeddable":true,"href":"https:\/\/www.elle.be\/fr\/wp-json\/wp\/v2\/users\/47"}],"replies":[{"embeddable":true,"href":"https:\/\/www.elle.be\/fr\/wp-json\/wp\/v2\/comments?post=428744"}],"version-history":[{"count":19,"href":"https:\/\/www.elle.be\/fr\/wp-json\/wp\/v2\/posts\/428744\/revisions"}],"predecessor-version":[{"id":434337,"href":"https:\/\/www.elle.be\/fr\/wp-json\/wp\/v2\/posts\/428744\/revisions\/434337"}],"wp:featuredmedia":[{"embeddable":true,"href":"https:\/\/www.elle.be\/fr\/wp-json\/wp\/v2\/media\/428745"}],"wp:attachment":[{"href":"https:\/\/www.elle.be\/fr\/wp-json\/wp\/v2\/media?parent=428744"}],"wp:term":[{"taxonomy":"category","embeddable":true,"href":"https:\/\/www.elle.be\/fr\/wp-json\/wp\/v2\/categories?post=428744"},{"taxonomy":"post_tag","embeddable":true,"href":"https:\/\/www.elle.be\/fr\/wp-json\/wp\/v2\/tags?post=428744"}],"curies":[{"name":"wp","href":"https:\/\/api.w.org\/{rel}","templated":true}]}}