{"id":426498,"date":"2024-06-18T09:45:56","date_gmt":"2024-06-18T07:45:56","guid":{"rendered":"https:\/\/www.elle.be\/fr\/?p=426498"},"modified":"2024-06-18T09:45:56","modified_gmt":"2024-06-18T07:45:56","slug":"bruxelles-chefs-internationaux-mix","status":"publish","type":"post","link":"https:\/\/www.elle.be\/fr\/426498-bruxelles-chefs-internationaux-mix.html","title":{"rendered":"Bruxelles : 8 chefs internationaux s&#8217;invitent au Mix"},"content":{"rendered":"","protected":false},"excerpt":{"rendered":"Lieu de rencontres et d\u2019\u00e9changes, le Mix Brussels ambitionne de devenir un haut lieu de la jeune cuisine contemporaine. ...","protected":false},"author":104,"featured_media":426548,"comment_status":"open","ping_status":"closed","sticky":false,"template":"","format":"standard","meta":{"_acf_changed":false,"footnotes":""},"categories":[2916,1451],"tags":[3502,3671,49,241,276,820,1117,1176,1255,1622,2927,2939,3022],"class_list":["post-426498","post","type-post","status-publish","format-standard","has-post-thumbnail","hentry","category-news-food","category-elle-a-table","tag-nouveau","tag-elle-food","tag-bruxelles","tag-restaurant","tag-tendance","tag-resto","tag-evenement","tag-hotel","tag-nouveaute","tag-chef","tag-tendances","tag-chefs","tag-actu-food"],"acf":[],"image_verticale":"426537","_yoast_wpseo_title":null,"_yoast_wpseo_metadesc":"De juin \u00e0 janvier, 8 chefs internationaux vont se succ\u00e9der dans les cuisines du Timber, restaurant du Mix Brussels, pour proposer leur menu.","_yoast_wpseo_focuskw_text_input":null,"_yoast_wpseo_opengraph-title":null,"yoast_head":"<!-- This site is optimized with the Yoast SEO plugin v27.4 - https:\/\/yoast.com\/product\/yoast-seo-wordpress\/ -->\n<title>Bruxelles : 8 chefs internationaux s&#039;invitent au Mix - ELLE.be<\/title>\n<meta name=\"description\" content=\"De juin \u00e0 janvier, 8 chefs internationaux vont se succ\u00e9der dans les cuisines du Timber, restaurant du Mix Brussels, pour proposer leur menu.\" \/>\n<meta name=\"robots\" content=\"index, follow, max-snippet:-1, max-image-preview:large, max-video-preview:-1\" \/>\n<link rel=\"canonical\" href=\"https:\/\/www.elle.be\/fr\/426498-bruxelles-chefs-internationaux-mix.html\" \/>\n<meta property=\"og:locale\" content=\"fr_FR\" \/>\n<meta property=\"og:type\" content=\"article\" \/>\n<meta property=\"og:title\" content=\"Bruxelles : 8 chefs internationaux s&#039;invitent au Mix - ELLE.be\" \/>\n<meta property=\"og:description\" content=\"De juin \u00e0 janvier, 8 chefs internationaux vont se succ\u00e9der dans les cuisines du Timber, restaurant du Mix Brussels, pour proposer leur menu.\" \/>\n<meta property=\"og:url\" content=\"https:\/\/www.elle.be\/fr\/426498-bruxelles-chefs-internationaux-mix.html\" \/>\n<meta property=\"og:site_name\" content=\"ELLE.be\" \/>\n<meta property=\"article:publisher\" content=\"https:\/\/www.facebook.com\/ELLEbelgium\/\" \/>\n<meta property=\"article:published_time\" content=\"2024-06-18T07:45:56+00:00\" \/>\n<meta property=\"og:image\" content=\"https:\/\/www.elle.be\/fr\/wp-content\/uploads\/2024\/06\/dsc2793paulineleclere-1.jpg\" \/>\n\t<meta property=\"og:image:width\" content=\"1200\" \/>\n\t<meta property=\"og:image:height\" content=\"628\" \/>\n\t<meta property=\"og:image:type\" content=\"image\/jpeg\" \/>\n<meta name=\"author\" content=\"Clothilde Van Brussel\" \/>\n<meta name=\"twitter:card\" content=\"summary_large_image\" \/>\n<meta name=\"twitter:creator\" content=\"@ELLEBelgique\" \/>\n<meta name=\"twitter:site\" content=\"@ELLEBelgique\" \/>\n<meta name=\"twitter:label1\" content=\"\u00c9crit par\" \/>\n\t<meta name=\"twitter:data1\" content=\"Clothilde Van Brussel\" \/>\n\t<meta name=\"twitter:label2\" content=\"Dur\u00e9e de lecture estim\u00e9e\" \/>\n\t<meta name=\"twitter:data2\" content=\"6 minutes\" \/>\n<script type=\"application\/ld+json\" class=\"yoast-schema-graph\">{\"@context\":\"https:\\\/\\\/schema.org\",\"@graph\":[{\"@type\":\"NewsArticle\",\"@id\":\"https:\\\/\\\/www.elle.be\\\/fr\\\/426498-bruxelles-chefs-internationaux-mix.html#article\",\"isPartOf\":{\"@id\":\"https:\\\/\\\/www.elle.be\\\/fr\\\/426498-bruxelles-chefs-internationaux-mix.html\"},\"author\":{\"name\":\"Clothilde Van Brussel\",\"@id\":\"https:\\\/\\\/www.elle.be\\\/fr\\\/#\\\/schema\\\/person\\\/152b4703cedd693830ec757430e1e027\"},\"headline\":\"Bruxelles : 8 chefs internationaux s&#8217;invitent au Mix\",\"datePublished\":\"2024-06-18T07:45:56+00:00\",\"mainEntityOfPage\":{\"@id\":\"https:\\\/\\\/www.elle.be\\\/fr\\\/426498-bruxelles-chefs-internationaux-mix.html\"},\"wordCount\":874,\"commentCount\":0,\"publisher\":{\"@id\":\"https:\\\/\\\/www.elle.be\\\/fr\\\/#organization\"},\"image\":{\"@id\":\"https:\\\/\\\/www.elle.be\\\/fr\\\/426498-bruxelles-chefs-internationaux-mix.html#primaryimage\"},\"thumbnailUrl\":\"https:\\\/\\\/www.elle.be\\\/fr\\\/wp-content\\\/uploads\\\/2024\\\/06\\\/dsc2793paulineleclere-1.jpg\",\"keywords\":[\"nouveau\",\"elle food\",\"bruxelles\",\"Restaurant\",\"tendance\",\"resto\",\"\u00c9v\u00c9nement\",\"Hotel\",\"nouveaut\u00e9\",\"chef\",\"tendances\",\"chefs\",\"actu food\"],\"articleSection\":[\"News Food\",\"ELLE \u00e0 Table\"],\"inLanguage\":\"fr-FR\",\"potentialAction\":[{\"@type\":\"CommentAction\",\"name\":\"Comment\",\"target\":[\"https:\\\/\\\/www.elle.be\\\/fr\\\/426498-bruxelles-chefs-internationaux-mix.html#respond\"]}]},{\"@type\":\"WebPage\",\"@id\":\"https:\\\/\\\/www.elle.be\\\/fr\\\/426498-bruxelles-chefs-internationaux-mix.html\",\"url\":\"https:\\\/\\\/www.elle.be\\\/fr\\\/426498-bruxelles-chefs-internationaux-mix.html\",\"name\":\"Bruxelles : 8 chefs internationaux s'invitent au Mix - ELLE.be\",\"isPartOf\":{\"@id\":\"https:\\\/\\\/www.elle.be\\\/fr\\\/#website\"},\"primaryImageOfPage\":{\"@id\":\"https:\\\/\\\/www.elle.be\\\/fr\\\/426498-bruxelles-chefs-internationaux-mix.html#primaryimage\"},\"image\":{\"@id\":\"https:\\\/\\\/www.elle.be\\\/fr\\\/426498-bruxelles-chefs-internationaux-mix.html#primaryimage\"},\"thumbnailUrl\":\"https:\\\/\\\/www.elle.be\\\/fr\\\/wp-content\\\/uploads\\\/2024\\\/06\\\/dsc2793paulineleclere-1.jpg\",\"datePublished\":\"2024-06-18T07:45:56+00:00\",\"description\":\"De juin \u00e0 janvier, 8 chefs internationaux vont se succ\u00e9der dans les cuisines du Timber, restaurant du Mix Brussels, pour proposer leur menu.\",\"breadcrumb\":{\"@id\":\"https:\\\/\\\/www.elle.be\\\/fr\\\/426498-bruxelles-chefs-internationaux-mix.html#breadcrumb\"},\"inLanguage\":\"fr-FR\",\"potentialAction\":[{\"@type\":\"ReadAction\",\"target\":[\"https:\\\/\\\/www.elle.be\\\/fr\\\/426498-bruxelles-chefs-internationaux-mix.html\"]}]},{\"@type\":\"ImageObject\",\"inLanguage\":\"fr-FR\",\"@id\":\"https:\\\/\\\/www.elle.be\\\/fr\\\/426498-bruxelles-chefs-internationaux-mix.html#primaryimage\",\"url\":\"https:\\\/\\\/www.elle.be\\\/fr\\\/wp-content\\\/uploads\\\/2024\\\/06\\\/dsc2793paulineleclere-1.jpg\",\"contentUrl\":\"https:\\\/\\\/www.elle.be\\\/fr\\\/wp-content\\\/uploads\\\/2024\\\/06\\\/dsc2793paulineleclere-1.jpg\",\"width\":1200,\"height\":628,\"caption\":\"\u00a9 Pauline Leclere\"},{\"@type\":\"BreadcrumbList\",\"@id\":\"https:\\\/\\\/www.elle.be\\\/fr\\\/426498-bruxelles-chefs-internationaux-mix.html#breadcrumb\",\"itemListElement\":[{\"@type\":\"ListItem\",\"position\":1,\"name\":\"FR\",\"item\":\"https:\\\/\\\/www.elle.be\\\/fr\"},{\"@type\":\"ListItem\",\"position\":2,\"name\":\"ELLE \u00e0 Table\",\"item\":\"https:\\\/\\\/www.elle.be\\\/fr\\\/elle-a-table\"},{\"@type\":\"ListItem\",\"position\":3,\"name\":\"Bruxelles : 8 chefs internationaux s&rsquo;invitent au Mix\"}]},{\"@type\":\"WebSite\",\"@id\":\"https:\\\/\\\/www.elle.be\\\/fr\\\/#website\",\"url\":\"https:\\\/\\\/www.elle.be\\\/fr\\\/\",\"name\":\"ELLE.be\",\"description\":\"Toutes les infos mode, beaut\u00e9 et lifestyle les plus pointues ainsi qu&#039;un contenu 100% belge d\u00e9clin\u00e9 \u00e0 360\u00b0sur le site ELLE.be, nos r\u00e9seaux sociaux et notre cha\u00eene Youtube.\",\"publisher\":{\"@id\":\"https:\\\/\\\/www.elle.be\\\/fr\\\/#organization\"},\"potentialAction\":[{\"@type\":\"SearchAction\",\"target\":{\"@type\":\"EntryPoint\",\"urlTemplate\":\"https:\\\/\\\/www.elle.be\\\/fr\\\/?s={search_term_string}\"},\"query-input\":{\"@type\":\"PropertyValueSpecification\",\"valueRequired\":true,\"valueName\":\"search_term_string\"}}],\"inLanguage\":\"fr-FR\"},{\"@type\":\"Organization\",\"@id\":\"https:\\\/\\\/www.elle.be\\\/fr\\\/#organization\",\"name\":\"ELLE Belgique\",\"url\":\"https:\\\/\\\/www.elle.be\\\/fr\\\/\",\"logo\":{\"@type\":\"ImageObject\",\"inLanguage\":\"fr-FR\",\"@id\":\"https:\\\/\\\/www.elle.be\\\/fr\\\/#\\\/schema\\\/logo\\\/image\\\/\",\"url\":\"https:\\\/\\\/www.elle.be\\\/fr\\\/wp-content\\\/uploads\\\/2017\\\/03\\\/elle-icon-200px.jpeg\",\"contentUrl\":\"https:\\\/\\\/www.elle.be\\\/fr\\\/wp-content\\\/uploads\\\/2017\\\/03\\\/elle-icon-200px.jpeg\",\"width\":200,\"height\":200,\"caption\":\"ELLE Belgique\"},\"image\":{\"@id\":\"https:\\\/\\\/www.elle.be\\\/fr\\\/#\\\/schema\\\/logo\\\/image\\\/\"},\"sameAs\":[\"https:\\\/\\\/www.facebook.com\\\/ELLEbelgium\\\/\",\"https:\\\/\\\/x.com\\\/ELLEBelgique\",\"http:\\\/\\\/instagram.com\\\/ellebelgique\\\/\",\"https:\\\/\\\/www.pinterest.com\\\/ellebelgique\\\/\",\"https:\\\/\\\/www.youtube.com\\\/user\\\/ELLEbelgique1\"]},{\"@type\":\"Person\",\"@id\":\"https:\\\/\\\/www.elle.be\\\/fr\\\/#\\\/schema\\\/person\\\/152b4703cedd693830ec757430e1e027\",\"name\":\"Clothilde Van Brussel\",\"image\":{\"@type\":\"ImageObject\",\"inLanguage\":\"fr-FR\",\"@id\":\"https:\\\/\\\/secure.gravatar.com\\\/avatar\\\/f255de82743184e4540a294a61fbb08d2bd3b0d964c434ce6210920246245dae?s=96&r=g\",\"url\":\"https:\\\/\\\/secure.gravatar.com\\\/avatar\\\/f255de82743184e4540a294a61fbb08d2bd3b0d964c434ce6210920246245dae?s=96&r=g\",\"contentUrl\":\"https:\\\/\\\/secure.gravatar.com\\\/avatar\\\/f255de82743184e4540a294a61fbb08d2bd3b0d964c434ce6210920246245dae?s=96&r=g\",\"caption\":\"Clothilde Van Brussel\"},\"url\":\"https:\\\/\\\/www.elle.be\\\/fr\\\/author\\\/cvbelleatable-be\"}]}<\/script>\n<!-- \/ Yoast SEO plugin. -->","yoast_head_json":{"title":"Bruxelles : 8 chefs internationaux s'invitent au Mix - ELLE.be","description":"De juin \u00e0 janvier, 8 chefs internationaux vont se succ\u00e9der dans les cuisines du Timber, restaurant du Mix Brussels, pour proposer leur menu.","robots":{"index":"index","follow":"follow","max-snippet":"max-snippet:-1","max-image-preview":"max-image-preview:large","max-video-preview":"max-video-preview:-1"},"canonical":"https:\/\/www.elle.be\/fr\/426498-bruxelles-chefs-internationaux-mix.html","og_locale":"fr_FR","og_type":"article","og_title":"Bruxelles : 8 chefs internationaux s'invitent au Mix - ELLE.be","og_description":"De juin \u00e0 janvier, 8 chefs internationaux vont se succ\u00e9der dans les cuisines du Timber, restaurant du Mix Brussels, pour proposer leur menu.","og_url":"https:\/\/www.elle.be\/fr\/426498-bruxelles-chefs-internationaux-mix.html","og_site_name":"ELLE.be","article_publisher":"https:\/\/www.facebook.com\/ELLEbelgium\/","article_published_time":"2024-06-18T07:45:56+00:00","og_image":[{"width":1200,"height":628,"url":"https:\/\/www.elle.be\/fr\/wp-content\/uploads\/2024\/06\/dsc2793paulineleclere-1.jpg","type":"image\/jpeg"}],"author":"Clothilde Van Brussel","twitter_card":"summary_large_image","twitter_creator":"@ELLEBelgique","twitter_site":"@ELLEBelgique","twitter_misc":{"\u00c9crit par":"Clothilde Van Brussel","Dur\u00e9e de lecture estim\u00e9e":"6 minutes"},"schema":{"@context":"https:\/\/schema.org","@graph":[{"@type":"NewsArticle","@id":"https:\/\/www.elle.be\/fr\/426498-bruxelles-chefs-internationaux-mix.html#article","isPartOf":{"@id":"https:\/\/www.elle.be\/fr\/426498-bruxelles-chefs-internationaux-mix.html"},"author":{"name":"Clothilde Van Brussel","@id":"https:\/\/www.elle.be\/fr\/#\/schema\/person\/152b4703cedd693830ec757430e1e027"},"headline":"Bruxelles : 8 chefs internationaux s&#8217;invitent au Mix","datePublished":"2024-06-18T07:45:56+00:00","mainEntityOfPage":{"@id":"https:\/\/www.elle.be\/fr\/426498-bruxelles-chefs-internationaux-mix.html"},"wordCount":874,"commentCount":0,"publisher":{"@id":"https:\/\/www.elle.be\/fr\/#organization"},"image":{"@id":"https:\/\/www.elle.be\/fr\/426498-bruxelles-chefs-internationaux-mix.html#primaryimage"},"thumbnailUrl":"https:\/\/www.elle.be\/fr\/wp-content\/uploads\/2024\/06\/dsc2793paulineleclere-1.jpg","keywords":["nouveau","elle food","bruxelles","Restaurant","tendance","resto","\u00c9v\u00c9nement","Hotel","nouveaut\u00e9","chef","tendances","chefs","actu food"],"articleSection":["News Food","ELLE \u00e0 Table"],"inLanguage":"fr-FR","potentialAction":[{"@type":"CommentAction","name":"Comment","target":["https:\/\/www.elle.be\/fr\/426498-bruxelles-chefs-internationaux-mix.html#respond"]}]},{"@type":"WebPage","@id":"https:\/\/www.elle.be\/fr\/426498-bruxelles-chefs-internationaux-mix.html","url":"https:\/\/www.elle.be\/fr\/426498-bruxelles-chefs-internationaux-mix.html","name":"Bruxelles : 8 chefs internationaux s'invitent au Mix - ELLE.be","isPartOf":{"@id":"https:\/\/www.elle.be\/fr\/#website"},"primaryImageOfPage":{"@id":"https:\/\/www.elle.be\/fr\/426498-bruxelles-chefs-internationaux-mix.html#primaryimage"},"image":{"@id":"https:\/\/www.elle.be\/fr\/426498-bruxelles-chefs-internationaux-mix.html#primaryimage"},"thumbnailUrl":"https:\/\/www.elle.be\/fr\/wp-content\/uploads\/2024\/06\/dsc2793paulineleclere-1.jpg","datePublished":"2024-06-18T07:45:56+00:00","description":"De juin \u00e0 janvier, 8 chefs internationaux vont se succ\u00e9der dans les cuisines du Timber, restaurant du Mix Brussels, pour proposer leur menu.","breadcrumb":{"@id":"https:\/\/www.elle.be\/fr\/426498-bruxelles-chefs-internationaux-mix.html#breadcrumb"},"inLanguage":"fr-FR","potentialAction":[{"@type":"ReadAction","target":["https:\/\/www.elle.be\/fr\/426498-bruxelles-chefs-internationaux-mix.html"]}]},{"@type":"ImageObject","inLanguage":"fr-FR","@id":"https:\/\/www.elle.be\/fr\/426498-bruxelles-chefs-internationaux-mix.html#primaryimage","url":"https:\/\/www.elle.be\/fr\/wp-content\/uploads\/2024\/06\/dsc2793paulineleclere-1.jpg","contentUrl":"https:\/\/www.elle.be\/fr\/wp-content\/uploads\/2024\/06\/dsc2793paulineleclere-1.jpg","width":1200,"height":628,"caption":"\u00a9 Pauline Leclere"},{"@type":"BreadcrumbList","@id":"https:\/\/www.elle.be\/fr\/426498-bruxelles-chefs-internationaux-mix.html#breadcrumb","itemListElement":[{"@type":"ListItem","position":1,"name":"FR","item":"https:\/\/www.elle.be\/fr"},{"@type":"ListItem","position":2,"name":"ELLE \u00e0 Table","item":"https:\/\/www.elle.be\/fr\/elle-a-table"},{"@type":"ListItem","position":3,"name":"Bruxelles : 8 chefs internationaux s&rsquo;invitent au Mix"}]},{"@type":"WebSite","@id":"https:\/\/www.elle.be\/fr\/#website","url":"https:\/\/www.elle.be\/fr\/","name":"ELLE.be","description":"Toutes les infos mode, beaut\u00e9 et lifestyle les plus pointues ainsi qu&#039;un contenu 100% belge d\u00e9clin\u00e9 \u00e0 360\u00b0sur le site ELLE.be, nos r\u00e9seaux sociaux et notre cha\u00eene Youtube.","publisher":{"@id":"https:\/\/www.elle.be\/fr\/#organization"},"potentialAction":[{"@type":"SearchAction","target":{"@type":"EntryPoint","urlTemplate":"https:\/\/www.elle.be\/fr\/?s={search_term_string}"},"query-input":{"@type":"PropertyValueSpecification","valueRequired":true,"valueName":"search_term_string"}}],"inLanguage":"fr-FR"},{"@type":"Organization","@id":"https:\/\/www.elle.be\/fr\/#organization","name":"ELLE Belgique","url":"https:\/\/www.elle.be\/fr\/","logo":{"@type":"ImageObject","inLanguage":"fr-FR","@id":"https:\/\/www.elle.be\/fr\/#\/schema\/logo\/image\/","url":"https:\/\/www.elle.be\/fr\/wp-content\/uploads\/2017\/03\/elle-icon-200px.jpeg","contentUrl":"https:\/\/www.elle.be\/fr\/wp-content\/uploads\/2017\/03\/elle-icon-200px.jpeg","width":200,"height":200,"caption":"ELLE Belgique"},"image":{"@id":"https:\/\/www.elle.be\/fr\/#\/schema\/logo\/image\/"},"sameAs":["https:\/\/www.facebook.com\/ELLEbelgium\/","https:\/\/x.com\/ELLEBelgique","http:\/\/instagram.com\/ellebelgique\/","https:\/\/www.pinterest.com\/ellebelgique\/","https:\/\/www.youtube.com\/user\/ELLEbelgique1"]},{"@type":"Person","@id":"https:\/\/www.elle.be\/fr\/#\/schema\/person\/152b4703cedd693830ec757430e1e027","name":"Clothilde Van Brussel","image":{"@type":"ImageObject","inLanguage":"fr-FR","@id":"https:\/\/secure.gravatar.com\/avatar\/f255de82743184e4540a294a61fbb08d2bd3b0d964c434ce6210920246245dae?s=96&r=g","url":"https:\/\/secure.gravatar.com\/avatar\/f255de82743184e4540a294a61fbb08d2bd3b0d964c434ce6210920246245dae?s=96&r=g","contentUrl":"https:\/\/secure.gravatar.com\/avatar\/f255de82743184e4540a294a61fbb08d2bd3b0d964c434ce6210920246245dae?s=96&r=g","caption":"Clothilde Van Brussel"},"url":"https:\/\/www.elle.be\/fr\/author\/cvbelleatable-be"}]}},"_links":{"self":[{"href":"https:\/\/www.elle.be\/fr\/wp-json\/wp\/v2\/posts\/426498","targetHints":{"allow":["GET"]}}],"collection":[{"href":"https:\/\/www.elle.be\/fr\/wp-json\/wp\/v2\/posts"}],"about":[{"href":"https:\/\/www.elle.be\/fr\/wp-json\/wp\/v2\/types\/post"}],"author":[{"embeddable":true,"href":"https:\/\/www.elle.be\/fr\/wp-json\/wp\/v2\/users\/104"}],"replies":[{"embeddable":true,"href":"https:\/\/www.elle.be\/fr\/wp-json\/wp\/v2\/comments?post=426498"}],"version-history":[{"count":8,"href":"https:\/\/www.elle.be\/fr\/wp-json\/wp\/v2\/posts\/426498\/revisions"}],"predecessor-version":[{"id":426551,"href":"https:\/\/www.elle.be\/fr\/wp-json\/wp\/v2\/posts\/426498\/revisions\/426551"}],"wp:featuredmedia":[{"embeddable":true,"href":"https:\/\/www.elle.be\/fr\/wp-json\/wp\/v2\/media\/426548"}],"wp:attachment":[{"href":"https:\/\/www.elle.be\/fr\/wp-json\/wp\/v2\/media?parent=426498"}],"wp:term":[{"taxonomy":"category","embeddable":true,"href":"https:\/\/www.elle.be\/fr\/wp-json\/wp\/v2\/categories?post=426498"},{"taxonomy":"post_tag","embeddable":true,"href":"https:\/\/www.elle.be\/fr\/wp-json\/wp\/v2\/tags?post=426498"}],"curies":[{"name":"wp","href":"https:\/\/api.w.org\/{rel}","templated":true}]}}