{"id":42608,"date":"2014-09-01T11:31:18","date_gmt":"2014-09-01T09:31:18","guid":{"rendered":"http:\/\/www.elle.be\/fr\/?p=42608"},"modified":"2018-01-10T14:44:48","modified_gmt":"2018-01-10T13:44:48","slug":"latelier-fabienne-delvigne","status":"publish","type":"post","link":"https:\/\/www.elle.be\/fr\/42608-latelier-fabienne-delvigne.html","title":{"rendered":"Dans l&#8217;atelier de Fabienne Delvigne"},"content":{"rendered":"","protected":false},"excerpt":{"rendered":"Y&#8217;a t-il quelque chose de plus \u00e9l\u00e9gant qu&#8217;un joli chapeau pour s&#8217;approprier une tenue? ...","protected":false},"author":25,"featured_media":42625,"comment_status":"closed","ping_status":"closed","sticky":false,"template":"","format":"standard","meta":{"_acf_changed":false,"footnotes":""},"categories":[5,2215],"tags":[89],"class_list":["post-42608","post","type-post","status-publish","format-standard","has-post-thumbnail","hentry","category-mode","category-mariage","tag-mariage"],"acf":[],"image_verticale":null,"_yoast_wpseo_title":null,"_yoast_wpseo_metadesc":null,"_yoast_wpseo_focuskw_text_input":null,"_yoast_wpseo_opengraph-title":null,"yoast_head":"<!-- This site is optimized with the Yoast SEO plugin v27.4 - https:\/\/yoast.com\/product\/yoast-seo-wordpress\/ -->\n<title>Dans l&#039;atelier de Fabienne Delvigne - ELLE.be<\/title>\n<meta name=\"description\" content=\"Y&#039;a t-il quelque chose de plus \u00e9l\u00e9gant qu&#039;un joli chapeau pour s&#039;approprier une tenue?\" \/>\n<meta name=\"robots\" content=\"index, follow, max-snippet:-1, max-image-preview:large, max-video-preview:-1\" \/>\n<link rel=\"canonical\" href=\"https:\/\/www.elle.be\/fr\/42608-latelier-fabienne-delvigne.html\" \/>\n<meta property=\"og:locale\" content=\"fr_FR\" \/>\n<meta property=\"og:type\" content=\"article\" \/>\n<meta property=\"og:title\" content=\"Dans l&#039;atelier de Fabienne Delvigne - ELLE.be\" \/>\n<meta property=\"og:description\" content=\"Y&#039;a t-il quelque chose de plus \u00e9l\u00e9gant qu&#039;un joli chapeau pour s&#039;approprier une tenue?\" \/>\n<meta property=\"og:url\" content=\"https:\/\/www.elle.be\/fr\/42608-latelier-fabienne-delvigne.html\" \/>\n<meta property=\"og:site_name\" content=\"ELLE.be\" \/>\n<meta property=\"article:publisher\" content=\"https:\/\/www.facebook.com\/ELLEbelgium\/\" \/>\n<meta property=\"article:author\" content=\"https:\/\/www.facebook.com\/valentineavohblog\" \/>\n<meta property=\"article:published_time\" content=\"2014-09-01T09:31:18+00:00\" \/>\n<meta property=\"article:modified_time\" content=\"2018-01-10T13:44:48+00:00\" \/>\n<meta property=\"og:image\" content=\"https:\/\/www.elle.be\/fr\/wp-content\/uploads\/2014\/06\/Valentine-Avoh-Fabienne-Delvigne-9.jpg\" \/>\n\t<meta property=\"og:image:width\" content=\"970\" \/>\n\t<meta property=\"og:image:height\" content=\"647\" \/>\n\t<meta property=\"og:image:type\" content=\"image\/jpeg\" \/>\n<meta name=\"author\" content=\"Valentine Avoh\" \/>\n<meta name=\"twitter:card\" content=\"summary_large_image\" \/>\n<meta name=\"twitter:creator\" content=\"@valentineavoh\" \/>\n<meta name=\"twitter:site\" content=\"@ELLEBelgique\" \/>\n<meta name=\"twitter:label1\" content=\"\u00c9crit par\" \/>\n\t<meta name=\"twitter:data1\" content=\"Valentine Avoh\" \/>\n\t<meta name=\"twitter:label2\" content=\"Dur\u00e9e de lecture estim\u00e9e\" \/>\n\t<meta name=\"twitter:data2\" content=\"2 minutes\" \/>\n<script type=\"application\/ld+json\" class=\"yoast-schema-graph\">{\"@context\":\"https:\\\/\\\/schema.org\",\"@graph\":[{\"@type\":\"NewsArticle\",\"@id\":\"https:\\\/\\\/www.elle.be\\\/fr\\\/42608-latelier-fabienne-delvigne.html#article\",\"isPartOf\":{\"@id\":\"https:\\\/\\\/www.elle.be\\\/fr\\\/42608-latelier-fabienne-delvigne.html\"},\"author\":{\"name\":\"Valentine Avoh\",\"@id\":\"https:\\\/\\\/www.elle.be\\\/fr\\\/#\\\/schema\\\/person\\\/97e3a535df2bc1ef5f7c90b642886af3\"},\"headline\":\"Dans l&#8217;atelier de Fabienne Delvigne\",\"datePublished\":\"2014-09-01T09:31:18+00:00\",\"dateModified\":\"2018-01-10T13:44:48+00:00\",\"mainEntityOfPage\":{\"@id\":\"https:\\\/\\\/www.elle.be\\\/fr\\\/42608-latelier-fabienne-delvigne.html\"},\"wordCount\":485,\"publisher\":{\"@id\":\"https:\\\/\\\/www.elle.be\\\/fr\\\/#organization\"},\"image\":{\"@id\":\"https:\\\/\\\/www.elle.be\\\/fr\\\/42608-latelier-fabienne-delvigne.html#primaryimage\"},\"thumbnailUrl\":\"https:\\\/\\\/www.elle.be\\\/fr\\\/wp-content\\\/uploads\\\/2014\\\/06\\\/Valentine-Avoh-Fabienne-Delvigne-9.jpg\",\"keywords\":[\"mariage\"],\"articleSection\":[\"Mode\",\"Mariage\"],\"inLanguage\":\"fr-FR\"},{\"@type\":\"WebPage\",\"@id\":\"https:\\\/\\\/www.elle.be\\\/fr\\\/42608-latelier-fabienne-delvigne.html\",\"url\":\"https:\\\/\\\/www.elle.be\\\/fr\\\/42608-latelier-fabienne-delvigne.html\",\"name\":\"Dans l'atelier de Fabienne Delvigne - ELLE.be\",\"isPartOf\":{\"@id\":\"https:\\\/\\\/www.elle.be\\\/fr\\\/#website\"},\"primaryImageOfPage\":{\"@id\":\"https:\\\/\\\/www.elle.be\\\/fr\\\/42608-latelier-fabienne-delvigne.html#primaryimage\"},\"image\":{\"@id\":\"https:\\\/\\\/www.elle.be\\\/fr\\\/42608-latelier-fabienne-delvigne.html#primaryimage\"},\"thumbnailUrl\":\"https:\\\/\\\/www.elle.be\\\/fr\\\/wp-content\\\/uploads\\\/2014\\\/06\\\/Valentine-Avoh-Fabienne-Delvigne-9.jpg\",\"datePublished\":\"2014-09-01T09:31:18+00:00\",\"dateModified\":\"2018-01-10T13:44:48+00:00\",\"description\":\"Y'a t-il quelque chose de plus \u00e9l\u00e9gant qu'un joli chapeau pour s'approprier une tenue?\",\"breadcrumb\":{\"@id\":\"https:\\\/\\\/www.elle.be\\\/fr\\\/42608-latelier-fabienne-delvigne.html#breadcrumb\"},\"inLanguage\":\"fr-FR\",\"potentialAction\":[{\"@type\":\"ReadAction\",\"target\":[\"https:\\\/\\\/www.elle.be\\\/fr\\\/42608-latelier-fabienne-delvigne.html\"]}]},{\"@type\":\"ImageObject\",\"inLanguage\":\"fr-FR\",\"@id\":\"https:\\\/\\\/www.elle.be\\\/fr\\\/42608-latelier-fabienne-delvigne.html#primaryimage\",\"url\":\"https:\\\/\\\/www.elle.be\\\/fr\\\/wp-content\\\/uploads\\\/2014\\\/06\\\/Valentine-Avoh-Fabienne-Delvigne-9.jpg\",\"contentUrl\":\"https:\\\/\\\/www.elle.be\\\/fr\\\/wp-content\\\/uploads\\\/2014\\\/06\\\/Valentine-Avoh-Fabienne-Delvigne-9.jpg\",\"width\":970,\"height\":647},{\"@type\":\"BreadcrumbList\",\"@id\":\"https:\\\/\\\/www.elle.be\\\/fr\\\/42608-latelier-fabienne-delvigne.html#breadcrumb\",\"itemListElement\":[{\"@type\":\"ListItem\",\"position\":1,\"name\":\"FR\",\"item\":\"https:\\\/\\\/www.elle.be\\\/fr\"},{\"@type\":\"ListItem\",\"position\":2,\"name\":\"Lifestyle\",\"item\":\"https:\\\/\\\/www.elle.be\\\/fr\\\/lifestyle\"},{\"@type\":\"ListItem\",\"position\":3,\"name\":\"Mariage\",\"item\":\"https:\\\/\\\/www.elle.be\\\/fr\\\/lifestyle\\\/mariage\"},{\"@type\":\"ListItem\",\"position\":4,\"name\":\"Dans l&rsquo;atelier de Fabienne Delvigne\"}]},{\"@type\":\"WebSite\",\"@id\":\"https:\\\/\\\/www.elle.be\\\/fr\\\/#website\",\"url\":\"https:\\\/\\\/www.elle.be\\\/fr\\\/\",\"name\":\"ELLE.be\",\"description\":\"Toutes les infos mode, beaut\u00e9 et lifestyle les plus pointues ainsi qu&#039;un contenu 100% belge d\u00e9clin\u00e9 \u00e0 360\u00b0sur le site ELLE.be, nos r\u00e9seaux sociaux et notre cha\u00eene Youtube.\",\"publisher\":{\"@id\":\"https:\\\/\\\/www.elle.be\\\/fr\\\/#organization\"},\"potentialAction\":[{\"@type\":\"SearchAction\",\"target\":{\"@type\":\"EntryPoint\",\"urlTemplate\":\"https:\\\/\\\/www.elle.be\\\/fr\\\/?s={search_term_string}\"},\"query-input\":{\"@type\":\"PropertyValueSpecification\",\"valueRequired\":true,\"valueName\":\"search_term_string\"}}],\"inLanguage\":\"fr-FR\"},{\"@type\":\"Organization\",\"@id\":\"https:\\\/\\\/www.elle.be\\\/fr\\\/#organization\",\"name\":\"ELLE Belgique\",\"url\":\"https:\\\/\\\/www.elle.be\\\/fr\\\/\",\"logo\":{\"@type\":\"ImageObject\",\"inLanguage\":\"fr-FR\",\"@id\":\"https:\\\/\\\/www.elle.be\\\/fr\\\/#\\\/schema\\\/logo\\\/image\\\/\",\"url\":\"https:\\\/\\\/www.elle.be\\\/fr\\\/wp-content\\\/uploads\\\/2017\\\/03\\\/elle-icon-200px.jpeg\",\"contentUrl\":\"https:\\\/\\\/www.elle.be\\\/fr\\\/wp-content\\\/uploads\\\/2017\\\/03\\\/elle-icon-200px.jpeg\",\"width\":200,\"height\":200,\"caption\":\"ELLE Belgique\"},\"image\":{\"@id\":\"https:\\\/\\\/www.elle.be\\\/fr\\\/#\\\/schema\\\/logo\\\/image\\\/\"},\"sameAs\":[\"https:\\\/\\\/www.facebook.com\\\/ELLEbelgium\\\/\",\"https:\\\/\\\/x.com\\\/ELLEBelgique\",\"http:\\\/\\\/instagram.com\\\/ellebelgique\\\/\",\"https:\\\/\\\/www.pinterest.com\\\/ellebelgique\\\/\",\"https:\\\/\\\/www.youtube.com\\\/user\\\/ELLEbelgique1\"]},{\"@type\":\"Person\",\"@id\":\"https:\\\/\\\/www.elle.be\\\/fr\\\/#\\\/schema\\\/person\\\/97e3a535df2bc1ef5f7c90b642886af3\",\"name\":\"Valentine Avoh\",\"image\":{\"@type\":\"ImageObject\",\"inLanguage\":\"fr-FR\",\"@id\":\"https:\\\/\\\/secure.gravatar.com\\\/avatar\\\/0f8add0f49f08b29e12a59e8677557d79b8798fd9acb3b967b0d00f38753d7bf?s=96&r=g\",\"url\":\"https:\\\/\\\/secure.gravatar.com\\\/avatar\\\/0f8add0f49f08b29e12a59e8677557d79b8798fd9acb3b967b0d00f38753d7bf?s=96&r=g\",\"contentUrl\":\"https:\\\/\\\/secure.gravatar.com\\\/avatar\\\/0f8add0f49f08b29e12a59e8677557d79b8798fd9acb3b967b0d00f38753d7bf?s=96&r=g\",\"caption\":\"Valentine Avoh\"},\"description\":\"Cr\u00e9atrice de robe de mari\u00e9e et blogeuse, Valentine Avoh partage avec vous ses coups de c\u0153ur, d\u00e9couvertes et inspirations pour que le jour de votre mariage soit le plus beau, mais surtout le plus styl\u00e9 de votre vie! www.valentineavoh.com\",\"sameAs\":[\"http:\\\/\\\/www.valentineavoh.com\",\"https:\\\/\\\/www.facebook.com\\\/valentineavohblog\",\"http:\\\/\\\/www.instagram.com\\\/valentineavoh\\\/\",\"http:\\\/\\\/www.linkedin.com\\\/pub\\\/valentine-avoh\\\/24\\\/336\\\/58b\",\"http:\\\/\\\/www.pinterest.com\\\/valentineavoh\\\/\",\"https:\\\/\\\/x.com\\\/valentineavoh\"],\"url\":\"https:\\\/\\\/www.elle.be\\\/fr\\\/author\\\/valentine\"}]}<\/script>\n<!-- \/ Yoast SEO plugin. -->","yoast_head_json":{"title":"Dans l'atelier de Fabienne Delvigne - ELLE.be","description":"Y'a t-il quelque chose de plus \u00e9l\u00e9gant qu'un joli chapeau pour s'approprier une tenue?","robots":{"index":"index","follow":"follow","max-snippet":"max-snippet:-1","max-image-preview":"max-image-preview:large","max-video-preview":"max-video-preview:-1"},"canonical":"https:\/\/www.elle.be\/fr\/42608-latelier-fabienne-delvigne.html","og_locale":"fr_FR","og_type":"article","og_title":"Dans l'atelier de Fabienne Delvigne - ELLE.be","og_description":"Y'a t-il quelque chose de plus \u00e9l\u00e9gant qu'un joli chapeau pour s'approprier une tenue?","og_url":"https:\/\/www.elle.be\/fr\/42608-latelier-fabienne-delvigne.html","og_site_name":"ELLE.be","article_publisher":"https:\/\/www.facebook.com\/ELLEbelgium\/","article_author":"https:\/\/www.facebook.com\/valentineavohblog","article_published_time":"2014-09-01T09:31:18+00:00","article_modified_time":"2018-01-10T13:44:48+00:00","og_image":[{"width":970,"height":647,"url":"https:\/\/www.elle.be\/fr\/wp-content\/uploads\/2014\/06\/Valentine-Avoh-Fabienne-Delvigne-9.jpg","type":"image\/jpeg"}],"author":"Valentine Avoh","twitter_card":"summary_large_image","twitter_creator":"@valentineavoh","twitter_site":"@ELLEBelgique","twitter_misc":{"\u00c9crit par":"Valentine Avoh","Dur\u00e9e de lecture estim\u00e9e":"2 minutes"},"schema":{"@context":"https:\/\/schema.org","@graph":[{"@type":"NewsArticle","@id":"https:\/\/www.elle.be\/fr\/42608-latelier-fabienne-delvigne.html#article","isPartOf":{"@id":"https:\/\/www.elle.be\/fr\/42608-latelier-fabienne-delvigne.html"},"author":{"name":"Valentine Avoh","@id":"https:\/\/www.elle.be\/fr\/#\/schema\/person\/97e3a535df2bc1ef5f7c90b642886af3"},"headline":"Dans l&#8217;atelier de Fabienne Delvigne","datePublished":"2014-09-01T09:31:18+00:00","dateModified":"2018-01-10T13:44:48+00:00","mainEntityOfPage":{"@id":"https:\/\/www.elle.be\/fr\/42608-latelier-fabienne-delvigne.html"},"wordCount":485,"publisher":{"@id":"https:\/\/www.elle.be\/fr\/#organization"},"image":{"@id":"https:\/\/www.elle.be\/fr\/42608-latelier-fabienne-delvigne.html#primaryimage"},"thumbnailUrl":"https:\/\/www.elle.be\/fr\/wp-content\/uploads\/2014\/06\/Valentine-Avoh-Fabienne-Delvigne-9.jpg","keywords":["mariage"],"articleSection":["Mode","Mariage"],"inLanguage":"fr-FR"},{"@type":"WebPage","@id":"https:\/\/www.elle.be\/fr\/42608-latelier-fabienne-delvigne.html","url":"https:\/\/www.elle.be\/fr\/42608-latelier-fabienne-delvigne.html","name":"Dans l'atelier de Fabienne Delvigne - ELLE.be","isPartOf":{"@id":"https:\/\/www.elle.be\/fr\/#website"},"primaryImageOfPage":{"@id":"https:\/\/www.elle.be\/fr\/42608-latelier-fabienne-delvigne.html#primaryimage"},"image":{"@id":"https:\/\/www.elle.be\/fr\/42608-latelier-fabienne-delvigne.html#primaryimage"},"thumbnailUrl":"https:\/\/www.elle.be\/fr\/wp-content\/uploads\/2014\/06\/Valentine-Avoh-Fabienne-Delvigne-9.jpg","datePublished":"2014-09-01T09:31:18+00:00","dateModified":"2018-01-10T13:44:48+00:00","description":"Y'a t-il quelque chose de plus \u00e9l\u00e9gant qu'un joli chapeau pour s'approprier une tenue?","breadcrumb":{"@id":"https:\/\/www.elle.be\/fr\/42608-latelier-fabienne-delvigne.html#breadcrumb"},"inLanguage":"fr-FR","potentialAction":[{"@type":"ReadAction","target":["https:\/\/www.elle.be\/fr\/42608-latelier-fabienne-delvigne.html"]}]},{"@type":"ImageObject","inLanguage":"fr-FR","@id":"https:\/\/www.elle.be\/fr\/42608-latelier-fabienne-delvigne.html#primaryimage","url":"https:\/\/www.elle.be\/fr\/wp-content\/uploads\/2014\/06\/Valentine-Avoh-Fabienne-Delvigne-9.jpg","contentUrl":"https:\/\/www.elle.be\/fr\/wp-content\/uploads\/2014\/06\/Valentine-Avoh-Fabienne-Delvigne-9.jpg","width":970,"height":647},{"@type":"BreadcrumbList","@id":"https:\/\/www.elle.be\/fr\/42608-latelier-fabienne-delvigne.html#breadcrumb","itemListElement":[{"@type":"ListItem","position":1,"name":"FR","item":"https:\/\/www.elle.be\/fr"},{"@type":"ListItem","position":2,"name":"Lifestyle","item":"https:\/\/www.elle.be\/fr\/lifestyle"},{"@type":"ListItem","position":3,"name":"Mariage","item":"https:\/\/www.elle.be\/fr\/lifestyle\/mariage"},{"@type":"ListItem","position":4,"name":"Dans l&rsquo;atelier de Fabienne Delvigne"}]},{"@type":"WebSite","@id":"https:\/\/www.elle.be\/fr\/#website","url":"https:\/\/www.elle.be\/fr\/","name":"ELLE.be","description":"Toutes les infos mode, beaut\u00e9 et lifestyle les plus pointues ainsi qu&#039;un contenu 100% belge d\u00e9clin\u00e9 \u00e0 360\u00b0sur le site ELLE.be, nos r\u00e9seaux sociaux et notre cha\u00eene Youtube.","publisher":{"@id":"https:\/\/www.elle.be\/fr\/#organization"},"potentialAction":[{"@type":"SearchAction","target":{"@type":"EntryPoint","urlTemplate":"https:\/\/www.elle.be\/fr\/?s={search_term_string}"},"query-input":{"@type":"PropertyValueSpecification","valueRequired":true,"valueName":"search_term_string"}}],"inLanguage":"fr-FR"},{"@type":"Organization","@id":"https:\/\/www.elle.be\/fr\/#organization","name":"ELLE Belgique","url":"https:\/\/www.elle.be\/fr\/","logo":{"@type":"ImageObject","inLanguage":"fr-FR","@id":"https:\/\/www.elle.be\/fr\/#\/schema\/logo\/image\/","url":"https:\/\/www.elle.be\/fr\/wp-content\/uploads\/2017\/03\/elle-icon-200px.jpeg","contentUrl":"https:\/\/www.elle.be\/fr\/wp-content\/uploads\/2017\/03\/elle-icon-200px.jpeg","width":200,"height":200,"caption":"ELLE Belgique"},"image":{"@id":"https:\/\/www.elle.be\/fr\/#\/schema\/logo\/image\/"},"sameAs":["https:\/\/www.facebook.com\/ELLEbelgium\/","https:\/\/x.com\/ELLEBelgique","http:\/\/instagram.com\/ellebelgique\/","https:\/\/www.pinterest.com\/ellebelgique\/","https:\/\/www.youtube.com\/user\/ELLEbelgique1"]},{"@type":"Person","@id":"https:\/\/www.elle.be\/fr\/#\/schema\/person\/97e3a535df2bc1ef5f7c90b642886af3","name":"Valentine Avoh","image":{"@type":"ImageObject","inLanguage":"fr-FR","@id":"https:\/\/secure.gravatar.com\/avatar\/0f8add0f49f08b29e12a59e8677557d79b8798fd9acb3b967b0d00f38753d7bf?s=96&r=g","url":"https:\/\/secure.gravatar.com\/avatar\/0f8add0f49f08b29e12a59e8677557d79b8798fd9acb3b967b0d00f38753d7bf?s=96&r=g","contentUrl":"https:\/\/secure.gravatar.com\/avatar\/0f8add0f49f08b29e12a59e8677557d79b8798fd9acb3b967b0d00f38753d7bf?s=96&r=g","caption":"Valentine Avoh"},"description":"Cr\u00e9atrice de robe de mari\u00e9e et blogeuse, Valentine Avoh partage avec vous ses coups de c\u0153ur, d\u00e9couvertes et inspirations pour que le jour de votre mariage soit le plus beau, mais surtout le plus styl\u00e9 de votre vie! www.valentineavoh.com","sameAs":["http:\/\/www.valentineavoh.com","https:\/\/www.facebook.com\/valentineavohblog","http:\/\/www.instagram.com\/valentineavoh\/","http:\/\/www.linkedin.com\/pub\/valentine-avoh\/24\/336\/58b","http:\/\/www.pinterest.com\/valentineavoh\/","https:\/\/x.com\/valentineavoh"],"url":"https:\/\/www.elle.be\/fr\/author\/valentine"}]}},"_links":{"self":[{"href":"https:\/\/www.elle.be\/fr\/wp-json\/wp\/v2\/posts\/42608","targetHints":{"allow":["GET"]}}],"collection":[{"href":"https:\/\/www.elle.be\/fr\/wp-json\/wp\/v2\/posts"}],"about":[{"href":"https:\/\/www.elle.be\/fr\/wp-json\/wp\/v2\/types\/post"}],"author":[{"embeddable":true,"href":"https:\/\/www.elle.be\/fr\/wp-json\/wp\/v2\/users\/25"}],"replies":[{"embeddable":true,"href":"https:\/\/www.elle.be\/fr\/wp-json\/wp\/v2\/comments?post=42608"}],"version-history":[{"count":1,"href":"https:\/\/www.elle.be\/fr\/wp-json\/wp\/v2\/posts\/42608\/revisions"}],"predecessor-version":[{"id":195056,"href":"https:\/\/www.elle.be\/fr\/wp-json\/wp\/v2\/posts\/42608\/revisions\/195056"}],"wp:featuredmedia":[{"embeddable":true,"href":"https:\/\/www.elle.be\/fr\/wp-json\/wp\/v2\/media\/42625"}],"wp:attachment":[{"href":"https:\/\/www.elle.be\/fr\/wp-json\/wp\/v2\/media?parent=42608"}],"wp:term":[{"taxonomy":"category","embeddable":true,"href":"https:\/\/www.elle.be\/fr\/wp-json\/wp\/v2\/categories?post=42608"},{"taxonomy":"post_tag","embeddable":true,"href":"https:\/\/www.elle.be\/fr\/wp-json\/wp\/v2\/tags?post=42608"}],"curies":[{"name":"wp","href":"https:\/\/api.w.org\/{rel}","templated":true}]}}