{"id":425393,"date":"2024-06-13T09:00:17","date_gmt":"2024-06-13T07:00:17","guid":{"rendered":"https:\/\/www.elle.be\/fr\/?p=425393"},"modified":"2024-06-04T12:05:49","modified_gmt":"2024-06-04T10:05:49","slug":"rouge-comment-cette-couleur-est-devenue-un-symbole-chez-christian-dior","status":"publish","type":"post","link":"https:\/\/www.elle.be\/fr\/425393-rouge-comment-cette-couleur-est-devenue-un-symbole-chez-christian-dior.html","title":{"rendered":"Rouge : comment cette couleur est devenue un symbole chez Christian Dior ?"},"content":{"rendered":"","protected":false},"excerpt":{"rendered":"L\u2019histoire de la couleur rouge chez Christian Dior est une v\u00e9ritable odyss\u00e9e chromatique, o\u00f9 le rouge n\u2019est pas simplement une couleur, mais le symbole de la passion, de la s\u00e9duction et de la puissance.","protected":false},"author":4,"featured_media":425396,"comment_status":"open","ping_status":"closed","sticky":false,"template":"","format":"standard","meta":{"_acf_changed":false,"footnotes":""},"categories":[2842,2207],"tags":[],"class_list":["post-425393","post","type-post","status-publish","format-standard","has-post-thumbnail","hentry","category-beaute","category-make-up"],"acf":[],"image_verticale":"425395","_yoast_wpseo_title":"Le rouge : couleur symbole chez Christian Dior %%page%% %%sep%% %%sitename%%","_yoast_wpseo_metadesc":"Le rouge, qui varie du carmin profond au coquelicot lumineux, est devenue la couleur signature de Christian Dior.","_yoast_wpseo_focuskw_text_input":null,"_yoast_wpseo_opengraph-title":null,"yoast_head":"<!-- This site is optimized with the Yoast SEO plugin v27.4 - https:\/\/yoast.com\/product\/yoast-seo-wordpress\/ -->\n<title>Le rouge : couleur symbole chez Christian Dior - ELLE.be<\/title>\n<meta name=\"description\" content=\"Le rouge, qui varie du carmin profond au coquelicot lumineux, est devenue la couleur signature de Christian Dior.\" \/>\n<meta name=\"robots\" content=\"index, follow, max-snippet:-1, max-image-preview:large, max-video-preview:-1\" \/>\n<link rel=\"canonical\" href=\"https:\/\/www.elle.be\/fr\/425393-rouge-comment-cette-couleur-est-devenue-un-symbole-chez-christian-dior.html\" \/>\n<meta property=\"og:locale\" content=\"fr_FR\" \/>\n<meta property=\"og:type\" content=\"article\" \/>\n<meta property=\"og:title\" content=\"Le rouge : couleur symbole chez Christian Dior - ELLE.be\" \/>\n<meta property=\"og:description\" content=\"Le rouge, qui varie du carmin profond au coquelicot lumineux, est devenue la couleur signature de Christian Dior.\" \/>\n<meta property=\"og:url\" content=\"https:\/\/www.elle.be\/fr\/425393-rouge-comment-cette-couleur-est-devenue-un-symbole-chez-christian-dior.html\" \/>\n<meta property=\"og:site_name\" content=\"ELLE.be\" \/>\n<meta property=\"article:publisher\" content=\"https:\/\/www.facebook.com\/ELLEbelgium\/\" \/>\n<meta property=\"article:author\" content=\"https:\/\/www.facebook.com\/vekemans.mary\" \/>\n<meta property=\"article:published_time\" content=\"2024-06-13T07:00:17+00:00\" \/>\n<meta property=\"og:image\" content=\"https:\/\/www.elle.be\/fr\/wp-content\/uploads\/2024\/06\/rouge-dior-cover.jpg\" \/>\n\t<meta property=\"og:image:width\" content=\"1200\" \/>\n\t<meta property=\"og:image:height\" content=\"628\" \/>\n\t<meta property=\"og:image:type\" content=\"image\/jpeg\" \/>\n<meta name=\"author\" content=\"Marie-No\u00eblle Vekemans\" \/>\n<meta name=\"twitter:card\" content=\"summary_large_image\" \/>\n<meta name=\"twitter:creator\" content=\"@ELLEBelgique\" \/>\n<meta name=\"twitter:site\" content=\"@ELLEBelgique\" \/>\n<meta name=\"twitter:label1\" content=\"\u00c9crit par\" \/>\n\t<meta name=\"twitter:data1\" content=\"Marie-No\u00eblle Vekemans\" \/>\n\t<meta name=\"twitter:label2\" content=\"Dur\u00e9e de lecture estim\u00e9e\" \/>\n\t<meta name=\"twitter:data2\" content=\"4 minutes\" \/>\n<script type=\"application\/ld+json\" class=\"yoast-schema-graph\">{\"@context\":\"https:\\\/\\\/schema.org\",\"@graph\":[{\"@type\":\"NewsArticle\",\"@id\":\"https:\\\/\\\/www.elle.be\\\/fr\\\/425393-rouge-comment-cette-couleur-est-devenue-un-symbole-chez-christian-dior.html#article\",\"isPartOf\":{\"@id\":\"https:\\\/\\\/www.elle.be\\\/fr\\\/425393-rouge-comment-cette-couleur-est-devenue-un-symbole-chez-christian-dior.html\"},\"author\":{\"name\":\"Marie-No\u00eblle Vekemans\",\"@id\":\"https:\\\/\\\/www.elle.be\\\/fr\\\/#\\\/schema\\\/person\\\/6bec7b95a22c85dde0b8e5c823ed7f1c\"},\"headline\":\"Rouge : comment cette couleur est devenue un symbole chez Christian Dior ?\",\"datePublished\":\"2024-06-13T07:00:17+00:00\",\"mainEntityOfPage\":{\"@id\":\"https:\\\/\\\/www.elle.be\\\/fr\\\/425393-rouge-comment-cette-couleur-est-devenue-un-symbole-chez-christian-dior.html\"},\"wordCount\":555,\"commentCount\":0,\"publisher\":{\"@id\":\"https:\\\/\\\/www.elle.be\\\/fr\\\/#organization\"},\"image\":{\"@id\":\"https:\\\/\\\/www.elle.be\\\/fr\\\/425393-rouge-comment-cette-couleur-est-devenue-un-symbole-chez-christian-dior.html#primaryimage\"},\"thumbnailUrl\":\"https:\\\/\\\/www.elle.be\\\/fr\\\/wp-content\\\/uploads\\\/2024\\\/06\\\/rouge-dior-cover.jpg\",\"articleSection\":[\"Beaut\u00e9\",\"Make-Up\"],\"inLanguage\":\"fr-FR\",\"potentialAction\":[{\"@type\":\"CommentAction\",\"name\":\"Comment\",\"target\":[\"https:\\\/\\\/www.elle.be\\\/fr\\\/425393-rouge-comment-cette-couleur-est-devenue-un-symbole-chez-christian-dior.html#respond\"]}]},{\"@type\":\"WebPage\",\"@id\":\"https:\\\/\\\/www.elle.be\\\/fr\\\/425393-rouge-comment-cette-couleur-est-devenue-un-symbole-chez-christian-dior.html\",\"url\":\"https:\\\/\\\/www.elle.be\\\/fr\\\/425393-rouge-comment-cette-couleur-est-devenue-un-symbole-chez-christian-dior.html\",\"name\":\"Le rouge : couleur symbole chez Christian Dior - ELLE.be\",\"isPartOf\":{\"@id\":\"https:\\\/\\\/www.elle.be\\\/fr\\\/#website\"},\"primaryImageOfPage\":{\"@id\":\"https:\\\/\\\/www.elle.be\\\/fr\\\/425393-rouge-comment-cette-couleur-est-devenue-un-symbole-chez-christian-dior.html#primaryimage\"},\"image\":{\"@id\":\"https:\\\/\\\/www.elle.be\\\/fr\\\/425393-rouge-comment-cette-couleur-est-devenue-un-symbole-chez-christian-dior.html#primaryimage\"},\"thumbnailUrl\":\"https:\\\/\\\/www.elle.be\\\/fr\\\/wp-content\\\/uploads\\\/2024\\\/06\\\/rouge-dior-cover.jpg\",\"datePublished\":\"2024-06-13T07:00:17+00:00\",\"description\":\"Le rouge, qui varie du carmin profond au coquelicot lumineux, est devenue la couleur signature de Christian Dior.\",\"breadcrumb\":{\"@id\":\"https:\\\/\\\/www.elle.be\\\/fr\\\/425393-rouge-comment-cette-couleur-est-devenue-un-symbole-chez-christian-dior.html#breadcrumb\"},\"inLanguage\":\"fr-FR\",\"potentialAction\":[{\"@type\":\"ReadAction\",\"target\":[\"https:\\\/\\\/www.elle.be\\\/fr\\\/425393-rouge-comment-cette-couleur-est-devenue-un-symbole-chez-christian-dior.html\"]}]},{\"@type\":\"ImageObject\",\"inLanguage\":\"fr-FR\",\"@id\":\"https:\\\/\\\/www.elle.be\\\/fr\\\/425393-rouge-comment-cette-couleur-est-devenue-un-symbole-chez-christian-dior.html#primaryimage\",\"url\":\"https:\\\/\\\/www.elle.be\\\/fr\\\/wp-content\\\/uploads\\\/2024\\\/06\\\/rouge-dior-cover.jpg\",\"contentUrl\":\"https:\\\/\\\/www.elle.be\\\/fr\\\/wp-content\\\/uploads\\\/2024\\\/06\\\/rouge-dior-cover.jpg\",\"width\":1200,\"height\":628,\"caption\":\"\u00a9archive Christian Dior Beaut\u00e9\"},{\"@type\":\"BreadcrumbList\",\"@id\":\"https:\\\/\\\/www.elle.be\\\/fr\\\/425393-rouge-comment-cette-couleur-est-devenue-un-symbole-chez-christian-dior.html#breadcrumb\",\"itemListElement\":[{\"@type\":\"ListItem\",\"position\":1,\"name\":\"FR\",\"item\":\"https:\\\/\\\/www.elle.be\\\/fr\"},{\"@type\":\"ListItem\",\"position\":2,\"name\":\"Beaut\u00e9\",\"item\":\"https:\\\/\\\/www.elle.be\\\/fr\\\/beaute\"},{\"@type\":\"ListItem\",\"position\":3,\"name\":\"Rouge : comment cette couleur est devenue un symbole chez Christian Dior ?\"}]},{\"@type\":\"WebSite\",\"@id\":\"https:\\\/\\\/www.elle.be\\\/fr\\\/#website\",\"url\":\"https:\\\/\\\/www.elle.be\\\/fr\\\/\",\"name\":\"ELLE.be\",\"description\":\"Toutes les infos mode, beaut\u00e9 et lifestyle les plus pointues ainsi qu&#039;un contenu 100% belge d\u00e9clin\u00e9 \u00e0 360\u00b0sur le site ELLE.be, nos r\u00e9seaux sociaux et notre cha\u00eene Youtube.\",\"publisher\":{\"@id\":\"https:\\\/\\\/www.elle.be\\\/fr\\\/#organization\"},\"potentialAction\":[{\"@type\":\"SearchAction\",\"target\":{\"@type\":\"EntryPoint\",\"urlTemplate\":\"https:\\\/\\\/www.elle.be\\\/fr\\\/?s={search_term_string}\"},\"query-input\":{\"@type\":\"PropertyValueSpecification\",\"valueRequired\":true,\"valueName\":\"search_term_string\"}}],\"inLanguage\":\"fr-FR\"},{\"@type\":\"Organization\",\"@id\":\"https:\\\/\\\/www.elle.be\\\/fr\\\/#organization\",\"name\":\"ELLE Belgique\",\"url\":\"https:\\\/\\\/www.elle.be\\\/fr\\\/\",\"logo\":{\"@type\":\"ImageObject\",\"inLanguage\":\"fr-FR\",\"@id\":\"https:\\\/\\\/www.elle.be\\\/fr\\\/#\\\/schema\\\/logo\\\/image\\\/\",\"url\":\"https:\\\/\\\/www.elle.be\\\/fr\\\/wp-content\\\/uploads\\\/2017\\\/03\\\/elle-icon-200px.jpeg\",\"contentUrl\":\"https:\\\/\\\/www.elle.be\\\/fr\\\/wp-content\\\/uploads\\\/2017\\\/03\\\/elle-icon-200px.jpeg\",\"width\":200,\"height\":200,\"caption\":\"ELLE Belgique\"},\"image\":{\"@id\":\"https:\\\/\\\/www.elle.be\\\/fr\\\/#\\\/schema\\\/logo\\\/image\\\/\"},\"sameAs\":[\"https:\\\/\\\/www.facebook.com\\\/ELLEbelgium\\\/\",\"https:\\\/\\\/x.com\\\/ELLEBelgique\",\"http:\\\/\\\/instagram.com\\\/ellebelgique\\\/\",\"https:\\\/\\\/www.pinterest.com\\\/ellebelgique\\\/\",\"https:\\\/\\\/www.youtube.com\\\/user\\\/ELLEbelgique1\"]},{\"@type\":\"Person\",\"@id\":\"https:\\\/\\\/www.elle.be\\\/fr\\\/#\\\/schema\\\/person\\\/6bec7b95a22c85dde0b8e5c823ed7f1c\",\"name\":\"Marie-No\u00eblle Vekemans\",\"image\":{\"@type\":\"ImageObject\",\"inLanguage\":\"fr-FR\",\"@id\":\"https:\\\/\\\/www.elle.be\\\/fr\\\/wp-content\\\/uploads\\\/2017\\\/03\\\/elle_marie-noelle-96x96.jpg\",\"url\":\"https:\\\/\\\/www.elle.be\\\/fr\\\/wp-content\\\/uploads\\\/2017\\\/03\\\/elle_marie-noelle-96x96.jpg\",\"contentUrl\":\"https:\\\/\\\/www.elle.be\\\/fr\\\/wp-content\\\/uploads\\\/2017\\\/03\\\/elle_marie-noelle-96x96.jpg\",\"caption\":\"Marie-No\u00eblle Vekemans\"},\"sameAs\":[\"https:\\\/\\\/www.facebook.com\\\/vekemans.mary\",\"http:\\\/\\\/instagram.com\\\/maryvekemans\"],\"url\":\"https:\\\/\\\/www.elle.be\\\/fr\\\/author\\\/marie-noelle\"}]}<\/script>\n<!-- \/ Yoast SEO plugin. -->","yoast_head_json":{"title":"Le rouge : couleur symbole chez Christian Dior - ELLE.be","description":"Le rouge, qui varie du carmin profond au coquelicot lumineux, est devenue la couleur signature de Christian Dior.","robots":{"index":"index","follow":"follow","max-snippet":"max-snippet:-1","max-image-preview":"max-image-preview:large","max-video-preview":"max-video-preview:-1"},"canonical":"https:\/\/www.elle.be\/fr\/425393-rouge-comment-cette-couleur-est-devenue-un-symbole-chez-christian-dior.html","og_locale":"fr_FR","og_type":"article","og_title":"Le rouge : couleur symbole chez Christian Dior - ELLE.be","og_description":"Le rouge, qui varie du carmin profond au coquelicot lumineux, est devenue la couleur signature de Christian Dior.","og_url":"https:\/\/www.elle.be\/fr\/425393-rouge-comment-cette-couleur-est-devenue-un-symbole-chez-christian-dior.html","og_site_name":"ELLE.be","article_publisher":"https:\/\/www.facebook.com\/ELLEbelgium\/","article_author":"https:\/\/www.facebook.com\/vekemans.mary","article_published_time":"2024-06-13T07:00:17+00:00","og_image":[{"width":1200,"height":628,"url":"https:\/\/www.elle.be\/fr\/wp-content\/uploads\/2024\/06\/rouge-dior-cover.jpg","type":"image\/jpeg"}],"author":"Marie-No\u00eblle Vekemans","twitter_card":"summary_large_image","twitter_creator":"@ELLEBelgique","twitter_site":"@ELLEBelgique","twitter_misc":{"\u00c9crit par":"Marie-No\u00eblle Vekemans","Dur\u00e9e de lecture estim\u00e9e":"4 minutes"},"schema":{"@context":"https:\/\/schema.org","@graph":[{"@type":"NewsArticle","@id":"https:\/\/www.elle.be\/fr\/425393-rouge-comment-cette-couleur-est-devenue-un-symbole-chez-christian-dior.html#article","isPartOf":{"@id":"https:\/\/www.elle.be\/fr\/425393-rouge-comment-cette-couleur-est-devenue-un-symbole-chez-christian-dior.html"},"author":{"name":"Marie-No\u00eblle Vekemans","@id":"https:\/\/www.elle.be\/fr\/#\/schema\/person\/6bec7b95a22c85dde0b8e5c823ed7f1c"},"headline":"Rouge : comment cette couleur est devenue un symbole chez Christian Dior ?","datePublished":"2024-06-13T07:00:17+00:00","mainEntityOfPage":{"@id":"https:\/\/www.elle.be\/fr\/425393-rouge-comment-cette-couleur-est-devenue-un-symbole-chez-christian-dior.html"},"wordCount":555,"commentCount":0,"publisher":{"@id":"https:\/\/www.elle.be\/fr\/#organization"},"image":{"@id":"https:\/\/www.elle.be\/fr\/425393-rouge-comment-cette-couleur-est-devenue-un-symbole-chez-christian-dior.html#primaryimage"},"thumbnailUrl":"https:\/\/www.elle.be\/fr\/wp-content\/uploads\/2024\/06\/rouge-dior-cover.jpg","articleSection":["Beaut\u00e9","Make-Up"],"inLanguage":"fr-FR","potentialAction":[{"@type":"CommentAction","name":"Comment","target":["https:\/\/www.elle.be\/fr\/425393-rouge-comment-cette-couleur-est-devenue-un-symbole-chez-christian-dior.html#respond"]}]},{"@type":"WebPage","@id":"https:\/\/www.elle.be\/fr\/425393-rouge-comment-cette-couleur-est-devenue-un-symbole-chez-christian-dior.html","url":"https:\/\/www.elle.be\/fr\/425393-rouge-comment-cette-couleur-est-devenue-un-symbole-chez-christian-dior.html","name":"Le rouge : couleur symbole chez Christian Dior - ELLE.be","isPartOf":{"@id":"https:\/\/www.elle.be\/fr\/#website"},"primaryImageOfPage":{"@id":"https:\/\/www.elle.be\/fr\/425393-rouge-comment-cette-couleur-est-devenue-un-symbole-chez-christian-dior.html#primaryimage"},"image":{"@id":"https:\/\/www.elle.be\/fr\/425393-rouge-comment-cette-couleur-est-devenue-un-symbole-chez-christian-dior.html#primaryimage"},"thumbnailUrl":"https:\/\/www.elle.be\/fr\/wp-content\/uploads\/2024\/06\/rouge-dior-cover.jpg","datePublished":"2024-06-13T07:00:17+00:00","description":"Le rouge, qui varie du carmin profond au coquelicot lumineux, est devenue la couleur signature de Christian Dior.","breadcrumb":{"@id":"https:\/\/www.elle.be\/fr\/425393-rouge-comment-cette-couleur-est-devenue-un-symbole-chez-christian-dior.html#breadcrumb"},"inLanguage":"fr-FR","potentialAction":[{"@type":"ReadAction","target":["https:\/\/www.elle.be\/fr\/425393-rouge-comment-cette-couleur-est-devenue-un-symbole-chez-christian-dior.html"]}]},{"@type":"ImageObject","inLanguage":"fr-FR","@id":"https:\/\/www.elle.be\/fr\/425393-rouge-comment-cette-couleur-est-devenue-un-symbole-chez-christian-dior.html#primaryimage","url":"https:\/\/www.elle.be\/fr\/wp-content\/uploads\/2024\/06\/rouge-dior-cover.jpg","contentUrl":"https:\/\/www.elle.be\/fr\/wp-content\/uploads\/2024\/06\/rouge-dior-cover.jpg","width":1200,"height":628,"caption":"\u00a9archive Christian Dior Beaut\u00e9"},{"@type":"BreadcrumbList","@id":"https:\/\/www.elle.be\/fr\/425393-rouge-comment-cette-couleur-est-devenue-un-symbole-chez-christian-dior.html#breadcrumb","itemListElement":[{"@type":"ListItem","position":1,"name":"FR","item":"https:\/\/www.elle.be\/fr"},{"@type":"ListItem","position":2,"name":"Beaut\u00e9","item":"https:\/\/www.elle.be\/fr\/beaute"},{"@type":"ListItem","position":3,"name":"Rouge : comment cette couleur est devenue un symbole chez Christian Dior ?"}]},{"@type":"WebSite","@id":"https:\/\/www.elle.be\/fr\/#website","url":"https:\/\/www.elle.be\/fr\/","name":"ELLE.be","description":"Toutes les infos mode, beaut\u00e9 et lifestyle les plus pointues ainsi qu&#039;un contenu 100% belge d\u00e9clin\u00e9 \u00e0 360\u00b0sur le site ELLE.be, nos r\u00e9seaux sociaux et notre cha\u00eene Youtube.","publisher":{"@id":"https:\/\/www.elle.be\/fr\/#organization"},"potentialAction":[{"@type":"SearchAction","target":{"@type":"EntryPoint","urlTemplate":"https:\/\/www.elle.be\/fr\/?s={search_term_string}"},"query-input":{"@type":"PropertyValueSpecification","valueRequired":true,"valueName":"search_term_string"}}],"inLanguage":"fr-FR"},{"@type":"Organization","@id":"https:\/\/www.elle.be\/fr\/#organization","name":"ELLE Belgique","url":"https:\/\/www.elle.be\/fr\/","logo":{"@type":"ImageObject","inLanguage":"fr-FR","@id":"https:\/\/www.elle.be\/fr\/#\/schema\/logo\/image\/","url":"https:\/\/www.elle.be\/fr\/wp-content\/uploads\/2017\/03\/elle-icon-200px.jpeg","contentUrl":"https:\/\/www.elle.be\/fr\/wp-content\/uploads\/2017\/03\/elle-icon-200px.jpeg","width":200,"height":200,"caption":"ELLE Belgique"},"image":{"@id":"https:\/\/www.elle.be\/fr\/#\/schema\/logo\/image\/"},"sameAs":["https:\/\/www.facebook.com\/ELLEbelgium\/","https:\/\/x.com\/ELLEBelgique","http:\/\/instagram.com\/ellebelgique\/","https:\/\/www.pinterest.com\/ellebelgique\/","https:\/\/www.youtube.com\/user\/ELLEbelgique1"]},{"@type":"Person","@id":"https:\/\/www.elle.be\/fr\/#\/schema\/person\/6bec7b95a22c85dde0b8e5c823ed7f1c","name":"Marie-No\u00eblle Vekemans","image":{"@type":"ImageObject","inLanguage":"fr-FR","@id":"https:\/\/www.elle.be\/fr\/wp-content\/uploads\/2017\/03\/elle_marie-noelle-96x96.jpg","url":"https:\/\/www.elle.be\/fr\/wp-content\/uploads\/2017\/03\/elle_marie-noelle-96x96.jpg","contentUrl":"https:\/\/www.elle.be\/fr\/wp-content\/uploads\/2017\/03\/elle_marie-noelle-96x96.jpg","caption":"Marie-No\u00eblle Vekemans"},"sameAs":["https:\/\/www.facebook.com\/vekemans.mary","http:\/\/instagram.com\/maryvekemans"],"url":"https:\/\/www.elle.be\/fr\/author\/marie-noelle"}]}},"_links":{"self":[{"href":"https:\/\/www.elle.be\/fr\/wp-json\/wp\/v2\/posts\/425393","targetHints":{"allow":["GET"]}}],"collection":[{"href":"https:\/\/www.elle.be\/fr\/wp-json\/wp\/v2\/posts"}],"about":[{"href":"https:\/\/www.elle.be\/fr\/wp-json\/wp\/v2\/types\/post"}],"author":[{"embeddable":true,"href":"https:\/\/www.elle.be\/fr\/wp-json\/wp\/v2\/users\/4"}],"replies":[{"embeddable":true,"href":"https:\/\/www.elle.be\/fr\/wp-json\/wp\/v2\/comments?post=425393"}],"version-history":[{"count":1,"href":"https:\/\/www.elle.be\/fr\/wp-json\/wp\/v2\/posts\/425393\/revisions"}],"predecessor-version":[{"id":425398,"href":"https:\/\/www.elle.be\/fr\/wp-json\/wp\/v2\/posts\/425393\/revisions\/425398"}],"wp:featuredmedia":[{"embeddable":true,"href":"https:\/\/www.elle.be\/fr\/wp-json\/wp\/v2\/media\/425396"}],"wp:attachment":[{"href":"https:\/\/www.elle.be\/fr\/wp-json\/wp\/v2\/media?parent=425393"}],"wp:term":[{"taxonomy":"category","embeddable":true,"href":"https:\/\/www.elle.be\/fr\/wp-json\/wp\/v2\/categories?post=425393"},{"taxonomy":"post_tag","embeddable":true,"href":"https:\/\/www.elle.be\/fr\/wp-json\/wp\/v2\/tags?post=425393"}],"curies":[{"name":"wp","href":"https:\/\/api.w.org\/{rel}","templated":true}]}}