{"id":422286,"date":"2024-04-18T07:00:37","date_gmt":"2024-04-18T05:00:37","guid":{"rendered":"https:\/\/www.elle.be\/fr\/?p=422286"},"modified":"2024-04-15T10:53:05","modified_gmt":"2024-04-15T08:53:05","slug":"ruinart-carte-blanche-2024","status":"publish","type":"post","link":"https:\/\/www.elle.be\/fr\/422286-ruinart-carte-blanche-2024.html","title":{"rendered":"&#8220;Conversations avec la nature&#8221;, la carte blanche 2024 de Ruinart"},"content":{"rendered":"","protected":false},"excerpt":{"rendered":"Chaque ann\u00e9e depuis 2008, la maison de champagne Ruinart confie la r\u00e9interpr\u00e9tation artistique de son patrimoine \u00e0 des artistes contemporains de renom. ...","protected":false},"author":104,"featured_media":422295,"comment_status":"open","ping_status":"closed","sticky":false,"template":"","format":"standard","meta":{"_acf_changed":false,"footnotes":""},"categories":[3269,3961],"tags":[49,502,1117,1255,1714,2077,3752],"class_list":["post-422286","post","type-post","status-publish","format-standard","has-post-thumbnail","hentry","category-elle-decoration","category-news-deco","tag-bruxelles","tag-art","tag-evenement","tag-nouveaute","tag-brussels","tag-champagne","tag-evenement-artistique"],"acf":[],"image_verticale":"422294","_yoast_wpseo_title":null,"_yoast_wpseo_metadesc":"Cette ann\u00e9e, \u00e0 Art Brussels, Ruinart pr\u00e9sentera sa nouvelle carte blanche en lien avec la nature et les questions environnementales.","_yoast_wpseo_focuskw_text_input":null,"_yoast_wpseo_opengraph-title":null,"yoast_head":"<!-- This site is optimized with the Yoast SEO plugin v27.4 - https:\/\/yoast.com\/product\/yoast-seo-wordpress\/ -->\n<title>&quot;Conversations avec la nature&quot;, la carte blanche 2024 de Ruinart - ELLE.be<\/title>\n<meta name=\"description\" content=\"Cette ann\u00e9e, \u00e0 Art Brussels, Ruinart pr\u00e9sentera sa nouvelle carte blanche en lien avec la nature et les questions environnementales.\" \/>\n<meta name=\"robots\" content=\"index, follow, max-snippet:-1, max-image-preview:large, max-video-preview:-1\" \/>\n<link rel=\"canonical\" href=\"https:\/\/www.elle.be\/fr\/422286-ruinart-carte-blanche-2024.html\" \/>\n<meta property=\"og:locale\" content=\"fr_FR\" \/>\n<meta property=\"og:type\" content=\"article\" \/>\n<meta property=\"og:title\" content=\"&quot;Conversations avec la nature&quot;, la carte blanche 2024 de Ruinart - ELLE.be\" \/>\n<meta property=\"og:description\" content=\"Cette ann\u00e9e, \u00e0 Art Brussels, Ruinart pr\u00e9sentera sa nouvelle carte blanche en lien avec la nature et les questions environnementales.\" \/>\n<meta property=\"og:url\" content=\"https:\/\/www.elle.be\/fr\/422286-ruinart-carte-blanche-2024.html\" \/>\n<meta property=\"og:site_name\" content=\"ELLE.be\" \/>\n<meta property=\"article:publisher\" content=\"https:\/\/www.facebook.com\/ELLEbelgium\/\" \/>\n<meta property=\"article:published_time\" content=\"2024-04-18T05:00:37+00:00\" \/>\n<meta property=\"og:image\" content=\"https:\/\/www.elle.be\/fr\/wp-content\/uploads\/2024\/04\/cb24-pascalemarthinetayou-beautyshot-ruinart-alice-jacquemin-8.jpg\" \/>\n\t<meta property=\"og:image:width\" content=\"1200\" \/>\n\t<meta property=\"og:image:height\" content=\"628\" \/>\n\t<meta property=\"og:image:type\" content=\"image\/jpeg\" \/>\n<meta name=\"author\" content=\"Clothilde Van Brussel\" \/>\n<meta name=\"twitter:card\" content=\"summary_large_image\" \/>\n<meta name=\"twitter:creator\" content=\"@ELLEBelgique\" \/>\n<meta name=\"twitter:site\" content=\"@ELLEBelgique\" \/>\n<meta name=\"twitter:label1\" content=\"\u00c9crit par\" \/>\n\t<meta name=\"twitter:data1\" content=\"Clothilde Van Brussel\" \/>\n\t<meta name=\"twitter:label2\" content=\"Dur\u00e9e de lecture estim\u00e9e\" \/>\n\t<meta name=\"twitter:data2\" content=\"3 minutes\" \/>\n<script type=\"application\/ld+json\" class=\"yoast-schema-graph\">{\"@context\":\"https:\\\/\\\/schema.org\",\"@graph\":[{\"@type\":\"NewsArticle\",\"@id\":\"https:\\\/\\\/www.elle.be\\\/fr\\\/422286-ruinart-carte-blanche-2024.html#article\",\"isPartOf\":{\"@id\":\"https:\\\/\\\/www.elle.be\\\/fr\\\/422286-ruinart-carte-blanche-2024.html\"},\"author\":{\"name\":\"Clothilde Van Brussel\",\"@id\":\"https:\\\/\\\/www.elle.be\\\/fr\\\/#\\\/schema\\\/person\\\/152b4703cedd693830ec757430e1e027\"},\"headline\":\"&#8220;Conversations avec la nature&#8221;, la carte blanche 2024 de Ruinart\",\"datePublished\":\"2024-04-18T05:00:37+00:00\",\"mainEntityOfPage\":{\"@id\":\"https:\\\/\\\/www.elle.be\\\/fr\\\/422286-ruinart-carte-blanche-2024.html\"},\"wordCount\":463,\"commentCount\":0,\"publisher\":{\"@id\":\"https:\\\/\\\/www.elle.be\\\/fr\\\/#organization\"},\"image\":{\"@id\":\"https:\\\/\\\/www.elle.be\\\/fr\\\/422286-ruinart-carte-blanche-2024.html#primaryimage\"},\"thumbnailUrl\":\"https:\\\/\\\/www.elle.be\\\/fr\\\/wp-content\\\/uploads\\\/2024\\\/04\\\/cb24-pascalemarthinetayou-beautyshot-ruinart-alice-jacquemin-8.jpg\",\"keywords\":[\"bruxelles\",\"art\",\"\u00c9v\u00c9nement\",\"nouveaut\u00e9\",\"brussels\",\"Champagne\",\"\u00e9v\u00e8nement artistique\"],\"articleSection\":[\"ELLE d\u00e9coration\",\"News D\u00e9co\"],\"inLanguage\":\"fr-FR\",\"potentialAction\":[{\"@type\":\"CommentAction\",\"name\":\"Comment\",\"target\":[\"https:\\\/\\\/www.elle.be\\\/fr\\\/422286-ruinart-carte-blanche-2024.html#respond\"]}]},{\"@type\":\"WebPage\",\"@id\":\"https:\\\/\\\/www.elle.be\\\/fr\\\/422286-ruinart-carte-blanche-2024.html\",\"url\":\"https:\\\/\\\/www.elle.be\\\/fr\\\/422286-ruinart-carte-blanche-2024.html\",\"name\":\"\\\"Conversations avec la nature\\\", la carte blanche 2024 de Ruinart - ELLE.be\",\"isPartOf\":{\"@id\":\"https:\\\/\\\/www.elle.be\\\/fr\\\/#website\"},\"primaryImageOfPage\":{\"@id\":\"https:\\\/\\\/www.elle.be\\\/fr\\\/422286-ruinart-carte-blanche-2024.html#primaryimage\"},\"image\":{\"@id\":\"https:\\\/\\\/www.elle.be\\\/fr\\\/422286-ruinart-carte-blanche-2024.html#primaryimage\"},\"thumbnailUrl\":\"https:\\\/\\\/www.elle.be\\\/fr\\\/wp-content\\\/uploads\\\/2024\\\/04\\\/cb24-pascalemarthinetayou-beautyshot-ruinart-alice-jacquemin-8.jpg\",\"datePublished\":\"2024-04-18T05:00:37+00:00\",\"description\":\"Cette ann\u00e9e, \u00e0 Art Brussels, Ruinart pr\u00e9sentera sa nouvelle carte blanche en lien avec la nature et les questions environnementales.\",\"breadcrumb\":{\"@id\":\"https:\\\/\\\/www.elle.be\\\/fr\\\/422286-ruinart-carte-blanche-2024.html#breadcrumb\"},\"inLanguage\":\"fr-FR\",\"potentialAction\":[{\"@type\":\"ReadAction\",\"target\":[\"https:\\\/\\\/www.elle.be\\\/fr\\\/422286-ruinart-carte-blanche-2024.html\"]}]},{\"@type\":\"ImageObject\",\"inLanguage\":\"fr-FR\",\"@id\":\"https:\\\/\\\/www.elle.be\\\/fr\\\/422286-ruinart-carte-blanche-2024.html#primaryimage\",\"url\":\"https:\\\/\\\/www.elle.be\\\/fr\\\/wp-content\\\/uploads\\\/2024\\\/04\\\/cb24-pascalemarthinetayou-beautyshot-ruinart-alice-jacquemin-8.jpg\",\"contentUrl\":\"https:\\\/\\\/www.elle.be\\\/fr\\\/wp-content\\\/uploads\\\/2024\\\/04\\\/cb24-pascalemarthinetayou-beautyshot-ruinart-alice-jacquemin-8.jpg\",\"width\":1200,\"height\":628,\"caption\":\"\u00a9 Alice Jacquemin\"},{\"@type\":\"BreadcrumbList\",\"@id\":\"https:\\\/\\\/www.elle.be\\\/fr\\\/422286-ruinart-carte-blanche-2024.html#breadcrumb\",\"itemListElement\":[{\"@type\":\"ListItem\",\"position\":1,\"name\":\"FR\",\"item\":\"https:\\\/\\\/www.elle.be\\\/fr\"},{\"@type\":\"ListItem\",\"position\":2,\"name\":\"ELLE d\u00e9coration\",\"item\":\"https:\\\/\\\/www.elle.be\\\/fr\\\/elle-decoration\"},{\"@type\":\"ListItem\",\"position\":3,\"name\":\"News D\u00e9co\",\"item\":\"https:\\\/\\\/www.elle.be\\\/fr\\\/elle-decoration\\\/news-deco\"},{\"@type\":\"ListItem\",\"position\":4,\"name\":\"\u00ab\u00a0Conversations avec la nature\u00a0\u00bb, la carte blanche 2024 de Ruinart\"}]},{\"@type\":\"WebSite\",\"@id\":\"https:\\\/\\\/www.elle.be\\\/fr\\\/#website\",\"url\":\"https:\\\/\\\/www.elle.be\\\/fr\\\/\",\"name\":\"ELLE.be\",\"description\":\"Toutes les infos mode, beaut\u00e9 et lifestyle les plus pointues ainsi qu&#039;un contenu 100% belge d\u00e9clin\u00e9 \u00e0 360\u00b0sur le site ELLE.be, nos r\u00e9seaux sociaux et notre cha\u00eene Youtube.\",\"publisher\":{\"@id\":\"https:\\\/\\\/www.elle.be\\\/fr\\\/#organization\"},\"potentialAction\":[{\"@type\":\"SearchAction\",\"target\":{\"@type\":\"EntryPoint\",\"urlTemplate\":\"https:\\\/\\\/www.elle.be\\\/fr\\\/?s={search_term_string}\"},\"query-input\":{\"@type\":\"PropertyValueSpecification\",\"valueRequired\":true,\"valueName\":\"search_term_string\"}}],\"inLanguage\":\"fr-FR\"},{\"@type\":\"Organization\",\"@id\":\"https:\\\/\\\/www.elle.be\\\/fr\\\/#organization\",\"name\":\"ELLE Belgique\",\"url\":\"https:\\\/\\\/www.elle.be\\\/fr\\\/\",\"logo\":{\"@type\":\"ImageObject\",\"inLanguage\":\"fr-FR\",\"@id\":\"https:\\\/\\\/www.elle.be\\\/fr\\\/#\\\/schema\\\/logo\\\/image\\\/\",\"url\":\"https:\\\/\\\/www.elle.be\\\/fr\\\/wp-content\\\/uploads\\\/2017\\\/03\\\/elle-icon-200px.jpeg\",\"contentUrl\":\"https:\\\/\\\/www.elle.be\\\/fr\\\/wp-content\\\/uploads\\\/2017\\\/03\\\/elle-icon-200px.jpeg\",\"width\":200,\"height\":200,\"caption\":\"ELLE Belgique\"},\"image\":{\"@id\":\"https:\\\/\\\/www.elle.be\\\/fr\\\/#\\\/schema\\\/logo\\\/image\\\/\"},\"sameAs\":[\"https:\\\/\\\/www.facebook.com\\\/ELLEbelgium\\\/\",\"https:\\\/\\\/x.com\\\/ELLEBelgique\",\"http:\\\/\\\/instagram.com\\\/ellebelgique\\\/\",\"https:\\\/\\\/www.pinterest.com\\\/ellebelgique\\\/\",\"https:\\\/\\\/www.youtube.com\\\/user\\\/ELLEbelgique1\"]},{\"@type\":\"Person\",\"@id\":\"https:\\\/\\\/www.elle.be\\\/fr\\\/#\\\/schema\\\/person\\\/152b4703cedd693830ec757430e1e027\",\"name\":\"Clothilde Van Brussel\",\"image\":{\"@type\":\"ImageObject\",\"inLanguage\":\"fr-FR\",\"@id\":\"https:\\\/\\\/secure.gravatar.com\\\/avatar\\\/f255de82743184e4540a294a61fbb08d2bd3b0d964c434ce6210920246245dae?s=96&r=g\",\"url\":\"https:\\\/\\\/secure.gravatar.com\\\/avatar\\\/f255de82743184e4540a294a61fbb08d2bd3b0d964c434ce6210920246245dae?s=96&r=g\",\"contentUrl\":\"https:\\\/\\\/secure.gravatar.com\\\/avatar\\\/f255de82743184e4540a294a61fbb08d2bd3b0d964c434ce6210920246245dae?s=96&r=g\",\"caption\":\"Clothilde Van Brussel\"},\"url\":\"https:\\\/\\\/www.elle.be\\\/fr\\\/author\\\/cvbelleatable-be\"}]}<\/script>\n<!-- \/ Yoast SEO plugin. -->","yoast_head_json":{"title":"\"Conversations avec la nature\", la carte blanche 2024 de Ruinart - ELLE.be","description":"Cette ann\u00e9e, \u00e0 Art Brussels, Ruinart pr\u00e9sentera sa nouvelle carte blanche en lien avec la nature et les questions environnementales.","robots":{"index":"index","follow":"follow","max-snippet":"max-snippet:-1","max-image-preview":"max-image-preview:large","max-video-preview":"max-video-preview:-1"},"canonical":"https:\/\/www.elle.be\/fr\/422286-ruinart-carte-blanche-2024.html","og_locale":"fr_FR","og_type":"article","og_title":"\"Conversations avec la nature\", la carte blanche 2024 de Ruinart - ELLE.be","og_description":"Cette ann\u00e9e, \u00e0 Art Brussels, Ruinart pr\u00e9sentera sa nouvelle carte blanche en lien avec la nature et les questions environnementales.","og_url":"https:\/\/www.elle.be\/fr\/422286-ruinart-carte-blanche-2024.html","og_site_name":"ELLE.be","article_publisher":"https:\/\/www.facebook.com\/ELLEbelgium\/","article_published_time":"2024-04-18T05:00:37+00:00","og_image":[{"width":1200,"height":628,"url":"https:\/\/www.elle.be\/fr\/wp-content\/uploads\/2024\/04\/cb24-pascalemarthinetayou-beautyshot-ruinart-alice-jacquemin-8.jpg","type":"image\/jpeg"}],"author":"Clothilde Van Brussel","twitter_card":"summary_large_image","twitter_creator":"@ELLEBelgique","twitter_site":"@ELLEBelgique","twitter_misc":{"\u00c9crit par":"Clothilde Van Brussel","Dur\u00e9e de lecture estim\u00e9e":"3 minutes"},"schema":{"@context":"https:\/\/schema.org","@graph":[{"@type":"NewsArticle","@id":"https:\/\/www.elle.be\/fr\/422286-ruinart-carte-blanche-2024.html#article","isPartOf":{"@id":"https:\/\/www.elle.be\/fr\/422286-ruinart-carte-blanche-2024.html"},"author":{"name":"Clothilde Van Brussel","@id":"https:\/\/www.elle.be\/fr\/#\/schema\/person\/152b4703cedd693830ec757430e1e027"},"headline":"&#8220;Conversations avec la nature&#8221;, la carte blanche 2024 de Ruinart","datePublished":"2024-04-18T05:00:37+00:00","mainEntityOfPage":{"@id":"https:\/\/www.elle.be\/fr\/422286-ruinart-carte-blanche-2024.html"},"wordCount":463,"commentCount":0,"publisher":{"@id":"https:\/\/www.elle.be\/fr\/#organization"},"image":{"@id":"https:\/\/www.elle.be\/fr\/422286-ruinart-carte-blanche-2024.html#primaryimage"},"thumbnailUrl":"https:\/\/www.elle.be\/fr\/wp-content\/uploads\/2024\/04\/cb24-pascalemarthinetayou-beautyshot-ruinart-alice-jacquemin-8.jpg","keywords":["bruxelles","art","\u00c9v\u00c9nement","nouveaut\u00e9","brussels","Champagne","\u00e9v\u00e8nement artistique"],"articleSection":["ELLE d\u00e9coration","News D\u00e9co"],"inLanguage":"fr-FR","potentialAction":[{"@type":"CommentAction","name":"Comment","target":["https:\/\/www.elle.be\/fr\/422286-ruinart-carte-blanche-2024.html#respond"]}]},{"@type":"WebPage","@id":"https:\/\/www.elle.be\/fr\/422286-ruinart-carte-blanche-2024.html","url":"https:\/\/www.elle.be\/fr\/422286-ruinart-carte-blanche-2024.html","name":"\"Conversations avec la nature\", la carte blanche 2024 de Ruinart - ELLE.be","isPartOf":{"@id":"https:\/\/www.elle.be\/fr\/#website"},"primaryImageOfPage":{"@id":"https:\/\/www.elle.be\/fr\/422286-ruinart-carte-blanche-2024.html#primaryimage"},"image":{"@id":"https:\/\/www.elle.be\/fr\/422286-ruinart-carte-blanche-2024.html#primaryimage"},"thumbnailUrl":"https:\/\/www.elle.be\/fr\/wp-content\/uploads\/2024\/04\/cb24-pascalemarthinetayou-beautyshot-ruinart-alice-jacquemin-8.jpg","datePublished":"2024-04-18T05:00:37+00:00","description":"Cette ann\u00e9e, \u00e0 Art Brussels, Ruinart pr\u00e9sentera sa nouvelle carte blanche en lien avec la nature et les questions environnementales.","breadcrumb":{"@id":"https:\/\/www.elle.be\/fr\/422286-ruinart-carte-blanche-2024.html#breadcrumb"},"inLanguage":"fr-FR","potentialAction":[{"@type":"ReadAction","target":["https:\/\/www.elle.be\/fr\/422286-ruinart-carte-blanche-2024.html"]}]},{"@type":"ImageObject","inLanguage":"fr-FR","@id":"https:\/\/www.elle.be\/fr\/422286-ruinart-carte-blanche-2024.html#primaryimage","url":"https:\/\/www.elle.be\/fr\/wp-content\/uploads\/2024\/04\/cb24-pascalemarthinetayou-beautyshot-ruinart-alice-jacquemin-8.jpg","contentUrl":"https:\/\/www.elle.be\/fr\/wp-content\/uploads\/2024\/04\/cb24-pascalemarthinetayou-beautyshot-ruinart-alice-jacquemin-8.jpg","width":1200,"height":628,"caption":"\u00a9 Alice Jacquemin"},{"@type":"BreadcrumbList","@id":"https:\/\/www.elle.be\/fr\/422286-ruinart-carte-blanche-2024.html#breadcrumb","itemListElement":[{"@type":"ListItem","position":1,"name":"FR","item":"https:\/\/www.elle.be\/fr"},{"@type":"ListItem","position":2,"name":"ELLE d\u00e9coration","item":"https:\/\/www.elle.be\/fr\/elle-decoration"},{"@type":"ListItem","position":3,"name":"News D\u00e9co","item":"https:\/\/www.elle.be\/fr\/elle-decoration\/news-deco"},{"@type":"ListItem","position":4,"name":"\u00ab\u00a0Conversations avec la nature\u00a0\u00bb, la carte blanche 2024 de Ruinart"}]},{"@type":"WebSite","@id":"https:\/\/www.elle.be\/fr\/#website","url":"https:\/\/www.elle.be\/fr\/","name":"ELLE.be","description":"Toutes les infos mode, beaut\u00e9 et lifestyle les plus pointues ainsi qu&#039;un contenu 100% belge d\u00e9clin\u00e9 \u00e0 360\u00b0sur le site ELLE.be, nos r\u00e9seaux sociaux et notre cha\u00eene Youtube.","publisher":{"@id":"https:\/\/www.elle.be\/fr\/#organization"},"potentialAction":[{"@type":"SearchAction","target":{"@type":"EntryPoint","urlTemplate":"https:\/\/www.elle.be\/fr\/?s={search_term_string}"},"query-input":{"@type":"PropertyValueSpecification","valueRequired":true,"valueName":"search_term_string"}}],"inLanguage":"fr-FR"},{"@type":"Organization","@id":"https:\/\/www.elle.be\/fr\/#organization","name":"ELLE Belgique","url":"https:\/\/www.elle.be\/fr\/","logo":{"@type":"ImageObject","inLanguage":"fr-FR","@id":"https:\/\/www.elle.be\/fr\/#\/schema\/logo\/image\/","url":"https:\/\/www.elle.be\/fr\/wp-content\/uploads\/2017\/03\/elle-icon-200px.jpeg","contentUrl":"https:\/\/www.elle.be\/fr\/wp-content\/uploads\/2017\/03\/elle-icon-200px.jpeg","width":200,"height":200,"caption":"ELLE Belgique"},"image":{"@id":"https:\/\/www.elle.be\/fr\/#\/schema\/logo\/image\/"},"sameAs":["https:\/\/www.facebook.com\/ELLEbelgium\/","https:\/\/x.com\/ELLEBelgique","http:\/\/instagram.com\/ellebelgique\/","https:\/\/www.pinterest.com\/ellebelgique\/","https:\/\/www.youtube.com\/user\/ELLEbelgique1"]},{"@type":"Person","@id":"https:\/\/www.elle.be\/fr\/#\/schema\/person\/152b4703cedd693830ec757430e1e027","name":"Clothilde Van Brussel","image":{"@type":"ImageObject","inLanguage":"fr-FR","@id":"https:\/\/secure.gravatar.com\/avatar\/f255de82743184e4540a294a61fbb08d2bd3b0d964c434ce6210920246245dae?s=96&r=g","url":"https:\/\/secure.gravatar.com\/avatar\/f255de82743184e4540a294a61fbb08d2bd3b0d964c434ce6210920246245dae?s=96&r=g","contentUrl":"https:\/\/secure.gravatar.com\/avatar\/f255de82743184e4540a294a61fbb08d2bd3b0d964c434ce6210920246245dae?s=96&r=g","caption":"Clothilde Van Brussel"},"url":"https:\/\/www.elle.be\/fr\/author\/cvbelleatable-be"}]}},"_links":{"self":[{"href":"https:\/\/www.elle.be\/fr\/wp-json\/wp\/v2\/posts\/422286","targetHints":{"allow":["GET"]}}],"collection":[{"href":"https:\/\/www.elle.be\/fr\/wp-json\/wp\/v2\/posts"}],"about":[{"href":"https:\/\/www.elle.be\/fr\/wp-json\/wp\/v2\/types\/post"}],"author":[{"embeddable":true,"href":"https:\/\/www.elle.be\/fr\/wp-json\/wp\/v2\/users\/104"}],"replies":[{"embeddable":true,"href":"https:\/\/www.elle.be\/fr\/wp-json\/wp\/v2\/comments?post=422286"}],"version-history":[{"count":9,"href":"https:\/\/www.elle.be\/fr\/wp-json\/wp\/v2\/posts\/422286\/revisions"}],"predecessor-version":[{"id":422299,"href":"https:\/\/www.elle.be\/fr\/wp-json\/wp\/v2\/posts\/422286\/revisions\/422299"}],"wp:featuredmedia":[{"embeddable":true,"href":"https:\/\/www.elle.be\/fr\/wp-json\/wp\/v2\/media\/422295"}],"wp:attachment":[{"href":"https:\/\/www.elle.be\/fr\/wp-json\/wp\/v2\/media?parent=422286"}],"wp:term":[{"taxonomy":"category","embeddable":true,"href":"https:\/\/www.elle.be\/fr\/wp-json\/wp\/v2\/categories?post=422286"},{"taxonomy":"post_tag","embeddable":true,"href":"https:\/\/www.elle.be\/fr\/wp-json\/wp\/v2\/tags?post=422286"}],"curies":[{"name":"wp","href":"https:\/\/api.w.org\/{rel}","templated":true}]}}