{"id":414604,"date":"2023-12-14T14:24:40","date_gmt":"2023-12-14T13:24:40","guid":{"rendered":"https:\/\/www.elle.be\/fr\/?p=414604"},"modified":"2023-12-14T15:25:54","modified_gmt":"2023-12-14T14:25:54","slug":"les-dernieres-tendances-en-matiere-de-sieges-de-bureau-pour-2024","status":"publish","type":"post","link":"https:\/\/www.elle.be\/fr\/414604-les-dernieres-tendances-en-matiere-de-sieges-de-bureau-pour-2024.html","title":{"rendered":"Les derni\u00e8res tendances en mati\u00e8re de si\u00e8ges de bureau pour 2024"},"content":{"rendered":"","protected":false},"excerpt":{"rendered":"De nos jours, nous passons de nombreuses heures par jour devant l&#8217;ordinateur, que ce soit pour le travail ou les loisirs, et il est de plus en plus fr\u00e9quent de souffrir de probl\u00e8mes de dos en raison des heures pass\u00e9es en position assise.","protected":false},"author":111,"featured_media":414605,"comment_status":"open","ping_status":"closed","sticky":false,"template":"","format":"standard","meta":{"_acf_changed":false,"footnotes":""},"categories":[3269,3270],"tags":[],"class_list":["post-414604","post","type-post","status-publish","format-standard","has-post-thumbnail","hentry","category-elle-decoration","category-tendances-deco"],"acf":[],"image_verticale":"","_yoast_wpseo_title":"Les derni\u00e8res tendances en mati\u00e8re de si\u00e8ges de bureau pour 2024","_yoast_wpseo_metadesc":"De nos jours, nous passons de nombreuses heures par jour devant l'ordinateur, que ce soit pour le travail ou les loisirs, et il est de plus en plus fr\u00e9quent de souffrir de probl\u00e8mes de dos en raison des heures pass\u00e9es en position assise.","_yoast_wpseo_focuskw_text_input":null,"_yoast_wpseo_opengraph-title":null,"yoast_head":"<!-- This site is optimized with the Yoast SEO plugin v27.4 - https:\/\/yoast.com\/product\/yoast-seo-wordpress\/ -->\n<title>Les derni\u00e8res tendances en mati\u00e8re de si\u00e8ges de bureau pour 2024<\/title>\n<meta name=\"description\" content=\"De nos jours, nous passons de nombreuses heures par jour devant l&#039;ordinateur, que ce soit pour le travail ou les loisirs, et il est de plus en plus fr\u00e9quent de souffrir de probl\u00e8mes de dos en raison des heures pass\u00e9es en position assise.\" \/>\n<meta name=\"robots\" content=\"index, follow, max-snippet:-1, max-image-preview:large, max-video-preview:-1\" \/>\n<link rel=\"canonical\" href=\"https:\/\/www.elle.be\/fr\/414604-les-dernieres-tendances-en-matiere-de-sieges-de-bureau-pour-2024.html\" \/>\n<meta property=\"og:locale\" content=\"fr_FR\" \/>\n<meta property=\"og:type\" content=\"article\" \/>\n<meta property=\"og:title\" content=\"Les derni\u00e8res tendances en mati\u00e8re de si\u00e8ges de bureau pour 2024\" \/>\n<meta property=\"og:description\" content=\"De nos jours, nous passons de nombreuses heures par jour devant l&#039;ordinateur, que ce soit pour le travail ou les loisirs, et il est de plus en plus fr\u00e9quent de souffrir de probl\u00e8mes de dos en raison des heures pass\u00e9es en position assise.\" \/>\n<meta property=\"og:url\" content=\"https:\/\/www.elle.be\/fr\/414604-les-dernieres-tendances-en-matiere-de-sieges-de-bureau-pour-2024.html\" \/>\n<meta property=\"og:site_name\" content=\"ELLE.be\" \/>\n<meta property=\"article:publisher\" content=\"https:\/\/www.facebook.com\/ELLEbelgium\/\" \/>\n<meta property=\"article:published_time\" content=\"2023-12-14T13:24:40+00:00\" \/>\n<meta property=\"article:modified_time\" content=\"2023-12-14T14:25:54+00:00\" \/>\n<meta property=\"og:image\" content=\"https:\/\/www.elle.be\/fr\/wp-content\/uploads\/2023\/12\/capture-decran-2023-12-14-a-142137.png\" \/>\n\t<meta property=\"og:image:width\" content=\"774\" \/>\n\t<meta property=\"og:image:height\" content=\"782\" \/>\n\t<meta property=\"og:image:type\" content=\"image\/png\" \/>\n<meta name=\"author\" content=\"ELLE Partenaire\" \/>\n<meta name=\"twitter:card\" content=\"summary_large_image\" \/>\n<meta name=\"twitter:creator\" content=\"@ELLEBelgique\" \/>\n<meta name=\"twitter:site\" content=\"@ELLEBelgique\" \/>\n<meta name=\"twitter:label1\" content=\"\u00c9crit par\" \/>\n\t<meta name=\"twitter:data1\" content=\"ELLE Partenaire\" \/>\n\t<meta name=\"twitter:label2\" content=\"Dur\u00e9e de lecture estim\u00e9e\" \/>\n\t<meta name=\"twitter:data2\" content=\"4 minutes\" \/>\n<script type=\"application\/ld+json\" class=\"yoast-schema-graph\">{\"@context\":\"https:\\\/\\\/schema.org\",\"@graph\":[{\"@type\":\"NewsArticle\",\"@id\":\"https:\\\/\\\/www.elle.be\\\/fr\\\/414604-les-dernieres-tendances-en-matiere-de-sieges-de-bureau-pour-2024.html#article\",\"isPartOf\":{\"@id\":\"https:\\\/\\\/www.elle.be\\\/fr\\\/414604-les-dernieres-tendances-en-matiere-de-sieges-de-bureau-pour-2024.html\"},\"author\":{\"name\":\"ELLE Partenaire\",\"@id\":\"https:\\\/\\\/www.elle.be\\\/fr\\\/#\\\/schema\\\/person\\\/a4da7494d6274822a430e7d9f8f598c0\"},\"headline\":\"Les derni\u00e8res tendances en mati\u00e8re de si\u00e8ges de bureau pour 2024\",\"datePublished\":\"2023-12-14T13:24:40+00:00\",\"dateModified\":\"2023-12-14T14:25:54+00:00\",\"mainEntityOfPage\":{\"@id\":\"https:\\\/\\\/www.elle.be\\\/fr\\\/414604-les-dernieres-tendances-en-matiere-de-sieges-de-bureau-pour-2024.html\"},\"wordCount\":843,\"commentCount\":0,\"publisher\":{\"@id\":\"https:\\\/\\\/www.elle.be\\\/fr\\\/#organization\"},\"image\":{\"@id\":\"https:\\\/\\\/www.elle.be\\\/fr\\\/414604-les-dernieres-tendances-en-matiere-de-sieges-de-bureau-pour-2024.html#primaryimage\"},\"thumbnailUrl\":\"https:\\\/\\\/www.elle.be\\\/fr\\\/wp-content\\\/uploads\\\/2023\\\/12\\\/capture-decran-2023-12-14-a-142137.png\",\"articleSection\":[\"ELLE d\u00e9coration\",\"Tendances D\u00e9co\"],\"inLanguage\":\"fr-FR\",\"potentialAction\":[{\"@type\":\"CommentAction\",\"name\":\"Comment\",\"target\":[\"https:\\\/\\\/www.elle.be\\\/fr\\\/414604-les-dernieres-tendances-en-matiere-de-sieges-de-bureau-pour-2024.html#respond\"]}]},{\"@type\":\"WebPage\",\"@id\":\"https:\\\/\\\/www.elle.be\\\/fr\\\/414604-les-dernieres-tendances-en-matiere-de-sieges-de-bureau-pour-2024.html\",\"url\":\"https:\\\/\\\/www.elle.be\\\/fr\\\/414604-les-dernieres-tendances-en-matiere-de-sieges-de-bureau-pour-2024.html\",\"name\":\"Les derni\u00e8res tendances en mati\u00e8re de si\u00e8ges de bureau pour 2024\",\"isPartOf\":{\"@id\":\"https:\\\/\\\/www.elle.be\\\/fr\\\/#website\"},\"primaryImageOfPage\":{\"@id\":\"https:\\\/\\\/www.elle.be\\\/fr\\\/414604-les-dernieres-tendances-en-matiere-de-sieges-de-bureau-pour-2024.html#primaryimage\"},\"image\":{\"@id\":\"https:\\\/\\\/www.elle.be\\\/fr\\\/414604-les-dernieres-tendances-en-matiere-de-sieges-de-bureau-pour-2024.html#primaryimage\"},\"thumbnailUrl\":\"https:\\\/\\\/www.elle.be\\\/fr\\\/wp-content\\\/uploads\\\/2023\\\/12\\\/capture-decran-2023-12-14-a-142137.png\",\"datePublished\":\"2023-12-14T13:24:40+00:00\",\"dateModified\":\"2023-12-14T14:25:54+00:00\",\"description\":\"De nos jours, nous passons de nombreuses heures par jour devant l'ordinateur, que ce soit pour le travail ou les loisirs, et il est de plus en plus fr\u00e9quent de souffrir de probl\u00e8mes de dos en raison des heures pass\u00e9es en position assise.\",\"breadcrumb\":{\"@id\":\"https:\\\/\\\/www.elle.be\\\/fr\\\/414604-les-dernieres-tendances-en-matiere-de-sieges-de-bureau-pour-2024.html#breadcrumb\"},\"inLanguage\":\"fr-FR\",\"potentialAction\":[{\"@type\":\"ReadAction\",\"target\":[\"https:\\\/\\\/www.elle.be\\\/fr\\\/414604-les-dernieres-tendances-en-matiere-de-sieges-de-bureau-pour-2024.html\"]}]},{\"@type\":\"ImageObject\",\"inLanguage\":\"fr-FR\",\"@id\":\"https:\\\/\\\/www.elle.be\\\/fr\\\/414604-les-dernieres-tendances-en-matiere-de-sieges-de-bureau-pour-2024.html#primaryimage\",\"url\":\"https:\\\/\\\/www.elle.be\\\/fr\\\/wp-content\\\/uploads\\\/2023\\\/12\\\/capture-decran-2023-12-14-a-142137.png\",\"contentUrl\":\"https:\\\/\\\/www.elle.be\\\/fr\\\/wp-content\\\/uploads\\\/2023\\\/12\\\/capture-decran-2023-12-14-a-142137.png\",\"width\":774,\"height\":782},{\"@type\":\"BreadcrumbList\",\"@id\":\"https:\\\/\\\/www.elle.be\\\/fr\\\/414604-les-dernieres-tendances-en-matiere-de-sieges-de-bureau-pour-2024.html#breadcrumb\",\"itemListElement\":[{\"@type\":\"ListItem\",\"position\":1,\"name\":\"FR\",\"item\":\"https:\\\/\\\/www.elle.be\\\/fr\"},{\"@type\":\"ListItem\",\"position\":2,\"name\":\"ELLE d\u00e9coration\",\"item\":\"https:\\\/\\\/www.elle.be\\\/fr\\\/elle-decoration\"},{\"@type\":\"ListItem\",\"position\":3,\"name\":\"Tendances D\u00e9co\",\"item\":\"https:\\\/\\\/www.elle.be\\\/fr\\\/elle-decoration\\\/tendances-deco\"},{\"@type\":\"ListItem\",\"position\":4,\"name\":\"Les derni\u00e8res tendances en mati\u00e8re de si\u00e8ges de bureau pour 2024\"}]},{\"@type\":\"WebSite\",\"@id\":\"https:\\\/\\\/www.elle.be\\\/fr\\\/#website\",\"url\":\"https:\\\/\\\/www.elle.be\\\/fr\\\/\",\"name\":\"ELLE.be\",\"description\":\"Toutes les infos mode, beaut\u00e9 et lifestyle les plus pointues ainsi qu&#039;un contenu 100% belge d\u00e9clin\u00e9 \u00e0 360\u00b0sur le site ELLE.be, nos r\u00e9seaux sociaux et notre cha\u00eene Youtube.\",\"publisher\":{\"@id\":\"https:\\\/\\\/www.elle.be\\\/fr\\\/#organization\"},\"potentialAction\":[{\"@type\":\"SearchAction\",\"target\":{\"@type\":\"EntryPoint\",\"urlTemplate\":\"https:\\\/\\\/www.elle.be\\\/fr\\\/?s={search_term_string}\"},\"query-input\":{\"@type\":\"PropertyValueSpecification\",\"valueRequired\":true,\"valueName\":\"search_term_string\"}}],\"inLanguage\":\"fr-FR\"},{\"@type\":\"Organization\",\"@id\":\"https:\\\/\\\/www.elle.be\\\/fr\\\/#organization\",\"name\":\"ELLE Belgique\",\"url\":\"https:\\\/\\\/www.elle.be\\\/fr\\\/\",\"logo\":{\"@type\":\"ImageObject\",\"inLanguage\":\"fr-FR\",\"@id\":\"https:\\\/\\\/www.elle.be\\\/fr\\\/#\\\/schema\\\/logo\\\/image\\\/\",\"url\":\"https:\\\/\\\/www.elle.be\\\/fr\\\/wp-content\\\/uploads\\\/2017\\\/03\\\/elle-icon-200px.jpeg\",\"contentUrl\":\"https:\\\/\\\/www.elle.be\\\/fr\\\/wp-content\\\/uploads\\\/2017\\\/03\\\/elle-icon-200px.jpeg\",\"width\":200,\"height\":200,\"caption\":\"ELLE Belgique\"},\"image\":{\"@id\":\"https:\\\/\\\/www.elle.be\\\/fr\\\/#\\\/schema\\\/logo\\\/image\\\/\"},\"sameAs\":[\"https:\\\/\\\/www.facebook.com\\\/ELLEbelgium\\\/\",\"https:\\\/\\\/x.com\\\/ELLEBelgique\",\"http:\\\/\\\/instagram.com\\\/ellebelgique\\\/\",\"https:\\\/\\\/www.pinterest.com\\\/ellebelgique\\\/\",\"https:\\\/\\\/www.youtube.com\\\/user\\\/ELLEbelgique1\"]},{\"@type\":\"Person\",\"@id\":\"https:\\\/\\\/www.elle.be\\\/fr\\\/#\\\/schema\\\/person\\\/a4da7494d6274822a430e7d9f8f598c0\",\"name\":\"ELLE Partenaire\",\"image\":{\"@type\":\"ImageObject\",\"inLanguage\":\"fr-FR\",\"@id\":\"https:\\\/\\\/secure.gravatar.com\\\/avatar\\\/081d2cd4575981df403100e247f888ad2ab94033015c4f0b86a6c6d09d3d121c?s=96&r=g\",\"url\":\"https:\\\/\\\/secure.gravatar.com\\\/avatar\\\/081d2cd4575981df403100e247f888ad2ab94033015c4f0b86a6c6d09d3d121c?s=96&r=g\",\"contentUrl\":\"https:\\\/\\\/secure.gravatar.com\\\/avatar\\\/081d2cd4575981df403100e247f888ad2ab94033015c4f0b86a6c6d09d3d121c?s=96&r=g\",\"caption\":\"ELLE Partenaire\"},\"url\":\"https:\\\/\\\/www.elle.be\\\/fr\\\/author\\\/reworld\"}]}<\/script>\n<!-- \/ Yoast SEO plugin. -->","yoast_head_json":{"title":"Les derni\u00e8res tendances en mati\u00e8re de si\u00e8ges de bureau pour 2024","description":"De nos jours, nous passons de nombreuses heures par jour devant l'ordinateur, que ce soit pour le travail ou les loisirs, et il est de plus en plus fr\u00e9quent de souffrir de probl\u00e8mes de dos en raison des heures pass\u00e9es en position assise.","robots":{"index":"index","follow":"follow","max-snippet":"max-snippet:-1","max-image-preview":"max-image-preview:large","max-video-preview":"max-video-preview:-1"},"canonical":"https:\/\/www.elle.be\/fr\/414604-les-dernieres-tendances-en-matiere-de-sieges-de-bureau-pour-2024.html","og_locale":"fr_FR","og_type":"article","og_title":"Les derni\u00e8res tendances en mati\u00e8re de si\u00e8ges de bureau pour 2024","og_description":"De nos jours, nous passons de nombreuses heures par jour devant l'ordinateur, que ce soit pour le travail ou les loisirs, et il est de plus en plus fr\u00e9quent de souffrir de probl\u00e8mes de dos en raison des heures pass\u00e9es en position assise.","og_url":"https:\/\/www.elle.be\/fr\/414604-les-dernieres-tendances-en-matiere-de-sieges-de-bureau-pour-2024.html","og_site_name":"ELLE.be","article_publisher":"https:\/\/www.facebook.com\/ELLEbelgium\/","article_published_time":"2023-12-14T13:24:40+00:00","article_modified_time":"2023-12-14T14:25:54+00:00","og_image":[{"width":774,"height":782,"url":"https:\/\/www.elle.be\/fr\/wp-content\/uploads\/2023\/12\/capture-decran-2023-12-14-a-142137.png","type":"image\/png"}],"author":"ELLE Partenaire","twitter_card":"summary_large_image","twitter_creator":"@ELLEBelgique","twitter_site":"@ELLEBelgique","twitter_misc":{"\u00c9crit par":"ELLE Partenaire","Dur\u00e9e de lecture estim\u00e9e":"4 minutes"},"schema":{"@context":"https:\/\/schema.org","@graph":[{"@type":"NewsArticle","@id":"https:\/\/www.elle.be\/fr\/414604-les-dernieres-tendances-en-matiere-de-sieges-de-bureau-pour-2024.html#article","isPartOf":{"@id":"https:\/\/www.elle.be\/fr\/414604-les-dernieres-tendances-en-matiere-de-sieges-de-bureau-pour-2024.html"},"author":{"name":"ELLE Partenaire","@id":"https:\/\/www.elle.be\/fr\/#\/schema\/person\/a4da7494d6274822a430e7d9f8f598c0"},"headline":"Les derni\u00e8res tendances en mati\u00e8re de si\u00e8ges de bureau pour 2024","datePublished":"2023-12-14T13:24:40+00:00","dateModified":"2023-12-14T14:25:54+00:00","mainEntityOfPage":{"@id":"https:\/\/www.elle.be\/fr\/414604-les-dernieres-tendances-en-matiere-de-sieges-de-bureau-pour-2024.html"},"wordCount":843,"commentCount":0,"publisher":{"@id":"https:\/\/www.elle.be\/fr\/#organization"},"image":{"@id":"https:\/\/www.elle.be\/fr\/414604-les-dernieres-tendances-en-matiere-de-sieges-de-bureau-pour-2024.html#primaryimage"},"thumbnailUrl":"https:\/\/www.elle.be\/fr\/wp-content\/uploads\/2023\/12\/capture-decran-2023-12-14-a-142137.png","articleSection":["ELLE d\u00e9coration","Tendances D\u00e9co"],"inLanguage":"fr-FR","potentialAction":[{"@type":"CommentAction","name":"Comment","target":["https:\/\/www.elle.be\/fr\/414604-les-dernieres-tendances-en-matiere-de-sieges-de-bureau-pour-2024.html#respond"]}]},{"@type":"WebPage","@id":"https:\/\/www.elle.be\/fr\/414604-les-dernieres-tendances-en-matiere-de-sieges-de-bureau-pour-2024.html","url":"https:\/\/www.elle.be\/fr\/414604-les-dernieres-tendances-en-matiere-de-sieges-de-bureau-pour-2024.html","name":"Les derni\u00e8res tendances en mati\u00e8re de si\u00e8ges de bureau pour 2024","isPartOf":{"@id":"https:\/\/www.elle.be\/fr\/#website"},"primaryImageOfPage":{"@id":"https:\/\/www.elle.be\/fr\/414604-les-dernieres-tendances-en-matiere-de-sieges-de-bureau-pour-2024.html#primaryimage"},"image":{"@id":"https:\/\/www.elle.be\/fr\/414604-les-dernieres-tendances-en-matiere-de-sieges-de-bureau-pour-2024.html#primaryimage"},"thumbnailUrl":"https:\/\/www.elle.be\/fr\/wp-content\/uploads\/2023\/12\/capture-decran-2023-12-14-a-142137.png","datePublished":"2023-12-14T13:24:40+00:00","dateModified":"2023-12-14T14:25:54+00:00","description":"De nos jours, nous passons de nombreuses heures par jour devant l'ordinateur, que ce soit pour le travail ou les loisirs, et il est de plus en plus fr\u00e9quent de souffrir de probl\u00e8mes de dos en raison des heures pass\u00e9es en position assise.","breadcrumb":{"@id":"https:\/\/www.elle.be\/fr\/414604-les-dernieres-tendances-en-matiere-de-sieges-de-bureau-pour-2024.html#breadcrumb"},"inLanguage":"fr-FR","potentialAction":[{"@type":"ReadAction","target":["https:\/\/www.elle.be\/fr\/414604-les-dernieres-tendances-en-matiere-de-sieges-de-bureau-pour-2024.html"]}]},{"@type":"ImageObject","inLanguage":"fr-FR","@id":"https:\/\/www.elle.be\/fr\/414604-les-dernieres-tendances-en-matiere-de-sieges-de-bureau-pour-2024.html#primaryimage","url":"https:\/\/www.elle.be\/fr\/wp-content\/uploads\/2023\/12\/capture-decran-2023-12-14-a-142137.png","contentUrl":"https:\/\/www.elle.be\/fr\/wp-content\/uploads\/2023\/12\/capture-decran-2023-12-14-a-142137.png","width":774,"height":782},{"@type":"BreadcrumbList","@id":"https:\/\/www.elle.be\/fr\/414604-les-dernieres-tendances-en-matiere-de-sieges-de-bureau-pour-2024.html#breadcrumb","itemListElement":[{"@type":"ListItem","position":1,"name":"FR","item":"https:\/\/www.elle.be\/fr"},{"@type":"ListItem","position":2,"name":"ELLE d\u00e9coration","item":"https:\/\/www.elle.be\/fr\/elle-decoration"},{"@type":"ListItem","position":3,"name":"Tendances D\u00e9co","item":"https:\/\/www.elle.be\/fr\/elle-decoration\/tendances-deco"},{"@type":"ListItem","position":4,"name":"Les derni\u00e8res tendances en mati\u00e8re de si\u00e8ges de bureau pour 2024"}]},{"@type":"WebSite","@id":"https:\/\/www.elle.be\/fr\/#website","url":"https:\/\/www.elle.be\/fr\/","name":"ELLE.be","description":"Toutes les infos mode, beaut\u00e9 et lifestyle les plus pointues ainsi qu&#039;un contenu 100% belge d\u00e9clin\u00e9 \u00e0 360\u00b0sur le site ELLE.be, nos r\u00e9seaux sociaux et notre cha\u00eene Youtube.","publisher":{"@id":"https:\/\/www.elle.be\/fr\/#organization"},"potentialAction":[{"@type":"SearchAction","target":{"@type":"EntryPoint","urlTemplate":"https:\/\/www.elle.be\/fr\/?s={search_term_string}"},"query-input":{"@type":"PropertyValueSpecification","valueRequired":true,"valueName":"search_term_string"}}],"inLanguage":"fr-FR"},{"@type":"Organization","@id":"https:\/\/www.elle.be\/fr\/#organization","name":"ELLE Belgique","url":"https:\/\/www.elle.be\/fr\/","logo":{"@type":"ImageObject","inLanguage":"fr-FR","@id":"https:\/\/www.elle.be\/fr\/#\/schema\/logo\/image\/","url":"https:\/\/www.elle.be\/fr\/wp-content\/uploads\/2017\/03\/elle-icon-200px.jpeg","contentUrl":"https:\/\/www.elle.be\/fr\/wp-content\/uploads\/2017\/03\/elle-icon-200px.jpeg","width":200,"height":200,"caption":"ELLE Belgique"},"image":{"@id":"https:\/\/www.elle.be\/fr\/#\/schema\/logo\/image\/"},"sameAs":["https:\/\/www.facebook.com\/ELLEbelgium\/","https:\/\/x.com\/ELLEBelgique","http:\/\/instagram.com\/ellebelgique\/","https:\/\/www.pinterest.com\/ellebelgique\/","https:\/\/www.youtube.com\/user\/ELLEbelgique1"]},{"@type":"Person","@id":"https:\/\/www.elle.be\/fr\/#\/schema\/person\/a4da7494d6274822a430e7d9f8f598c0","name":"ELLE Partenaire","image":{"@type":"ImageObject","inLanguage":"fr-FR","@id":"https:\/\/secure.gravatar.com\/avatar\/081d2cd4575981df403100e247f888ad2ab94033015c4f0b86a6c6d09d3d121c?s=96&r=g","url":"https:\/\/secure.gravatar.com\/avatar\/081d2cd4575981df403100e247f888ad2ab94033015c4f0b86a6c6d09d3d121c?s=96&r=g","contentUrl":"https:\/\/secure.gravatar.com\/avatar\/081d2cd4575981df403100e247f888ad2ab94033015c4f0b86a6c6d09d3d121c?s=96&r=g","caption":"ELLE Partenaire"},"url":"https:\/\/www.elle.be\/fr\/author\/reworld"}]}},"_links":{"self":[{"href":"https:\/\/www.elle.be\/fr\/wp-json\/wp\/v2\/posts\/414604","targetHints":{"allow":["GET"]}}],"collection":[{"href":"https:\/\/www.elle.be\/fr\/wp-json\/wp\/v2\/posts"}],"about":[{"href":"https:\/\/www.elle.be\/fr\/wp-json\/wp\/v2\/types\/post"}],"author":[{"embeddable":true,"href":"https:\/\/www.elle.be\/fr\/wp-json\/wp\/v2\/users\/111"}],"replies":[{"embeddable":true,"href":"https:\/\/www.elle.be\/fr\/wp-json\/wp\/v2\/comments?post=414604"}],"version-history":[{"count":3,"href":"https:\/\/www.elle.be\/fr\/wp-json\/wp\/v2\/posts\/414604\/revisions"}],"predecessor-version":[{"id":414622,"href":"https:\/\/www.elle.be\/fr\/wp-json\/wp\/v2\/posts\/414604\/revisions\/414622"}],"wp:featuredmedia":[{"embeddable":true,"href":"https:\/\/www.elle.be\/fr\/wp-json\/wp\/v2\/media\/414605"}],"wp:attachment":[{"href":"https:\/\/www.elle.be\/fr\/wp-json\/wp\/v2\/media?parent=414604"}],"wp:term":[{"taxonomy":"category","embeddable":true,"href":"https:\/\/www.elle.be\/fr\/wp-json\/wp\/v2\/categories?post=414604"},{"taxonomy":"post_tag","embeddable":true,"href":"https:\/\/www.elle.be\/fr\/wp-json\/wp\/v2\/tags?post=414604"}],"curies":[{"name":"wp","href":"https:\/\/api.w.org\/{rel}","templated":true}]}}