{"id":409679,"date":"2023-11-16T13:30:48","date_gmt":"2023-11-16T12:30:48","guid":{"rendered":"https:\/\/www.elle.be\/fr\/?p=409679"},"modified":"2023-11-16T13:35:25","modified_gmt":"2023-11-16T12:35:25","slug":"rita-le-podcast-belge-sur-la-maternite-a-ecouter-meme-quand-on-nest-pas-parents","status":"publish","type":"post","link":"https:\/\/www.elle.be\/fr\/409679-rita-le-podcast-belge-sur-la-maternite-a-ecouter-meme-quand-on-nest-pas-parents.html","title":{"rendered":"Rita : Le podcast belge sur la maternit\u00e9 \u00e0 \u00e9couter m\u00eame quand on n&#8217;est pas parents"},"content":{"rendered":"","protected":false},"excerpt":{"rendered":"Je n&#8217;ai pas d&#8217;enfants et d&#8217;aussi loin que je me souvienne, je n&#8217;en ai jamais voulu. ...","protected":false},"author":105,"featured_media":409813,"comment_status":"open","ping_status":"closed","sticky":false,"template":"","format":"standard","meta":{"_acf_changed":false,"footnotes":""},"categories":[2191,2217],"tags":[352,3190,3870],"class_list":["post-409679","post","type-post","status-publish","format-standard","has-post-thumbnail","hentry","category-lifestyle","category-famille","tag-enfant","tag-podcast","tag-mamans"],"acf":[],"image_verticale":"409812","_yoast_wpseo_title":"Rita : Le podcast belge sur la maternit\u00e9 qui nous bouscule","_yoast_wpseo_metadesc":"Rita, c'est le podcast belge sur la parentalit\u00e9 qui change un peu des podcasts qu'on \u00e9coute habituellement. On vous dit pourquoi.","_yoast_wpseo_focuskw_text_input":null,"_yoast_wpseo_opengraph-title":null,"yoast_head":"<!-- This site is optimized with the Yoast SEO plugin v27.4 - https:\/\/yoast.com\/product\/yoast-seo-wordpress\/ -->\n<title>Rita : Le podcast belge sur la maternit\u00e9 qui nous bouscule<\/title>\n<meta name=\"description\" content=\"Rita, c&#039;est le podcast belge sur la parentalit\u00e9 qui change un peu des podcasts qu&#039;on \u00e9coute habituellement. On vous dit pourquoi.\" \/>\n<meta name=\"robots\" content=\"index, follow, max-snippet:-1, max-image-preview:large, max-video-preview:-1\" \/>\n<link rel=\"canonical\" href=\"https:\/\/www.elle.be\/fr\/409679-rita-le-podcast-belge-sur-la-maternite-a-ecouter-meme-quand-on-nest-pas-parents.html\" \/>\n<meta property=\"og:locale\" content=\"fr_FR\" \/>\n<meta property=\"og:type\" content=\"article\" \/>\n<meta property=\"og:title\" content=\"Rita : Le podcast belge sur la maternit\u00e9 qui nous bouscule\" \/>\n<meta property=\"og:description\" content=\"Rita, c&#039;est le podcast belge sur la parentalit\u00e9 qui change un peu des podcasts qu&#039;on \u00e9coute habituellement. On vous dit pourquoi.\" \/>\n<meta property=\"og:url\" content=\"https:\/\/www.elle.be\/fr\/409679-rita-le-podcast-belge-sur-la-maternite-a-ecouter-meme-quand-on-nest-pas-parents.html\" \/>\n<meta property=\"og:site_name\" content=\"ELLE.be\" \/>\n<meta property=\"article:publisher\" content=\"https:\/\/www.facebook.com\/ELLEbelgium\/\" \/>\n<meta property=\"article:published_time\" content=\"2023-11-16T12:30:48+00:00\" \/>\n<meta property=\"article:modified_time\" content=\"2023-11-16T12:35:25+00:00\" \/>\n<meta property=\"og:image\" content=\"https:\/\/www.elle.be\/fr\/wp-content\/uploads\/2023\/11\/rita-podcast-1.png\" \/>\n\t<meta property=\"og:image:width\" content=\"1200\" \/>\n\t<meta property=\"og:image:height\" content=\"628\" \/>\n\t<meta property=\"og:image:type\" content=\"image\/png\" \/>\n<meta name=\"author\" content=\"Camille Vernin\" \/>\n<meta name=\"twitter:card\" content=\"summary_large_image\" \/>\n<meta name=\"twitter:creator\" content=\"@ELLEBelgique\" \/>\n<meta name=\"twitter:site\" content=\"@ELLEBelgique\" \/>\n<meta name=\"twitter:label1\" content=\"\u00c9crit par\" \/>\n\t<meta name=\"twitter:data1\" content=\"Camille Vernin\" \/>\n\t<meta name=\"twitter:label2\" content=\"Dur\u00e9e de lecture estim\u00e9e\" \/>\n\t<meta name=\"twitter:data2\" content=\"4 minutes\" \/>\n<script type=\"application\/ld+json\" class=\"yoast-schema-graph\">{\"@context\":\"https:\\\/\\\/schema.org\",\"@graph\":[{\"@type\":\"NewsArticle\",\"@id\":\"https:\\\/\\\/www.elle.be\\\/fr\\\/409679-rita-le-podcast-belge-sur-la-maternite-a-ecouter-meme-quand-on-nest-pas-parents.html#article\",\"isPartOf\":{\"@id\":\"https:\\\/\\\/www.elle.be\\\/fr\\\/409679-rita-le-podcast-belge-sur-la-maternite-a-ecouter-meme-quand-on-nest-pas-parents.html\"},\"author\":{\"name\":\"Camille Vernin\",\"@id\":\"https:\\\/\\\/www.elle.be\\\/fr\\\/#\\\/schema\\\/person\\\/b3aea5bbef80b73c9441f0b80adb1f89\"},\"headline\":\"Rita : Le podcast belge sur la maternit\u00e9 \u00e0 \u00e9couter m\u00eame quand on n&#8217;est pas parents\",\"datePublished\":\"2023-11-16T12:30:48+00:00\",\"dateModified\":\"2023-11-16T12:35:25+00:00\",\"mainEntityOfPage\":{\"@id\":\"https:\\\/\\\/www.elle.be\\\/fr\\\/409679-rita-le-podcast-belge-sur-la-maternite-a-ecouter-meme-quand-on-nest-pas-parents.html\"},\"wordCount\":782,\"commentCount\":0,\"publisher\":{\"@id\":\"https:\\\/\\\/www.elle.be\\\/fr\\\/#organization\"},\"image\":{\"@id\":\"https:\\\/\\\/www.elle.be\\\/fr\\\/409679-rita-le-podcast-belge-sur-la-maternite-a-ecouter-meme-quand-on-nest-pas-parents.html#primaryimage\"},\"thumbnailUrl\":\"https:\\\/\\\/www.elle.be\\\/fr\\\/wp-content\\\/uploads\\\/2023\\\/11\\\/rita-podcast-1.png\",\"keywords\":[\"enfant\",\"podcast\",\"mamans\"],\"articleSection\":[\"Lifestyle\",\"Famille\"],\"inLanguage\":\"fr-FR\",\"potentialAction\":[{\"@type\":\"CommentAction\",\"name\":\"Comment\",\"target\":[\"https:\\\/\\\/www.elle.be\\\/fr\\\/409679-rita-le-podcast-belge-sur-la-maternite-a-ecouter-meme-quand-on-nest-pas-parents.html#respond\"]}]},{\"@type\":\"WebPage\",\"@id\":\"https:\\\/\\\/www.elle.be\\\/fr\\\/409679-rita-le-podcast-belge-sur-la-maternite-a-ecouter-meme-quand-on-nest-pas-parents.html\",\"url\":\"https:\\\/\\\/www.elle.be\\\/fr\\\/409679-rita-le-podcast-belge-sur-la-maternite-a-ecouter-meme-quand-on-nest-pas-parents.html\",\"name\":\"Rita : Le podcast belge sur la maternit\u00e9 qui nous bouscule\",\"isPartOf\":{\"@id\":\"https:\\\/\\\/www.elle.be\\\/fr\\\/#website\"},\"primaryImageOfPage\":{\"@id\":\"https:\\\/\\\/www.elle.be\\\/fr\\\/409679-rita-le-podcast-belge-sur-la-maternite-a-ecouter-meme-quand-on-nest-pas-parents.html#primaryimage\"},\"image\":{\"@id\":\"https:\\\/\\\/www.elle.be\\\/fr\\\/409679-rita-le-podcast-belge-sur-la-maternite-a-ecouter-meme-quand-on-nest-pas-parents.html#primaryimage\"},\"thumbnailUrl\":\"https:\\\/\\\/www.elle.be\\\/fr\\\/wp-content\\\/uploads\\\/2023\\\/11\\\/rita-podcast-1.png\",\"datePublished\":\"2023-11-16T12:30:48+00:00\",\"dateModified\":\"2023-11-16T12:35:25+00:00\",\"description\":\"Rita, c'est le podcast belge sur la parentalit\u00e9 qui change un peu des podcasts qu'on \u00e9coute habituellement. On vous dit pourquoi.\",\"breadcrumb\":{\"@id\":\"https:\\\/\\\/www.elle.be\\\/fr\\\/409679-rita-le-podcast-belge-sur-la-maternite-a-ecouter-meme-quand-on-nest-pas-parents.html#breadcrumb\"},\"inLanguage\":\"fr-FR\",\"potentialAction\":[{\"@type\":\"ReadAction\",\"target\":[\"https:\\\/\\\/www.elle.be\\\/fr\\\/409679-rita-le-podcast-belge-sur-la-maternite-a-ecouter-meme-quand-on-nest-pas-parents.html\"]}]},{\"@type\":\"ImageObject\",\"inLanguage\":\"fr-FR\",\"@id\":\"https:\\\/\\\/www.elle.be\\\/fr\\\/409679-rita-le-podcast-belge-sur-la-maternite-a-ecouter-meme-quand-on-nest-pas-parents.html#primaryimage\",\"url\":\"https:\\\/\\\/www.elle.be\\\/fr\\\/wp-content\\\/uploads\\\/2023\\\/11\\\/rita-podcast-1.png\",\"contentUrl\":\"https:\\\/\\\/www.elle.be\\\/fr\\\/wp-content\\\/uploads\\\/2023\\\/11\\\/rita-podcast-1.png\",\"width\":1200,\"height\":628,\"caption\":\"\u00a9D.R.\"},{\"@type\":\"BreadcrumbList\",\"@id\":\"https:\\\/\\\/www.elle.be\\\/fr\\\/409679-rita-le-podcast-belge-sur-la-maternite-a-ecouter-meme-quand-on-nest-pas-parents.html#breadcrumb\",\"itemListElement\":[{\"@type\":\"ListItem\",\"position\":1,\"name\":\"FR\",\"item\":\"https:\\\/\\\/www.elle.be\\\/fr\"},{\"@type\":\"ListItem\",\"position\":2,\"name\":\"Lifestyle\",\"item\":\"https:\\\/\\\/www.elle.be\\\/fr\\\/lifestyle\"},{\"@type\":\"ListItem\",\"position\":3,\"name\":\"Rita : Le podcast belge sur la maternit\u00e9 \u00e0 \u00e9couter m\u00eame quand on n&rsquo;est pas parents\"}]},{\"@type\":\"WebSite\",\"@id\":\"https:\\\/\\\/www.elle.be\\\/fr\\\/#website\",\"url\":\"https:\\\/\\\/www.elle.be\\\/fr\\\/\",\"name\":\"ELLE.be\",\"description\":\"Toutes les infos mode, beaut\u00e9 et lifestyle les plus pointues ainsi qu&#039;un contenu 100% belge d\u00e9clin\u00e9 \u00e0 360\u00b0sur le site ELLE.be, nos r\u00e9seaux sociaux et notre cha\u00eene Youtube.\",\"publisher\":{\"@id\":\"https:\\\/\\\/www.elle.be\\\/fr\\\/#organization\"},\"potentialAction\":[{\"@type\":\"SearchAction\",\"target\":{\"@type\":\"EntryPoint\",\"urlTemplate\":\"https:\\\/\\\/www.elle.be\\\/fr\\\/?s={search_term_string}\"},\"query-input\":{\"@type\":\"PropertyValueSpecification\",\"valueRequired\":true,\"valueName\":\"search_term_string\"}}],\"inLanguage\":\"fr-FR\"},{\"@type\":\"Organization\",\"@id\":\"https:\\\/\\\/www.elle.be\\\/fr\\\/#organization\",\"name\":\"ELLE Belgique\",\"url\":\"https:\\\/\\\/www.elle.be\\\/fr\\\/\",\"logo\":{\"@type\":\"ImageObject\",\"inLanguage\":\"fr-FR\",\"@id\":\"https:\\\/\\\/www.elle.be\\\/fr\\\/#\\\/schema\\\/logo\\\/image\\\/\",\"url\":\"https:\\\/\\\/www.elle.be\\\/fr\\\/wp-content\\\/uploads\\\/2017\\\/03\\\/elle-icon-200px.jpeg\",\"contentUrl\":\"https:\\\/\\\/www.elle.be\\\/fr\\\/wp-content\\\/uploads\\\/2017\\\/03\\\/elle-icon-200px.jpeg\",\"width\":200,\"height\":200,\"caption\":\"ELLE Belgique\"},\"image\":{\"@id\":\"https:\\\/\\\/www.elle.be\\\/fr\\\/#\\\/schema\\\/logo\\\/image\\\/\"},\"sameAs\":[\"https:\\\/\\\/www.facebook.com\\\/ELLEbelgium\\\/\",\"https:\\\/\\\/x.com\\\/ELLEBelgique\",\"http:\\\/\\\/instagram.com\\\/ellebelgique\\\/\",\"https:\\\/\\\/www.pinterest.com\\\/ellebelgique\\\/\",\"https:\\\/\\\/www.youtube.com\\\/user\\\/ELLEbelgique1\"]},{\"@type\":\"Person\",\"@id\":\"https:\\\/\\\/www.elle.be\\\/fr\\\/#\\\/schema\\\/person\\\/b3aea5bbef80b73c9441f0b80adb1f89\",\"name\":\"Camille Vernin\",\"image\":{\"@type\":\"ImageObject\",\"inLanguage\":\"fr-FR\",\"@id\":\"https:\\\/\\\/www.elle.be\\\/fr\\\/wp-content\\\/uploads\\\/2021\\\/01\\\/capture-decran-2024-07-28-a-221623-96x96.jpg\",\"url\":\"https:\\\/\\\/www.elle.be\\\/fr\\\/wp-content\\\/uploads\\\/2021\\\/01\\\/capture-decran-2024-07-28-a-221623-96x96.jpg\",\"contentUrl\":\"https:\\\/\\\/www.elle.be\\\/fr\\\/wp-content\\\/uploads\\\/2021\\\/01\\\/capture-decran-2024-07-28-a-221623-96x96.jpg\",\"caption\":\"Camille Vernin\"},\"url\":\"https:\\\/\\\/www.elle.be\\\/fr\\\/author\\\/camille-vernin\"}]}<\/script>\n<!-- \/ Yoast SEO plugin. -->","yoast_head_json":{"title":"Rita : Le podcast belge sur la maternit\u00e9 qui nous bouscule","description":"Rita, c'est le podcast belge sur la parentalit\u00e9 qui change un peu des podcasts qu'on \u00e9coute habituellement. On vous dit pourquoi.","robots":{"index":"index","follow":"follow","max-snippet":"max-snippet:-1","max-image-preview":"max-image-preview:large","max-video-preview":"max-video-preview:-1"},"canonical":"https:\/\/www.elle.be\/fr\/409679-rita-le-podcast-belge-sur-la-maternite-a-ecouter-meme-quand-on-nest-pas-parents.html","og_locale":"fr_FR","og_type":"article","og_title":"Rita : Le podcast belge sur la maternit\u00e9 qui nous bouscule","og_description":"Rita, c'est le podcast belge sur la parentalit\u00e9 qui change un peu des podcasts qu'on \u00e9coute habituellement. On vous dit pourquoi.","og_url":"https:\/\/www.elle.be\/fr\/409679-rita-le-podcast-belge-sur-la-maternite-a-ecouter-meme-quand-on-nest-pas-parents.html","og_site_name":"ELLE.be","article_publisher":"https:\/\/www.facebook.com\/ELLEbelgium\/","article_published_time":"2023-11-16T12:30:48+00:00","article_modified_time":"2023-11-16T12:35:25+00:00","og_image":[{"width":1200,"height":628,"url":"https:\/\/www.elle.be\/fr\/wp-content\/uploads\/2023\/11\/rita-podcast-1.png","type":"image\/png"}],"author":"Camille Vernin","twitter_card":"summary_large_image","twitter_creator":"@ELLEBelgique","twitter_site":"@ELLEBelgique","twitter_misc":{"\u00c9crit par":"Camille Vernin","Dur\u00e9e de lecture estim\u00e9e":"4 minutes"},"schema":{"@context":"https:\/\/schema.org","@graph":[{"@type":"NewsArticle","@id":"https:\/\/www.elle.be\/fr\/409679-rita-le-podcast-belge-sur-la-maternite-a-ecouter-meme-quand-on-nest-pas-parents.html#article","isPartOf":{"@id":"https:\/\/www.elle.be\/fr\/409679-rita-le-podcast-belge-sur-la-maternite-a-ecouter-meme-quand-on-nest-pas-parents.html"},"author":{"name":"Camille Vernin","@id":"https:\/\/www.elle.be\/fr\/#\/schema\/person\/b3aea5bbef80b73c9441f0b80adb1f89"},"headline":"Rita : Le podcast belge sur la maternit\u00e9 \u00e0 \u00e9couter m\u00eame quand on n&#8217;est pas parents","datePublished":"2023-11-16T12:30:48+00:00","dateModified":"2023-11-16T12:35:25+00:00","mainEntityOfPage":{"@id":"https:\/\/www.elle.be\/fr\/409679-rita-le-podcast-belge-sur-la-maternite-a-ecouter-meme-quand-on-nest-pas-parents.html"},"wordCount":782,"commentCount":0,"publisher":{"@id":"https:\/\/www.elle.be\/fr\/#organization"},"image":{"@id":"https:\/\/www.elle.be\/fr\/409679-rita-le-podcast-belge-sur-la-maternite-a-ecouter-meme-quand-on-nest-pas-parents.html#primaryimage"},"thumbnailUrl":"https:\/\/www.elle.be\/fr\/wp-content\/uploads\/2023\/11\/rita-podcast-1.png","keywords":["enfant","podcast","mamans"],"articleSection":["Lifestyle","Famille"],"inLanguage":"fr-FR","potentialAction":[{"@type":"CommentAction","name":"Comment","target":["https:\/\/www.elle.be\/fr\/409679-rita-le-podcast-belge-sur-la-maternite-a-ecouter-meme-quand-on-nest-pas-parents.html#respond"]}]},{"@type":"WebPage","@id":"https:\/\/www.elle.be\/fr\/409679-rita-le-podcast-belge-sur-la-maternite-a-ecouter-meme-quand-on-nest-pas-parents.html","url":"https:\/\/www.elle.be\/fr\/409679-rita-le-podcast-belge-sur-la-maternite-a-ecouter-meme-quand-on-nest-pas-parents.html","name":"Rita : Le podcast belge sur la maternit\u00e9 qui nous bouscule","isPartOf":{"@id":"https:\/\/www.elle.be\/fr\/#website"},"primaryImageOfPage":{"@id":"https:\/\/www.elle.be\/fr\/409679-rita-le-podcast-belge-sur-la-maternite-a-ecouter-meme-quand-on-nest-pas-parents.html#primaryimage"},"image":{"@id":"https:\/\/www.elle.be\/fr\/409679-rita-le-podcast-belge-sur-la-maternite-a-ecouter-meme-quand-on-nest-pas-parents.html#primaryimage"},"thumbnailUrl":"https:\/\/www.elle.be\/fr\/wp-content\/uploads\/2023\/11\/rita-podcast-1.png","datePublished":"2023-11-16T12:30:48+00:00","dateModified":"2023-11-16T12:35:25+00:00","description":"Rita, c'est le podcast belge sur la parentalit\u00e9 qui change un peu des podcasts qu'on \u00e9coute habituellement. On vous dit pourquoi.","breadcrumb":{"@id":"https:\/\/www.elle.be\/fr\/409679-rita-le-podcast-belge-sur-la-maternite-a-ecouter-meme-quand-on-nest-pas-parents.html#breadcrumb"},"inLanguage":"fr-FR","potentialAction":[{"@type":"ReadAction","target":["https:\/\/www.elle.be\/fr\/409679-rita-le-podcast-belge-sur-la-maternite-a-ecouter-meme-quand-on-nest-pas-parents.html"]}]},{"@type":"ImageObject","inLanguage":"fr-FR","@id":"https:\/\/www.elle.be\/fr\/409679-rita-le-podcast-belge-sur-la-maternite-a-ecouter-meme-quand-on-nest-pas-parents.html#primaryimage","url":"https:\/\/www.elle.be\/fr\/wp-content\/uploads\/2023\/11\/rita-podcast-1.png","contentUrl":"https:\/\/www.elle.be\/fr\/wp-content\/uploads\/2023\/11\/rita-podcast-1.png","width":1200,"height":628,"caption":"\u00a9D.R."},{"@type":"BreadcrumbList","@id":"https:\/\/www.elle.be\/fr\/409679-rita-le-podcast-belge-sur-la-maternite-a-ecouter-meme-quand-on-nest-pas-parents.html#breadcrumb","itemListElement":[{"@type":"ListItem","position":1,"name":"FR","item":"https:\/\/www.elle.be\/fr"},{"@type":"ListItem","position":2,"name":"Lifestyle","item":"https:\/\/www.elle.be\/fr\/lifestyle"},{"@type":"ListItem","position":3,"name":"Rita : Le podcast belge sur la maternit\u00e9 \u00e0 \u00e9couter m\u00eame quand on n&rsquo;est pas parents"}]},{"@type":"WebSite","@id":"https:\/\/www.elle.be\/fr\/#website","url":"https:\/\/www.elle.be\/fr\/","name":"ELLE.be","description":"Toutes les infos mode, beaut\u00e9 et lifestyle les plus pointues ainsi qu&#039;un contenu 100% belge d\u00e9clin\u00e9 \u00e0 360\u00b0sur le site ELLE.be, nos r\u00e9seaux sociaux et notre cha\u00eene Youtube.","publisher":{"@id":"https:\/\/www.elle.be\/fr\/#organization"},"potentialAction":[{"@type":"SearchAction","target":{"@type":"EntryPoint","urlTemplate":"https:\/\/www.elle.be\/fr\/?s={search_term_string}"},"query-input":{"@type":"PropertyValueSpecification","valueRequired":true,"valueName":"search_term_string"}}],"inLanguage":"fr-FR"},{"@type":"Organization","@id":"https:\/\/www.elle.be\/fr\/#organization","name":"ELLE Belgique","url":"https:\/\/www.elle.be\/fr\/","logo":{"@type":"ImageObject","inLanguage":"fr-FR","@id":"https:\/\/www.elle.be\/fr\/#\/schema\/logo\/image\/","url":"https:\/\/www.elle.be\/fr\/wp-content\/uploads\/2017\/03\/elle-icon-200px.jpeg","contentUrl":"https:\/\/www.elle.be\/fr\/wp-content\/uploads\/2017\/03\/elle-icon-200px.jpeg","width":200,"height":200,"caption":"ELLE Belgique"},"image":{"@id":"https:\/\/www.elle.be\/fr\/#\/schema\/logo\/image\/"},"sameAs":["https:\/\/www.facebook.com\/ELLEbelgium\/","https:\/\/x.com\/ELLEBelgique","http:\/\/instagram.com\/ellebelgique\/","https:\/\/www.pinterest.com\/ellebelgique\/","https:\/\/www.youtube.com\/user\/ELLEbelgique1"]},{"@type":"Person","@id":"https:\/\/www.elle.be\/fr\/#\/schema\/person\/b3aea5bbef80b73c9441f0b80adb1f89","name":"Camille Vernin","image":{"@type":"ImageObject","inLanguage":"fr-FR","@id":"https:\/\/www.elle.be\/fr\/wp-content\/uploads\/2021\/01\/capture-decran-2024-07-28-a-221623-96x96.jpg","url":"https:\/\/www.elle.be\/fr\/wp-content\/uploads\/2021\/01\/capture-decran-2024-07-28-a-221623-96x96.jpg","contentUrl":"https:\/\/www.elle.be\/fr\/wp-content\/uploads\/2021\/01\/capture-decran-2024-07-28-a-221623-96x96.jpg","caption":"Camille Vernin"},"url":"https:\/\/www.elle.be\/fr\/author\/camille-vernin"}]}},"_links":{"self":[{"href":"https:\/\/www.elle.be\/fr\/wp-json\/wp\/v2\/posts\/409679","targetHints":{"allow":["GET"]}}],"collection":[{"href":"https:\/\/www.elle.be\/fr\/wp-json\/wp\/v2\/posts"}],"about":[{"href":"https:\/\/www.elle.be\/fr\/wp-json\/wp\/v2\/types\/post"}],"author":[{"embeddable":true,"href":"https:\/\/www.elle.be\/fr\/wp-json\/wp\/v2\/users\/105"}],"replies":[{"embeddable":true,"href":"https:\/\/www.elle.be\/fr\/wp-json\/wp\/v2\/comments?post=409679"}],"version-history":[{"count":9,"href":"https:\/\/www.elle.be\/fr\/wp-json\/wp\/v2\/posts\/409679\/revisions"}],"predecessor-version":[{"id":410856,"href":"https:\/\/www.elle.be\/fr\/wp-json\/wp\/v2\/posts\/409679\/revisions\/410856"}],"wp:featuredmedia":[{"embeddable":true,"href":"https:\/\/www.elle.be\/fr\/wp-json\/wp\/v2\/media\/409813"}],"wp:attachment":[{"href":"https:\/\/www.elle.be\/fr\/wp-json\/wp\/v2\/media?parent=409679"}],"wp:term":[{"taxonomy":"category","embeddable":true,"href":"https:\/\/www.elle.be\/fr\/wp-json\/wp\/v2\/categories?post=409679"},{"taxonomy":"post_tag","embeddable":true,"href":"https:\/\/www.elle.be\/fr\/wp-json\/wp\/v2\/tags?post=409679"}],"curies":[{"name":"wp","href":"https:\/\/api.w.org\/{rel}","templated":true}]}}