{"id":404670,"date":"2023-09-20T16:20:21","date_gmt":"2023-09-20T14:20:21","guid":{"rendered":"https:\/\/www.elle.be\/fr\/?p=404670"},"modified":"2023-09-20T16:20:11","modified_gmt":"2023-09-20T14:20:11","slug":"como-castello-del-nero-la-toscane-vous-tend-les-bras","status":"publish","type":"post","link":"https:\/\/www.elle.be\/fr\/404670-como-castello-del-nero-la-toscane-vous-tend-les-bras.html","title":{"rendered":"COMO Castello del Nero : la Toscane nous tend les bras"},"content":{"rendered":"","protected":false},"excerpt":{"rendered":"Baign\u00e9 de la lumi\u00e8re dor\u00e9e du soleil nord italien, au c\u0153ur des collines de la r\u00e9gion viticole du Chianti, se trouve COMO Castello del Nero, un \u00e9tablissement de la prestigieuse collection de COMO Hotels and Resorts.","protected":false},"author":47,"featured_media":404679,"comment_status":"open","ping_status":"closed","sticky":false,"template":"","format":"standard","meta":{"_acf_changed":false,"footnotes":""},"categories":[2191,2218],"tags":[],"class_list":["post-404670","post","type-post","status-publish","format-standard","has-post-thumbnail","hentry","category-lifestyle","category-voyage"],"acf":[],"image_verticale":"404677","_yoast_wpseo_title":null,"_yoast_wpseo_metadesc":"Baign\u00e9 de la lumi\u00e8re dor\u00e9e du soleil nord italien, COMO Castello del Nero incarne l'essence m\u00eame de l'Italie et vous plonge au c\u0153ur de l'\u00e2me toscane.","_yoast_wpseo_focuskw_text_input":null,"_yoast_wpseo_opengraph-title":null,"yoast_head":"<!-- This site is optimized with the Yoast SEO plugin v27.4 - https:\/\/yoast.com\/product\/yoast-seo-wordpress\/ -->\n<title>COMO Castello del Nero : la Toscane nous tend les bras - ELLE.be<\/title>\n<meta name=\"description\" content=\"Baign\u00e9 de la lumi\u00e8re dor\u00e9e du soleil nord italien, COMO Castello del Nero incarne l&#039;essence m\u00eame de l&#039;Italie et vous plonge au c\u0153ur de l&#039;\u00e2me toscane.\" \/>\n<meta name=\"robots\" content=\"index, follow, max-snippet:-1, max-image-preview:large, max-video-preview:-1\" \/>\n<link rel=\"canonical\" href=\"https:\/\/www.elle.be\/fr\/404670-como-castello-del-nero-la-toscane-vous-tend-les-bras.html\" \/>\n<meta property=\"og:locale\" content=\"fr_FR\" \/>\n<meta property=\"og:type\" content=\"article\" \/>\n<meta property=\"og:title\" content=\"COMO Castello del Nero : la Toscane nous tend les bras - ELLE.be\" \/>\n<meta property=\"og:description\" content=\"Baign\u00e9 de la lumi\u00e8re dor\u00e9e du soleil nord italien, COMO Castello del Nero incarne l&#039;essence m\u00eame de l&#039;Italie et vous plonge au c\u0153ur de l&#039;\u00e2me toscane.\" \/>\n<meta property=\"og:url\" content=\"https:\/\/www.elle.be\/fr\/404670-como-castello-del-nero-la-toscane-vous-tend-les-bras.html\" \/>\n<meta property=\"og:site_name\" content=\"ELLE.be\" \/>\n<meta property=\"article:publisher\" content=\"https:\/\/www.facebook.com\/ELLEbelgium\/\" \/>\n<meta property=\"article:published_time\" content=\"2023-09-20T14:20:21+00:00\" \/>\n<meta property=\"og:image\" content=\"https:\/\/www.elle.be\/fr\/wp-content\/uploads\/2023\/09\/3glv5eza-1.jpeg\" \/>\n\t<meta property=\"og:image:width\" content=\"480\" \/>\n\t<meta property=\"og:image:height\" content=\"545\" \/>\n\t<meta property=\"og:image:type\" content=\"image\/jpeg\" \/>\n<meta name=\"author\" content=\"ELLE Partenaire\" \/>\n<meta name=\"twitter:card\" content=\"summary_large_image\" \/>\n<meta name=\"twitter:creator\" content=\"@ELLEBelgique\" \/>\n<meta name=\"twitter:site\" content=\"@ELLEBelgique\" \/>\n<meta name=\"twitter:label1\" content=\"\u00c9crit par\" \/>\n\t<meta name=\"twitter:data1\" content=\"ELLE Partenaire\" \/>\n\t<meta name=\"twitter:label2\" content=\"Dur\u00e9e de lecture estim\u00e9e\" \/>\n\t<meta name=\"twitter:data2\" content=\"4 minutes\" \/>\n<script type=\"application\/ld+json\" class=\"yoast-schema-graph\">{\"@context\":\"https:\\\/\\\/schema.org\",\"@graph\":[{\"@type\":\"NewsArticle\",\"@id\":\"https:\\\/\\\/www.elle.be\\\/fr\\\/404670-como-castello-del-nero-la-toscane-vous-tend-les-bras.html#article\",\"isPartOf\":{\"@id\":\"https:\\\/\\\/www.elle.be\\\/fr\\\/404670-como-castello-del-nero-la-toscane-vous-tend-les-bras.html\"},\"author\":{\"name\":\"ELLE Partenaire\",\"@id\":\"https:\\\/\\\/www.elle.be\\\/fr\\\/#\\\/schema\\\/person\\\/2c7693f13ee3d4992850ec2ff033c586\"},\"headline\":\"COMO Castello del Nero : la Toscane nous tend les bras\",\"datePublished\":\"2023-09-20T14:20:21+00:00\",\"mainEntityOfPage\":{\"@id\":\"https:\\\/\\\/www.elle.be\\\/fr\\\/404670-como-castello-del-nero-la-toscane-vous-tend-les-bras.html\"},\"wordCount\":675,\"commentCount\":0,\"publisher\":{\"@id\":\"https:\\\/\\\/www.elle.be\\\/fr\\\/#organization\"},\"image\":{\"@id\":\"https:\\\/\\\/www.elle.be\\\/fr\\\/404670-como-castello-del-nero-la-toscane-vous-tend-les-bras.html#primaryimage\"},\"thumbnailUrl\":\"https:\\\/\\\/www.elle.be\\\/fr\\\/wp-content\\\/uploads\\\/2023\\\/09\\\/3glv5eza-1.jpeg\",\"articleSection\":[\"Lifestyle\",\"Voyage\"],\"inLanguage\":\"fr-FR\",\"potentialAction\":[{\"@type\":\"CommentAction\",\"name\":\"Comment\",\"target\":[\"https:\\\/\\\/www.elle.be\\\/fr\\\/404670-como-castello-del-nero-la-toscane-vous-tend-les-bras.html#respond\"]}]},{\"@type\":\"WebPage\",\"@id\":\"https:\\\/\\\/www.elle.be\\\/fr\\\/404670-como-castello-del-nero-la-toscane-vous-tend-les-bras.html\",\"url\":\"https:\\\/\\\/www.elle.be\\\/fr\\\/404670-como-castello-del-nero-la-toscane-vous-tend-les-bras.html\",\"name\":\"COMO Castello del Nero : la Toscane nous tend les bras - ELLE.be\",\"isPartOf\":{\"@id\":\"https:\\\/\\\/www.elle.be\\\/fr\\\/#website\"},\"primaryImageOfPage\":{\"@id\":\"https:\\\/\\\/www.elle.be\\\/fr\\\/404670-como-castello-del-nero-la-toscane-vous-tend-les-bras.html#primaryimage\"},\"image\":{\"@id\":\"https:\\\/\\\/www.elle.be\\\/fr\\\/404670-como-castello-del-nero-la-toscane-vous-tend-les-bras.html#primaryimage\"},\"thumbnailUrl\":\"https:\\\/\\\/www.elle.be\\\/fr\\\/wp-content\\\/uploads\\\/2023\\\/09\\\/3glv5eza-1.jpeg\",\"datePublished\":\"2023-09-20T14:20:21+00:00\",\"description\":\"Baign\u00e9 de la lumi\u00e8re dor\u00e9e du soleil nord italien, COMO Castello del Nero incarne l'essence m\u00eame de l'Italie et vous plonge au c\u0153ur de l'\u00e2me toscane.\",\"breadcrumb\":{\"@id\":\"https:\\\/\\\/www.elle.be\\\/fr\\\/404670-como-castello-del-nero-la-toscane-vous-tend-les-bras.html#breadcrumb\"},\"inLanguage\":\"fr-FR\",\"potentialAction\":[{\"@type\":\"ReadAction\",\"target\":[\"https:\\\/\\\/www.elle.be\\\/fr\\\/404670-como-castello-del-nero-la-toscane-vous-tend-les-bras.html\"]}]},{\"@type\":\"ImageObject\",\"inLanguage\":\"fr-FR\",\"@id\":\"https:\\\/\\\/www.elle.be\\\/fr\\\/404670-como-castello-del-nero-la-toscane-vous-tend-les-bras.html#primaryimage\",\"url\":\"https:\\\/\\\/www.elle.be\\\/fr\\\/wp-content\\\/uploads\\\/2023\\\/09\\\/3glv5eza-1.jpeg\",\"contentUrl\":\"https:\\\/\\\/www.elle.be\\\/fr\\\/wp-content\\\/uploads\\\/2023\\\/09\\\/3glv5eza-1.jpeg\",\"width\":480,\"height\":545,\"caption\":\"Le jardin de l'h\u00f4tel Como Castello del Nero\"},{\"@type\":\"BreadcrumbList\",\"@id\":\"https:\\\/\\\/www.elle.be\\\/fr\\\/404670-como-castello-del-nero-la-toscane-vous-tend-les-bras.html#breadcrumb\",\"itemListElement\":[{\"@type\":\"ListItem\",\"position\":1,\"name\":\"FR\",\"item\":\"https:\\\/\\\/www.elle.be\\\/fr\"},{\"@type\":\"ListItem\",\"position\":2,\"name\":\"Lifestyle\",\"item\":\"https:\\\/\\\/www.elle.be\\\/fr\\\/lifestyle\"},{\"@type\":\"ListItem\",\"position\":3,\"name\":\"COMO Castello del Nero : la Toscane nous tend les bras\"}]},{\"@type\":\"WebSite\",\"@id\":\"https:\\\/\\\/www.elle.be\\\/fr\\\/#website\",\"url\":\"https:\\\/\\\/www.elle.be\\\/fr\\\/\",\"name\":\"ELLE.be\",\"description\":\"Toutes les infos mode, beaut\u00e9 et lifestyle les plus pointues ainsi qu&#039;un contenu 100% belge d\u00e9clin\u00e9 \u00e0 360\u00b0sur le site ELLE.be, nos r\u00e9seaux sociaux et notre cha\u00eene Youtube.\",\"publisher\":{\"@id\":\"https:\\\/\\\/www.elle.be\\\/fr\\\/#organization\"},\"potentialAction\":[{\"@type\":\"SearchAction\",\"target\":{\"@type\":\"EntryPoint\",\"urlTemplate\":\"https:\\\/\\\/www.elle.be\\\/fr\\\/?s={search_term_string}\"},\"query-input\":{\"@type\":\"PropertyValueSpecification\",\"valueRequired\":true,\"valueName\":\"search_term_string\"}}],\"inLanguage\":\"fr-FR\"},{\"@type\":\"Organization\",\"@id\":\"https:\\\/\\\/www.elle.be\\\/fr\\\/#organization\",\"name\":\"ELLE Belgique\",\"url\":\"https:\\\/\\\/www.elle.be\\\/fr\\\/\",\"logo\":{\"@type\":\"ImageObject\",\"inLanguage\":\"fr-FR\",\"@id\":\"https:\\\/\\\/www.elle.be\\\/fr\\\/#\\\/schema\\\/logo\\\/image\\\/\",\"url\":\"https:\\\/\\\/www.elle.be\\\/fr\\\/wp-content\\\/uploads\\\/2017\\\/03\\\/elle-icon-200px.jpeg\",\"contentUrl\":\"https:\\\/\\\/www.elle.be\\\/fr\\\/wp-content\\\/uploads\\\/2017\\\/03\\\/elle-icon-200px.jpeg\",\"width\":200,\"height\":200,\"caption\":\"ELLE Belgique\"},\"image\":{\"@id\":\"https:\\\/\\\/www.elle.be\\\/fr\\\/#\\\/schema\\\/logo\\\/image\\\/\"},\"sameAs\":[\"https:\\\/\\\/www.facebook.com\\\/ELLEbelgium\\\/\",\"https:\\\/\\\/x.com\\\/ELLEBelgique\",\"http:\\\/\\\/instagram.com\\\/ellebelgique\\\/\",\"https:\\\/\\\/www.pinterest.com\\\/ellebelgique\\\/\",\"https:\\\/\\\/www.youtube.com\\\/user\\\/ELLEbelgique1\"]},{\"@type\":\"Person\",\"@id\":\"https:\\\/\\\/www.elle.be\\\/fr\\\/#\\\/schema\\\/person\\\/2c7693f13ee3d4992850ec2ff033c586\",\"name\":\"ELLE Partenaire\",\"image\":{\"@type\":\"ImageObject\",\"inLanguage\":\"fr-FR\",\"@id\":\"https:\\\/\\\/secure.gravatar.com\\\/avatar\\\/dddcf2d7bb88803a2e434d2b1c6a7b997b2de2334d047a137cc5e9dc165ca7e2?s=96&r=g\",\"url\":\"https:\\\/\\\/secure.gravatar.com\\\/avatar\\\/dddcf2d7bb88803a2e434d2b1c6a7b997b2de2334d047a137cc5e9dc165ca7e2?s=96&r=g\",\"contentUrl\":\"https:\\\/\\\/secure.gravatar.com\\\/avatar\\\/dddcf2d7bb88803a2e434d2b1c6a7b997b2de2334d047a137cc5e9dc165ca7e2?s=96&r=g\",\"caption\":\"ELLE Partenaire\"},\"url\":\"https:\\\/\\\/www.elle.be\\\/fr\\\/author\\\/operation-speciale\"}]}<\/script>\n<!-- \/ Yoast SEO plugin. -->","yoast_head_json":{"title":"COMO Castello del Nero : la Toscane nous tend les bras - ELLE.be","description":"Baign\u00e9 de la lumi\u00e8re dor\u00e9e du soleil nord italien, COMO Castello del Nero incarne l'essence m\u00eame de l'Italie et vous plonge au c\u0153ur de l'\u00e2me toscane.","robots":{"index":"index","follow":"follow","max-snippet":"max-snippet:-1","max-image-preview":"max-image-preview:large","max-video-preview":"max-video-preview:-1"},"canonical":"https:\/\/www.elle.be\/fr\/404670-como-castello-del-nero-la-toscane-vous-tend-les-bras.html","og_locale":"fr_FR","og_type":"article","og_title":"COMO Castello del Nero : la Toscane nous tend les bras - ELLE.be","og_description":"Baign\u00e9 de la lumi\u00e8re dor\u00e9e du soleil nord italien, COMO Castello del Nero incarne l'essence m\u00eame de l'Italie et vous plonge au c\u0153ur de l'\u00e2me toscane.","og_url":"https:\/\/www.elle.be\/fr\/404670-como-castello-del-nero-la-toscane-vous-tend-les-bras.html","og_site_name":"ELLE.be","article_publisher":"https:\/\/www.facebook.com\/ELLEbelgium\/","article_published_time":"2023-09-20T14:20:21+00:00","og_image":[{"width":480,"height":545,"url":"https:\/\/www.elle.be\/fr\/wp-content\/uploads\/2023\/09\/3glv5eza-1.jpeg","type":"image\/jpeg"}],"author":"ELLE Partenaire","twitter_card":"summary_large_image","twitter_creator":"@ELLEBelgique","twitter_site":"@ELLEBelgique","twitter_misc":{"\u00c9crit par":"ELLE Partenaire","Dur\u00e9e de lecture estim\u00e9e":"4 minutes"},"schema":{"@context":"https:\/\/schema.org","@graph":[{"@type":"NewsArticle","@id":"https:\/\/www.elle.be\/fr\/404670-como-castello-del-nero-la-toscane-vous-tend-les-bras.html#article","isPartOf":{"@id":"https:\/\/www.elle.be\/fr\/404670-como-castello-del-nero-la-toscane-vous-tend-les-bras.html"},"author":{"name":"ELLE Partenaire","@id":"https:\/\/www.elle.be\/fr\/#\/schema\/person\/2c7693f13ee3d4992850ec2ff033c586"},"headline":"COMO Castello del Nero : la Toscane nous tend les bras","datePublished":"2023-09-20T14:20:21+00:00","mainEntityOfPage":{"@id":"https:\/\/www.elle.be\/fr\/404670-como-castello-del-nero-la-toscane-vous-tend-les-bras.html"},"wordCount":675,"commentCount":0,"publisher":{"@id":"https:\/\/www.elle.be\/fr\/#organization"},"image":{"@id":"https:\/\/www.elle.be\/fr\/404670-como-castello-del-nero-la-toscane-vous-tend-les-bras.html#primaryimage"},"thumbnailUrl":"https:\/\/www.elle.be\/fr\/wp-content\/uploads\/2023\/09\/3glv5eza-1.jpeg","articleSection":["Lifestyle","Voyage"],"inLanguage":"fr-FR","potentialAction":[{"@type":"CommentAction","name":"Comment","target":["https:\/\/www.elle.be\/fr\/404670-como-castello-del-nero-la-toscane-vous-tend-les-bras.html#respond"]}]},{"@type":"WebPage","@id":"https:\/\/www.elle.be\/fr\/404670-como-castello-del-nero-la-toscane-vous-tend-les-bras.html","url":"https:\/\/www.elle.be\/fr\/404670-como-castello-del-nero-la-toscane-vous-tend-les-bras.html","name":"COMO Castello del Nero : la Toscane nous tend les bras - ELLE.be","isPartOf":{"@id":"https:\/\/www.elle.be\/fr\/#website"},"primaryImageOfPage":{"@id":"https:\/\/www.elle.be\/fr\/404670-como-castello-del-nero-la-toscane-vous-tend-les-bras.html#primaryimage"},"image":{"@id":"https:\/\/www.elle.be\/fr\/404670-como-castello-del-nero-la-toscane-vous-tend-les-bras.html#primaryimage"},"thumbnailUrl":"https:\/\/www.elle.be\/fr\/wp-content\/uploads\/2023\/09\/3glv5eza-1.jpeg","datePublished":"2023-09-20T14:20:21+00:00","description":"Baign\u00e9 de la lumi\u00e8re dor\u00e9e du soleil nord italien, COMO Castello del Nero incarne l'essence m\u00eame de l'Italie et vous plonge au c\u0153ur de l'\u00e2me toscane.","breadcrumb":{"@id":"https:\/\/www.elle.be\/fr\/404670-como-castello-del-nero-la-toscane-vous-tend-les-bras.html#breadcrumb"},"inLanguage":"fr-FR","potentialAction":[{"@type":"ReadAction","target":["https:\/\/www.elle.be\/fr\/404670-como-castello-del-nero-la-toscane-vous-tend-les-bras.html"]}]},{"@type":"ImageObject","inLanguage":"fr-FR","@id":"https:\/\/www.elle.be\/fr\/404670-como-castello-del-nero-la-toscane-vous-tend-les-bras.html#primaryimage","url":"https:\/\/www.elle.be\/fr\/wp-content\/uploads\/2023\/09\/3glv5eza-1.jpeg","contentUrl":"https:\/\/www.elle.be\/fr\/wp-content\/uploads\/2023\/09\/3glv5eza-1.jpeg","width":480,"height":545,"caption":"Le jardin de l'h\u00f4tel Como Castello del Nero"},{"@type":"BreadcrumbList","@id":"https:\/\/www.elle.be\/fr\/404670-como-castello-del-nero-la-toscane-vous-tend-les-bras.html#breadcrumb","itemListElement":[{"@type":"ListItem","position":1,"name":"FR","item":"https:\/\/www.elle.be\/fr"},{"@type":"ListItem","position":2,"name":"Lifestyle","item":"https:\/\/www.elle.be\/fr\/lifestyle"},{"@type":"ListItem","position":3,"name":"COMO Castello del Nero : la Toscane nous tend les bras"}]},{"@type":"WebSite","@id":"https:\/\/www.elle.be\/fr\/#website","url":"https:\/\/www.elle.be\/fr\/","name":"ELLE.be","description":"Toutes les infos mode, beaut\u00e9 et lifestyle les plus pointues ainsi qu&#039;un contenu 100% belge d\u00e9clin\u00e9 \u00e0 360\u00b0sur le site ELLE.be, nos r\u00e9seaux sociaux et notre cha\u00eene Youtube.","publisher":{"@id":"https:\/\/www.elle.be\/fr\/#organization"},"potentialAction":[{"@type":"SearchAction","target":{"@type":"EntryPoint","urlTemplate":"https:\/\/www.elle.be\/fr\/?s={search_term_string}"},"query-input":{"@type":"PropertyValueSpecification","valueRequired":true,"valueName":"search_term_string"}}],"inLanguage":"fr-FR"},{"@type":"Organization","@id":"https:\/\/www.elle.be\/fr\/#organization","name":"ELLE Belgique","url":"https:\/\/www.elle.be\/fr\/","logo":{"@type":"ImageObject","inLanguage":"fr-FR","@id":"https:\/\/www.elle.be\/fr\/#\/schema\/logo\/image\/","url":"https:\/\/www.elle.be\/fr\/wp-content\/uploads\/2017\/03\/elle-icon-200px.jpeg","contentUrl":"https:\/\/www.elle.be\/fr\/wp-content\/uploads\/2017\/03\/elle-icon-200px.jpeg","width":200,"height":200,"caption":"ELLE Belgique"},"image":{"@id":"https:\/\/www.elle.be\/fr\/#\/schema\/logo\/image\/"},"sameAs":["https:\/\/www.facebook.com\/ELLEbelgium\/","https:\/\/x.com\/ELLEBelgique","http:\/\/instagram.com\/ellebelgique\/","https:\/\/www.pinterest.com\/ellebelgique\/","https:\/\/www.youtube.com\/user\/ELLEbelgique1"]},{"@type":"Person","@id":"https:\/\/www.elle.be\/fr\/#\/schema\/person\/2c7693f13ee3d4992850ec2ff033c586","name":"ELLE Partenaire","image":{"@type":"ImageObject","inLanguage":"fr-FR","@id":"https:\/\/secure.gravatar.com\/avatar\/dddcf2d7bb88803a2e434d2b1c6a7b997b2de2334d047a137cc5e9dc165ca7e2?s=96&r=g","url":"https:\/\/secure.gravatar.com\/avatar\/dddcf2d7bb88803a2e434d2b1c6a7b997b2de2334d047a137cc5e9dc165ca7e2?s=96&r=g","contentUrl":"https:\/\/secure.gravatar.com\/avatar\/dddcf2d7bb88803a2e434d2b1c6a7b997b2de2334d047a137cc5e9dc165ca7e2?s=96&r=g","caption":"ELLE Partenaire"},"url":"https:\/\/www.elle.be\/fr\/author\/operation-speciale"}]}},"_links":{"self":[{"href":"https:\/\/www.elle.be\/fr\/wp-json\/wp\/v2\/posts\/404670","targetHints":{"allow":["GET"]}}],"collection":[{"href":"https:\/\/www.elle.be\/fr\/wp-json\/wp\/v2\/posts"}],"about":[{"href":"https:\/\/www.elle.be\/fr\/wp-json\/wp\/v2\/types\/post"}],"author":[{"embeddable":true,"href":"https:\/\/www.elle.be\/fr\/wp-json\/wp\/v2\/users\/47"}],"replies":[{"embeddable":true,"href":"https:\/\/www.elle.be\/fr\/wp-json\/wp\/v2\/comments?post=404670"}],"version-history":[{"count":28,"href":"https:\/\/www.elle.be\/fr\/wp-json\/wp\/v2\/posts\/404670\/revisions"}],"predecessor-version":[{"id":405070,"href":"https:\/\/www.elle.be\/fr\/wp-json\/wp\/v2\/posts\/404670\/revisions\/405070"}],"wp:featuredmedia":[{"embeddable":true,"href":"https:\/\/www.elle.be\/fr\/wp-json\/wp\/v2\/media\/404679"}],"wp:attachment":[{"href":"https:\/\/www.elle.be\/fr\/wp-json\/wp\/v2\/media?parent=404670"}],"wp:term":[{"taxonomy":"category","embeddable":true,"href":"https:\/\/www.elle.be\/fr\/wp-json\/wp\/v2\/categories?post=404670"},{"taxonomy":"post_tag","embeddable":true,"href":"https:\/\/www.elle.be\/fr\/wp-json\/wp\/v2\/tags?post=404670"}],"curies":[{"name":"wp","href":"https:\/\/api.w.org\/{rel}","templated":true}]}}