{"id":398897,"date":"2023-07-12T15:04:14","date_gmt":"2023-07-12T13:04:14","guid":{"rendered":"https:\/\/www.elle.be\/fr\/?p=398897"},"modified":"2023-07-12T15:08:31","modified_gmt":"2023-07-12T13:08:31","slug":"homolog-2024-paris-haute-couture-fashion-week-la-nature-au-coeur-de-lhumanite","status":"publish","type":"post","link":"https:\/\/www.elle.be\/fr\/398897-homolog-2024-paris-haute-couture-fashion-week-la-nature-au-coeur-de-lhumanite.html","title":{"rendered":"HOMOLOG 2024 Paris Haute Couture Fashion Week : La nature au coeur de l\u2019humanit\u00e9"},"content":{"rendered":"","protected":false},"excerpt":{"rendered":"Le d\u00e9fil\u00e9 HOMOLOG automne\/hiver 2024 a eu lieu le 6 juillet 2023 durant la fashion week haute couture de Paris, au c\u00e9l\u00e8bre h\u00f4tel Le Bristol.","protected":false},"author":111,"featured_media":398899,"comment_status":"open","ping_status":"closed","sticky":false,"template":"","format":"standard","meta":{"_acf_changed":false,"footnotes":""},"categories":[5,2040],"tags":[],"class_list":["post-398897","post","type-post","status-publish","format-standard","has-post-thumbnail","hentry","category-mode","category-shopping"],"acf":[],"image_verticale":"","_yoast_wpseo_title":"HOMOLOG 2024 Paris Haute Couture Fashion Week : La nature au c\u0153ur de l\u2019humanit\u00e9","_yoast_wpseo_metadesc":null,"_yoast_wpseo_focuskw_text_input":null,"_yoast_wpseo_opengraph-title":null,"yoast_head":"<!-- This site is optimized with the Yoast SEO plugin v27.4 - https:\/\/yoast.com\/product\/yoast-seo-wordpress\/ -->\n<title>HOMOLOG 2024 Paris Haute Couture Fashion Week : La nature au c\u0153ur de l\u2019humanit\u00e9<\/title>\n<meta name=\"description\" content=\"Le d\u00e9fil\u00e9 HOMOLOG automne\/hiver 2024 a eu lieu le 6 juillet 2023 durant la fashion week haute couture de Paris, au c\u00e9l\u00e8bre h\u00f4tel Le Bristol. Sous la direction de la cr\u00e9atrice chinoise Emily Cheong, cette pr\u00e9sentation hautement artistique s&#039;est inspir\u00e9e d&#039;\u00e9l\u00e9ments issus du monde forestier, int\u00e9grant des \u00e9l\u00e9ments naturels tels que les arbres et les fleurs. \u00c0 travers cette collection, la cr\u00e9atrice a cherch\u00e9 \u00e0 transmettre une profonde r\u00e9flexion sur l&#039;environnement, la nature, l&#039;humanit\u00e9 et la culture, explorant les multiples dimensions de notre compr\u00e9hension et de notre relation avec la nature.\" \/>\n<meta name=\"robots\" content=\"index, follow, max-snippet:-1, max-image-preview:large, max-video-preview:-1\" \/>\n<link rel=\"canonical\" href=\"https:\/\/www.elle.be\/fr\/398897-homolog-2024-paris-haute-couture-fashion-week-la-nature-au-coeur-de-lhumanite.html\" \/>\n<meta property=\"og:locale\" content=\"fr_FR\" \/>\n<meta property=\"og:type\" content=\"article\" \/>\n<meta property=\"og:title\" content=\"HOMOLOG 2024 Paris Haute Couture Fashion Week : La nature au c\u0153ur de l\u2019humanit\u00e9\" \/>\n<meta property=\"og:description\" content=\"Le d\u00e9fil\u00e9 HOMOLOG automne\/hiver 2024 a eu lieu le 6 juillet 2023 durant la fashion week haute couture de Paris, au c\u00e9l\u00e8bre h\u00f4tel Le Bristol. Sous la direction de la cr\u00e9atrice chinoise Emily Cheong, cette pr\u00e9sentation hautement artistique s&#039;est inspir\u00e9e d&#039;\u00e9l\u00e9ments issus du monde forestier, int\u00e9grant des \u00e9l\u00e9ments naturels tels que les arbres et les fleurs. \u00c0 travers cette collection, la cr\u00e9atrice a cherch\u00e9 \u00e0 transmettre une profonde r\u00e9flexion sur l&#039;environnement, la nature, l&#039;humanit\u00e9 et la culture, explorant les multiples dimensions de notre compr\u00e9hension et de notre relation avec la nature.\" \/>\n<meta property=\"og:url\" content=\"https:\/\/www.elle.be\/fr\/398897-homolog-2024-paris-haute-couture-fashion-week-la-nature-au-coeur-de-lhumanite.html\" \/>\n<meta property=\"og:site_name\" content=\"ELLE.be\" \/>\n<meta property=\"article:publisher\" content=\"https:\/\/www.facebook.com\/ELLEbelgium\/\" \/>\n<meta property=\"article:published_time\" content=\"2023-07-12T13:04:14+00:00\" \/>\n<meta property=\"article:modified_time\" content=\"2023-07-12T13:08:31+00:00\" \/>\n<meta property=\"og:image\" content=\"https:\/\/www.elle.be\/fr\/wp-content\/uploads\/2023\/07\/capture-decran-2023-07-12-150207.png\" \/>\n\t<meta property=\"og:image:width\" content=\"903\" \/>\n\t<meta property=\"og:image:height\" content=\"896\" \/>\n\t<meta property=\"og:image:type\" content=\"image\/png\" \/>\n<meta name=\"author\" content=\"ELLE Partenaire\" \/>\n<meta name=\"twitter:card\" content=\"summary_large_image\" \/>\n<meta name=\"twitter:creator\" content=\"@ELLEBelgique\" \/>\n<meta name=\"twitter:site\" content=\"@ELLEBelgique\" \/>\n<meta name=\"twitter:label1\" content=\"\u00c9crit par\" \/>\n\t<meta name=\"twitter:data1\" content=\"ELLE Partenaire\" \/>\n\t<meta name=\"twitter:label2\" content=\"Dur\u00e9e de lecture estim\u00e9e\" \/>\n\t<meta name=\"twitter:data2\" content=\"3 minutes\" \/>\n<script type=\"application\/ld+json\" class=\"yoast-schema-graph\">{\"@context\":\"https:\\\/\\\/schema.org\",\"@graph\":[{\"@type\":\"NewsArticle\",\"@id\":\"https:\\\/\\\/www.elle.be\\\/fr\\\/398897-homolog-2024-paris-haute-couture-fashion-week-la-nature-au-coeur-de-lhumanite.html#article\",\"isPartOf\":{\"@id\":\"https:\\\/\\\/www.elle.be\\\/fr\\\/398897-homolog-2024-paris-haute-couture-fashion-week-la-nature-au-coeur-de-lhumanite.html\"},\"author\":{\"name\":\"ELLE Partenaire\",\"@id\":\"https:\\\/\\\/www.elle.be\\\/fr\\\/#\\\/schema\\\/person\\\/a4da7494d6274822a430e7d9f8f598c0\"},\"headline\":\"HOMOLOG 2024 Paris Haute Couture Fashion Week : La nature au coeur de l\u2019humanit\u00e9\",\"datePublished\":\"2023-07-12T13:04:14+00:00\",\"dateModified\":\"2023-07-12T13:08:31+00:00\",\"mainEntityOfPage\":{\"@id\":\"https:\\\/\\\/www.elle.be\\\/fr\\\/398897-homolog-2024-paris-haute-couture-fashion-week-la-nature-au-coeur-de-lhumanite.html\"},\"wordCount\":467,\"commentCount\":0,\"publisher\":{\"@id\":\"https:\\\/\\\/www.elle.be\\\/fr\\\/#organization\"},\"image\":{\"@id\":\"https:\\\/\\\/www.elle.be\\\/fr\\\/398897-homolog-2024-paris-haute-couture-fashion-week-la-nature-au-coeur-de-lhumanite.html#primaryimage\"},\"thumbnailUrl\":\"https:\\\/\\\/www.elle.be\\\/fr\\\/wp-content\\\/uploads\\\/2023\\\/07\\\/capture-decran-2023-07-12-150207.png\",\"articleSection\":[\"Mode\",\"Shopping\"],\"inLanguage\":\"fr-FR\",\"potentialAction\":[{\"@type\":\"CommentAction\",\"name\":\"Comment\",\"target\":[\"https:\\\/\\\/www.elle.be\\\/fr\\\/398897-homolog-2024-paris-haute-couture-fashion-week-la-nature-au-coeur-de-lhumanite.html#respond\"]}]},{\"@type\":\"WebPage\",\"@id\":\"https:\\\/\\\/www.elle.be\\\/fr\\\/398897-homolog-2024-paris-haute-couture-fashion-week-la-nature-au-coeur-de-lhumanite.html\",\"url\":\"https:\\\/\\\/www.elle.be\\\/fr\\\/398897-homolog-2024-paris-haute-couture-fashion-week-la-nature-au-coeur-de-lhumanite.html\",\"name\":\"HOMOLOG 2024 Paris Haute Couture Fashion Week : La nature au c\u0153ur de l\u2019humanit\u00e9\",\"isPartOf\":{\"@id\":\"https:\\\/\\\/www.elle.be\\\/fr\\\/#website\"},\"primaryImageOfPage\":{\"@id\":\"https:\\\/\\\/www.elle.be\\\/fr\\\/398897-homolog-2024-paris-haute-couture-fashion-week-la-nature-au-coeur-de-lhumanite.html#primaryimage\"},\"image\":{\"@id\":\"https:\\\/\\\/www.elle.be\\\/fr\\\/398897-homolog-2024-paris-haute-couture-fashion-week-la-nature-au-coeur-de-lhumanite.html#primaryimage\"},\"thumbnailUrl\":\"https:\\\/\\\/www.elle.be\\\/fr\\\/wp-content\\\/uploads\\\/2023\\\/07\\\/capture-decran-2023-07-12-150207.png\",\"datePublished\":\"2023-07-12T13:04:14+00:00\",\"dateModified\":\"2023-07-12T13:08:31+00:00\",\"description\":\"Le d\u00e9fil\u00e9 HOMOLOG automne\\\/hiver 2024 a eu lieu le 6 juillet 2023 durant la fashion week haute couture de Paris, au c\u00e9l\u00e8bre h\u00f4tel Le Bristol. Sous la direction de la cr\u00e9atrice chinoise Emily Cheong, cette pr\u00e9sentation hautement artistique s'est inspir\u00e9e d'\u00e9l\u00e9ments issus du monde forestier, int\u00e9grant des \u00e9l\u00e9ments naturels tels que les arbres et les fleurs. \u00c0 travers cette collection, la cr\u00e9atrice a cherch\u00e9 \u00e0 transmettre une profonde r\u00e9flexion sur l'environnement, la nature, l'humanit\u00e9 et la culture, explorant les multiples dimensions de notre compr\u00e9hension et de notre relation avec la nature.\",\"breadcrumb\":{\"@id\":\"https:\\\/\\\/www.elle.be\\\/fr\\\/398897-homolog-2024-paris-haute-couture-fashion-week-la-nature-au-coeur-de-lhumanite.html#breadcrumb\"},\"inLanguage\":\"fr-FR\",\"potentialAction\":[{\"@type\":\"ReadAction\",\"target\":[\"https:\\\/\\\/www.elle.be\\\/fr\\\/398897-homolog-2024-paris-haute-couture-fashion-week-la-nature-au-coeur-de-lhumanite.html\"]}]},{\"@type\":\"ImageObject\",\"inLanguage\":\"fr-FR\",\"@id\":\"https:\\\/\\\/www.elle.be\\\/fr\\\/398897-homolog-2024-paris-haute-couture-fashion-week-la-nature-au-coeur-de-lhumanite.html#primaryimage\",\"url\":\"https:\\\/\\\/www.elle.be\\\/fr\\\/wp-content\\\/uploads\\\/2023\\\/07\\\/capture-decran-2023-07-12-150207.png\",\"contentUrl\":\"https:\\\/\\\/www.elle.be\\\/fr\\\/wp-content\\\/uploads\\\/2023\\\/07\\\/capture-decran-2023-07-12-150207.png\",\"width\":903,\"height\":896},{\"@type\":\"BreadcrumbList\",\"@id\":\"https:\\\/\\\/www.elle.be\\\/fr\\\/398897-homolog-2024-paris-haute-couture-fashion-week-la-nature-au-coeur-de-lhumanite.html#breadcrumb\",\"itemListElement\":[{\"@type\":\"ListItem\",\"position\":1,\"name\":\"FR\",\"item\":\"https:\\\/\\\/www.elle.be\\\/fr\"},{\"@type\":\"ListItem\",\"position\":2,\"name\":\"Mode\",\"item\":\"https:\\\/\\\/www.elle.be\\\/fr\\\/mode\"},{\"@type\":\"ListItem\",\"position\":3,\"name\":\"Shopping\",\"item\":\"https:\\\/\\\/www.elle.be\\\/fr\\\/mode\\\/shopping\"},{\"@type\":\"ListItem\",\"position\":4,\"name\":\"HOMOLOG 2024 Paris Haute Couture Fashion Week : La nature au coeur de l\u2019humanit\u00e9\"}]},{\"@type\":\"WebSite\",\"@id\":\"https:\\\/\\\/www.elle.be\\\/fr\\\/#website\",\"url\":\"https:\\\/\\\/www.elle.be\\\/fr\\\/\",\"name\":\"ELLE.be\",\"description\":\"Toutes les infos mode, beaut\u00e9 et lifestyle les plus pointues ainsi qu&#039;un contenu 100% belge d\u00e9clin\u00e9 \u00e0 360\u00b0sur le site ELLE.be, nos r\u00e9seaux sociaux et notre cha\u00eene Youtube.\",\"publisher\":{\"@id\":\"https:\\\/\\\/www.elle.be\\\/fr\\\/#organization\"},\"potentialAction\":[{\"@type\":\"SearchAction\",\"target\":{\"@type\":\"EntryPoint\",\"urlTemplate\":\"https:\\\/\\\/www.elle.be\\\/fr\\\/?s={search_term_string}\"},\"query-input\":{\"@type\":\"PropertyValueSpecification\",\"valueRequired\":true,\"valueName\":\"search_term_string\"}}],\"inLanguage\":\"fr-FR\"},{\"@type\":\"Organization\",\"@id\":\"https:\\\/\\\/www.elle.be\\\/fr\\\/#organization\",\"name\":\"ELLE Belgique\",\"url\":\"https:\\\/\\\/www.elle.be\\\/fr\\\/\",\"logo\":{\"@type\":\"ImageObject\",\"inLanguage\":\"fr-FR\",\"@id\":\"https:\\\/\\\/www.elle.be\\\/fr\\\/#\\\/schema\\\/logo\\\/image\\\/\",\"url\":\"https:\\\/\\\/www.elle.be\\\/fr\\\/wp-content\\\/uploads\\\/2017\\\/03\\\/elle-icon-200px.jpeg\",\"contentUrl\":\"https:\\\/\\\/www.elle.be\\\/fr\\\/wp-content\\\/uploads\\\/2017\\\/03\\\/elle-icon-200px.jpeg\",\"width\":200,\"height\":200,\"caption\":\"ELLE Belgique\"},\"image\":{\"@id\":\"https:\\\/\\\/www.elle.be\\\/fr\\\/#\\\/schema\\\/logo\\\/image\\\/\"},\"sameAs\":[\"https:\\\/\\\/www.facebook.com\\\/ELLEbelgium\\\/\",\"https:\\\/\\\/x.com\\\/ELLEBelgique\",\"http:\\\/\\\/instagram.com\\\/ellebelgique\\\/\",\"https:\\\/\\\/www.pinterest.com\\\/ellebelgique\\\/\",\"https:\\\/\\\/www.youtube.com\\\/user\\\/ELLEbelgique1\"]},{\"@type\":\"Person\",\"@id\":\"https:\\\/\\\/www.elle.be\\\/fr\\\/#\\\/schema\\\/person\\\/a4da7494d6274822a430e7d9f8f598c0\",\"name\":\"ELLE Partenaire\",\"image\":{\"@type\":\"ImageObject\",\"inLanguage\":\"fr-FR\",\"@id\":\"https:\\\/\\\/secure.gravatar.com\\\/avatar\\\/081d2cd4575981df403100e247f888ad2ab94033015c4f0b86a6c6d09d3d121c?s=96&r=g\",\"url\":\"https:\\\/\\\/secure.gravatar.com\\\/avatar\\\/081d2cd4575981df403100e247f888ad2ab94033015c4f0b86a6c6d09d3d121c?s=96&r=g\",\"contentUrl\":\"https:\\\/\\\/secure.gravatar.com\\\/avatar\\\/081d2cd4575981df403100e247f888ad2ab94033015c4f0b86a6c6d09d3d121c?s=96&r=g\",\"caption\":\"ELLE Partenaire\"},\"url\":\"https:\\\/\\\/www.elle.be\\\/fr\\\/author\\\/reworld\"}]}<\/script>\n<!-- \/ Yoast SEO plugin. -->","yoast_head_json":{"title":"HOMOLOG 2024 Paris Haute Couture Fashion Week : La nature au c\u0153ur de l\u2019humanit\u00e9","description":"Le d\u00e9fil\u00e9 HOMOLOG automne\/hiver 2024 a eu lieu le 6 juillet 2023 durant la fashion week haute couture de Paris, au c\u00e9l\u00e8bre h\u00f4tel Le Bristol. Sous la direction de la cr\u00e9atrice chinoise Emily Cheong, cette pr\u00e9sentation hautement artistique s'est inspir\u00e9e d'\u00e9l\u00e9ments issus du monde forestier, int\u00e9grant des \u00e9l\u00e9ments naturels tels que les arbres et les fleurs. \u00c0 travers cette collection, la cr\u00e9atrice a cherch\u00e9 \u00e0 transmettre une profonde r\u00e9flexion sur l'environnement, la nature, l'humanit\u00e9 et la culture, explorant les multiples dimensions de notre compr\u00e9hension et de notre relation avec la nature.","robots":{"index":"index","follow":"follow","max-snippet":"max-snippet:-1","max-image-preview":"max-image-preview:large","max-video-preview":"max-video-preview:-1"},"canonical":"https:\/\/www.elle.be\/fr\/398897-homolog-2024-paris-haute-couture-fashion-week-la-nature-au-coeur-de-lhumanite.html","og_locale":"fr_FR","og_type":"article","og_title":"HOMOLOG 2024 Paris Haute Couture Fashion Week : La nature au c\u0153ur de l\u2019humanit\u00e9","og_description":"Le d\u00e9fil\u00e9 HOMOLOG automne\/hiver 2024 a eu lieu le 6 juillet 2023 durant la fashion week haute couture de Paris, au c\u00e9l\u00e8bre h\u00f4tel Le Bristol. Sous la direction de la cr\u00e9atrice chinoise Emily Cheong, cette pr\u00e9sentation hautement artistique s'est inspir\u00e9e d'\u00e9l\u00e9ments issus du monde forestier, int\u00e9grant des \u00e9l\u00e9ments naturels tels que les arbres et les fleurs. \u00c0 travers cette collection, la cr\u00e9atrice a cherch\u00e9 \u00e0 transmettre une profonde r\u00e9flexion sur l'environnement, la nature, l'humanit\u00e9 et la culture, explorant les multiples dimensions de notre compr\u00e9hension et de notre relation avec la nature.","og_url":"https:\/\/www.elle.be\/fr\/398897-homolog-2024-paris-haute-couture-fashion-week-la-nature-au-coeur-de-lhumanite.html","og_site_name":"ELLE.be","article_publisher":"https:\/\/www.facebook.com\/ELLEbelgium\/","article_published_time":"2023-07-12T13:04:14+00:00","article_modified_time":"2023-07-12T13:08:31+00:00","og_image":[{"width":903,"height":896,"url":"https:\/\/www.elle.be\/fr\/wp-content\/uploads\/2023\/07\/capture-decran-2023-07-12-150207.png","type":"image\/png"}],"author":"ELLE Partenaire","twitter_card":"summary_large_image","twitter_creator":"@ELLEBelgique","twitter_site":"@ELLEBelgique","twitter_misc":{"\u00c9crit par":"ELLE Partenaire","Dur\u00e9e de lecture estim\u00e9e":"3 minutes"},"schema":{"@context":"https:\/\/schema.org","@graph":[{"@type":"NewsArticle","@id":"https:\/\/www.elle.be\/fr\/398897-homolog-2024-paris-haute-couture-fashion-week-la-nature-au-coeur-de-lhumanite.html#article","isPartOf":{"@id":"https:\/\/www.elle.be\/fr\/398897-homolog-2024-paris-haute-couture-fashion-week-la-nature-au-coeur-de-lhumanite.html"},"author":{"name":"ELLE Partenaire","@id":"https:\/\/www.elle.be\/fr\/#\/schema\/person\/a4da7494d6274822a430e7d9f8f598c0"},"headline":"HOMOLOG 2024 Paris Haute Couture Fashion Week : La nature au coeur de l\u2019humanit\u00e9","datePublished":"2023-07-12T13:04:14+00:00","dateModified":"2023-07-12T13:08:31+00:00","mainEntityOfPage":{"@id":"https:\/\/www.elle.be\/fr\/398897-homolog-2024-paris-haute-couture-fashion-week-la-nature-au-coeur-de-lhumanite.html"},"wordCount":467,"commentCount":0,"publisher":{"@id":"https:\/\/www.elle.be\/fr\/#organization"},"image":{"@id":"https:\/\/www.elle.be\/fr\/398897-homolog-2024-paris-haute-couture-fashion-week-la-nature-au-coeur-de-lhumanite.html#primaryimage"},"thumbnailUrl":"https:\/\/www.elle.be\/fr\/wp-content\/uploads\/2023\/07\/capture-decran-2023-07-12-150207.png","articleSection":["Mode","Shopping"],"inLanguage":"fr-FR","potentialAction":[{"@type":"CommentAction","name":"Comment","target":["https:\/\/www.elle.be\/fr\/398897-homolog-2024-paris-haute-couture-fashion-week-la-nature-au-coeur-de-lhumanite.html#respond"]}]},{"@type":"WebPage","@id":"https:\/\/www.elle.be\/fr\/398897-homolog-2024-paris-haute-couture-fashion-week-la-nature-au-coeur-de-lhumanite.html","url":"https:\/\/www.elle.be\/fr\/398897-homolog-2024-paris-haute-couture-fashion-week-la-nature-au-coeur-de-lhumanite.html","name":"HOMOLOG 2024 Paris Haute Couture Fashion Week : La nature au c\u0153ur de l\u2019humanit\u00e9","isPartOf":{"@id":"https:\/\/www.elle.be\/fr\/#website"},"primaryImageOfPage":{"@id":"https:\/\/www.elle.be\/fr\/398897-homolog-2024-paris-haute-couture-fashion-week-la-nature-au-coeur-de-lhumanite.html#primaryimage"},"image":{"@id":"https:\/\/www.elle.be\/fr\/398897-homolog-2024-paris-haute-couture-fashion-week-la-nature-au-coeur-de-lhumanite.html#primaryimage"},"thumbnailUrl":"https:\/\/www.elle.be\/fr\/wp-content\/uploads\/2023\/07\/capture-decran-2023-07-12-150207.png","datePublished":"2023-07-12T13:04:14+00:00","dateModified":"2023-07-12T13:08:31+00:00","description":"Le d\u00e9fil\u00e9 HOMOLOG automne\/hiver 2024 a eu lieu le 6 juillet 2023 durant la fashion week haute couture de Paris, au c\u00e9l\u00e8bre h\u00f4tel Le Bristol. Sous la direction de la cr\u00e9atrice chinoise Emily Cheong, cette pr\u00e9sentation hautement artistique s'est inspir\u00e9e d'\u00e9l\u00e9ments issus du monde forestier, int\u00e9grant des \u00e9l\u00e9ments naturels tels que les arbres et les fleurs. \u00c0 travers cette collection, la cr\u00e9atrice a cherch\u00e9 \u00e0 transmettre une profonde r\u00e9flexion sur l'environnement, la nature, l'humanit\u00e9 et la culture, explorant les multiples dimensions de notre compr\u00e9hension et de notre relation avec la nature.","breadcrumb":{"@id":"https:\/\/www.elle.be\/fr\/398897-homolog-2024-paris-haute-couture-fashion-week-la-nature-au-coeur-de-lhumanite.html#breadcrumb"},"inLanguage":"fr-FR","potentialAction":[{"@type":"ReadAction","target":["https:\/\/www.elle.be\/fr\/398897-homolog-2024-paris-haute-couture-fashion-week-la-nature-au-coeur-de-lhumanite.html"]}]},{"@type":"ImageObject","inLanguage":"fr-FR","@id":"https:\/\/www.elle.be\/fr\/398897-homolog-2024-paris-haute-couture-fashion-week-la-nature-au-coeur-de-lhumanite.html#primaryimage","url":"https:\/\/www.elle.be\/fr\/wp-content\/uploads\/2023\/07\/capture-decran-2023-07-12-150207.png","contentUrl":"https:\/\/www.elle.be\/fr\/wp-content\/uploads\/2023\/07\/capture-decran-2023-07-12-150207.png","width":903,"height":896},{"@type":"BreadcrumbList","@id":"https:\/\/www.elle.be\/fr\/398897-homolog-2024-paris-haute-couture-fashion-week-la-nature-au-coeur-de-lhumanite.html#breadcrumb","itemListElement":[{"@type":"ListItem","position":1,"name":"FR","item":"https:\/\/www.elle.be\/fr"},{"@type":"ListItem","position":2,"name":"Mode","item":"https:\/\/www.elle.be\/fr\/mode"},{"@type":"ListItem","position":3,"name":"Shopping","item":"https:\/\/www.elle.be\/fr\/mode\/shopping"},{"@type":"ListItem","position":4,"name":"HOMOLOG 2024 Paris Haute Couture Fashion Week : La nature au coeur de l\u2019humanit\u00e9"}]},{"@type":"WebSite","@id":"https:\/\/www.elle.be\/fr\/#website","url":"https:\/\/www.elle.be\/fr\/","name":"ELLE.be","description":"Toutes les infos mode, beaut\u00e9 et lifestyle les plus pointues ainsi qu&#039;un contenu 100% belge d\u00e9clin\u00e9 \u00e0 360\u00b0sur le site ELLE.be, nos r\u00e9seaux sociaux et notre cha\u00eene Youtube.","publisher":{"@id":"https:\/\/www.elle.be\/fr\/#organization"},"potentialAction":[{"@type":"SearchAction","target":{"@type":"EntryPoint","urlTemplate":"https:\/\/www.elle.be\/fr\/?s={search_term_string}"},"query-input":{"@type":"PropertyValueSpecification","valueRequired":true,"valueName":"search_term_string"}}],"inLanguage":"fr-FR"},{"@type":"Organization","@id":"https:\/\/www.elle.be\/fr\/#organization","name":"ELLE Belgique","url":"https:\/\/www.elle.be\/fr\/","logo":{"@type":"ImageObject","inLanguage":"fr-FR","@id":"https:\/\/www.elle.be\/fr\/#\/schema\/logo\/image\/","url":"https:\/\/www.elle.be\/fr\/wp-content\/uploads\/2017\/03\/elle-icon-200px.jpeg","contentUrl":"https:\/\/www.elle.be\/fr\/wp-content\/uploads\/2017\/03\/elle-icon-200px.jpeg","width":200,"height":200,"caption":"ELLE Belgique"},"image":{"@id":"https:\/\/www.elle.be\/fr\/#\/schema\/logo\/image\/"},"sameAs":["https:\/\/www.facebook.com\/ELLEbelgium\/","https:\/\/x.com\/ELLEBelgique","http:\/\/instagram.com\/ellebelgique\/","https:\/\/www.pinterest.com\/ellebelgique\/","https:\/\/www.youtube.com\/user\/ELLEbelgique1"]},{"@type":"Person","@id":"https:\/\/www.elle.be\/fr\/#\/schema\/person\/a4da7494d6274822a430e7d9f8f598c0","name":"ELLE Partenaire","image":{"@type":"ImageObject","inLanguage":"fr-FR","@id":"https:\/\/secure.gravatar.com\/avatar\/081d2cd4575981df403100e247f888ad2ab94033015c4f0b86a6c6d09d3d121c?s=96&r=g","url":"https:\/\/secure.gravatar.com\/avatar\/081d2cd4575981df403100e247f888ad2ab94033015c4f0b86a6c6d09d3d121c?s=96&r=g","contentUrl":"https:\/\/secure.gravatar.com\/avatar\/081d2cd4575981df403100e247f888ad2ab94033015c4f0b86a6c6d09d3d121c?s=96&r=g","caption":"ELLE Partenaire"},"url":"https:\/\/www.elle.be\/fr\/author\/reworld"}]}},"_links":{"self":[{"href":"https:\/\/www.elle.be\/fr\/wp-json\/wp\/v2\/posts\/398897","targetHints":{"allow":["GET"]}}],"collection":[{"href":"https:\/\/www.elle.be\/fr\/wp-json\/wp\/v2\/posts"}],"about":[{"href":"https:\/\/www.elle.be\/fr\/wp-json\/wp\/v2\/types\/post"}],"author":[{"embeddable":true,"href":"https:\/\/www.elle.be\/fr\/wp-json\/wp\/v2\/users\/111"}],"replies":[{"embeddable":true,"href":"https:\/\/www.elle.be\/fr\/wp-json\/wp\/v2\/comments?post=398897"}],"version-history":[{"count":3,"href":"https:\/\/www.elle.be\/fr\/wp-json\/wp\/v2\/posts\/398897\/revisions"}],"predecessor-version":[{"id":398904,"href":"https:\/\/www.elle.be\/fr\/wp-json\/wp\/v2\/posts\/398897\/revisions\/398904"}],"wp:featuredmedia":[{"embeddable":true,"href":"https:\/\/www.elle.be\/fr\/wp-json\/wp\/v2\/media\/398899"}],"wp:attachment":[{"href":"https:\/\/www.elle.be\/fr\/wp-json\/wp\/v2\/media?parent=398897"}],"wp:term":[{"taxonomy":"category","embeddable":true,"href":"https:\/\/www.elle.be\/fr\/wp-json\/wp\/v2\/categories?post=398897"},{"taxonomy":"post_tag","embeddable":true,"href":"https:\/\/www.elle.be\/fr\/wp-json\/wp\/v2\/tags?post=398897"}],"curies":[{"name":"wp","href":"https:\/\/api.w.org\/{rel}","templated":true}]}}