{"id":397174,"date":"2023-11-22T15:00:28","date_gmt":"2023-11-22T14:00:28","guid":{"rendered":"https:\/\/www.elle.be\/fr\/?p=397174"},"modified":"2023-11-22T15:13:57","modified_gmt":"2023-11-22T14:13:57","slug":"les-petits-oignons-decouvrez-leur-carte-hivernale-et-gourmande","status":"publish","type":"post","link":"https:\/\/www.elle.be\/fr\/397174-les-petits-oignons-decouvrez-leur-carte-hivernale-et-gourmande.html","title":{"rendered":"Les Petits Oignons : d\u00e9couvrez leur carte hivernale et gourmande"},"content":{"rendered":"","protected":false},"excerpt":{"rendered":"Le restaurant Les Petits Oignons, brasserie incontournable depuis 1986 au Grand Sablon, continue de nous \u00e9merveiller cet hiver gr\u00e2ce \u00e0 sa d\u00e9licieuse cuisine, son ambiance chaleureuse et \u00e0 son service traditionnel \u00e0 la fran\u00e7aise.","protected":false},"author":47,"featured_media":411777,"comment_status":"open","ping_status":"closed","sticky":false,"template":"","format":"standard","meta":{"_acf_changed":false,"footnotes":""},"categories":[2916,1451],"tags":[],"class_list":["post-397174","post","type-post","status-publish","format-standard","has-post-thumbnail","hentry","category-news-food","category-elle-a-table"],"acf":[],"image_verticale":"411877","_yoast_wpseo_title":"%%title%% %%page%%","_yoast_wpseo_metadesc":"Le restaurant Les Petits Oignons continue de nous \u00e9merveiller cet hiver gr\u00e2ce \u00e0 sa d\u00e9licieuse cuisine et \u00e0 son service \u00e0 la fran\u00e7aise.","_yoast_wpseo_focuskw_text_input":null,"_yoast_wpseo_opengraph-title":null,"yoast_head":"<!-- This site is optimized with the Yoast SEO plugin v27.4 - https:\/\/yoast.com\/product\/yoast-seo-wordpress\/ -->\n<title>Les Petits Oignons : d\u00e9couvrez leur carte hivernale et gourmande<\/title>\n<meta name=\"description\" content=\"Le restaurant Les Petits Oignons continue de nous \u00e9merveiller cet hiver gr\u00e2ce \u00e0 sa d\u00e9licieuse cuisine et \u00e0 son service \u00e0 la fran\u00e7aise.\" \/>\n<meta name=\"robots\" content=\"index, follow, max-snippet:-1, max-image-preview:large, max-video-preview:-1\" \/>\n<link rel=\"canonical\" href=\"https:\/\/www.elle.be\/fr\/397174-les-petits-oignons-decouvrez-leur-carte-hivernale-et-gourmande.html\" \/>\n<meta property=\"og:locale\" content=\"fr_FR\" \/>\n<meta property=\"og:type\" content=\"article\" \/>\n<meta property=\"og:title\" content=\"Les Petits Oignons : d\u00e9couvrez leur carte hivernale et gourmande\" \/>\n<meta property=\"og:description\" content=\"Le restaurant Les Petits Oignons continue de nous \u00e9merveiller cet hiver gr\u00e2ce \u00e0 sa d\u00e9licieuse cuisine et \u00e0 son service \u00e0 la fran\u00e7aise.\" \/>\n<meta property=\"og:url\" content=\"https:\/\/www.elle.be\/fr\/397174-les-petits-oignons-decouvrez-leur-carte-hivernale-et-gourmande.html\" \/>\n<meta property=\"og:site_name\" content=\"ELLE.be\" \/>\n<meta property=\"article:publisher\" content=\"https:\/\/www.facebook.com\/ELLEbelgium\/\" \/>\n<meta property=\"article:published_time\" content=\"2023-11-22T14:00:28+00:00\" \/>\n<meta property=\"article:modified_time\" content=\"2023-11-22T14:13:57+00:00\" \/>\n<meta property=\"og:image\" content=\"https:\/\/www.elle.be\/fr\/wp-content\/uploads\/2023\/07\/ellexlespetitsoignons-1200x628-1.png\" \/>\n\t<meta property=\"og:image:width\" content=\"1200\" \/>\n\t<meta property=\"og:image:height\" content=\"628\" \/>\n\t<meta property=\"og:image:type\" content=\"image\/png\" \/>\n<meta name=\"author\" content=\"ELLE Partenaire\" \/>\n<meta name=\"twitter:card\" content=\"summary_large_image\" \/>\n<meta name=\"twitter:creator\" content=\"@ELLEBelgique\" \/>\n<meta name=\"twitter:site\" content=\"@ELLEBelgique\" \/>\n<meta name=\"twitter:label1\" content=\"\u00c9crit par\" \/>\n\t<meta name=\"twitter:data1\" content=\"ELLE Partenaire\" \/>\n\t<meta name=\"twitter:label2\" content=\"Dur\u00e9e de lecture estim\u00e9e\" \/>\n\t<meta name=\"twitter:data2\" content=\"4 minutes\" \/>\n<script type=\"application\/ld+json\" class=\"yoast-schema-graph\">{\"@context\":\"https:\\\/\\\/schema.org\",\"@graph\":[{\"@type\":\"NewsArticle\",\"@id\":\"https:\\\/\\\/www.elle.be\\\/fr\\\/397174-les-petits-oignons-decouvrez-leur-carte-hivernale-et-gourmande.html#article\",\"isPartOf\":{\"@id\":\"https:\\\/\\\/www.elle.be\\\/fr\\\/397174-les-petits-oignons-decouvrez-leur-carte-hivernale-et-gourmande.html\"},\"author\":{\"name\":\"ELLE Partenaire\",\"@id\":\"https:\\\/\\\/www.elle.be\\\/fr\\\/#\\\/schema\\\/person\\\/2c7693f13ee3d4992850ec2ff033c586\"},\"headline\":\"Les Petits Oignons : d\u00e9couvrez leur carte hivernale et gourmande\",\"datePublished\":\"2023-11-22T14:00:28+00:00\",\"dateModified\":\"2023-11-22T14:13:57+00:00\",\"mainEntityOfPage\":{\"@id\":\"https:\\\/\\\/www.elle.be\\\/fr\\\/397174-les-petits-oignons-decouvrez-leur-carte-hivernale-et-gourmande.html\"},\"wordCount\":616,\"commentCount\":0,\"publisher\":{\"@id\":\"https:\\\/\\\/www.elle.be\\\/fr\\\/#organization\"},\"image\":{\"@id\":\"https:\\\/\\\/www.elle.be\\\/fr\\\/397174-les-petits-oignons-decouvrez-leur-carte-hivernale-et-gourmande.html#primaryimage\"},\"thumbnailUrl\":\"https:\\\/\\\/www.elle.be\\\/fr\\\/wp-content\\\/uploads\\\/2023\\\/07\\\/ellexlespetitsoignons-1200x628-1.png\",\"articleSection\":[\"News Food\",\"ELLE \u00e0 Table\"],\"inLanguage\":\"fr-FR\",\"potentialAction\":[{\"@type\":\"CommentAction\",\"name\":\"Comment\",\"target\":[\"https:\\\/\\\/www.elle.be\\\/fr\\\/397174-les-petits-oignons-decouvrez-leur-carte-hivernale-et-gourmande.html#respond\"]}]},{\"@type\":\"WebPage\",\"@id\":\"https:\\\/\\\/www.elle.be\\\/fr\\\/397174-les-petits-oignons-decouvrez-leur-carte-hivernale-et-gourmande.html\",\"url\":\"https:\\\/\\\/www.elle.be\\\/fr\\\/397174-les-petits-oignons-decouvrez-leur-carte-hivernale-et-gourmande.html\",\"name\":\"Les Petits Oignons : d\u00e9couvrez leur carte hivernale et gourmande\",\"isPartOf\":{\"@id\":\"https:\\\/\\\/www.elle.be\\\/fr\\\/#website\"},\"primaryImageOfPage\":{\"@id\":\"https:\\\/\\\/www.elle.be\\\/fr\\\/397174-les-petits-oignons-decouvrez-leur-carte-hivernale-et-gourmande.html#primaryimage\"},\"image\":{\"@id\":\"https:\\\/\\\/www.elle.be\\\/fr\\\/397174-les-petits-oignons-decouvrez-leur-carte-hivernale-et-gourmande.html#primaryimage\"},\"thumbnailUrl\":\"https:\\\/\\\/www.elle.be\\\/fr\\\/wp-content\\\/uploads\\\/2023\\\/07\\\/ellexlespetitsoignons-1200x628-1.png\",\"datePublished\":\"2023-11-22T14:00:28+00:00\",\"dateModified\":\"2023-11-22T14:13:57+00:00\",\"description\":\"Le restaurant Les Petits Oignons continue de nous \u00e9merveiller cet hiver gr\u00e2ce \u00e0 sa d\u00e9licieuse cuisine et \u00e0 son service \u00e0 la fran\u00e7aise.\",\"breadcrumb\":{\"@id\":\"https:\\\/\\\/www.elle.be\\\/fr\\\/397174-les-petits-oignons-decouvrez-leur-carte-hivernale-et-gourmande.html#breadcrumb\"},\"inLanguage\":\"fr-FR\",\"potentialAction\":[{\"@type\":\"ReadAction\",\"target\":[\"https:\\\/\\\/www.elle.be\\\/fr\\\/397174-les-petits-oignons-decouvrez-leur-carte-hivernale-et-gourmande.html\"]}]},{\"@type\":\"ImageObject\",\"inLanguage\":\"fr-FR\",\"@id\":\"https:\\\/\\\/www.elle.be\\\/fr\\\/397174-les-petits-oignons-decouvrez-leur-carte-hivernale-et-gourmande.html#primaryimage\",\"url\":\"https:\\\/\\\/www.elle.be\\\/fr\\\/wp-content\\\/uploads\\\/2023\\\/07\\\/ellexlespetitsoignons-1200x628-1.png\",\"contentUrl\":\"https:\\\/\\\/www.elle.be\\\/fr\\\/wp-content\\\/uploads\\\/2023\\\/07\\\/ellexlespetitsoignons-1200x628-1.png\",\"width\":1200,\"height\":628},{\"@type\":\"BreadcrumbList\",\"@id\":\"https:\\\/\\\/www.elle.be\\\/fr\\\/397174-les-petits-oignons-decouvrez-leur-carte-hivernale-et-gourmande.html#breadcrumb\",\"itemListElement\":[{\"@type\":\"ListItem\",\"position\":1,\"name\":\"FR\",\"item\":\"https:\\\/\\\/www.elle.be\\\/fr\"},{\"@type\":\"ListItem\",\"position\":2,\"name\":\"ELLE \u00e0 Table\",\"item\":\"https:\\\/\\\/www.elle.be\\\/fr\\\/elle-a-table\"},{\"@type\":\"ListItem\",\"position\":3,\"name\":\"Les Petits Oignons : d\u00e9couvrez leur carte hivernale et gourmande\"}]},{\"@type\":\"WebSite\",\"@id\":\"https:\\\/\\\/www.elle.be\\\/fr\\\/#website\",\"url\":\"https:\\\/\\\/www.elle.be\\\/fr\\\/\",\"name\":\"ELLE.be\",\"description\":\"Toutes les infos mode, beaut\u00e9 et lifestyle les plus pointues ainsi qu&#039;un contenu 100% belge d\u00e9clin\u00e9 \u00e0 360\u00b0sur le site ELLE.be, nos r\u00e9seaux sociaux et notre cha\u00eene Youtube.\",\"publisher\":{\"@id\":\"https:\\\/\\\/www.elle.be\\\/fr\\\/#organization\"},\"potentialAction\":[{\"@type\":\"SearchAction\",\"target\":{\"@type\":\"EntryPoint\",\"urlTemplate\":\"https:\\\/\\\/www.elle.be\\\/fr\\\/?s={search_term_string}\"},\"query-input\":{\"@type\":\"PropertyValueSpecification\",\"valueRequired\":true,\"valueName\":\"search_term_string\"}}],\"inLanguage\":\"fr-FR\"},{\"@type\":\"Organization\",\"@id\":\"https:\\\/\\\/www.elle.be\\\/fr\\\/#organization\",\"name\":\"ELLE Belgique\",\"url\":\"https:\\\/\\\/www.elle.be\\\/fr\\\/\",\"logo\":{\"@type\":\"ImageObject\",\"inLanguage\":\"fr-FR\",\"@id\":\"https:\\\/\\\/www.elle.be\\\/fr\\\/#\\\/schema\\\/logo\\\/image\\\/\",\"url\":\"https:\\\/\\\/www.elle.be\\\/fr\\\/wp-content\\\/uploads\\\/2017\\\/03\\\/elle-icon-200px.jpeg\",\"contentUrl\":\"https:\\\/\\\/www.elle.be\\\/fr\\\/wp-content\\\/uploads\\\/2017\\\/03\\\/elle-icon-200px.jpeg\",\"width\":200,\"height\":200,\"caption\":\"ELLE Belgique\"},\"image\":{\"@id\":\"https:\\\/\\\/www.elle.be\\\/fr\\\/#\\\/schema\\\/logo\\\/image\\\/\"},\"sameAs\":[\"https:\\\/\\\/www.facebook.com\\\/ELLEbelgium\\\/\",\"https:\\\/\\\/x.com\\\/ELLEBelgique\",\"http:\\\/\\\/instagram.com\\\/ellebelgique\\\/\",\"https:\\\/\\\/www.pinterest.com\\\/ellebelgique\\\/\",\"https:\\\/\\\/www.youtube.com\\\/user\\\/ELLEbelgique1\"]},{\"@type\":\"Person\",\"@id\":\"https:\\\/\\\/www.elle.be\\\/fr\\\/#\\\/schema\\\/person\\\/2c7693f13ee3d4992850ec2ff033c586\",\"name\":\"ELLE Partenaire\",\"image\":{\"@type\":\"ImageObject\",\"inLanguage\":\"fr-FR\",\"@id\":\"https:\\\/\\\/secure.gravatar.com\\\/avatar\\\/dddcf2d7bb88803a2e434d2b1c6a7b997b2de2334d047a137cc5e9dc165ca7e2?s=96&r=g\",\"url\":\"https:\\\/\\\/secure.gravatar.com\\\/avatar\\\/dddcf2d7bb88803a2e434d2b1c6a7b997b2de2334d047a137cc5e9dc165ca7e2?s=96&r=g\",\"contentUrl\":\"https:\\\/\\\/secure.gravatar.com\\\/avatar\\\/dddcf2d7bb88803a2e434d2b1c6a7b997b2de2334d047a137cc5e9dc165ca7e2?s=96&r=g\",\"caption\":\"ELLE Partenaire\"},\"url\":\"https:\\\/\\\/www.elle.be\\\/fr\\\/author\\\/operation-speciale\"}]}<\/script>\n<!-- \/ Yoast SEO plugin. -->","yoast_head_json":{"title":"Les Petits Oignons : d\u00e9couvrez leur carte hivernale et gourmande","description":"Le restaurant Les Petits Oignons continue de nous \u00e9merveiller cet hiver gr\u00e2ce \u00e0 sa d\u00e9licieuse cuisine et \u00e0 son service \u00e0 la fran\u00e7aise.","robots":{"index":"index","follow":"follow","max-snippet":"max-snippet:-1","max-image-preview":"max-image-preview:large","max-video-preview":"max-video-preview:-1"},"canonical":"https:\/\/www.elle.be\/fr\/397174-les-petits-oignons-decouvrez-leur-carte-hivernale-et-gourmande.html","og_locale":"fr_FR","og_type":"article","og_title":"Les Petits Oignons : d\u00e9couvrez leur carte hivernale et gourmande","og_description":"Le restaurant Les Petits Oignons continue de nous \u00e9merveiller cet hiver gr\u00e2ce \u00e0 sa d\u00e9licieuse cuisine et \u00e0 son service \u00e0 la fran\u00e7aise.","og_url":"https:\/\/www.elle.be\/fr\/397174-les-petits-oignons-decouvrez-leur-carte-hivernale-et-gourmande.html","og_site_name":"ELLE.be","article_publisher":"https:\/\/www.facebook.com\/ELLEbelgium\/","article_published_time":"2023-11-22T14:00:28+00:00","article_modified_time":"2023-11-22T14:13:57+00:00","og_image":[{"width":1200,"height":628,"url":"https:\/\/www.elle.be\/fr\/wp-content\/uploads\/2023\/07\/ellexlespetitsoignons-1200x628-1.png","type":"image\/png"}],"author":"ELLE Partenaire","twitter_card":"summary_large_image","twitter_creator":"@ELLEBelgique","twitter_site":"@ELLEBelgique","twitter_misc":{"\u00c9crit par":"ELLE Partenaire","Dur\u00e9e de lecture estim\u00e9e":"4 minutes"},"schema":{"@context":"https:\/\/schema.org","@graph":[{"@type":"NewsArticle","@id":"https:\/\/www.elle.be\/fr\/397174-les-petits-oignons-decouvrez-leur-carte-hivernale-et-gourmande.html#article","isPartOf":{"@id":"https:\/\/www.elle.be\/fr\/397174-les-petits-oignons-decouvrez-leur-carte-hivernale-et-gourmande.html"},"author":{"name":"ELLE Partenaire","@id":"https:\/\/www.elle.be\/fr\/#\/schema\/person\/2c7693f13ee3d4992850ec2ff033c586"},"headline":"Les Petits Oignons : d\u00e9couvrez leur carte hivernale et gourmande","datePublished":"2023-11-22T14:00:28+00:00","dateModified":"2023-11-22T14:13:57+00:00","mainEntityOfPage":{"@id":"https:\/\/www.elle.be\/fr\/397174-les-petits-oignons-decouvrez-leur-carte-hivernale-et-gourmande.html"},"wordCount":616,"commentCount":0,"publisher":{"@id":"https:\/\/www.elle.be\/fr\/#organization"},"image":{"@id":"https:\/\/www.elle.be\/fr\/397174-les-petits-oignons-decouvrez-leur-carte-hivernale-et-gourmande.html#primaryimage"},"thumbnailUrl":"https:\/\/www.elle.be\/fr\/wp-content\/uploads\/2023\/07\/ellexlespetitsoignons-1200x628-1.png","articleSection":["News Food","ELLE \u00e0 Table"],"inLanguage":"fr-FR","potentialAction":[{"@type":"CommentAction","name":"Comment","target":["https:\/\/www.elle.be\/fr\/397174-les-petits-oignons-decouvrez-leur-carte-hivernale-et-gourmande.html#respond"]}]},{"@type":"WebPage","@id":"https:\/\/www.elle.be\/fr\/397174-les-petits-oignons-decouvrez-leur-carte-hivernale-et-gourmande.html","url":"https:\/\/www.elle.be\/fr\/397174-les-petits-oignons-decouvrez-leur-carte-hivernale-et-gourmande.html","name":"Les Petits Oignons : d\u00e9couvrez leur carte hivernale et gourmande","isPartOf":{"@id":"https:\/\/www.elle.be\/fr\/#website"},"primaryImageOfPage":{"@id":"https:\/\/www.elle.be\/fr\/397174-les-petits-oignons-decouvrez-leur-carte-hivernale-et-gourmande.html#primaryimage"},"image":{"@id":"https:\/\/www.elle.be\/fr\/397174-les-petits-oignons-decouvrez-leur-carte-hivernale-et-gourmande.html#primaryimage"},"thumbnailUrl":"https:\/\/www.elle.be\/fr\/wp-content\/uploads\/2023\/07\/ellexlespetitsoignons-1200x628-1.png","datePublished":"2023-11-22T14:00:28+00:00","dateModified":"2023-11-22T14:13:57+00:00","description":"Le restaurant Les Petits Oignons continue de nous \u00e9merveiller cet hiver gr\u00e2ce \u00e0 sa d\u00e9licieuse cuisine et \u00e0 son service \u00e0 la fran\u00e7aise.","breadcrumb":{"@id":"https:\/\/www.elle.be\/fr\/397174-les-petits-oignons-decouvrez-leur-carte-hivernale-et-gourmande.html#breadcrumb"},"inLanguage":"fr-FR","potentialAction":[{"@type":"ReadAction","target":["https:\/\/www.elle.be\/fr\/397174-les-petits-oignons-decouvrez-leur-carte-hivernale-et-gourmande.html"]}]},{"@type":"ImageObject","inLanguage":"fr-FR","@id":"https:\/\/www.elle.be\/fr\/397174-les-petits-oignons-decouvrez-leur-carte-hivernale-et-gourmande.html#primaryimage","url":"https:\/\/www.elle.be\/fr\/wp-content\/uploads\/2023\/07\/ellexlespetitsoignons-1200x628-1.png","contentUrl":"https:\/\/www.elle.be\/fr\/wp-content\/uploads\/2023\/07\/ellexlespetitsoignons-1200x628-1.png","width":1200,"height":628},{"@type":"BreadcrumbList","@id":"https:\/\/www.elle.be\/fr\/397174-les-petits-oignons-decouvrez-leur-carte-hivernale-et-gourmande.html#breadcrumb","itemListElement":[{"@type":"ListItem","position":1,"name":"FR","item":"https:\/\/www.elle.be\/fr"},{"@type":"ListItem","position":2,"name":"ELLE \u00e0 Table","item":"https:\/\/www.elle.be\/fr\/elle-a-table"},{"@type":"ListItem","position":3,"name":"Les Petits Oignons : d\u00e9couvrez leur carte hivernale et gourmande"}]},{"@type":"WebSite","@id":"https:\/\/www.elle.be\/fr\/#website","url":"https:\/\/www.elle.be\/fr\/","name":"ELLE.be","description":"Toutes les infos mode, beaut\u00e9 et lifestyle les plus pointues ainsi qu&#039;un contenu 100% belge d\u00e9clin\u00e9 \u00e0 360\u00b0sur le site ELLE.be, nos r\u00e9seaux sociaux et notre cha\u00eene Youtube.","publisher":{"@id":"https:\/\/www.elle.be\/fr\/#organization"},"potentialAction":[{"@type":"SearchAction","target":{"@type":"EntryPoint","urlTemplate":"https:\/\/www.elle.be\/fr\/?s={search_term_string}"},"query-input":{"@type":"PropertyValueSpecification","valueRequired":true,"valueName":"search_term_string"}}],"inLanguage":"fr-FR"},{"@type":"Organization","@id":"https:\/\/www.elle.be\/fr\/#organization","name":"ELLE Belgique","url":"https:\/\/www.elle.be\/fr\/","logo":{"@type":"ImageObject","inLanguage":"fr-FR","@id":"https:\/\/www.elle.be\/fr\/#\/schema\/logo\/image\/","url":"https:\/\/www.elle.be\/fr\/wp-content\/uploads\/2017\/03\/elle-icon-200px.jpeg","contentUrl":"https:\/\/www.elle.be\/fr\/wp-content\/uploads\/2017\/03\/elle-icon-200px.jpeg","width":200,"height":200,"caption":"ELLE Belgique"},"image":{"@id":"https:\/\/www.elle.be\/fr\/#\/schema\/logo\/image\/"},"sameAs":["https:\/\/www.facebook.com\/ELLEbelgium\/","https:\/\/x.com\/ELLEBelgique","http:\/\/instagram.com\/ellebelgique\/","https:\/\/www.pinterest.com\/ellebelgique\/","https:\/\/www.youtube.com\/user\/ELLEbelgique1"]},{"@type":"Person","@id":"https:\/\/www.elle.be\/fr\/#\/schema\/person\/2c7693f13ee3d4992850ec2ff033c586","name":"ELLE Partenaire","image":{"@type":"ImageObject","inLanguage":"fr-FR","@id":"https:\/\/secure.gravatar.com\/avatar\/dddcf2d7bb88803a2e434d2b1c6a7b997b2de2334d047a137cc5e9dc165ca7e2?s=96&r=g","url":"https:\/\/secure.gravatar.com\/avatar\/dddcf2d7bb88803a2e434d2b1c6a7b997b2de2334d047a137cc5e9dc165ca7e2?s=96&r=g","contentUrl":"https:\/\/secure.gravatar.com\/avatar\/dddcf2d7bb88803a2e434d2b1c6a7b997b2de2334d047a137cc5e9dc165ca7e2?s=96&r=g","caption":"ELLE Partenaire"},"url":"https:\/\/www.elle.be\/fr\/author\/operation-speciale"}]}},"_links":{"self":[{"href":"https:\/\/www.elle.be\/fr\/wp-json\/wp\/v2\/posts\/397174","targetHints":{"allow":["GET"]}}],"collection":[{"href":"https:\/\/www.elle.be\/fr\/wp-json\/wp\/v2\/posts"}],"about":[{"href":"https:\/\/www.elle.be\/fr\/wp-json\/wp\/v2\/types\/post"}],"author":[{"embeddable":true,"href":"https:\/\/www.elle.be\/fr\/wp-json\/wp\/v2\/users\/47"}],"replies":[{"embeddable":true,"href":"https:\/\/www.elle.be\/fr\/wp-json\/wp\/v2\/comments?post=397174"}],"version-history":[{"count":22,"href":"https:\/\/www.elle.be\/fr\/wp-json\/wp\/v2\/posts\/397174\/revisions"}],"predecessor-version":[{"id":411921,"href":"https:\/\/www.elle.be\/fr\/wp-json\/wp\/v2\/posts\/397174\/revisions\/411921"}],"wp:featuredmedia":[{"embeddable":true,"href":"https:\/\/www.elle.be\/fr\/wp-json\/wp\/v2\/media\/411777"}],"wp:attachment":[{"href":"https:\/\/www.elle.be\/fr\/wp-json\/wp\/v2\/media?parent=397174"}],"wp:term":[{"taxonomy":"category","embeddable":true,"href":"https:\/\/www.elle.be\/fr\/wp-json\/wp\/v2\/categories?post=397174"},{"taxonomy":"post_tag","embeddable":true,"href":"https:\/\/www.elle.be\/fr\/wp-json\/wp\/v2\/tags?post=397174"}],"curies":[{"name":"wp","href":"https:\/\/api.w.org\/{rel}","templated":true}]}}