{"id":387206,"date":"2023-02-21T10:39:23","date_gmt":"2023-02-21T09:39:23","guid":{"rendered":"https:\/\/www.elle.be\/fr\/?p=387206"},"modified":"2023-02-23T11:25:46","modified_gmt":"2023-02-23T10:25:46","slug":"beebs-seconde-main-enfants-belgique","status":"publish","type":"post","link":"https:\/\/www.elle.be\/fr\/387206-beebs-seconde-main-enfants-belgique.html","title":{"rendered":"Beebs : l&#8217;appli de seconde main pour enfants d\u00e9barque en Belgique"},"content":{"rendered":"","protected":false},"excerpt":{"rendered":"D\u00e9j\u00e0 pr\u00e9sente en France depuis 2020, Beebs, application sp\u00e9cialiste de la seconde main pour enfants, se lance en Belgique pour permettre aux familles de subvenir aux besoins de leurs enfants de mani\u00e8re plus \u00e9conomique.","protected":false},"author":4,"featured_media":387207,"comment_status":"open","ping_status":"closed","sticky":false,"template":"","format":"standard","meta":{"_acf_changed":false,"footnotes":""},"categories":[2191,2217],"tags":[],"class_list":["post-387206","post","type-post","status-publish","format-standard","has-post-thumbnail","hentry","category-lifestyle","category-famille"],"acf":[],"image_verticale":"387208","_yoast_wpseo_title":"Beebs: l'appli de seconde main dispo en Belgique %%page%% %%sep%% %%sitename%%","_yoast_wpseo_metadesc":"D\u00e9j\u00e0 pr\u00e9sente en France depuis 2020, Beebs, application sp\u00e9cialiste de la seconde main pour enfants, se lance en Belgique","_yoast_wpseo_focuskw_text_input":null,"_yoast_wpseo_opengraph-title":null,"yoast_head":"<!-- This site is optimized with the Yoast SEO plugin v27.4 - https:\/\/yoast.com\/product\/yoast-seo-wordpress\/ -->\n<title>Beebs: l&#039;appli de seconde main dispo en Belgique - ELLE.be<\/title>\n<meta name=\"description\" content=\"D\u00e9j\u00e0 pr\u00e9sente en France depuis 2020, Beebs, application sp\u00e9cialiste de la seconde main pour enfants, se lance en Belgique\" \/>\n<meta name=\"robots\" content=\"index, follow, max-snippet:-1, max-image-preview:large, max-video-preview:-1\" \/>\n<link rel=\"canonical\" href=\"https:\/\/www.elle.be\/fr\/387206-beebs-seconde-main-enfants-belgique.html\" \/>\n<meta property=\"og:locale\" content=\"fr_FR\" \/>\n<meta property=\"og:type\" content=\"article\" \/>\n<meta property=\"og:title\" content=\"Beebs: l&#039;appli de seconde main dispo en Belgique - ELLE.be\" \/>\n<meta property=\"og:description\" content=\"D\u00e9j\u00e0 pr\u00e9sente en France depuis 2020, Beebs, application sp\u00e9cialiste de la seconde main pour enfants, se lance en Belgique\" \/>\n<meta property=\"og:url\" content=\"https:\/\/www.elle.be\/fr\/387206-beebs-seconde-main-enfants-belgique.html\" \/>\n<meta property=\"og:site_name\" content=\"ELLE.be\" \/>\n<meta property=\"article:publisher\" content=\"https:\/\/www.facebook.com\/ELLEbelgium\/\" \/>\n<meta property=\"article:author\" content=\"https:\/\/www.facebook.com\/vekemans.mary\" \/>\n<meta property=\"article:published_time\" content=\"2023-02-21T09:39:23+00:00\" \/>\n<meta property=\"article:modified_time\" content=\"2023-02-23T10:25:46+00:00\" \/>\n<meta property=\"og:image\" content=\"https:\/\/www.elle.be\/fr\/wp-content\/uploads\/2023\/02\/beepscover.jpg\" \/>\n\t<meta property=\"og:image:width\" content=\"1200\" \/>\n\t<meta property=\"og:image:height\" content=\"628\" \/>\n\t<meta property=\"og:image:type\" content=\"image\/jpeg\" \/>\n<meta name=\"author\" content=\"Marie-No\u00eblle Vekemans\" \/>\n<meta name=\"twitter:card\" content=\"summary_large_image\" \/>\n<meta name=\"twitter:creator\" content=\"@ELLEBelgique\" \/>\n<meta name=\"twitter:site\" content=\"@ELLEBelgique\" \/>\n<meta name=\"twitter:label1\" content=\"\u00c9crit par\" \/>\n\t<meta name=\"twitter:data1\" content=\"Marie-No\u00eblle Vekemans\" \/>\n\t<meta name=\"twitter:label2\" content=\"Dur\u00e9e de lecture estim\u00e9e\" \/>\n\t<meta name=\"twitter:data2\" content=\"2 minutes\" \/>\n<script type=\"application\/ld+json\" class=\"yoast-schema-graph\">{\"@context\":\"https:\\\/\\\/schema.org\",\"@graph\":[{\"@type\":\"NewsArticle\",\"@id\":\"https:\\\/\\\/www.elle.be\\\/fr\\\/387206-beebs-seconde-main-enfants-belgique.html#article\",\"isPartOf\":{\"@id\":\"https:\\\/\\\/www.elle.be\\\/fr\\\/387206-beebs-seconde-main-enfants-belgique.html\"},\"author\":{\"name\":\"Marie-No\u00eblle Vekemans\",\"@id\":\"https:\\\/\\\/www.elle.be\\\/fr\\\/#\\\/schema\\\/person\\\/6bec7b95a22c85dde0b8e5c823ed7f1c\"},\"headline\":\"Beebs : l&#8217;appli de seconde main pour enfants d\u00e9barque en Belgique\",\"datePublished\":\"2023-02-21T09:39:23+00:00\",\"dateModified\":\"2023-02-23T10:25:46+00:00\",\"mainEntityOfPage\":{\"@id\":\"https:\\\/\\\/www.elle.be\\\/fr\\\/387206-beebs-seconde-main-enfants-belgique.html\"},\"wordCount\":433,\"commentCount\":0,\"publisher\":{\"@id\":\"https:\\\/\\\/www.elle.be\\\/fr\\\/#organization\"},\"image\":{\"@id\":\"https:\\\/\\\/www.elle.be\\\/fr\\\/387206-beebs-seconde-main-enfants-belgique.html#primaryimage\"},\"thumbnailUrl\":\"https:\\\/\\\/www.elle.be\\\/fr\\\/wp-content\\\/uploads\\\/2023\\\/02\\\/beepscover.jpg\",\"articleSection\":[\"Lifestyle\",\"Famille\"],\"inLanguage\":\"fr-FR\",\"potentialAction\":[{\"@type\":\"CommentAction\",\"name\":\"Comment\",\"target\":[\"https:\\\/\\\/www.elle.be\\\/fr\\\/387206-beebs-seconde-main-enfants-belgique.html#respond\"]}]},{\"@type\":\"WebPage\",\"@id\":\"https:\\\/\\\/www.elle.be\\\/fr\\\/387206-beebs-seconde-main-enfants-belgique.html\",\"url\":\"https:\\\/\\\/www.elle.be\\\/fr\\\/387206-beebs-seconde-main-enfants-belgique.html\",\"name\":\"Beebs: l'appli de seconde main dispo en Belgique - ELLE.be\",\"isPartOf\":{\"@id\":\"https:\\\/\\\/www.elle.be\\\/fr\\\/#website\"},\"primaryImageOfPage\":{\"@id\":\"https:\\\/\\\/www.elle.be\\\/fr\\\/387206-beebs-seconde-main-enfants-belgique.html#primaryimage\"},\"image\":{\"@id\":\"https:\\\/\\\/www.elle.be\\\/fr\\\/387206-beebs-seconde-main-enfants-belgique.html#primaryimage\"},\"thumbnailUrl\":\"https:\\\/\\\/www.elle.be\\\/fr\\\/wp-content\\\/uploads\\\/2023\\\/02\\\/beepscover.jpg\",\"datePublished\":\"2023-02-21T09:39:23+00:00\",\"dateModified\":\"2023-02-23T10:25:46+00:00\",\"description\":\"D\u00e9j\u00e0 pr\u00e9sente en France depuis 2020, Beebs, application sp\u00e9cialiste de la seconde main pour enfants, se lance en Belgique\",\"breadcrumb\":{\"@id\":\"https:\\\/\\\/www.elle.be\\\/fr\\\/387206-beebs-seconde-main-enfants-belgique.html#breadcrumb\"},\"inLanguage\":\"fr-FR\",\"potentialAction\":[{\"@type\":\"ReadAction\",\"target\":[\"https:\\\/\\\/www.elle.be\\\/fr\\\/387206-beebs-seconde-main-enfants-belgique.html\"]}]},{\"@type\":\"ImageObject\",\"inLanguage\":\"fr-FR\",\"@id\":\"https:\\\/\\\/www.elle.be\\\/fr\\\/387206-beebs-seconde-main-enfants-belgique.html#primaryimage\",\"url\":\"https:\\\/\\\/www.elle.be\\\/fr\\\/wp-content\\\/uploads\\\/2023\\\/02\\\/beepscover.jpg\",\"contentUrl\":\"https:\\\/\\\/www.elle.be\\\/fr\\\/wp-content\\\/uploads\\\/2023\\\/02\\\/beepscover.jpg\",\"width\":1200,\"height\":628,\"caption\":\"\u00a9Shutterstock\"},{\"@type\":\"BreadcrumbList\",\"@id\":\"https:\\\/\\\/www.elle.be\\\/fr\\\/387206-beebs-seconde-main-enfants-belgique.html#breadcrumb\",\"itemListElement\":[{\"@type\":\"ListItem\",\"position\":1,\"name\":\"FR\",\"item\":\"https:\\\/\\\/www.elle.be\\\/fr\"},{\"@type\":\"ListItem\",\"position\":2,\"name\":\"Lifestyle\",\"item\":\"https:\\\/\\\/www.elle.be\\\/fr\\\/lifestyle\"},{\"@type\":\"ListItem\",\"position\":3,\"name\":\"Beebs : l&rsquo;appli de seconde main pour enfants d\u00e9barque en Belgique\"}]},{\"@type\":\"WebSite\",\"@id\":\"https:\\\/\\\/www.elle.be\\\/fr\\\/#website\",\"url\":\"https:\\\/\\\/www.elle.be\\\/fr\\\/\",\"name\":\"ELLE.be\",\"description\":\"Toutes les infos mode, beaut\u00e9 et lifestyle les plus pointues ainsi qu&#039;un contenu 100% belge d\u00e9clin\u00e9 \u00e0 360\u00b0sur le site ELLE.be, nos r\u00e9seaux sociaux et notre cha\u00eene Youtube.\",\"publisher\":{\"@id\":\"https:\\\/\\\/www.elle.be\\\/fr\\\/#organization\"},\"potentialAction\":[{\"@type\":\"SearchAction\",\"target\":{\"@type\":\"EntryPoint\",\"urlTemplate\":\"https:\\\/\\\/www.elle.be\\\/fr\\\/?s={search_term_string}\"},\"query-input\":{\"@type\":\"PropertyValueSpecification\",\"valueRequired\":true,\"valueName\":\"search_term_string\"}}],\"inLanguage\":\"fr-FR\"},{\"@type\":\"Organization\",\"@id\":\"https:\\\/\\\/www.elle.be\\\/fr\\\/#organization\",\"name\":\"ELLE Belgique\",\"url\":\"https:\\\/\\\/www.elle.be\\\/fr\\\/\",\"logo\":{\"@type\":\"ImageObject\",\"inLanguage\":\"fr-FR\",\"@id\":\"https:\\\/\\\/www.elle.be\\\/fr\\\/#\\\/schema\\\/logo\\\/image\\\/\",\"url\":\"https:\\\/\\\/www.elle.be\\\/fr\\\/wp-content\\\/uploads\\\/2017\\\/03\\\/elle-icon-200px.jpeg\",\"contentUrl\":\"https:\\\/\\\/www.elle.be\\\/fr\\\/wp-content\\\/uploads\\\/2017\\\/03\\\/elle-icon-200px.jpeg\",\"width\":200,\"height\":200,\"caption\":\"ELLE Belgique\"},\"image\":{\"@id\":\"https:\\\/\\\/www.elle.be\\\/fr\\\/#\\\/schema\\\/logo\\\/image\\\/\"},\"sameAs\":[\"https:\\\/\\\/www.facebook.com\\\/ELLEbelgium\\\/\",\"https:\\\/\\\/x.com\\\/ELLEBelgique\",\"http:\\\/\\\/instagram.com\\\/ellebelgique\\\/\",\"https:\\\/\\\/www.pinterest.com\\\/ellebelgique\\\/\",\"https:\\\/\\\/www.youtube.com\\\/user\\\/ELLEbelgique1\"]},{\"@type\":\"Person\",\"@id\":\"https:\\\/\\\/www.elle.be\\\/fr\\\/#\\\/schema\\\/person\\\/6bec7b95a22c85dde0b8e5c823ed7f1c\",\"name\":\"Marie-No\u00eblle Vekemans\",\"image\":{\"@type\":\"ImageObject\",\"inLanguage\":\"fr-FR\",\"@id\":\"https:\\\/\\\/www.elle.be\\\/fr\\\/wp-content\\\/uploads\\\/2017\\\/03\\\/elle_marie-noelle-96x96.jpg\",\"url\":\"https:\\\/\\\/www.elle.be\\\/fr\\\/wp-content\\\/uploads\\\/2017\\\/03\\\/elle_marie-noelle-96x96.jpg\",\"contentUrl\":\"https:\\\/\\\/www.elle.be\\\/fr\\\/wp-content\\\/uploads\\\/2017\\\/03\\\/elle_marie-noelle-96x96.jpg\",\"caption\":\"Marie-No\u00eblle Vekemans\"},\"sameAs\":[\"https:\\\/\\\/www.facebook.com\\\/vekemans.mary\",\"http:\\\/\\\/instagram.com\\\/maryvekemans\"],\"url\":\"https:\\\/\\\/www.elle.be\\\/fr\\\/author\\\/marie-noelle\"}]}<\/script>\n<!-- \/ Yoast SEO plugin. -->","yoast_head_json":{"title":"Beebs: l'appli de seconde main dispo en Belgique - ELLE.be","description":"D\u00e9j\u00e0 pr\u00e9sente en France depuis 2020, Beebs, application sp\u00e9cialiste de la seconde main pour enfants, se lance en Belgique","robots":{"index":"index","follow":"follow","max-snippet":"max-snippet:-1","max-image-preview":"max-image-preview:large","max-video-preview":"max-video-preview:-1"},"canonical":"https:\/\/www.elle.be\/fr\/387206-beebs-seconde-main-enfants-belgique.html","og_locale":"fr_FR","og_type":"article","og_title":"Beebs: l'appli de seconde main dispo en Belgique - ELLE.be","og_description":"D\u00e9j\u00e0 pr\u00e9sente en France depuis 2020, Beebs, application sp\u00e9cialiste de la seconde main pour enfants, se lance en Belgique","og_url":"https:\/\/www.elle.be\/fr\/387206-beebs-seconde-main-enfants-belgique.html","og_site_name":"ELLE.be","article_publisher":"https:\/\/www.facebook.com\/ELLEbelgium\/","article_author":"https:\/\/www.facebook.com\/vekemans.mary","article_published_time":"2023-02-21T09:39:23+00:00","article_modified_time":"2023-02-23T10:25:46+00:00","og_image":[{"width":1200,"height":628,"url":"https:\/\/www.elle.be\/fr\/wp-content\/uploads\/2023\/02\/beepscover.jpg","type":"image\/jpeg"}],"author":"Marie-No\u00eblle Vekemans","twitter_card":"summary_large_image","twitter_creator":"@ELLEBelgique","twitter_site":"@ELLEBelgique","twitter_misc":{"\u00c9crit par":"Marie-No\u00eblle Vekemans","Dur\u00e9e de lecture estim\u00e9e":"2 minutes"},"schema":{"@context":"https:\/\/schema.org","@graph":[{"@type":"NewsArticle","@id":"https:\/\/www.elle.be\/fr\/387206-beebs-seconde-main-enfants-belgique.html#article","isPartOf":{"@id":"https:\/\/www.elle.be\/fr\/387206-beebs-seconde-main-enfants-belgique.html"},"author":{"name":"Marie-No\u00eblle Vekemans","@id":"https:\/\/www.elle.be\/fr\/#\/schema\/person\/6bec7b95a22c85dde0b8e5c823ed7f1c"},"headline":"Beebs : l&#8217;appli de seconde main pour enfants d\u00e9barque en Belgique","datePublished":"2023-02-21T09:39:23+00:00","dateModified":"2023-02-23T10:25:46+00:00","mainEntityOfPage":{"@id":"https:\/\/www.elle.be\/fr\/387206-beebs-seconde-main-enfants-belgique.html"},"wordCount":433,"commentCount":0,"publisher":{"@id":"https:\/\/www.elle.be\/fr\/#organization"},"image":{"@id":"https:\/\/www.elle.be\/fr\/387206-beebs-seconde-main-enfants-belgique.html#primaryimage"},"thumbnailUrl":"https:\/\/www.elle.be\/fr\/wp-content\/uploads\/2023\/02\/beepscover.jpg","articleSection":["Lifestyle","Famille"],"inLanguage":"fr-FR","potentialAction":[{"@type":"CommentAction","name":"Comment","target":["https:\/\/www.elle.be\/fr\/387206-beebs-seconde-main-enfants-belgique.html#respond"]}]},{"@type":"WebPage","@id":"https:\/\/www.elle.be\/fr\/387206-beebs-seconde-main-enfants-belgique.html","url":"https:\/\/www.elle.be\/fr\/387206-beebs-seconde-main-enfants-belgique.html","name":"Beebs: l'appli de seconde main dispo en Belgique - ELLE.be","isPartOf":{"@id":"https:\/\/www.elle.be\/fr\/#website"},"primaryImageOfPage":{"@id":"https:\/\/www.elle.be\/fr\/387206-beebs-seconde-main-enfants-belgique.html#primaryimage"},"image":{"@id":"https:\/\/www.elle.be\/fr\/387206-beebs-seconde-main-enfants-belgique.html#primaryimage"},"thumbnailUrl":"https:\/\/www.elle.be\/fr\/wp-content\/uploads\/2023\/02\/beepscover.jpg","datePublished":"2023-02-21T09:39:23+00:00","dateModified":"2023-02-23T10:25:46+00:00","description":"D\u00e9j\u00e0 pr\u00e9sente en France depuis 2020, Beebs, application sp\u00e9cialiste de la seconde main pour enfants, se lance en Belgique","breadcrumb":{"@id":"https:\/\/www.elle.be\/fr\/387206-beebs-seconde-main-enfants-belgique.html#breadcrumb"},"inLanguage":"fr-FR","potentialAction":[{"@type":"ReadAction","target":["https:\/\/www.elle.be\/fr\/387206-beebs-seconde-main-enfants-belgique.html"]}]},{"@type":"ImageObject","inLanguage":"fr-FR","@id":"https:\/\/www.elle.be\/fr\/387206-beebs-seconde-main-enfants-belgique.html#primaryimage","url":"https:\/\/www.elle.be\/fr\/wp-content\/uploads\/2023\/02\/beepscover.jpg","contentUrl":"https:\/\/www.elle.be\/fr\/wp-content\/uploads\/2023\/02\/beepscover.jpg","width":1200,"height":628,"caption":"\u00a9Shutterstock"},{"@type":"BreadcrumbList","@id":"https:\/\/www.elle.be\/fr\/387206-beebs-seconde-main-enfants-belgique.html#breadcrumb","itemListElement":[{"@type":"ListItem","position":1,"name":"FR","item":"https:\/\/www.elle.be\/fr"},{"@type":"ListItem","position":2,"name":"Lifestyle","item":"https:\/\/www.elle.be\/fr\/lifestyle"},{"@type":"ListItem","position":3,"name":"Beebs : l&rsquo;appli de seconde main pour enfants d\u00e9barque en Belgique"}]},{"@type":"WebSite","@id":"https:\/\/www.elle.be\/fr\/#website","url":"https:\/\/www.elle.be\/fr\/","name":"ELLE.be","description":"Toutes les infos mode, beaut\u00e9 et lifestyle les plus pointues ainsi qu&#039;un contenu 100% belge d\u00e9clin\u00e9 \u00e0 360\u00b0sur le site ELLE.be, nos r\u00e9seaux sociaux et notre cha\u00eene Youtube.","publisher":{"@id":"https:\/\/www.elle.be\/fr\/#organization"},"potentialAction":[{"@type":"SearchAction","target":{"@type":"EntryPoint","urlTemplate":"https:\/\/www.elle.be\/fr\/?s={search_term_string}"},"query-input":{"@type":"PropertyValueSpecification","valueRequired":true,"valueName":"search_term_string"}}],"inLanguage":"fr-FR"},{"@type":"Organization","@id":"https:\/\/www.elle.be\/fr\/#organization","name":"ELLE Belgique","url":"https:\/\/www.elle.be\/fr\/","logo":{"@type":"ImageObject","inLanguage":"fr-FR","@id":"https:\/\/www.elle.be\/fr\/#\/schema\/logo\/image\/","url":"https:\/\/www.elle.be\/fr\/wp-content\/uploads\/2017\/03\/elle-icon-200px.jpeg","contentUrl":"https:\/\/www.elle.be\/fr\/wp-content\/uploads\/2017\/03\/elle-icon-200px.jpeg","width":200,"height":200,"caption":"ELLE Belgique"},"image":{"@id":"https:\/\/www.elle.be\/fr\/#\/schema\/logo\/image\/"},"sameAs":["https:\/\/www.facebook.com\/ELLEbelgium\/","https:\/\/x.com\/ELLEBelgique","http:\/\/instagram.com\/ellebelgique\/","https:\/\/www.pinterest.com\/ellebelgique\/","https:\/\/www.youtube.com\/user\/ELLEbelgique1"]},{"@type":"Person","@id":"https:\/\/www.elle.be\/fr\/#\/schema\/person\/6bec7b95a22c85dde0b8e5c823ed7f1c","name":"Marie-No\u00eblle Vekemans","image":{"@type":"ImageObject","inLanguage":"fr-FR","@id":"https:\/\/www.elle.be\/fr\/wp-content\/uploads\/2017\/03\/elle_marie-noelle-96x96.jpg","url":"https:\/\/www.elle.be\/fr\/wp-content\/uploads\/2017\/03\/elle_marie-noelle-96x96.jpg","contentUrl":"https:\/\/www.elle.be\/fr\/wp-content\/uploads\/2017\/03\/elle_marie-noelle-96x96.jpg","caption":"Marie-No\u00eblle Vekemans"},"sameAs":["https:\/\/www.facebook.com\/vekemans.mary","http:\/\/instagram.com\/maryvekemans"],"url":"https:\/\/www.elle.be\/fr\/author\/marie-noelle"}]}},"_links":{"self":[{"href":"https:\/\/www.elle.be\/fr\/wp-json\/wp\/v2\/posts\/387206","targetHints":{"allow":["GET"]}}],"collection":[{"href":"https:\/\/www.elle.be\/fr\/wp-json\/wp\/v2\/posts"}],"about":[{"href":"https:\/\/www.elle.be\/fr\/wp-json\/wp\/v2\/types\/post"}],"author":[{"embeddable":true,"href":"https:\/\/www.elle.be\/fr\/wp-json\/wp\/v2\/users\/4"}],"replies":[{"embeddable":true,"href":"https:\/\/www.elle.be\/fr\/wp-json\/wp\/v2\/comments?post=387206"}],"version-history":[{"count":2,"href":"https:\/\/www.elle.be\/fr\/wp-json\/wp\/v2\/posts\/387206\/revisions"}],"predecessor-version":[{"id":387213,"href":"https:\/\/www.elle.be\/fr\/wp-json\/wp\/v2\/posts\/387206\/revisions\/387213"}],"wp:featuredmedia":[{"embeddable":true,"href":"https:\/\/www.elle.be\/fr\/wp-json\/wp\/v2\/media\/387207"}],"wp:attachment":[{"href":"https:\/\/www.elle.be\/fr\/wp-json\/wp\/v2\/media?parent=387206"}],"wp:term":[{"taxonomy":"category","embeddable":true,"href":"https:\/\/www.elle.be\/fr\/wp-json\/wp\/v2\/categories?post=387206"},{"taxonomy":"post_tag","embeddable":true,"href":"https:\/\/www.elle.be\/fr\/wp-json\/wp\/v2\/tags?post=387206"}],"curies":[{"name":"wp","href":"https:\/\/api.w.org\/{rel}","templated":true}]}}