{"id":378253,"date":"2022-12-07T10:30:55","date_gmt":"2022-12-07T09:30:55","guid":{"rendered":"https:\/\/www.elle.be\/fr\/?p=378253"},"modified":"2022-11-30T16:19:51","modified_gmt":"2022-11-30T15:19:51","slug":"le-concept-store-kure-a-bruxelles-devoile-sa-propre-marque","status":"publish","type":"post","link":"https:\/\/www.elle.be\/fr\/378253-le-concept-store-kure-a-bruxelles-devoile-sa-propre-marque.html","title":{"rendered":"Le concept store KURE \u00e0 Bruxelles d\u00e9voile sa propre marque"},"content":{"rendered":"","protected":false},"excerpt":{"rendered":"Vous \u00eates certainement d\u00e9j\u00e0 pass\u00e9es devant la c\u00e9l\u00e8bre boutique KURE \u00e0 Bruxelles, un concept store qui regroupe de nombreuses marques europ\u00e9ennes, am\u00e9ricaines et scandinaves.","protected":false},"author":102,"featured_media":378478,"comment_status":"open","ping_status":"closed","sticky":false,"template":"","format":"standard","meta":{"_acf_changed":false,"footnotes":""},"categories":[5,2202],"tags":[49,1079],"class_list":["post-378253","post","type-post","status-publish","format-standard","has-post-thumbnail","hentry","category-mode","category-news-actu","tag-bruxelles","tag-mode"],"acf":[],"image_verticale":"378260","_yoast_wpseo_title":null,"_yoast_wpseo_metadesc":"Depuis peu, la boutique accueille sa propre marque KURE imagin\u00e9e par Cyrielle Carpentier de Changy, directrice artistique du concept store.","_yoast_wpseo_focuskw_text_input":null,"_yoast_wpseo_opengraph-title":null,"yoast_head":"<!-- This site is optimized with the Yoast SEO plugin v27.4 - https:\/\/yoast.com\/product\/yoast-seo-wordpress\/ -->\n<title>Le concept store KURE \u00e0 Bruxelles d\u00e9voile sa propre marque - ELLE.be<\/title>\n<meta name=\"description\" content=\"Depuis peu, la boutique accueille sa propre marque KURE imagin\u00e9e par Cyrielle Carpentier de Changy, directrice artistique du concept store.\" \/>\n<meta name=\"robots\" content=\"index, follow, max-snippet:-1, max-image-preview:large, max-video-preview:-1\" \/>\n<link rel=\"canonical\" href=\"https:\/\/www.elle.be\/fr\/378253-le-concept-store-kure-a-bruxelles-devoile-sa-propre-marque.html\" \/>\n<meta property=\"og:locale\" content=\"fr_FR\" \/>\n<meta property=\"og:type\" content=\"article\" \/>\n<meta property=\"og:title\" content=\"Le concept store KURE \u00e0 Bruxelles d\u00e9voile sa propre marque - ELLE.be\" \/>\n<meta property=\"og:description\" content=\"Depuis peu, la boutique accueille sa propre marque KURE imagin\u00e9e par Cyrielle Carpentier de Changy, directrice artistique du concept store.\" \/>\n<meta property=\"og:url\" content=\"https:\/\/www.elle.be\/fr\/378253-le-concept-store-kure-a-bruxelles-devoile-sa-propre-marque.html\" \/>\n<meta property=\"og:site_name\" content=\"ELLE.be\" \/>\n<meta property=\"article:publisher\" content=\"https:\/\/www.facebook.com\/ELLEbelgium\/\" \/>\n<meta property=\"article:published_time\" content=\"2022-12-07T09:30:55+00:00\" \/>\n<meta property=\"og:image\" content=\"https:\/\/www.elle.be\/fr\/wp-content\/uploads\/2022\/11\/100x628-montage-2.jpg\" \/>\n\t<meta property=\"og:image:width\" content=\"1200\" \/>\n\t<meta property=\"og:image:height\" content=\"628\" \/>\n\t<meta property=\"og:image:type\" content=\"image\/jpeg\" \/>\n<meta name=\"author\" content=\"Noemi Dell&#039;aira\" \/>\n<meta name=\"twitter:card\" content=\"summary_large_image\" \/>\n<meta name=\"twitter:creator\" content=\"@ELLEBelgique\" \/>\n<meta name=\"twitter:site\" content=\"@ELLEBelgique\" \/>\n<meta name=\"twitter:label1\" content=\"\u00c9crit par\" \/>\n\t<meta name=\"twitter:data1\" content=\"Noemi Dell&#039;aira\" \/>\n\t<meta name=\"twitter:label2\" content=\"Dur\u00e9e de lecture estim\u00e9e\" \/>\n\t<meta name=\"twitter:data2\" content=\"5 minutes\" \/>\n<script type=\"application\/ld+json\" class=\"yoast-schema-graph\">{\"@context\":\"https:\\\/\\\/schema.org\",\"@graph\":[{\"@type\":\"NewsArticle\",\"@id\":\"https:\\\/\\\/www.elle.be\\\/fr\\\/378253-le-concept-store-kure-a-bruxelles-devoile-sa-propre-marque.html#article\",\"isPartOf\":{\"@id\":\"https:\\\/\\\/www.elle.be\\\/fr\\\/378253-le-concept-store-kure-a-bruxelles-devoile-sa-propre-marque.html\"},\"author\":{\"name\":\"Noemi Dell'aira\",\"@id\":\"https:\\\/\\\/www.elle.be\\\/fr\\\/#\\\/schema\\\/person\\\/b4b7022e57c22f3a2a897195e43d6068\"},\"headline\":\"Le concept store KURE \u00e0 Bruxelles d\u00e9voile sa propre marque\",\"datePublished\":\"2022-12-07T09:30:55+00:00\",\"mainEntityOfPage\":{\"@id\":\"https:\\\/\\\/www.elle.be\\\/fr\\\/378253-le-concept-store-kure-a-bruxelles-devoile-sa-propre-marque.html\"},\"wordCount\":1035,\"commentCount\":0,\"publisher\":{\"@id\":\"https:\\\/\\\/www.elle.be\\\/fr\\\/#organization\"},\"image\":{\"@id\":\"https:\\\/\\\/www.elle.be\\\/fr\\\/378253-le-concept-store-kure-a-bruxelles-devoile-sa-propre-marque.html#primaryimage\"},\"thumbnailUrl\":\"https:\\\/\\\/www.elle.be\\\/fr\\\/wp-content\\\/uploads\\\/2022\\\/11\\\/100x628-montage-2.jpg\",\"keywords\":[\"bruxelles\",\"mode\"],\"articleSection\":[\"Mode\",\"News Actu\"],\"inLanguage\":\"fr-FR\",\"potentialAction\":[{\"@type\":\"CommentAction\",\"name\":\"Comment\",\"target\":[\"https:\\\/\\\/www.elle.be\\\/fr\\\/378253-le-concept-store-kure-a-bruxelles-devoile-sa-propre-marque.html#respond\"]}]},{\"@type\":\"WebPage\",\"@id\":\"https:\\\/\\\/www.elle.be\\\/fr\\\/378253-le-concept-store-kure-a-bruxelles-devoile-sa-propre-marque.html\",\"url\":\"https:\\\/\\\/www.elle.be\\\/fr\\\/378253-le-concept-store-kure-a-bruxelles-devoile-sa-propre-marque.html\",\"name\":\"Le concept store KURE \u00e0 Bruxelles d\u00e9voile sa propre marque - ELLE.be\",\"isPartOf\":{\"@id\":\"https:\\\/\\\/www.elle.be\\\/fr\\\/#website\"},\"primaryImageOfPage\":{\"@id\":\"https:\\\/\\\/www.elle.be\\\/fr\\\/378253-le-concept-store-kure-a-bruxelles-devoile-sa-propre-marque.html#primaryimage\"},\"image\":{\"@id\":\"https:\\\/\\\/www.elle.be\\\/fr\\\/378253-le-concept-store-kure-a-bruxelles-devoile-sa-propre-marque.html#primaryimage\"},\"thumbnailUrl\":\"https:\\\/\\\/www.elle.be\\\/fr\\\/wp-content\\\/uploads\\\/2022\\\/11\\\/100x628-montage-2.jpg\",\"datePublished\":\"2022-12-07T09:30:55+00:00\",\"description\":\"Depuis peu, la boutique accueille sa propre marque KURE imagin\u00e9e par Cyrielle Carpentier de Changy, directrice artistique du concept store.\",\"breadcrumb\":{\"@id\":\"https:\\\/\\\/www.elle.be\\\/fr\\\/378253-le-concept-store-kure-a-bruxelles-devoile-sa-propre-marque.html#breadcrumb\"},\"inLanguage\":\"fr-FR\",\"potentialAction\":[{\"@type\":\"ReadAction\",\"target\":[\"https:\\\/\\\/www.elle.be\\\/fr\\\/378253-le-concept-store-kure-a-bruxelles-devoile-sa-propre-marque.html\"]}]},{\"@type\":\"ImageObject\",\"inLanguage\":\"fr-FR\",\"@id\":\"https:\\\/\\\/www.elle.be\\\/fr\\\/378253-le-concept-store-kure-a-bruxelles-devoile-sa-propre-marque.html#primaryimage\",\"url\":\"https:\\\/\\\/www.elle.be\\\/fr\\\/wp-content\\\/uploads\\\/2022\\\/11\\\/100x628-montage-2.jpg\",\"contentUrl\":\"https:\\\/\\\/www.elle.be\\\/fr\\\/wp-content\\\/uploads\\\/2022\\\/11\\\/100x628-montage-2.jpg\",\"width\":1200,\"height\":628,\"caption\":\"Kure\"},{\"@type\":\"BreadcrumbList\",\"@id\":\"https:\\\/\\\/www.elle.be\\\/fr\\\/378253-le-concept-store-kure-a-bruxelles-devoile-sa-propre-marque.html#breadcrumb\",\"itemListElement\":[{\"@type\":\"ListItem\",\"position\":1,\"name\":\"FR\",\"item\":\"https:\\\/\\\/www.elle.be\\\/fr\"},{\"@type\":\"ListItem\",\"position\":2,\"name\":\"Mode\",\"item\":\"https:\\\/\\\/www.elle.be\\\/fr\\\/mode\"},{\"@type\":\"ListItem\",\"position\":3,\"name\":\"Le concept store KURE \u00e0 Bruxelles d\u00e9voile sa propre marque\"}]},{\"@type\":\"WebSite\",\"@id\":\"https:\\\/\\\/www.elle.be\\\/fr\\\/#website\",\"url\":\"https:\\\/\\\/www.elle.be\\\/fr\\\/\",\"name\":\"ELLE.be\",\"description\":\"Toutes les infos mode, beaut\u00e9 et lifestyle les plus pointues ainsi qu&#039;un contenu 100% belge d\u00e9clin\u00e9 \u00e0 360\u00b0sur le site ELLE.be, nos r\u00e9seaux sociaux et notre cha\u00eene Youtube.\",\"publisher\":{\"@id\":\"https:\\\/\\\/www.elle.be\\\/fr\\\/#organization\"},\"potentialAction\":[{\"@type\":\"SearchAction\",\"target\":{\"@type\":\"EntryPoint\",\"urlTemplate\":\"https:\\\/\\\/www.elle.be\\\/fr\\\/?s={search_term_string}\"},\"query-input\":{\"@type\":\"PropertyValueSpecification\",\"valueRequired\":true,\"valueName\":\"search_term_string\"}}],\"inLanguage\":\"fr-FR\"},{\"@type\":\"Organization\",\"@id\":\"https:\\\/\\\/www.elle.be\\\/fr\\\/#organization\",\"name\":\"ELLE Belgique\",\"url\":\"https:\\\/\\\/www.elle.be\\\/fr\\\/\",\"logo\":{\"@type\":\"ImageObject\",\"inLanguage\":\"fr-FR\",\"@id\":\"https:\\\/\\\/www.elle.be\\\/fr\\\/#\\\/schema\\\/logo\\\/image\\\/\",\"url\":\"https:\\\/\\\/www.elle.be\\\/fr\\\/wp-content\\\/uploads\\\/2017\\\/03\\\/elle-icon-200px.jpeg\",\"contentUrl\":\"https:\\\/\\\/www.elle.be\\\/fr\\\/wp-content\\\/uploads\\\/2017\\\/03\\\/elle-icon-200px.jpeg\",\"width\":200,\"height\":200,\"caption\":\"ELLE Belgique\"},\"image\":{\"@id\":\"https:\\\/\\\/www.elle.be\\\/fr\\\/#\\\/schema\\\/logo\\\/image\\\/\"},\"sameAs\":[\"https:\\\/\\\/www.facebook.com\\\/ELLEbelgium\\\/\",\"https:\\\/\\\/x.com\\\/ELLEBelgique\",\"http:\\\/\\\/instagram.com\\\/ellebelgique\\\/\",\"https:\\\/\\\/www.pinterest.com\\\/ellebelgique\\\/\",\"https:\\\/\\\/www.youtube.com\\\/user\\\/ELLEbelgique1\"]},{\"@type\":\"Person\",\"@id\":\"https:\\\/\\\/www.elle.be\\\/fr\\\/#\\\/schema\\\/person\\\/b4b7022e57c22f3a2a897195e43d6068\",\"name\":\"Noemi Dell'aira\",\"image\":{\"@type\":\"ImageObject\",\"inLanguage\":\"fr-FR\",\"@id\":\"https:\\\/\\\/secure.gravatar.com\\\/avatar\\\/d3a38bb3bea0af965ce2fc2689ae0097431faf234bc245a4ce26ef10705824cf?s=96&r=g\",\"url\":\"https:\\\/\\\/secure.gravatar.com\\\/avatar\\\/d3a38bb3bea0af965ce2fc2689ae0097431faf234bc245a4ce26ef10705824cf?s=96&r=g\",\"contentUrl\":\"https:\\\/\\\/secure.gravatar.com\\\/avatar\\\/d3a38bb3bea0af965ce2fc2689ae0097431faf234bc245a4ce26ef10705824cf?s=96&r=g\",\"caption\":\"Noemi Dell'aira\"},\"sameAs\":[\"https:\\\/\\\/www.instagram.com\\\/noemidellaira\\\/\"],\"url\":\"https:\\\/\\\/www.elle.be\\\/fr\\\/author\\\/noemi\"}]}<\/script>\n<!-- \/ Yoast SEO plugin. -->","yoast_head_json":{"title":"Le concept store KURE \u00e0 Bruxelles d\u00e9voile sa propre marque - ELLE.be","description":"Depuis peu, la boutique accueille sa propre marque KURE imagin\u00e9e par Cyrielle Carpentier de Changy, directrice artistique du concept store.","robots":{"index":"index","follow":"follow","max-snippet":"max-snippet:-1","max-image-preview":"max-image-preview:large","max-video-preview":"max-video-preview:-1"},"canonical":"https:\/\/www.elle.be\/fr\/378253-le-concept-store-kure-a-bruxelles-devoile-sa-propre-marque.html","og_locale":"fr_FR","og_type":"article","og_title":"Le concept store KURE \u00e0 Bruxelles d\u00e9voile sa propre marque - ELLE.be","og_description":"Depuis peu, la boutique accueille sa propre marque KURE imagin\u00e9e par Cyrielle Carpentier de Changy, directrice artistique du concept store.","og_url":"https:\/\/www.elle.be\/fr\/378253-le-concept-store-kure-a-bruxelles-devoile-sa-propre-marque.html","og_site_name":"ELLE.be","article_publisher":"https:\/\/www.facebook.com\/ELLEbelgium\/","article_published_time":"2022-12-07T09:30:55+00:00","og_image":[{"width":1200,"height":628,"url":"https:\/\/www.elle.be\/fr\/wp-content\/uploads\/2022\/11\/100x628-montage-2.jpg","type":"image\/jpeg"}],"author":"Noemi Dell'aira","twitter_card":"summary_large_image","twitter_creator":"@ELLEBelgique","twitter_site":"@ELLEBelgique","twitter_misc":{"\u00c9crit par":"Noemi Dell'aira","Dur\u00e9e de lecture estim\u00e9e":"5 minutes"},"schema":{"@context":"https:\/\/schema.org","@graph":[{"@type":"NewsArticle","@id":"https:\/\/www.elle.be\/fr\/378253-le-concept-store-kure-a-bruxelles-devoile-sa-propre-marque.html#article","isPartOf":{"@id":"https:\/\/www.elle.be\/fr\/378253-le-concept-store-kure-a-bruxelles-devoile-sa-propre-marque.html"},"author":{"name":"Noemi Dell'aira","@id":"https:\/\/www.elle.be\/fr\/#\/schema\/person\/b4b7022e57c22f3a2a897195e43d6068"},"headline":"Le concept store KURE \u00e0 Bruxelles d\u00e9voile sa propre marque","datePublished":"2022-12-07T09:30:55+00:00","mainEntityOfPage":{"@id":"https:\/\/www.elle.be\/fr\/378253-le-concept-store-kure-a-bruxelles-devoile-sa-propre-marque.html"},"wordCount":1035,"commentCount":0,"publisher":{"@id":"https:\/\/www.elle.be\/fr\/#organization"},"image":{"@id":"https:\/\/www.elle.be\/fr\/378253-le-concept-store-kure-a-bruxelles-devoile-sa-propre-marque.html#primaryimage"},"thumbnailUrl":"https:\/\/www.elle.be\/fr\/wp-content\/uploads\/2022\/11\/100x628-montage-2.jpg","keywords":["bruxelles","mode"],"articleSection":["Mode","News Actu"],"inLanguage":"fr-FR","potentialAction":[{"@type":"CommentAction","name":"Comment","target":["https:\/\/www.elle.be\/fr\/378253-le-concept-store-kure-a-bruxelles-devoile-sa-propre-marque.html#respond"]}]},{"@type":"WebPage","@id":"https:\/\/www.elle.be\/fr\/378253-le-concept-store-kure-a-bruxelles-devoile-sa-propre-marque.html","url":"https:\/\/www.elle.be\/fr\/378253-le-concept-store-kure-a-bruxelles-devoile-sa-propre-marque.html","name":"Le concept store KURE \u00e0 Bruxelles d\u00e9voile sa propre marque - ELLE.be","isPartOf":{"@id":"https:\/\/www.elle.be\/fr\/#website"},"primaryImageOfPage":{"@id":"https:\/\/www.elle.be\/fr\/378253-le-concept-store-kure-a-bruxelles-devoile-sa-propre-marque.html#primaryimage"},"image":{"@id":"https:\/\/www.elle.be\/fr\/378253-le-concept-store-kure-a-bruxelles-devoile-sa-propre-marque.html#primaryimage"},"thumbnailUrl":"https:\/\/www.elle.be\/fr\/wp-content\/uploads\/2022\/11\/100x628-montage-2.jpg","datePublished":"2022-12-07T09:30:55+00:00","description":"Depuis peu, la boutique accueille sa propre marque KURE imagin\u00e9e par Cyrielle Carpentier de Changy, directrice artistique du concept store.","breadcrumb":{"@id":"https:\/\/www.elle.be\/fr\/378253-le-concept-store-kure-a-bruxelles-devoile-sa-propre-marque.html#breadcrumb"},"inLanguage":"fr-FR","potentialAction":[{"@type":"ReadAction","target":["https:\/\/www.elle.be\/fr\/378253-le-concept-store-kure-a-bruxelles-devoile-sa-propre-marque.html"]}]},{"@type":"ImageObject","inLanguage":"fr-FR","@id":"https:\/\/www.elle.be\/fr\/378253-le-concept-store-kure-a-bruxelles-devoile-sa-propre-marque.html#primaryimage","url":"https:\/\/www.elle.be\/fr\/wp-content\/uploads\/2022\/11\/100x628-montage-2.jpg","contentUrl":"https:\/\/www.elle.be\/fr\/wp-content\/uploads\/2022\/11\/100x628-montage-2.jpg","width":1200,"height":628,"caption":"Kure"},{"@type":"BreadcrumbList","@id":"https:\/\/www.elle.be\/fr\/378253-le-concept-store-kure-a-bruxelles-devoile-sa-propre-marque.html#breadcrumb","itemListElement":[{"@type":"ListItem","position":1,"name":"FR","item":"https:\/\/www.elle.be\/fr"},{"@type":"ListItem","position":2,"name":"Mode","item":"https:\/\/www.elle.be\/fr\/mode"},{"@type":"ListItem","position":3,"name":"Le concept store KURE \u00e0 Bruxelles d\u00e9voile sa propre marque"}]},{"@type":"WebSite","@id":"https:\/\/www.elle.be\/fr\/#website","url":"https:\/\/www.elle.be\/fr\/","name":"ELLE.be","description":"Toutes les infos mode, beaut\u00e9 et lifestyle les plus pointues ainsi qu&#039;un contenu 100% belge d\u00e9clin\u00e9 \u00e0 360\u00b0sur le site ELLE.be, nos r\u00e9seaux sociaux et notre cha\u00eene Youtube.","publisher":{"@id":"https:\/\/www.elle.be\/fr\/#organization"},"potentialAction":[{"@type":"SearchAction","target":{"@type":"EntryPoint","urlTemplate":"https:\/\/www.elle.be\/fr\/?s={search_term_string}"},"query-input":{"@type":"PropertyValueSpecification","valueRequired":true,"valueName":"search_term_string"}}],"inLanguage":"fr-FR"},{"@type":"Organization","@id":"https:\/\/www.elle.be\/fr\/#organization","name":"ELLE Belgique","url":"https:\/\/www.elle.be\/fr\/","logo":{"@type":"ImageObject","inLanguage":"fr-FR","@id":"https:\/\/www.elle.be\/fr\/#\/schema\/logo\/image\/","url":"https:\/\/www.elle.be\/fr\/wp-content\/uploads\/2017\/03\/elle-icon-200px.jpeg","contentUrl":"https:\/\/www.elle.be\/fr\/wp-content\/uploads\/2017\/03\/elle-icon-200px.jpeg","width":200,"height":200,"caption":"ELLE Belgique"},"image":{"@id":"https:\/\/www.elle.be\/fr\/#\/schema\/logo\/image\/"},"sameAs":["https:\/\/www.facebook.com\/ELLEbelgium\/","https:\/\/x.com\/ELLEBelgique","http:\/\/instagram.com\/ellebelgique\/","https:\/\/www.pinterest.com\/ellebelgique\/","https:\/\/www.youtube.com\/user\/ELLEbelgique1"]},{"@type":"Person","@id":"https:\/\/www.elle.be\/fr\/#\/schema\/person\/b4b7022e57c22f3a2a897195e43d6068","name":"Noemi Dell'aira","image":{"@type":"ImageObject","inLanguage":"fr-FR","@id":"https:\/\/secure.gravatar.com\/avatar\/d3a38bb3bea0af965ce2fc2689ae0097431faf234bc245a4ce26ef10705824cf?s=96&r=g","url":"https:\/\/secure.gravatar.com\/avatar\/d3a38bb3bea0af965ce2fc2689ae0097431faf234bc245a4ce26ef10705824cf?s=96&r=g","contentUrl":"https:\/\/secure.gravatar.com\/avatar\/d3a38bb3bea0af965ce2fc2689ae0097431faf234bc245a4ce26ef10705824cf?s=96&r=g","caption":"Noemi Dell'aira"},"sameAs":["https:\/\/www.instagram.com\/noemidellaira\/"],"url":"https:\/\/www.elle.be\/fr\/author\/noemi"}]}},"_links":{"self":[{"href":"https:\/\/www.elle.be\/fr\/wp-json\/wp\/v2\/posts\/378253","targetHints":{"allow":["GET"]}}],"collection":[{"href":"https:\/\/www.elle.be\/fr\/wp-json\/wp\/v2\/posts"}],"about":[{"href":"https:\/\/www.elle.be\/fr\/wp-json\/wp\/v2\/types\/post"}],"author":[{"embeddable":true,"href":"https:\/\/www.elle.be\/fr\/wp-json\/wp\/v2\/users\/102"}],"replies":[{"embeddable":true,"href":"https:\/\/www.elle.be\/fr\/wp-json\/wp\/v2\/comments?post=378253"}],"version-history":[{"count":12,"href":"https:\/\/www.elle.be\/fr\/wp-json\/wp\/v2\/posts\/378253\/revisions"}],"predecessor-version":[{"id":380208,"href":"https:\/\/www.elle.be\/fr\/wp-json\/wp\/v2\/posts\/378253\/revisions\/380208"}],"wp:featuredmedia":[{"embeddable":true,"href":"https:\/\/www.elle.be\/fr\/wp-json\/wp\/v2\/media\/378478"}],"wp:attachment":[{"href":"https:\/\/www.elle.be\/fr\/wp-json\/wp\/v2\/media?parent=378253"}],"wp:term":[{"taxonomy":"category","embeddable":true,"href":"https:\/\/www.elle.be\/fr\/wp-json\/wp\/v2\/categories?post=378253"},{"taxonomy":"post_tag","embeddable":true,"href":"https:\/\/www.elle.be\/fr\/wp-json\/wp\/v2\/tags?post=378253"}],"curies":[{"name":"wp","href":"https:\/\/api.w.org\/{rel}","templated":true}]}}