{"id":377060,"date":"2022-11-07T14:00:32","date_gmt":"2022-11-07T13:00:32","guid":{"rendered":"https:\/\/www.elle.be\/fr\/?p=377060"},"modified":"2022-11-07T13:43:40","modified_gmt":"2022-11-07T12:43:40","slug":"quelles-sont-les-grandes-tendances-de-fleurs-sechees-cet-hiver","status":"publish","type":"post","link":"https:\/\/www.elle.be\/fr\/377060-quelles-sont-les-grandes-tendances-de-fleurs-sechees-cet-hiver.html","title":{"rendered":"Quelles sont les grandes tendances de fleurs s\u00e9ch\u00e9es cet hiver ?"},"content":{"rendered":"","protected":false},"excerpt":{"rendered":"Nous avons demand\u00e9 \u00e0 Aur\u00e9lie Theunis, la fondatrice de notre marque de fleurs s\u00e9ch\u00e9es pr\u00e9f\u00e9r\u00e9es, Pollen Atelier, de nous updater sur les derni\u00e8res actualit\u00e9s d\u00e9co de son secteur.","protected":false},"author":3,"featured_media":377062,"comment_status":"open","ping_status":"closed","sticky":false,"template":"","format":"standard","meta":{"_acf_changed":false,"footnotes":""},"categories":[3269,3270],"tags":[],"class_list":["post-377060","post","type-post","status-publish","format-standard","has-post-thumbnail","hentry","category-elle-decoration","category-tendances-deco"],"acf":[],"image_verticale":"377063","_yoast_wpseo_title":"Quelles sont les grandes tendances de fleurs s\u00e9ch\u00e9es cet hiver ?","_yoast_wpseo_metadesc":"Nous avons demand\u00e9 \u00e0 Aur\u00e9lie Theunis de Pollen Atelier, de nous updater sur les derni\u00e8res actualit\u00e9s d\u00e9co de son secteur.","_yoast_wpseo_focuskw_text_input":null,"_yoast_wpseo_opengraph-title":null,"yoast_head":"<!-- This site is optimized with the Yoast SEO plugin v27.4 - https:\/\/yoast.com\/product\/yoast-seo-wordpress\/ -->\n<title>Quelles sont les grandes tendances de fleurs s\u00e9ch\u00e9es cet hiver ?<\/title>\n<meta name=\"description\" content=\"Nous avons demand\u00e9 \u00e0 Aur\u00e9lie Theunis de Pollen Atelier, de nous updater sur les derni\u00e8res actualit\u00e9s d\u00e9co de son secteur.\" \/>\n<meta name=\"robots\" content=\"index, follow, max-snippet:-1, max-image-preview:large, max-video-preview:-1\" \/>\n<link rel=\"canonical\" href=\"https:\/\/www.elle.be\/fr\/377060-quelles-sont-les-grandes-tendances-de-fleurs-sechees-cet-hiver.html\" \/>\n<meta property=\"og:locale\" content=\"fr_FR\" \/>\n<meta property=\"og:type\" content=\"article\" \/>\n<meta property=\"og:title\" content=\"Quelles sont les grandes tendances de fleurs s\u00e9ch\u00e9es cet hiver ?\" \/>\n<meta property=\"og:description\" content=\"Nous avons demand\u00e9 \u00e0 Aur\u00e9lie Theunis de Pollen Atelier, de nous updater sur les derni\u00e8res actualit\u00e9s d\u00e9co de son secteur.\" \/>\n<meta property=\"og:url\" content=\"https:\/\/www.elle.be\/fr\/377060-quelles-sont-les-grandes-tendances-de-fleurs-sechees-cet-hiver.html\" \/>\n<meta property=\"og:site_name\" content=\"ELLE.be\" \/>\n<meta property=\"article:publisher\" content=\"https:\/\/www.facebook.com\/ELLEbelgium\/\" \/>\n<meta property=\"article:author\" content=\"https:\/\/www.facebook.com\/Marie-Gurin-1721050434849149\/\" \/>\n<meta property=\"article:published_time\" content=\"2022-11-07T13:00:32+00:00\" \/>\n<meta property=\"og:image\" content=\"https:\/\/www.elle.be\/fr\/wp-content\/uploads\/2022\/11\/cover-1200.jpg\" \/>\n\t<meta property=\"og:image:width\" content=\"1200\" \/>\n\t<meta property=\"og:image:height\" content=\"628\" \/>\n\t<meta property=\"og:image:type\" content=\"image\/jpeg\" \/>\n<meta name=\"author\" content=\"Marie Gu\u00e9rin\" \/>\n<meta name=\"twitter:card\" content=\"summary_large_image\" \/>\n<meta name=\"twitter:creator\" content=\"@marie_elle_be\" \/>\n<meta name=\"twitter:site\" content=\"@ELLEBelgique\" \/>\n<meta name=\"twitter:label1\" content=\"\u00c9crit par\" \/>\n\t<meta name=\"twitter:data1\" content=\"Marie Gu\u00e9rin\" \/>\n\t<meta name=\"twitter:label2\" content=\"Dur\u00e9e de lecture estim\u00e9e\" \/>\n\t<meta name=\"twitter:data2\" content=\"6 minutes\" \/>\n<script type=\"application\/ld+json\" class=\"yoast-schema-graph\">{\"@context\":\"https:\\\/\\\/schema.org\",\"@graph\":[{\"@type\":\"NewsArticle\",\"@id\":\"https:\\\/\\\/www.elle.be\\\/fr\\\/377060-quelles-sont-les-grandes-tendances-de-fleurs-sechees-cet-hiver.html#article\",\"isPartOf\":{\"@id\":\"https:\\\/\\\/www.elle.be\\\/fr\\\/377060-quelles-sont-les-grandes-tendances-de-fleurs-sechees-cet-hiver.html\"},\"author\":{\"name\":\"Marie Gu\u00e9rin\",\"@id\":\"https:\\\/\\\/www.elle.be\\\/fr\\\/#\\\/schema\\\/person\\\/aa4e257722b2e3dd300f8fbdb031db01\"},\"headline\":\"Quelles sont les grandes tendances de fleurs s\u00e9ch\u00e9es cet hiver ?\",\"datePublished\":\"2022-11-07T13:00:32+00:00\",\"mainEntityOfPage\":{\"@id\":\"https:\\\/\\\/www.elle.be\\\/fr\\\/377060-quelles-sont-les-grandes-tendances-de-fleurs-sechees-cet-hiver.html\"},\"wordCount\":1039,\"commentCount\":0,\"publisher\":{\"@id\":\"https:\\\/\\\/www.elle.be\\\/fr\\\/#organization\"},\"image\":{\"@id\":\"https:\\\/\\\/www.elle.be\\\/fr\\\/377060-quelles-sont-les-grandes-tendances-de-fleurs-sechees-cet-hiver.html#primaryimage\"},\"thumbnailUrl\":\"https:\\\/\\\/www.elle.be\\\/fr\\\/wp-content\\\/uploads\\\/2022\\\/11\\\/cover-1200.jpg\",\"articleSection\":[\"ELLE d\u00e9coration\",\"Tendances D\u00e9co\"],\"inLanguage\":\"fr-FR\",\"potentialAction\":[{\"@type\":\"CommentAction\",\"name\":\"Comment\",\"target\":[\"https:\\\/\\\/www.elle.be\\\/fr\\\/377060-quelles-sont-les-grandes-tendances-de-fleurs-sechees-cet-hiver.html#respond\"]}]},{\"@type\":\"WebPage\",\"@id\":\"https:\\\/\\\/www.elle.be\\\/fr\\\/377060-quelles-sont-les-grandes-tendances-de-fleurs-sechees-cet-hiver.html\",\"url\":\"https:\\\/\\\/www.elle.be\\\/fr\\\/377060-quelles-sont-les-grandes-tendances-de-fleurs-sechees-cet-hiver.html\",\"name\":\"Quelles sont les grandes tendances de fleurs s\u00e9ch\u00e9es cet hiver ?\",\"isPartOf\":{\"@id\":\"https:\\\/\\\/www.elle.be\\\/fr\\\/#website\"},\"primaryImageOfPage\":{\"@id\":\"https:\\\/\\\/www.elle.be\\\/fr\\\/377060-quelles-sont-les-grandes-tendances-de-fleurs-sechees-cet-hiver.html#primaryimage\"},\"image\":{\"@id\":\"https:\\\/\\\/www.elle.be\\\/fr\\\/377060-quelles-sont-les-grandes-tendances-de-fleurs-sechees-cet-hiver.html#primaryimage\"},\"thumbnailUrl\":\"https:\\\/\\\/www.elle.be\\\/fr\\\/wp-content\\\/uploads\\\/2022\\\/11\\\/cover-1200.jpg\",\"datePublished\":\"2022-11-07T13:00:32+00:00\",\"description\":\"Nous avons demand\u00e9 \u00e0 Aur\u00e9lie Theunis de Pollen Atelier, de nous updater sur les derni\u00e8res actualit\u00e9s d\u00e9co de son secteur.\",\"breadcrumb\":{\"@id\":\"https:\\\/\\\/www.elle.be\\\/fr\\\/377060-quelles-sont-les-grandes-tendances-de-fleurs-sechees-cet-hiver.html#breadcrumb\"},\"inLanguage\":\"fr-FR\",\"potentialAction\":[{\"@type\":\"ReadAction\",\"target\":[\"https:\\\/\\\/www.elle.be\\\/fr\\\/377060-quelles-sont-les-grandes-tendances-de-fleurs-sechees-cet-hiver.html\"]}]},{\"@type\":\"ImageObject\",\"inLanguage\":\"fr-FR\",\"@id\":\"https:\\\/\\\/www.elle.be\\\/fr\\\/377060-quelles-sont-les-grandes-tendances-de-fleurs-sechees-cet-hiver.html#primaryimage\",\"url\":\"https:\\\/\\\/www.elle.be\\\/fr\\\/wp-content\\\/uploads\\\/2022\\\/11\\\/cover-1200.jpg\",\"contentUrl\":\"https:\\\/\\\/www.elle.be\\\/fr\\\/wp-content\\\/uploads\\\/2022\\\/11\\\/cover-1200.jpg\",\"width\":1200,\"height\":628,\"caption\":\"fleurs s\u00e9ch\u00e9es Pollen Atelier\"},{\"@type\":\"BreadcrumbList\",\"@id\":\"https:\\\/\\\/www.elle.be\\\/fr\\\/377060-quelles-sont-les-grandes-tendances-de-fleurs-sechees-cet-hiver.html#breadcrumb\",\"itemListElement\":[{\"@type\":\"ListItem\",\"position\":1,\"name\":\"FR\",\"item\":\"https:\\\/\\\/www.elle.be\\\/fr\"},{\"@type\":\"ListItem\",\"position\":2,\"name\":\"ELLE d\u00e9coration\",\"item\":\"https:\\\/\\\/www.elle.be\\\/fr\\\/elle-decoration\"},{\"@type\":\"ListItem\",\"position\":3,\"name\":\"Quelles sont les grandes tendances de fleurs s\u00e9ch\u00e9es cet hiver ?\"}]},{\"@type\":\"WebSite\",\"@id\":\"https:\\\/\\\/www.elle.be\\\/fr\\\/#website\",\"url\":\"https:\\\/\\\/www.elle.be\\\/fr\\\/\",\"name\":\"ELLE.be\",\"description\":\"Toutes les infos mode, beaut\u00e9 et lifestyle les plus pointues ainsi qu&#039;un contenu 100% belge d\u00e9clin\u00e9 \u00e0 360\u00b0sur le site ELLE.be, nos r\u00e9seaux sociaux et notre cha\u00eene Youtube.\",\"publisher\":{\"@id\":\"https:\\\/\\\/www.elle.be\\\/fr\\\/#organization\"},\"potentialAction\":[{\"@type\":\"SearchAction\",\"target\":{\"@type\":\"EntryPoint\",\"urlTemplate\":\"https:\\\/\\\/www.elle.be\\\/fr\\\/?s={search_term_string}\"},\"query-input\":{\"@type\":\"PropertyValueSpecification\",\"valueRequired\":true,\"valueName\":\"search_term_string\"}}],\"inLanguage\":\"fr-FR\"},{\"@type\":\"Organization\",\"@id\":\"https:\\\/\\\/www.elle.be\\\/fr\\\/#organization\",\"name\":\"ELLE Belgique\",\"url\":\"https:\\\/\\\/www.elle.be\\\/fr\\\/\",\"logo\":{\"@type\":\"ImageObject\",\"inLanguage\":\"fr-FR\",\"@id\":\"https:\\\/\\\/www.elle.be\\\/fr\\\/#\\\/schema\\\/logo\\\/image\\\/\",\"url\":\"https:\\\/\\\/www.elle.be\\\/fr\\\/wp-content\\\/uploads\\\/2017\\\/03\\\/elle-icon-200px.jpeg\",\"contentUrl\":\"https:\\\/\\\/www.elle.be\\\/fr\\\/wp-content\\\/uploads\\\/2017\\\/03\\\/elle-icon-200px.jpeg\",\"width\":200,\"height\":200,\"caption\":\"ELLE Belgique\"},\"image\":{\"@id\":\"https:\\\/\\\/www.elle.be\\\/fr\\\/#\\\/schema\\\/logo\\\/image\\\/\"},\"sameAs\":[\"https:\\\/\\\/www.facebook.com\\\/ELLEbelgium\\\/\",\"https:\\\/\\\/x.com\\\/ELLEBelgique\",\"http:\\\/\\\/instagram.com\\\/ellebelgique\\\/\",\"https:\\\/\\\/www.pinterest.com\\\/ellebelgique\\\/\",\"https:\\\/\\\/www.youtube.com\\\/user\\\/ELLEbelgique1\"]},{\"@type\":\"Person\",\"@id\":\"https:\\\/\\\/www.elle.be\\\/fr\\\/#\\\/schema\\\/person\\\/aa4e257722b2e3dd300f8fbdb031db01\",\"name\":\"Marie Gu\u00e9rin\",\"image\":{\"@type\":\"ImageObject\",\"inLanguage\":\"fr-FR\",\"@id\":\"https:\\\/\\\/www.elle.be\\\/fr\\\/wp-content\\\/uploads\\\/2017\\\/03\\\/IMG_4442-96x96.jpg\",\"url\":\"https:\\\/\\\/www.elle.be\\\/fr\\\/wp-content\\\/uploads\\\/2017\\\/03\\\/IMG_4442-96x96.jpg\",\"contentUrl\":\"https:\\\/\\\/www.elle.be\\\/fr\\\/wp-content\\\/uploads\\\/2017\\\/03\\\/IMG_4442-96x96.jpg\",\"caption\":\"Marie Gu\u00e9rin\"},\"description\":\"Obs\u00e9d\u00e9e par les stilettos et tout ce qui facilite la marche \u00e0 pied, cette journaliste sportive (ou pas) sillonne pour vous le monde entier (et la Belgique le reste du temps) \u00e0 la recherche de l'actu mode, beaut\u00e9, lifestyle et de ses meilleurs bons plans.\",\"sameAs\":[\"https:\\\/\\\/www.facebook.com\\\/Marie-Gurin-1721050434849149\\\/\",\"https:\\\/\\\/www.instagram.com\\\/marie_elle_be\\\/\",\"https:\\\/\\\/x.com\\\/marie_elle_be\"],\"url\":\"https:\\\/\\\/www.elle.be\\\/fr\\\/author\\\/marie\"}]}<\/script>\n<!-- \/ Yoast SEO plugin. -->","yoast_head_json":{"title":"Quelles sont les grandes tendances de fleurs s\u00e9ch\u00e9es cet hiver ?","description":"Nous avons demand\u00e9 \u00e0 Aur\u00e9lie Theunis de Pollen Atelier, de nous updater sur les derni\u00e8res actualit\u00e9s d\u00e9co de son secteur.","robots":{"index":"index","follow":"follow","max-snippet":"max-snippet:-1","max-image-preview":"max-image-preview:large","max-video-preview":"max-video-preview:-1"},"canonical":"https:\/\/www.elle.be\/fr\/377060-quelles-sont-les-grandes-tendances-de-fleurs-sechees-cet-hiver.html","og_locale":"fr_FR","og_type":"article","og_title":"Quelles sont les grandes tendances de fleurs s\u00e9ch\u00e9es cet hiver ?","og_description":"Nous avons demand\u00e9 \u00e0 Aur\u00e9lie Theunis de Pollen Atelier, de nous updater sur les derni\u00e8res actualit\u00e9s d\u00e9co de son secteur.","og_url":"https:\/\/www.elle.be\/fr\/377060-quelles-sont-les-grandes-tendances-de-fleurs-sechees-cet-hiver.html","og_site_name":"ELLE.be","article_publisher":"https:\/\/www.facebook.com\/ELLEbelgium\/","article_author":"https:\/\/www.facebook.com\/Marie-Gurin-1721050434849149\/","article_published_time":"2022-11-07T13:00:32+00:00","og_image":[{"width":1200,"height":628,"url":"https:\/\/www.elle.be\/fr\/wp-content\/uploads\/2022\/11\/cover-1200.jpg","type":"image\/jpeg"}],"author":"Marie Gu\u00e9rin","twitter_card":"summary_large_image","twitter_creator":"@marie_elle_be","twitter_site":"@ELLEBelgique","twitter_misc":{"\u00c9crit par":"Marie Gu\u00e9rin","Dur\u00e9e de lecture estim\u00e9e":"6 minutes"},"schema":{"@context":"https:\/\/schema.org","@graph":[{"@type":"NewsArticle","@id":"https:\/\/www.elle.be\/fr\/377060-quelles-sont-les-grandes-tendances-de-fleurs-sechees-cet-hiver.html#article","isPartOf":{"@id":"https:\/\/www.elle.be\/fr\/377060-quelles-sont-les-grandes-tendances-de-fleurs-sechees-cet-hiver.html"},"author":{"name":"Marie Gu\u00e9rin","@id":"https:\/\/www.elle.be\/fr\/#\/schema\/person\/aa4e257722b2e3dd300f8fbdb031db01"},"headline":"Quelles sont les grandes tendances de fleurs s\u00e9ch\u00e9es cet hiver ?","datePublished":"2022-11-07T13:00:32+00:00","mainEntityOfPage":{"@id":"https:\/\/www.elle.be\/fr\/377060-quelles-sont-les-grandes-tendances-de-fleurs-sechees-cet-hiver.html"},"wordCount":1039,"commentCount":0,"publisher":{"@id":"https:\/\/www.elle.be\/fr\/#organization"},"image":{"@id":"https:\/\/www.elle.be\/fr\/377060-quelles-sont-les-grandes-tendances-de-fleurs-sechees-cet-hiver.html#primaryimage"},"thumbnailUrl":"https:\/\/www.elle.be\/fr\/wp-content\/uploads\/2022\/11\/cover-1200.jpg","articleSection":["ELLE d\u00e9coration","Tendances D\u00e9co"],"inLanguage":"fr-FR","potentialAction":[{"@type":"CommentAction","name":"Comment","target":["https:\/\/www.elle.be\/fr\/377060-quelles-sont-les-grandes-tendances-de-fleurs-sechees-cet-hiver.html#respond"]}]},{"@type":"WebPage","@id":"https:\/\/www.elle.be\/fr\/377060-quelles-sont-les-grandes-tendances-de-fleurs-sechees-cet-hiver.html","url":"https:\/\/www.elle.be\/fr\/377060-quelles-sont-les-grandes-tendances-de-fleurs-sechees-cet-hiver.html","name":"Quelles sont les grandes tendances de fleurs s\u00e9ch\u00e9es cet hiver ?","isPartOf":{"@id":"https:\/\/www.elle.be\/fr\/#website"},"primaryImageOfPage":{"@id":"https:\/\/www.elle.be\/fr\/377060-quelles-sont-les-grandes-tendances-de-fleurs-sechees-cet-hiver.html#primaryimage"},"image":{"@id":"https:\/\/www.elle.be\/fr\/377060-quelles-sont-les-grandes-tendances-de-fleurs-sechees-cet-hiver.html#primaryimage"},"thumbnailUrl":"https:\/\/www.elle.be\/fr\/wp-content\/uploads\/2022\/11\/cover-1200.jpg","datePublished":"2022-11-07T13:00:32+00:00","description":"Nous avons demand\u00e9 \u00e0 Aur\u00e9lie Theunis de Pollen Atelier, de nous updater sur les derni\u00e8res actualit\u00e9s d\u00e9co de son secteur.","breadcrumb":{"@id":"https:\/\/www.elle.be\/fr\/377060-quelles-sont-les-grandes-tendances-de-fleurs-sechees-cet-hiver.html#breadcrumb"},"inLanguage":"fr-FR","potentialAction":[{"@type":"ReadAction","target":["https:\/\/www.elle.be\/fr\/377060-quelles-sont-les-grandes-tendances-de-fleurs-sechees-cet-hiver.html"]}]},{"@type":"ImageObject","inLanguage":"fr-FR","@id":"https:\/\/www.elle.be\/fr\/377060-quelles-sont-les-grandes-tendances-de-fleurs-sechees-cet-hiver.html#primaryimage","url":"https:\/\/www.elle.be\/fr\/wp-content\/uploads\/2022\/11\/cover-1200.jpg","contentUrl":"https:\/\/www.elle.be\/fr\/wp-content\/uploads\/2022\/11\/cover-1200.jpg","width":1200,"height":628,"caption":"fleurs s\u00e9ch\u00e9es Pollen Atelier"},{"@type":"BreadcrumbList","@id":"https:\/\/www.elle.be\/fr\/377060-quelles-sont-les-grandes-tendances-de-fleurs-sechees-cet-hiver.html#breadcrumb","itemListElement":[{"@type":"ListItem","position":1,"name":"FR","item":"https:\/\/www.elle.be\/fr"},{"@type":"ListItem","position":2,"name":"ELLE d\u00e9coration","item":"https:\/\/www.elle.be\/fr\/elle-decoration"},{"@type":"ListItem","position":3,"name":"Quelles sont les grandes tendances de fleurs s\u00e9ch\u00e9es cet hiver ?"}]},{"@type":"WebSite","@id":"https:\/\/www.elle.be\/fr\/#website","url":"https:\/\/www.elle.be\/fr\/","name":"ELLE.be","description":"Toutes les infos mode, beaut\u00e9 et lifestyle les plus pointues ainsi qu&#039;un contenu 100% belge d\u00e9clin\u00e9 \u00e0 360\u00b0sur le site ELLE.be, nos r\u00e9seaux sociaux et notre cha\u00eene Youtube.","publisher":{"@id":"https:\/\/www.elle.be\/fr\/#organization"},"potentialAction":[{"@type":"SearchAction","target":{"@type":"EntryPoint","urlTemplate":"https:\/\/www.elle.be\/fr\/?s={search_term_string}"},"query-input":{"@type":"PropertyValueSpecification","valueRequired":true,"valueName":"search_term_string"}}],"inLanguage":"fr-FR"},{"@type":"Organization","@id":"https:\/\/www.elle.be\/fr\/#organization","name":"ELLE Belgique","url":"https:\/\/www.elle.be\/fr\/","logo":{"@type":"ImageObject","inLanguage":"fr-FR","@id":"https:\/\/www.elle.be\/fr\/#\/schema\/logo\/image\/","url":"https:\/\/www.elle.be\/fr\/wp-content\/uploads\/2017\/03\/elle-icon-200px.jpeg","contentUrl":"https:\/\/www.elle.be\/fr\/wp-content\/uploads\/2017\/03\/elle-icon-200px.jpeg","width":200,"height":200,"caption":"ELLE Belgique"},"image":{"@id":"https:\/\/www.elle.be\/fr\/#\/schema\/logo\/image\/"},"sameAs":["https:\/\/www.facebook.com\/ELLEbelgium\/","https:\/\/x.com\/ELLEBelgique","http:\/\/instagram.com\/ellebelgique\/","https:\/\/www.pinterest.com\/ellebelgique\/","https:\/\/www.youtube.com\/user\/ELLEbelgique1"]},{"@type":"Person","@id":"https:\/\/www.elle.be\/fr\/#\/schema\/person\/aa4e257722b2e3dd300f8fbdb031db01","name":"Marie Gu\u00e9rin","image":{"@type":"ImageObject","inLanguage":"fr-FR","@id":"https:\/\/www.elle.be\/fr\/wp-content\/uploads\/2017\/03\/IMG_4442-96x96.jpg","url":"https:\/\/www.elle.be\/fr\/wp-content\/uploads\/2017\/03\/IMG_4442-96x96.jpg","contentUrl":"https:\/\/www.elle.be\/fr\/wp-content\/uploads\/2017\/03\/IMG_4442-96x96.jpg","caption":"Marie Gu\u00e9rin"},"description":"Obs\u00e9d\u00e9e par les stilettos et tout ce qui facilite la marche \u00e0 pied, cette journaliste sportive (ou pas) sillonne pour vous le monde entier (et la Belgique le reste du temps) \u00e0 la recherche de l'actu mode, beaut\u00e9, lifestyle et de ses meilleurs bons plans.","sameAs":["https:\/\/www.facebook.com\/Marie-Gurin-1721050434849149\/","https:\/\/www.instagram.com\/marie_elle_be\/","https:\/\/x.com\/marie_elle_be"],"url":"https:\/\/www.elle.be\/fr\/author\/marie"}]}},"_links":{"self":[{"href":"https:\/\/www.elle.be\/fr\/wp-json\/wp\/v2\/posts\/377060","targetHints":{"allow":["GET"]}}],"collection":[{"href":"https:\/\/www.elle.be\/fr\/wp-json\/wp\/v2\/posts"}],"about":[{"href":"https:\/\/www.elle.be\/fr\/wp-json\/wp\/v2\/types\/post"}],"author":[{"embeddable":true,"href":"https:\/\/www.elle.be\/fr\/wp-json\/wp\/v2\/users\/3"}],"replies":[{"embeddable":true,"href":"https:\/\/www.elle.be\/fr\/wp-json\/wp\/v2\/comments?post=377060"}],"version-history":[{"count":2,"href":"https:\/\/www.elle.be\/fr\/wp-json\/wp\/v2\/posts\/377060\/revisions"}],"predecessor-version":[{"id":377068,"href":"https:\/\/www.elle.be\/fr\/wp-json\/wp\/v2\/posts\/377060\/revisions\/377068"}],"wp:featuredmedia":[{"embeddable":true,"href":"https:\/\/www.elle.be\/fr\/wp-json\/wp\/v2\/media\/377062"}],"wp:attachment":[{"href":"https:\/\/www.elle.be\/fr\/wp-json\/wp\/v2\/media?parent=377060"}],"wp:term":[{"taxonomy":"category","embeddable":true,"href":"https:\/\/www.elle.be\/fr\/wp-json\/wp\/v2\/categories?post=377060"},{"taxonomy":"post_tag","embeddable":true,"href":"https:\/\/www.elle.be\/fr\/wp-json\/wp\/v2\/tags?post=377060"}],"curies":[{"name":"wp","href":"https:\/\/api.w.org\/{rel}","templated":true}]}}