{"id":364461,"date":"2022-06-18T10:30:55","date_gmt":"2022-06-18T08:30:55","guid":{"rendered":"https:\/\/www.elle.be\/fr\/?p=364461"},"modified":"2022-06-07T16:12:58","modified_gmt":"2022-06-07T14:12:58","slug":"interview-exclusive-tout-ce-que-vous-ignorez-sur-emily-ratajkowski","status":"publish","type":"post","link":"https:\/\/www.elle.be\/fr\/364461-interview-exclusive-tout-ce-que-vous-ignorez-sur-emily-ratajkowski.html","title":{"rendered":"Interview exclusive : tout ce que vous ignorez sur Emily Ratajkowski"},"content":{"rendered":"","protected":false},"excerpt":{"rendered":"Que savons-nous d\u2019Emrata\u2009? Nous connaissons d\u2019abord la brune incendiaire par son corps, outil de travail et support de ses engagements. ...","protected":false},"author":3,"featured_media":364464,"comment_status":"open","ping_status":"closed","sticky":false,"template":"","format":"standard","meta":{"_acf_changed":false,"footnotes":""},"categories":[5,2202],"tags":[],"class_list":["post-364461","post","type-post","status-publish","format-standard","has-post-thumbnail","hentry","category-mode","category-news-actu"],"acf":[],"image_verticale":"364463","_yoast_wpseo_title":"Emily Ratajkowski: notre interview exclusive","_yoast_wpseo_metadesc":"Interview exclusive d'Emily Ratajkowski qui nous parle ouvertement de ses contradictions. Questions-r\u00e9ponses.","_yoast_wpseo_focuskw_text_input":null,"_yoast_wpseo_opengraph-title":null,"yoast_head":"<!-- This site is optimized with the Yoast SEO plugin v27.4 - https:\/\/yoast.com\/product\/yoast-seo-wordpress\/ -->\n<title>Emily Ratajkowski: notre interview exclusive<\/title>\n<meta name=\"description\" content=\"Interview exclusive d&#039;Emily Ratajkowski qui nous parle ouvertement de ses contradictions. Questions-r\u00e9ponses.\" \/>\n<meta name=\"robots\" content=\"index, follow, max-snippet:-1, max-image-preview:large, max-video-preview:-1\" \/>\n<link rel=\"canonical\" href=\"https:\/\/www.elle.be\/fr\/364461-interview-exclusive-tout-ce-que-vous-ignorez-sur-emily-ratajkowski.html\" \/>\n<meta property=\"og:locale\" content=\"fr_FR\" \/>\n<meta property=\"og:type\" content=\"article\" \/>\n<meta property=\"og:title\" content=\"Emily Ratajkowski: notre interview exclusive\" \/>\n<meta property=\"og:description\" content=\"Interview exclusive d&#039;Emily Ratajkowski qui nous parle ouvertement de ses contradictions. Questions-r\u00e9ponses.\" \/>\n<meta property=\"og:url\" content=\"https:\/\/www.elle.be\/fr\/364461-interview-exclusive-tout-ce-que-vous-ignorez-sur-emily-ratajkowski.html\" \/>\n<meta property=\"og:site_name\" content=\"ELLE.be\" \/>\n<meta property=\"article:publisher\" content=\"https:\/\/www.facebook.com\/ELLEbelgium\/\" \/>\n<meta property=\"article:author\" content=\"https:\/\/www.facebook.com\/Marie-Gurin-1721050434849149\/\" \/>\n<meta property=\"article:published_time\" content=\"2022-06-18T08:30:55+00:00\" \/>\n<meta property=\"og:image\" content=\"https:\/\/www.elle.be\/fr\/wp-content\/uploads\/2022\/06\/emily-ratajkowski.jpg\" \/>\n\t<meta property=\"og:image:width\" content=\"1200\" \/>\n\t<meta property=\"og:image:height\" content=\"628\" \/>\n\t<meta property=\"og:image:type\" content=\"image\/jpeg\" \/>\n<meta name=\"author\" content=\"Marie Gu\u00e9rin\" \/>\n<meta name=\"twitter:card\" content=\"summary_large_image\" \/>\n<meta name=\"twitter:creator\" content=\"@marie_elle_be\" \/>\n<meta name=\"twitter:site\" content=\"@ELLEBelgique\" \/>\n<meta name=\"twitter:label1\" content=\"\u00c9crit par\" \/>\n\t<meta name=\"twitter:data1\" content=\"Marie Gu\u00e9rin\" \/>\n\t<meta name=\"twitter:label2\" content=\"Dur\u00e9e de lecture estim\u00e9e\" \/>\n\t<meta name=\"twitter:data2\" content=\"7 minutes\" \/>\n<script type=\"application\/ld+json\" class=\"yoast-schema-graph\">{\"@context\":\"https:\\\/\\\/schema.org\",\"@graph\":[{\"@type\":\"NewsArticle\",\"@id\":\"https:\\\/\\\/www.elle.be\\\/fr\\\/364461-interview-exclusive-tout-ce-que-vous-ignorez-sur-emily-ratajkowski.html#article\",\"isPartOf\":{\"@id\":\"https:\\\/\\\/www.elle.be\\\/fr\\\/364461-interview-exclusive-tout-ce-que-vous-ignorez-sur-emily-ratajkowski.html\"},\"author\":{\"name\":\"Marie Gu\u00e9rin\",\"@id\":\"https:\\\/\\\/www.elle.be\\\/fr\\\/#\\\/schema\\\/person\\\/aa4e257722b2e3dd300f8fbdb031db01\"},\"headline\":\"Interview exclusive : tout ce que vous ignorez sur Emily Ratajkowski\",\"datePublished\":\"2022-06-18T08:30:55+00:00\",\"mainEntityOfPage\":{\"@id\":\"https:\\\/\\\/www.elle.be\\\/fr\\\/364461-interview-exclusive-tout-ce-que-vous-ignorez-sur-emily-ratajkowski.html\"},\"wordCount\":1353,\"commentCount\":0,\"publisher\":{\"@id\":\"https:\\\/\\\/www.elle.be\\\/fr\\\/#organization\"},\"image\":{\"@id\":\"https:\\\/\\\/www.elle.be\\\/fr\\\/364461-interview-exclusive-tout-ce-que-vous-ignorez-sur-emily-ratajkowski.html#primaryimage\"},\"thumbnailUrl\":\"https:\\\/\\\/www.elle.be\\\/fr\\\/wp-content\\\/uploads\\\/2022\\\/06\\\/emily-ratajkowski.jpg\",\"articleSection\":[\"Mode\",\"News Actu\"],\"inLanguage\":\"fr-FR\",\"potentialAction\":[{\"@type\":\"CommentAction\",\"name\":\"Comment\",\"target\":[\"https:\\\/\\\/www.elle.be\\\/fr\\\/364461-interview-exclusive-tout-ce-que-vous-ignorez-sur-emily-ratajkowski.html#respond\"]}]},{\"@type\":\"WebPage\",\"@id\":\"https:\\\/\\\/www.elle.be\\\/fr\\\/364461-interview-exclusive-tout-ce-que-vous-ignorez-sur-emily-ratajkowski.html\",\"url\":\"https:\\\/\\\/www.elle.be\\\/fr\\\/364461-interview-exclusive-tout-ce-que-vous-ignorez-sur-emily-ratajkowski.html\",\"name\":\"Emily Ratajkowski: notre interview exclusive\",\"isPartOf\":{\"@id\":\"https:\\\/\\\/www.elle.be\\\/fr\\\/#website\"},\"primaryImageOfPage\":{\"@id\":\"https:\\\/\\\/www.elle.be\\\/fr\\\/364461-interview-exclusive-tout-ce-que-vous-ignorez-sur-emily-ratajkowski.html#primaryimage\"},\"image\":{\"@id\":\"https:\\\/\\\/www.elle.be\\\/fr\\\/364461-interview-exclusive-tout-ce-que-vous-ignorez-sur-emily-ratajkowski.html#primaryimage\"},\"thumbnailUrl\":\"https:\\\/\\\/www.elle.be\\\/fr\\\/wp-content\\\/uploads\\\/2022\\\/06\\\/emily-ratajkowski.jpg\",\"datePublished\":\"2022-06-18T08:30:55+00:00\",\"description\":\"Interview exclusive d'Emily Ratajkowski qui nous parle ouvertement de ses contradictions. Questions-r\u00e9ponses.\",\"breadcrumb\":{\"@id\":\"https:\\\/\\\/www.elle.be\\\/fr\\\/364461-interview-exclusive-tout-ce-que-vous-ignorez-sur-emily-ratajkowski.html#breadcrumb\"},\"inLanguage\":\"fr-FR\",\"potentialAction\":[{\"@type\":\"ReadAction\",\"target\":[\"https:\\\/\\\/www.elle.be\\\/fr\\\/364461-interview-exclusive-tout-ce-que-vous-ignorez-sur-emily-ratajkowski.html\"]}]},{\"@type\":\"ImageObject\",\"inLanguage\":\"fr-FR\",\"@id\":\"https:\\\/\\\/www.elle.be\\\/fr\\\/364461-interview-exclusive-tout-ce-que-vous-ignorez-sur-emily-ratajkowski.html#primaryimage\",\"url\":\"https:\\\/\\\/www.elle.be\\\/fr\\\/wp-content\\\/uploads\\\/2022\\\/06\\\/emily-ratajkowski.jpg\",\"contentUrl\":\"https:\\\/\\\/www.elle.be\\\/fr\\\/wp-content\\\/uploads\\\/2022\\\/06\\\/emily-ratajkowski.jpg\",\"width\":1200,\"height\":628,\"caption\":\"Emily Ratajkowski pour Superga\"},{\"@type\":\"BreadcrumbList\",\"@id\":\"https:\\\/\\\/www.elle.be\\\/fr\\\/364461-interview-exclusive-tout-ce-que-vous-ignorez-sur-emily-ratajkowski.html#breadcrumb\",\"itemListElement\":[{\"@type\":\"ListItem\",\"position\":1,\"name\":\"FR\",\"item\":\"https:\\\/\\\/www.elle.be\\\/fr\"},{\"@type\":\"ListItem\",\"position\":2,\"name\":\"Actu\",\"item\":\"https:\\\/\\\/www.elle.be\\\/fr\\\/actu\"},{\"@type\":\"ListItem\",\"position\":3,\"name\":\"News Actu\",\"item\":\"https:\\\/\\\/www.elle.be\\\/fr\\\/actu\\\/news-actu\"},{\"@type\":\"ListItem\",\"position\":4,\"name\":\"Interview exclusive : tout ce que vous ignorez sur Emily Ratajkowski\"}]},{\"@type\":\"WebSite\",\"@id\":\"https:\\\/\\\/www.elle.be\\\/fr\\\/#website\",\"url\":\"https:\\\/\\\/www.elle.be\\\/fr\\\/\",\"name\":\"ELLE.be\",\"description\":\"Toutes les infos mode, beaut\u00e9 et lifestyle les plus pointues ainsi qu&#039;un contenu 100% belge d\u00e9clin\u00e9 \u00e0 360\u00b0sur le site ELLE.be, nos r\u00e9seaux sociaux et notre cha\u00eene Youtube.\",\"publisher\":{\"@id\":\"https:\\\/\\\/www.elle.be\\\/fr\\\/#organization\"},\"potentialAction\":[{\"@type\":\"SearchAction\",\"target\":{\"@type\":\"EntryPoint\",\"urlTemplate\":\"https:\\\/\\\/www.elle.be\\\/fr\\\/?s={search_term_string}\"},\"query-input\":{\"@type\":\"PropertyValueSpecification\",\"valueRequired\":true,\"valueName\":\"search_term_string\"}}],\"inLanguage\":\"fr-FR\"},{\"@type\":\"Organization\",\"@id\":\"https:\\\/\\\/www.elle.be\\\/fr\\\/#organization\",\"name\":\"ELLE Belgique\",\"url\":\"https:\\\/\\\/www.elle.be\\\/fr\\\/\",\"logo\":{\"@type\":\"ImageObject\",\"inLanguage\":\"fr-FR\",\"@id\":\"https:\\\/\\\/www.elle.be\\\/fr\\\/#\\\/schema\\\/logo\\\/image\\\/\",\"url\":\"https:\\\/\\\/www.elle.be\\\/fr\\\/wp-content\\\/uploads\\\/2017\\\/03\\\/elle-icon-200px.jpeg\",\"contentUrl\":\"https:\\\/\\\/www.elle.be\\\/fr\\\/wp-content\\\/uploads\\\/2017\\\/03\\\/elle-icon-200px.jpeg\",\"width\":200,\"height\":200,\"caption\":\"ELLE Belgique\"},\"image\":{\"@id\":\"https:\\\/\\\/www.elle.be\\\/fr\\\/#\\\/schema\\\/logo\\\/image\\\/\"},\"sameAs\":[\"https:\\\/\\\/www.facebook.com\\\/ELLEbelgium\\\/\",\"https:\\\/\\\/x.com\\\/ELLEBelgique\",\"http:\\\/\\\/instagram.com\\\/ellebelgique\\\/\",\"https:\\\/\\\/www.pinterest.com\\\/ellebelgique\\\/\",\"https:\\\/\\\/www.youtube.com\\\/user\\\/ELLEbelgique1\"]},{\"@type\":\"Person\",\"@id\":\"https:\\\/\\\/www.elle.be\\\/fr\\\/#\\\/schema\\\/person\\\/aa4e257722b2e3dd300f8fbdb031db01\",\"name\":\"Marie Gu\u00e9rin\",\"image\":{\"@type\":\"ImageObject\",\"inLanguage\":\"fr-FR\",\"@id\":\"https:\\\/\\\/www.elle.be\\\/fr\\\/wp-content\\\/uploads\\\/2017\\\/03\\\/IMG_4442-96x96.jpg\",\"url\":\"https:\\\/\\\/www.elle.be\\\/fr\\\/wp-content\\\/uploads\\\/2017\\\/03\\\/IMG_4442-96x96.jpg\",\"contentUrl\":\"https:\\\/\\\/www.elle.be\\\/fr\\\/wp-content\\\/uploads\\\/2017\\\/03\\\/IMG_4442-96x96.jpg\",\"caption\":\"Marie Gu\u00e9rin\"},\"description\":\"Obs\u00e9d\u00e9e par les stilettos et tout ce qui facilite la marche \u00e0 pied, cette journaliste sportive (ou pas) sillonne pour vous le monde entier (et la Belgique le reste du temps) \u00e0 la recherche de l'actu mode, beaut\u00e9, lifestyle et de ses meilleurs bons plans.\",\"sameAs\":[\"https:\\\/\\\/www.facebook.com\\\/Marie-Gurin-1721050434849149\\\/\",\"https:\\\/\\\/www.instagram.com\\\/marie_elle_be\\\/\",\"https:\\\/\\\/x.com\\\/marie_elle_be\"],\"url\":\"https:\\\/\\\/www.elle.be\\\/fr\\\/author\\\/marie\"}]}<\/script>\n<!-- \/ Yoast SEO plugin. -->","yoast_head_json":{"title":"Emily Ratajkowski: notre interview exclusive","description":"Interview exclusive d'Emily Ratajkowski qui nous parle ouvertement de ses contradictions. Questions-r\u00e9ponses.","robots":{"index":"index","follow":"follow","max-snippet":"max-snippet:-1","max-image-preview":"max-image-preview:large","max-video-preview":"max-video-preview:-1"},"canonical":"https:\/\/www.elle.be\/fr\/364461-interview-exclusive-tout-ce-que-vous-ignorez-sur-emily-ratajkowski.html","og_locale":"fr_FR","og_type":"article","og_title":"Emily Ratajkowski: notre interview exclusive","og_description":"Interview exclusive d'Emily Ratajkowski qui nous parle ouvertement de ses contradictions. Questions-r\u00e9ponses.","og_url":"https:\/\/www.elle.be\/fr\/364461-interview-exclusive-tout-ce-que-vous-ignorez-sur-emily-ratajkowski.html","og_site_name":"ELLE.be","article_publisher":"https:\/\/www.facebook.com\/ELLEbelgium\/","article_author":"https:\/\/www.facebook.com\/Marie-Gurin-1721050434849149\/","article_published_time":"2022-06-18T08:30:55+00:00","og_image":[{"width":1200,"height":628,"url":"https:\/\/www.elle.be\/fr\/wp-content\/uploads\/2022\/06\/emily-ratajkowski.jpg","type":"image\/jpeg"}],"author":"Marie Gu\u00e9rin","twitter_card":"summary_large_image","twitter_creator":"@marie_elle_be","twitter_site":"@ELLEBelgique","twitter_misc":{"\u00c9crit par":"Marie Gu\u00e9rin","Dur\u00e9e de lecture estim\u00e9e":"7 minutes"},"schema":{"@context":"https:\/\/schema.org","@graph":[{"@type":"NewsArticle","@id":"https:\/\/www.elle.be\/fr\/364461-interview-exclusive-tout-ce-que-vous-ignorez-sur-emily-ratajkowski.html#article","isPartOf":{"@id":"https:\/\/www.elle.be\/fr\/364461-interview-exclusive-tout-ce-que-vous-ignorez-sur-emily-ratajkowski.html"},"author":{"name":"Marie Gu\u00e9rin","@id":"https:\/\/www.elle.be\/fr\/#\/schema\/person\/aa4e257722b2e3dd300f8fbdb031db01"},"headline":"Interview exclusive : tout ce que vous ignorez sur Emily Ratajkowski","datePublished":"2022-06-18T08:30:55+00:00","mainEntityOfPage":{"@id":"https:\/\/www.elle.be\/fr\/364461-interview-exclusive-tout-ce-que-vous-ignorez-sur-emily-ratajkowski.html"},"wordCount":1353,"commentCount":0,"publisher":{"@id":"https:\/\/www.elle.be\/fr\/#organization"},"image":{"@id":"https:\/\/www.elle.be\/fr\/364461-interview-exclusive-tout-ce-que-vous-ignorez-sur-emily-ratajkowski.html#primaryimage"},"thumbnailUrl":"https:\/\/www.elle.be\/fr\/wp-content\/uploads\/2022\/06\/emily-ratajkowski.jpg","articleSection":["Mode","News Actu"],"inLanguage":"fr-FR","potentialAction":[{"@type":"CommentAction","name":"Comment","target":["https:\/\/www.elle.be\/fr\/364461-interview-exclusive-tout-ce-que-vous-ignorez-sur-emily-ratajkowski.html#respond"]}]},{"@type":"WebPage","@id":"https:\/\/www.elle.be\/fr\/364461-interview-exclusive-tout-ce-que-vous-ignorez-sur-emily-ratajkowski.html","url":"https:\/\/www.elle.be\/fr\/364461-interview-exclusive-tout-ce-que-vous-ignorez-sur-emily-ratajkowski.html","name":"Emily Ratajkowski: notre interview exclusive","isPartOf":{"@id":"https:\/\/www.elle.be\/fr\/#website"},"primaryImageOfPage":{"@id":"https:\/\/www.elle.be\/fr\/364461-interview-exclusive-tout-ce-que-vous-ignorez-sur-emily-ratajkowski.html#primaryimage"},"image":{"@id":"https:\/\/www.elle.be\/fr\/364461-interview-exclusive-tout-ce-que-vous-ignorez-sur-emily-ratajkowski.html#primaryimage"},"thumbnailUrl":"https:\/\/www.elle.be\/fr\/wp-content\/uploads\/2022\/06\/emily-ratajkowski.jpg","datePublished":"2022-06-18T08:30:55+00:00","description":"Interview exclusive d'Emily Ratajkowski qui nous parle ouvertement de ses contradictions. Questions-r\u00e9ponses.","breadcrumb":{"@id":"https:\/\/www.elle.be\/fr\/364461-interview-exclusive-tout-ce-que-vous-ignorez-sur-emily-ratajkowski.html#breadcrumb"},"inLanguage":"fr-FR","potentialAction":[{"@type":"ReadAction","target":["https:\/\/www.elle.be\/fr\/364461-interview-exclusive-tout-ce-que-vous-ignorez-sur-emily-ratajkowski.html"]}]},{"@type":"ImageObject","inLanguage":"fr-FR","@id":"https:\/\/www.elle.be\/fr\/364461-interview-exclusive-tout-ce-que-vous-ignorez-sur-emily-ratajkowski.html#primaryimage","url":"https:\/\/www.elle.be\/fr\/wp-content\/uploads\/2022\/06\/emily-ratajkowski.jpg","contentUrl":"https:\/\/www.elle.be\/fr\/wp-content\/uploads\/2022\/06\/emily-ratajkowski.jpg","width":1200,"height":628,"caption":"Emily Ratajkowski pour Superga"},{"@type":"BreadcrumbList","@id":"https:\/\/www.elle.be\/fr\/364461-interview-exclusive-tout-ce-que-vous-ignorez-sur-emily-ratajkowski.html#breadcrumb","itemListElement":[{"@type":"ListItem","position":1,"name":"FR","item":"https:\/\/www.elle.be\/fr"},{"@type":"ListItem","position":2,"name":"Actu","item":"https:\/\/www.elle.be\/fr\/actu"},{"@type":"ListItem","position":3,"name":"News Actu","item":"https:\/\/www.elle.be\/fr\/actu\/news-actu"},{"@type":"ListItem","position":4,"name":"Interview exclusive : tout ce que vous ignorez sur Emily Ratajkowski"}]},{"@type":"WebSite","@id":"https:\/\/www.elle.be\/fr\/#website","url":"https:\/\/www.elle.be\/fr\/","name":"ELLE.be","description":"Toutes les infos mode, beaut\u00e9 et lifestyle les plus pointues ainsi qu&#039;un contenu 100% belge d\u00e9clin\u00e9 \u00e0 360\u00b0sur le site ELLE.be, nos r\u00e9seaux sociaux et notre cha\u00eene Youtube.","publisher":{"@id":"https:\/\/www.elle.be\/fr\/#organization"},"potentialAction":[{"@type":"SearchAction","target":{"@type":"EntryPoint","urlTemplate":"https:\/\/www.elle.be\/fr\/?s={search_term_string}"},"query-input":{"@type":"PropertyValueSpecification","valueRequired":true,"valueName":"search_term_string"}}],"inLanguage":"fr-FR"},{"@type":"Organization","@id":"https:\/\/www.elle.be\/fr\/#organization","name":"ELLE Belgique","url":"https:\/\/www.elle.be\/fr\/","logo":{"@type":"ImageObject","inLanguage":"fr-FR","@id":"https:\/\/www.elle.be\/fr\/#\/schema\/logo\/image\/","url":"https:\/\/www.elle.be\/fr\/wp-content\/uploads\/2017\/03\/elle-icon-200px.jpeg","contentUrl":"https:\/\/www.elle.be\/fr\/wp-content\/uploads\/2017\/03\/elle-icon-200px.jpeg","width":200,"height":200,"caption":"ELLE Belgique"},"image":{"@id":"https:\/\/www.elle.be\/fr\/#\/schema\/logo\/image\/"},"sameAs":["https:\/\/www.facebook.com\/ELLEbelgium\/","https:\/\/x.com\/ELLEBelgique","http:\/\/instagram.com\/ellebelgique\/","https:\/\/www.pinterest.com\/ellebelgique\/","https:\/\/www.youtube.com\/user\/ELLEbelgique1"]},{"@type":"Person","@id":"https:\/\/www.elle.be\/fr\/#\/schema\/person\/aa4e257722b2e3dd300f8fbdb031db01","name":"Marie Gu\u00e9rin","image":{"@type":"ImageObject","inLanguage":"fr-FR","@id":"https:\/\/www.elle.be\/fr\/wp-content\/uploads\/2017\/03\/IMG_4442-96x96.jpg","url":"https:\/\/www.elle.be\/fr\/wp-content\/uploads\/2017\/03\/IMG_4442-96x96.jpg","contentUrl":"https:\/\/www.elle.be\/fr\/wp-content\/uploads\/2017\/03\/IMG_4442-96x96.jpg","caption":"Marie Gu\u00e9rin"},"description":"Obs\u00e9d\u00e9e par les stilettos et tout ce qui facilite la marche \u00e0 pied, cette journaliste sportive (ou pas) sillonne pour vous le monde entier (et la Belgique le reste du temps) \u00e0 la recherche de l'actu mode, beaut\u00e9, lifestyle et de ses meilleurs bons plans.","sameAs":["https:\/\/www.facebook.com\/Marie-Gurin-1721050434849149\/","https:\/\/www.instagram.com\/marie_elle_be\/","https:\/\/x.com\/marie_elle_be"],"url":"https:\/\/www.elle.be\/fr\/author\/marie"}]}},"_links":{"self":[{"href":"https:\/\/www.elle.be\/fr\/wp-json\/wp\/v2\/posts\/364461","targetHints":{"allow":["GET"]}}],"collection":[{"href":"https:\/\/www.elle.be\/fr\/wp-json\/wp\/v2\/posts"}],"about":[{"href":"https:\/\/www.elle.be\/fr\/wp-json\/wp\/v2\/types\/post"}],"author":[{"embeddable":true,"href":"https:\/\/www.elle.be\/fr\/wp-json\/wp\/v2\/users\/3"}],"replies":[{"embeddable":true,"href":"https:\/\/www.elle.be\/fr\/wp-json\/wp\/v2\/comments?post=364461"}],"version-history":[{"count":3,"href":"https:\/\/www.elle.be\/fr\/wp-json\/wp\/v2\/posts\/364461\/revisions"}],"predecessor-version":[{"id":364488,"href":"https:\/\/www.elle.be\/fr\/wp-json\/wp\/v2\/posts\/364461\/revisions\/364488"}],"wp:featuredmedia":[{"embeddable":true,"href":"https:\/\/www.elle.be\/fr\/wp-json\/wp\/v2\/media\/364464"}],"wp:attachment":[{"href":"https:\/\/www.elle.be\/fr\/wp-json\/wp\/v2\/media?parent=364461"}],"wp:term":[{"taxonomy":"category","embeddable":true,"href":"https:\/\/www.elle.be\/fr\/wp-json\/wp\/v2\/categories?post=364461"},{"taxonomy":"post_tag","embeddable":true,"href":"https:\/\/www.elle.be\/fr\/wp-json\/wp\/v2\/tags?post=364461"}],"curies":[{"name":"wp","href":"https:\/\/api.w.org\/{rel}","templated":true}]}}