{"id":363175,"date":"2022-06-10T12:00:21","date_gmt":"2022-06-10T10:00:21","guid":{"rendered":"https:\/\/www.elle.be\/fr\/?p=363175"},"modified":"2022-06-08T11:33:50","modified_gmt":"2022-06-08T09:33:50","slug":"sauce-au-pesto-de-pourpier-dete","status":"publish","type":"post","link":"https:\/\/www.elle.be\/fr\/363175-sauce-au-pesto-de-pourpier-dete.html","title":{"rendered":"RECETTE : Sauce au pesto de pourpier d\u2019\u00e9t\u00e9"},"content":{"rendered":"","protected":false},"excerpt":{"rendered":"Saviez-vous qu\u2019il existait deux sortes de pourpier\u00a0? Moins connu que son fr\u00e8re le pourpier d\u2019hiver, vous trouverez le pourpier d\u2019\u00e9t\u00e9 sur les \u00e9tals de votre mara\u00eecher d\u00e8s le d\u00e9but du mois de juin.","protected":false},"author":47,"featured_media":363209,"comment_status":"open","ping_status":"closed","sticky":false,"template":"","format":"standard","meta":{"_acf_changed":false,"footnotes":""},"categories":[2916,1451],"tags":[2932,2935,3736],"class_list":["post-363175","post","type-post","status-publish","format-standard","has-post-thumbnail","hentry","category-news-food","category-elle-a-table","tag-plat","tag-pates","tag-lait"],"acf":[],"image_verticale":"363208","_yoast_wpseo_title":null,"_yoast_wpseo_metadesc":"D\u00e9couvrez le pourpier d\u2019\u00e9t\u00e9 d\u2019\u00e9t\u00e9 du mois de juin. La parfaite occasion pr\u00e9parer un petit pesto vert de pourpier !","_yoast_wpseo_focuskw_text_input":null,"_yoast_wpseo_opengraph-title":null,"yoast_head":"<!-- This site is optimized with the Yoast SEO plugin v27.4 - https:\/\/yoast.com\/product\/yoast-seo-wordpress\/ -->\n<title>RECETTE : Sauce au pesto de pourpier d\u2019\u00e9t\u00e9 - ELLE.be<\/title>\n<meta name=\"description\" content=\"D\u00e9couvrez le pourpier d\u2019\u00e9t\u00e9 d\u2019\u00e9t\u00e9 du mois de juin. La parfaite occasion pr\u00e9parer un petit pesto vert de pourpier !\" \/>\n<meta name=\"robots\" content=\"index, follow, max-snippet:-1, max-image-preview:large, max-video-preview:-1\" \/>\n<link rel=\"canonical\" href=\"https:\/\/www.elle.be\/fr\/363175-sauce-au-pesto-de-pourpier-dete.html\" \/>\n<meta property=\"og:locale\" content=\"fr_FR\" \/>\n<meta property=\"og:type\" content=\"article\" \/>\n<meta property=\"og:title\" content=\"RECETTE : Sauce au pesto de pourpier d\u2019\u00e9t\u00e9 - ELLE.be\" \/>\n<meta property=\"og:description\" content=\"D\u00e9couvrez le pourpier d\u2019\u00e9t\u00e9 d\u2019\u00e9t\u00e9 du mois de juin. La parfaite occasion pr\u00e9parer un petit pesto vert de pourpier !\" \/>\n<meta property=\"og:url\" content=\"https:\/\/www.elle.be\/fr\/363175-sauce-au-pesto-de-pourpier-dete.html\" \/>\n<meta property=\"og:site_name\" content=\"ELLE.be\" \/>\n<meta property=\"article:publisher\" content=\"https:\/\/www.facebook.com\/ELLEbelgium\/\" \/>\n<meta property=\"article:published_time\" content=\"2022-06-10T10:00:21+00:00\" \/>\n<meta property=\"og:image\" content=\"https:\/\/www.elle.be\/fr\/wp-content\/uploads\/2022\/05\/apaq-w-2-elle-1200x628-1.jpg\" \/>\n\t<meta property=\"og:image:width\" content=\"1200\" \/>\n\t<meta property=\"og:image:height\" content=\"628\" \/>\n\t<meta property=\"og:image:type\" content=\"image\/jpeg\" \/>\n<meta name=\"author\" content=\"ELLE Partenaire\" \/>\n<meta name=\"twitter:card\" content=\"summary_large_image\" \/>\n<meta name=\"twitter:creator\" content=\"@ELLEBelgique\" \/>\n<meta name=\"twitter:site\" content=\"@ELLEBelgique\" \/>\n<meta name=\"twitter:label1\" content=\"\u00c9crit par\" \/>\n\t<meta name=\"twitter:data1\" content=\"ELLE Partenaire\" \/>\n\t<meta name=\"twitter:label2\" content=\"Dur\u00e9e de lecture estim\u00e9e\" \/>\n\t<meta name=\"twitter:data2\" content=\"2 minutes\" \/>\n<script type=\"application\/ld+json\" class=\"yoast-schema-graph\">{\"@context\":\"https:\\\/\\\/schema.org\",\"@graph\":[{\"@type\":\"NewsArticle\",\"@id\":\"https:\\\/\\\/www.elle.be\\\/fr\\\/363175-sauce-au-pesto-de-pourpier-dete.html#article\",\"isPartOf\":{\"@id\":\"https:\\\/\\\/www.elle.be\\\/fr\\\/363175-sauce-au-pesto-de-pourpier-dete.html\"},\"author\":{\"name\":\"ELLE Partenaire\",\"@id\":\"https:\\\/\\\/www.elle.be\\\/fr\\\/#\\\/schema\\\/person\\\/2c7693f13ee3d4992850ec2ff033c586\"},\"headline\":\"RECETTE : Sauce au pesto de pourpier d\u2019\u00e9t\u00e9\",\"datePublished\":\"2022-06-10T10:00:21+00:00\",\"mainEntityOfPage\":{\"@id\":\"https:\\\/\\\/www.elle.be\\\/fr\\\/363175-sauce-au-pesto-de-pourpier-dete.html\"},\"wordCount\":454,\"commentCount\":0,\"publisher\":{\"@id\":\"https:\\\/\\\/www.elle.be\\\/fr\\\/#organization\"},\"image\":{\"@id\":\"https:\\\/\\\/www.elle.be\\\/fr\\\/363175-sauce-au-pesto-de-pourpier-dete.html#primaryimage\"},\"thumbnailUrl\":\"https:\\\/\\\/www.elle.be\\\/fr\\\/wp-content\\\/uploads\\\/2022\\\/05\\\/apaq-w-2-elle-1200x628-1.jpg\",\"keywords\":[\"plat\",\"p\u00e2tes\",\"lait\"],\"articleSection\":[\"News Food\",\"ELLE \u00e0 Table\"],\"inLanguage\":\"fr-FR\",\"potentialAction\":[{\"@type\":\"CommentAction\",\"name\":\"Comment\",\"target\":[\"https:\\\/\\\/www.elle.be\\\/fr\\\/363175-sauce-au-pesto-de-pourpier-dete.html#respond\"]}]},{\"@type\":\"WebPage\",\"@id\":\"https:\\\/\\\/www.elle.be\\\/fr\\\/363175-sauce-au-pesto-de-pourpier-dete.html\",\"url\":\"https:\\\/\\\/www.elle.be\\\/fr\\\/363175-sauce-au-pesto-de-pourpier-dete.html\",\"name\":\"RECETTE : Sauce au pesto de pourpier d\u2019\u00e9t\u00e9 - ELLE.be\",\"isPartOf\":{\"@id\":\"https:\\\/\\\/www.elle.be\\\/fr\\\/#website\"},\"primaryImageOfPage\":{\"@id\":\"https:\\\/\\\/www.elle.be\\\/fr\\\/363175-sauce-au-pesto-de-pourpier-dete.html#primaryimage\"},\"image\":{\"@id\":\"https:\\\/\\\/www.elle.be\\\/fr\\\/363175-sauce-au-pesto-de-pourpier-dete.html#primaryimage\"},\"thumbnailUrl\":\"https:\\\/\\\/www.elle.be\\\/fr\\\/wp-content\\\/uploads\\\/2022\\\/05\\\/apaq-w-2-elle-1200x628-1.jpg\",\"datePublished\":\"2022-06-10T10:00:21+00:00\",\"description\":\"D\u00e9couvrez le pourpier d\u2019\u00e9t\u00e9 d\u2019\u00e9t\u00e9 du mois de juin. La parfaite occasion pr\u00e9parer un petit pesto vert de pourpier !\",\"breadcrumb\":{\"@id\":\"https:\\\/\\\/www.elle.be\\\/fr\\\/363175-sauce-au-pesto-de-pourpier-dete.html#breadcrumb\"},\"inLanguage\":\"fr-FR\",\"potentialAction\":[{\"@type\":\"ReadAction\",\"target\":[\"https:\\\/\\\/www.elle.be\\\/fr\\\/363175-sauce-au-pesto-de-pourpier-dete.html\"]}]},{\"@type\":\"ImageObject\",\"inLanguage\":\"fr-FR\",\"@id\":\"https:\\\/\\\/www.elle.be\\\/fr\\\/363175-sauce-au-pesto-de-pourpier-dete.html#primaryimage\",\"url\":\"https:\\\/\\\/www.elle.be\\\/fr\\\/wp-content\\\/uploads\\\/2022\\\/05\\\/apaq-w-2-elle-1200x628-1.jpg\",\"contentUrl\":\"https:\\\/\\\/www.elle.be\\\/fr\\\/wp-content\\\/uploads\\\/2022\\\/05\\\/apaq-w-2-elle-1200x628-1.jpg\",\"width\":1200,\"height\":628,\"caption\":\"Sauce au pesto\"},{\"@type\":\"BreadcrumbList\",\"@id\":\"https:\\\/\\\/www.elle.be\\\/fr\\\/363175-sauce-au-pesto-de-pourpier-dete.html#breadcrumb\",\"itemListElement\":[{\"@type\":\"ListItem\",\"position\":1,\"name\":\"FR\",\"item\":\"https:\\\/\\\/www.elle.be\\\/fr\"},{\"@type\":\"ListItem\",\"position\":2,\"name\":\"ELLE \u00e0 Table\",\"item\":\"https:\\\/\\\/www.elle.be\\\/fr\\\/elle-a-table\"},{\"@type\":\"ListItem\",\"position\":3,\"name\":\"RECETTE : Sauce au pesto de pourpier d\u2019\u00e9t\u00e9\"}]},{\"@type\":\"WebSite\",\"@id\":\"https:\\\/\\\/www.elle.be\\\/fr\\\/#website\",\"url\":\"https:\\\/\\\/www.elle.be\\\/fr\\\/\",\"name\":\"ELLE.be\",\"description\":\"Toutes les infos mode, beaut\u00e9 et lifestyle les plus pointues ainsi qu&#039;un contenu 100% belge d\u00e9clin\u00e9 \u00e0 360\u00b0sur le site ELLE.be, nos r\u00e9seaux sociaux et notre cha\u00eene Youtube.\",\"publisher\":{\"@id\":\"https:\\\/\\\/www.elle.be\\\/fr\\\/#organization\"},\"potentialAction\":[{\"@type\":\"SearchAction\",\"target\":{\"@type\":\"EntryPoint\",\"urlTemplate\":\"https:\\\/\\\/www.elle.be\\\/fr\\\/?s={search_term_string}\"},\"query-input\":{\"@type\":\"PropertyValueSpecification\",\"valueRequired\":true,\"valueName\":\"search_term_string\"}}],\"inLanguage\":\"fr-FR\"},{\"@type\":\"Organization\",\"@id\":\"https:\\\/\\\/www.elle.be\\\/fr\\\/#organization\",\"name\":\"ELLE Belgique\",\"url\":\"https:\\\/\\\/www.elle.be\\\/fr\\\/\",\"logo\":{\"@type\":\"ImageObject\",\"inLanguage\":\"fr-FR\",\"@id\":\"https:\\\/\\\/www.elle.be\\\/fr\\\/#\\\/schema\\\/logo\\\/image\\\/\",\"url\":\"https:\\\/\\\/www.elle.be\\\/fr\\\/wp-content\\\/uploads\\\/2017\\\/03\\\/elle-icon-200px.jpeg\",\"contentUrl\":\"https:\\\/\\\/www.elle.be\\\/fr\\\/wp-content\\\/uploads\\\/2017\\\/03\\\/elle-icon-200px.jpeg\",\"width\":200,\"height\":200,\"caption\":\"ELLE Belgique\"},\"image\":{\"@id\":\"https:\\\/\\\/www.elle.be\\\/fr\\\/#\\\/schema\\\/logo\\\/image\\\/\"},\"sameAs\":[\"https:\\\/\\\/www.facebook.com\\\/ELLEbelgium\\\/\",\"https:\\\/\\\/x.com\\\/ELLEBelgique\",\"http:\\\/\\\/instagram.com\\\/ellebelgique\\\/\",\"https:\\\/\\\/www.pinterest.com\\\/ellebelgique\\\/\",\"https:\\\/\\\/www.youtube.com\\\/user\\\/ELLEbelgique1\"]},{\"@type\":\"Person\",\"@id\":\"https:\\\/\\\/www.elle.be\\\/fr\\\/#\\\/schema\\\/person\\\/2c7693f13ee3d4992850ec2ff033c586\",\"name\":\"ELLE Partenaire\",\"image\":{\"@type\":\"ImageObject\",\"inLanguage\":\"fr-FR\",\"@id\":\"https:\\\/\\\/secure.gravatar.com\\\/avatar\\\/dddcf2d7bb88803a2e434d2b1c6a7b997b2de2334d047a137cc5e9dc165ca7e2?s=96&r=g\",\"url\":\"https:\\\/\\\/secure.gravatar.com\\\/avatar\\\/dddcf2d7bb88803a2e434d2b1c6a7b997b2de2334d047a137cc5e9dc165ca7e2?s=96&r=g\",\"contentUrl\":\"https:\\\/\\\/secure.gravatar.com\\\/avatar\\\/dddcf2d7bb88803a2e434d2b1c6a7b997b2de2334d047a137cc5e9dc165ca7e2?s=96&r=g\",\"caption\":\"ELLE Partenaire\"},\"url\":\"https:\\\/\\\/www.elle.be\\\/fr\\\/author\\\/operation-speciale\"}]}<\/script>\n<!-- \/ Yoast SEO plugin. -->","yoast_head_json":{"title":"RECETTE : Sauce au pesto de pourpier d\u2019\u00e9t\u00e9 - ELLE.be","description":"D\u00e9couvrez le pourpier d\u2019\u00e9t\u00e9 d\u2019\u00e9t\u00e9 du mois de juin. La parfaite occasion pr\u00e9parer un petit pesto vert de pourpier !","robots":{"index":"index","follow":"follow","max-snippet":"max-snippet:-1","max-image-preview":"max-image-preview:large","max-video-preview":"max-video-preview:-1"},"canonical":"https:\/\/www.elle.be\/fr\/363175-sauce-au-pesto-de-pourpier-dete.html","og_locale":"fr_FR","og_type":"article","og_title":"RECETTE : Sauce au pesto de pourpier d\u2019\u00e9t\u00e9 - ELLE.be","og_description":"D\u00e9couvrez le pourpier d\u2019\u00e9t\u00e9 d\u2019\u00e9t\u00e9 du mois de juin. La parfaite occasion pr\u00e9parer un petit pesto vert de pourpier !","og_url":"https:\/\/www.elle.be\/fr\/363175-sauce-au-pesto-de-pourpier-dete.html","og_site_name":"ELLE.be","article_publisher":"https:\/\/www.facebook.com\/ELLEbelgium\/","article_published_time":"2022-06-10T10:00:21+00:00","og_image":[{"width":1200,"height":628,"url":"https:\/\/www.elle.be\/fr\/wp-content\/uploads\/2022\/05\/apaq-w-2-elle-1200x628-1.jpg","type":"image\/jpeg"}],"author":"ELLE Partenaire","twitter_card":"summary_large_image","twitter_creator":"@ELLEBelgique","twitter_site":"@ELLEBelgique","twitter_misc":{"\u00c9crit par":"ELLE Partenaire","Dur\u00e9e de lecture estim\u00e9e":"2 minutes"},"schema":{"@context":"https:\/\/schema.org","@graph":[{"@type":"NewsArticle","@id":"https:\/\/www.elle.be\/fr\/363175-sauce-au-pesto-de-pourpier-dete.html#article","isPartOf":{"@id":"https:\/\/www.elle.be\/fr\/363175-sauce-au-pesto-de-pourpier-dete.html"},"author":{"name":"ELLE Partenaire","@id":"https:\/\/www.elle.be\/fr\/#\/schema\/person\/2c7693f13ee3d4992850ec2ff033c586"},"headline":"RECETTE : Sauce au pesto de pourpier d\u2019\u00e9t\u00e9","datePublished":"2022-06-10T10:00:21+00:00","mainEntityOfPage":{"@id":"https:\/\/www.elle.be\/fr\/363175-sauce-au-pesto-de-pourpier-dete.html"},"wordCount":454,"commentCount":0,"publisher":{"@id":"https:\/\/www.elle.be\/fr\/#organization"},"image":{"@id":"https:\/\/www.elle.be\/fr\/363175-sauce-au-pesto-de-pourpier-dete.html#primaryimage"},"thumbnailUrl":"https:\/\/www.elle.be\/fr\/wp-content\/uploads\/2022\/05\/apaq-w-2-elle-1200x628-1.jpg","keywords":["plat","p\u00e2tes","lait"],"articleSection":["News Food","ELLE \u00e0 Table"],"inLanguage":"fr-FR","potentialAction":[{"@type":"CommentAction","name":"Comment","target":["https:\/\/www.elle.be\/fr\/363175-sauce-au-pesto-de-pourpier-dete.html#respond"]}]},{"@type":"WebPage","@id":"https:\/\/www.elle.be\/fr\/363175-sauce-au-pesto-de-pourpier-dete.html","url":"https:\/\/www.elle.be\/fr\/363175-sauce-au-pesto-de-pourpier-dete.html","name":"RECETTE : Sauce au pesto de pourpier d\u2019\u00e9t\u00e9 - ELLE.be","isPartOf":{"@id":"https:\/\/www.elle.be\/fr\/#website"},"primaryImageOfPage":{"@id":"https:\/\/www.elle.be\/fr\/363175-sauce-au-pesto-de-pourpier-dete.html#primaryimage"},"image":{"@id":"https:\/\/www.elle.be\/fr\/363175-sauce-au-pesto-de-pourpier-dete.html#primaryimage"},"thumbnailUrl":"https:\/\/www.elle.be\/fr\/wp-content\/uploads\/2022\/05\/apaq-w-2-elle-1200x628-1.jpg","datePublished":"2022-06-10T10:00:21+00:00","description":"D\u00e9couvrez le pourpier d\u2019\u00e9t\u00e9 d\u2019\u00e9t\u00e9 du mois de juin. La parfaite occasion pr\u00e9parer un petit pesto vert de pourpier !","breadcrumb":{"@id":"https:\/\/www.elle.be\/fr\/363175-sauce-au-pesto-de-pourpier-dete.html#breadcrumb"},"inLanguage":"fr-FR","potentialAction":[{"@type":"ReadAction","target":["https:\/\/www.elle.be\/fr\/363175-sauce-au-pesto-de-pourpier-dete.html"]}]},{"@type":"ImageObject","inLanguage":"fr-FR","@id":"https:\/\/www.elle.be\/fr\/363175-sauce-au-pesto-de-pourpier-dete.html#primaryimage","url":"https:\/\/www.elle.be\/fr\/wp-content\/uploads\/2022\/05\/apaq-w-2-elle-1200x628-1.jpg","contentUrl":"https:\/\/www.elle.be\/fr\/wp-content\/uploads\/2022\/05\/apaq-w-2-elle-1200x628-1.jpg","width":1200,"height":628,"caption":"Sauce au pesto"},{"@type":"BreadcrumbList","@id":"https:\/\/www.elle.be\/fr\/363175-sauce-au-pesto-de-pourpier-dete.html#breadcrumb","itemListElement":[{"@type":"ListItem","position":1,"name":"FR","item":"https:\/\/www.elle.be\/fr"},{"@type":"ListItem","position":2,"name":"ELLE \u00e0 Table","item":"https:\/\/www.elle.be\/fr\/elle-a-table"},{"@type":"ListItem","position":3,"name":"RECETTE : Sauce au pesto de pourpier d\u2019\u00e9t\u00e9"}]},{"@type":"WebSite","@id":"https:\/\/www.elle.be\/fr\/#website","url":"https:\/\/www.elle.be\/fr\/","name":"ELLE.be","description":"Toutes les infos mode, beaut\u00e9 et lifestyle les plus pointues ainsi qu&#039;un contenu 100% belge d\u00e9clin\u00e9 \u00e0 360\u00b0sur le site ELLE.be, nos r\u00e9seaux sociaux et notre cha\u00eene Youtube.","publisher":{"@id":"https:\/\/www.elle.be\/fr\/#organization"},"potentialAction":[{"@type":"SearchAction","target":{"@type":"EntryPoint","urlTemplate":"https:\/\/www.elle.be\/fr\/?s={search_term_string}"},"query-input":{"@type":"PropertyValueSpecification","valueRequired":true,"valueName":"search_term_string"}}],"inLanguage":"fr-FR"},{"@type":"Organization","@id":"https:\/\/www.elle.be\/fr\/#organization","name":"ELLE Belgique","url":"https:\/\/www.elle.be\/fr\/","logo":{"@type":"ImageObject","inLanguage":"fr-FR","@id":"https:\/\/www.elle.be\/fr\/#\/schema\/logo\/image\/","url":"https:\/\/www.elle.be\/fr\/wp-content\/uploads\/2017\/03\/elle-icon-200px.jpeg","contentUrl":"https:\/\/www.elle.be\/fr\/wp-content\/uploads\/2017\/03\/elle-icon-200px.jpeg","width":200,"height":200,"caption":"ELLE Belgique"},"image":{"@id":"https:\/\/www.elle.be\/fr\/#\/schema\/logo\/image\/"},"sameAs":["https:\/\/www.facebook.com\/ELLEbelgium\/","https:\/\/x.com\/ELLEBelgique","http:\/\/instagram.com\/ellebelgique\/","https:\/\/www.pinterest.com\/ellebelgique\/","https:\/\/www.youtube.com\/user\/ELLEbelgique1"]},{"@type":"Person","@id":"https:\/\/www.elle.be\/fr\/#\/schema\/person\/2c7693f13ee3d4992850ec2ff033c586","name":"ELLE Partenaire","image":{"@type":"ImageObject","inLanguage":"fr-FR","@id":"https:\/\/secure.gravatar.com\/avatar\/dddcf2d7bb88803a2e434d2b1c6a7b997b2de2334d047a137cc5e9dc165ca7e2?s=96&r=g","url":"https:\/\/secure.gravatar.com\/avatar\/dddcf2d7bb88803a2e434d2b1c6a7b997b2de2334d047a137cc5e9dc165ca7e2?s=96&r=g","contentUrl":"https:\/\/secure.gravatar.com\/avatar\/dddcf2d7bb88803a2e434d2b1c6a7b997b2de2334d047a137cc5e9dc165ca7e2?s=96&r=g","caption":"ELLE Partenaire"},"url":"https:\/\/www.elle.be\/fr\/author\/operation-speciale"}]}},"_links":{"self":[{"href":"https:\/\/www.elle.be\/fr\/wp-json\/wp\/v2\/posts\/363175","targetHints":{"allow":["GET"]}}],"collection":[{"href":"https:\/\/www.elle.be\/fr\/wp-json\/wp\/v2\/posts"}],"about":[{"href":"https:\/\/www.elle.be\/fr\/wp-json\/wp\/v2\/types\/post"}],"author":[{"embeddable":true,"href":"https:\/\/www.elle.be\/fr\/wp-json\/wp\/v2\/users\/47"}],"replies":[{"embeddable":true,"href":"https:\/\/www.elle.be\/fr\/wp-json\/wp\/v2\/comments?post=363175"}],"version-history":[{"count":8,"href":"https:\/\/www.elle.be\/fr\/wp-json\/wp\/v2\/posts\/363175\/revisions"}],"predecessor-version":[{"id":381188,"href":"https:\/\/www.elle.be\/fr\/wp-json\/wp\/v2\/posts\/363175\/revisions\/381188"}],"wp:featuredmedia":[{"embeddable":true,"href":"https:\/\/www.elle.be\/fr\/wp-json\/wp\/v2\/media\/363209"}],"wp:attachment":[{"href":"https:\/\/www.elle.be\/fr\/wp-json\/wp\/v2\/media?parent=363175"}],"wp:term":[{"taxonomy":"category","embeddable":true,"href":"https:\/\/www.elle.be\/fr\/wp-json\/wp\/v2\/categories?post=363175"},{"taxonomy":"post_tag","embeddable":true,"href":"https:\/\/www.elle.be\/fr\/wp-json\/wp\/v2\/tags?post=363175"}],"curies":[{"name":"wp","href":"https:\/\/api.w.org\/{rel}","templated":true}]}}