{"id":363050,"date":"2022-06-27T11:15:53","date_gmt":"2022-06-27T09:15:53","guid":{"rendered":"https:\/\/www.elle.be\/fr\/?p=363050"},"modified":"2022-06-27T12:04:12","modified_gmt":"2022-06-27T10:04:12","slug":"prendre-soin-de-soi-le-nobu-ibiza-bay-et-ses-retraites-bien-etre","status":"publish","type":"post","link":"https:\/\/www.elle.be\/fr\/363050-prendre-soin-de-soi-le-nobu-ibiza-bay-et-ses-retraites-bien-etre.html","title":{"rendered":"Prendre soin de soi : Le Nobu Ibiza Bay et ses retraites bien-\u00eatre"},"content":{"rendered":"","protected":false},"excerpt":{"rendered":"Injustement tax\u00e9e d\u2019\u00eele de party animals, Ibiza est avant tout un havre de paix qui offre des exp\u00e9riences ax\u00e9es sur un h\u00e9donisme sain, encadr\u00e9es par un h\u00f4tel de standing ouvert sur la M\u00e9diterran\u00e9e.","protected":false},"author":47,"featured_media":366367,"comment_status":"open","ping_status":"closed","sticky":false,"template":"","format":"standard","meta":{"_acf_changed":false,"footnotes":""},"categories":[2191,2218],"tags":[1203],"class_list":["post-363050","post","type-post","status-publish","format-standard","has-post-thumbnail","hentry","category-lifestyle","category-voyage","tag-ibiza"],"acf":[],"image_verticale":"363079","_yoast_wpseo_title":"Prendre soin de soi : Le Nobu Ibiza Bay et ses retraites bien-\u00eatre %%sep%% %%sitename%%","_yoast_wpseo_metadesc":"Direction Ibiza, un paradis flottant sublim\u00e9 par des retraites wellness organis\u00e9es par l\u2019un des plus c\u00e9l\u00e8bres h\u00f4tels de l\u2019\u00eele, le Nobu Hotel Ibiza Bay.","_yoast_wpseo_focuskw_text_input":null,"_yoast_wpseo_opengraph-title":null,"yoast_head":"<!-- This site is optimized with the Yoast SEO plugin v27.4 - https:\/\/yoast.com\/product\/yoast-seo-wordpress\/ -->\n<title>Prendre soin de soi : Le Nobu Ibiza Bay et ses retraites bien-\u00eatre - ELLE.be<\/title>\n<meta name=\"description\" content=\"Direction Ibiza, un paradis flottant sublim\u00e9 par des retraites wellness organis\u00e9es par l\u2019un des plus c\u00e9l\u00e8bres h\u00f4tels de l\u2019\u00eele, le Nobu Hotel Ibiza Bay.\" \/>\n<meta name=\"robots\" content=\"index, follow, max-snippet:-1, max-image-preview:large, max-video-preview:-1\" \/>\n<link rel=\"canonical\" href=\"https:\/\/www.elle.be\/fr\/363050-prendre-soin-de-soi-le-nobu-ibiza-bay-et-ses-retraites-bien-etre.html\" \/>\n<meta property=\"og:locale\" content=\"fr_FR\" \/>\n<meta property=\"og:type\" content=\"article\" \/>\n<meta property=\"og:title\" content=\"Prendre soin de soi : Le Nobu Ibiza Bay et ses retraites bien-\u00eatre - ELLE.be\" \/>\n<meta property=\"og:description\" content=\"Direction Ibiza, un paradis flottant sublim\u00e9 par des retraites wellness organis\u00e9es par l\u2019un des plus c\u00e9l\u00e8bres h\u00f4tels de l\u2019\u00eele, le Nobu Hotel Ibiza Bay.\" \/>\n<meta property=\"og:url\" content=\"https:\/\/www.elle.be\/fr\/363050-prendre-soin-de-soi-le-nobu-ibiza-bay-et-ses-retraites-bien-etre.html\" \/>\n<meta property=\"og:site_name\" content=\"ELLE.be\" \/>\n<meta property=\"article:publisher\" content=\"https:\/\/www.facebook.com\/ELLEbelgium\/\" \/>\n<meta property=\"article:published_time\" content=\"2022-06-27T09:15:53+00:00\" \/>\n<meta property=\"article:modified_time\" content=\"2022-06-27T10:04:12+00:00\" \/>\n<meta property=\"og:image\" content=\"https:\/\/www.elle.be\/fr\/wp-content\/uploads\/2022\/06\/elle-1200x628-9.jpg\" \/>\n\t<meta property=\"og:image:width\" content=\"1200\" \/>\n\t<meta property=\"og:image:height\" content=\"628\" \/>\n\t<meta property=\"og:image:type\" content=\"image\/jpeg\" \/>\n<meta name=\"author\" content=\"ELLE Partenaire\" \/>\n<meta name=\"twitter:card\" content=\"summary_large_image\" \/>\n<meta name=\"twitter:creator\" content=\"@ELLEBelgique\" \/>\n<meta name=\"twitter:site\" content=\"@ELLEBelgique\" \/>\n<meta name=\"twitter:label1\" content=\"\u00c9crit par\" \/>\n\t<meta name=\"twitter:data1\" content=\"ELLE Partenaire\" \/>\n\t<meta name=\"twitter:label2\" content=\"Dur\u00e9e de lecture estim\u00e9e\" \/>\n\t<meta name=\"twitter:data2\" content=\"4 minutes\" \/>\n<script type=\"application\/ld+json\" class=\"yoast-schema-graph\">{\"@context\":\"https:\\\/\\\/schema.org\",\"@graph\":[{\"@type\":\"NewsArticle\",\"@id\":\"https:\\\/\\\/www.elle.be\\\/fr\\\/363050-prendre-soin-de-soi-le-nobu-ibiza-bay-et-ses-retraites-bien-etre.html#article\",\"isPartOf\":{\"@id\":\"https:\\\/\\\/www.elle.be\\\/fr\\\/363050-prendre-soin-de-soi-le-nobu-ibiza-bay-et-ses-retraites-bien-etre.html\"},\"author\":{\"name\":\"ELLE Partenaire\",\"@id\":\"https:\\\/\\\/www.elle.be\\\/fr\\\/#\\\/schema\\\/person\\\/2c7693f13ee3d4992850ec2ff033c586\"},\"headline\":\"Prendre soin de soi : Le Nobu Ibiza Bay et ses retraites bien-\u00eatre\",\"datePublished\":\"2022-06-27T09:15:53+00:00\",\"dateModified\":\"2022-06-27T10:04:12+00:00\",\"mainEntityOfPage\":{\"@id\":\"https:\\\/\\\/www.elle.be\\\/fr\\\/363050-prendre-soin-de-soi-le-nobu-ibiza-bay-et-ses-retraites-bien-etre.html\"},\"wordCount\":727,\"commentCount\":0,\"publisher\":{\"@id\":\"https:\\\/\\\/www.elle.be\\\/fr\\\/#organization\"},\"image\":{\"@id\":\"https:\\\/\\\/www.elle.be\\\/fr\\\/363050-prendre-soin-de-soi-le-nobu-ibiza-bay-et-ses-retraites-bien-etre.html#primaryimage\"},\"thumbnailUrl\":\"https:\\\/\\\/www.elle.be\\\/fr\\\/wp-content\\\/uploads\\\/2022\\\/06\\\/elle-1200x628-9.jpg\",\"keywords\":[\"ibiza\"],\"articleSection\":[\"Lifestyle\",\"Voyage\"],\"inLanguage\":\"fr-FR\",\"potentialAction\":[{\"@type\":\"CommentAction\",\"name\":\"Comment\",\"target\":[\"https:\\\/\\\/www.elle.be\\\/fr\\\/363050-prendre-soin-de-soi-le-nobu-ibiza-bay-et-ses-retraites-bien-etre.html#respond\"]}]},{\"@type\":\"WebPage\",\"@id\":\"https:\\\/\\\/www.elle.be\\\/fr\\\/363050-prendre-soin-de-soi-le-nobu-ibiza-bay-et-ses-retraites-bien-etre.html\",\"url\":\"https:\\\/\\\/www.elle.be\\\/fr\\\/363050-prendre-soin-de-soi-le-nobu-ibiza-bay-et-ses-retraites-bien-etre.html\",\"name\":\"Prendre soin de soi : Le Nobu Ibiza Bay et ses retraites bien-\u00eatre - ELLE.be\",\"isPartOf\":{\"@id\":\"https:\\\/\\\/www.elle.be\\\/fr\\\/#website\"},\"primaryImageOfPage\":{\"@id\":\"https:\\\/\\\/www.elle.be\\\/fr\\\/363050-prendre-soin-de-soi-le-nobu-ibiza-bay-et-ses-retraites-bien-etre.html#primaryimage\"},\"image\":{\"@id\":\"https:\\\/\\\/www.elle.be\\\/fr\\\/363050-prendre-soin-de-soi-le-nobu-ibiza-bay-et-ses-retraites-bien-etre.html#primaryimage\"},\"thumbnailUrl\":\"https:\\\/\\\/www.elle.be\\\/fr\\\/wp-content\\\/uploads\\\/2022\\\/06\\\/elle-1200x628-9.jpg\",\"datePublished\":\"2022-06-27T09:15:53+00:00\",\"dateModified\":\"2022-06-27T10:04:12+00:00\",\"description\":\"Direction Ibiza, un paradis flottant sublim\u00e9 par des retraites wellness organis\u00e9es par l\u2019un des plus c\u00e9l\u00e8bres h\u00f4tels de l\u2019\u00eele, le Nobu Hotel Ibiza Bay.\",\"breadcrumb\":{\"@id\":\"https:\\\/\\\/www.elle.be\\\/fr\\\/363050-prendre-soin-de-soi-le-nobu-ibiza-bay-et-ses-retraites-bien-etre.html#breadcrumb\"},\"inLanguage\":\"fr-FR\",\"potentialAction\":[{\"@type\":\"ReadAction\",\"target\":[\"https:\\\/\\\/www.elle.be\\\/fr\\\/363050-prendre-soin-de-soi-le-nobu-ibiza-bay-et-ses-retraites-bien-etre.html\"]}]},{\"@type\":\"ImageObject\",\"inLanguage\":\"fr-FR\",\"@id\":\"https:\\\/\\\/www.elle.be\\\/fr\\\/363050-prendre-soin-de-soi-le-nobu-ibiza-bay-et-ses-retraites-bien-etre.html#primaryimage\",\"url\":\"https:\\\/\\\/www.elle.be\\\/fr\\\/wp-content\\\/uploads\\\/2022\\\/06\\\/elle-1200x628-9.jpg\",\"contentUrl\":\"https:\\\/\\\/www.elle.be\\\/fr\\\/wp-content\\\/uploads\\\/2022\\\/06\\\/elle-1200x628-9.jpg\",\"width\":1200,\"height\":628},{\"@type\":\"BreadcrumbList\",\"@id\":\"https:\\\/\\\/www.elle.be\\\/fr\\\/363050-prendre-soin-de-soi-le-nobu-ibiza-bay-et-ses-retraites-bien-etre.html#breadcrumb\",\"itemListElement\":[{\"@type\":\"ListItem\",\"position\":1,\"name\":\"FR\",\"item\":\"https:\\\/\\\/www.elle.be\\\/fr\"},{\"@type\":\"ListItem\",\"position\":2,\"name\":\"Lifestyle\",\"item\":\"https:\\\/\\\/www.elle.be\\\/fr\\\/lifestyle\"},{\"@type\":\"ListItem\",\"position\":3,\"name\":\"Prendre soin de soi : Le Nobu Ibiza Bay et ses retraites bien-\u00eatre\"}]},{\"@type\":\"WebSite\",\"@id\":\"https:\\\/\\\/www.elle.be\\\/fr\\\/#website\",\"url\":\"https:\\\/\\\/www.elle.be\\\/fr\\\/\",\"name\":\"ELLE.be\",\"description\":\"Toutes les infos mode, beaut\u00e9 et lifestyle les plus pointues ainsi qu&#039;un contenu 100% belge d\u00e9clin\u00e9 \u00e0 360\u00b0sur le site ELLE.be, nos r\u00e9seaux sociaux et notre cha\u00eene Youtube.\",\"publisher\":{\"@id\":\"https:\\\/\\\/www.elle.be\\\/fr\\\/#organization\"},\"potentialAction\":[{\"@type\":\"SearchAction\",\"target\":{\"@type\":\"EntryPoint\",\"urlTemplate\":\"https:\\\/\\\/www.elle.be\\\/fr\\\/?s={search_term_string}\"},\"query-input\":{\"@type\":\"PropertyValueSpecification\",\"valueRequired\":true,\"valueName\":\"search_term_string\"}}],\"inLanguage\":\"fr-FR\"},{\"@type\":\"Organization\",\"@id\":\"https:\\\/\\\/www.elle.be\\\/fr\\\/#organization\",\"name\":\"ELLE Belgique\",\"url\":\"https:\\\/\\\/www.elle.be\\\/fr\\\/\",\"logo\":{\"@type\":\"ImageObject\",\"inLanguage\":\"fr-FR\",\"@id\":\"https:\\\/\\\/www.elle.be\\\/fr\\\/#\\\/schema\\\/logo\\\/image\\\/\",\"url\":\"https:\\\/\\\/www.elle.be\\\/fr\\\/wp-content\\\/uploads\\\/2017\\\/03\\\/elle-icon-200px.jpeg\",\"contentUrl\":\"https:\\\/\\\/www.elle.be\\\/fr\\\/wp-content\\\/uploads\\\/2017\\\/03\\\/elle-icon-200px.jpeg\",\"width\":200,\"height\":200,\"caption\":\"ELLE Belgique\"},\"image\":{\"@id\":\"https:\\\/\\\/www.elle.be\\\/fr\\\/#\\\/schema\\\/logo\\\/image\\\/\"},\"sameAs\":[\"https:\\\/\\\/www.facebook.com\\\/ELLEbelgium\\\/\",\"https:\\\/\\\/x.com\\\/ELLEBelgique\",\"http:\\\/\\\/instagram.com\\\/ellebelgique\\\/\",\"https:\\\/\\\/www.pinterest.com\\\/ellebelgique\\\/\",\"https:\\\/\\\/www.youtube.com\\\/user\\\/ELLEbelgique1\"]},{\"@type\":\"Person\",\"@id\":\"https:\\\/\\\/www.elle.be\\\/fr\\\/#\\\/schema\\\/person\\\/2c7693f13ee3d4992850ec2ff033c586\",\"name\":\"ELLE Partenaire\",\"image\":{\"@type\":\"ImageObject\",\"inLanguage\":\"fr-FR\",\"@id\":\"https:\\\/\\\/secure.gravatar.com\\\/avatar\\\/dddcf2d7bb88803a2e434d2b1c6a7b997b2de2334d047a137cc5e9dc165ca7e2?s=96&r=g\",\"url\":\"https:\\\/\\\/secure.gravatar.com\\\/avatar\\\/dddcf2d7bb88803a2e434d2b1c6a7b997b2de2334d047a137cc5e9dc165ca7e2?s=96&r=g\",\"contentUrl\":\"https:\\\/\\\/secure.gravatar.com\\\/avatar\\\/dddcf2d7bb88803a2e434d2b1c6a7b997b2de2334d047a137cc5e9dc165ca7e2?s=96&r=g\",\"caption\":\"ELLE Partenaire\"},\"url\":\"https:\\\/\\\/www.elle.be\\\/fr\\\/author\\\/operation-speciale\"}]}<\/script>\n<!-- \/ Yoast SEO plugin. -->","yoast_head_json":{"title":"Prendre soin de soi : Le Nobu Ibiza Bay et ses retraites bien-\u00eatre - ELLE.be","description":"Direction Ibiza, un paradis flottant sublim\u00e9 par des retraites wellness organis\u00e9es par l\u2019un des plus c\u00e9l\u00e8bres h\u00f4tels de l\u2019\u00eele, le Nobu Hotel Ibiza Bay.","robots":{"index":"index","follow":"follow","max-snippet":"max-snippet:-1","max-image-preview":"max-image-preview:large","max-video-preview":"max-video-preview:-1"},"canonical":"https:\/\/www.elle.be\/fr\/363050-prendre-soin-de-soi-le-nobu-ibiza-bay-et-ses-retraites-bien-etre.html","og_locale":"fr_FR","og_type":"article","og_title":"Prendre soin de soi : Le Nobu Ibiza Bay et ses retraites bien-\u00eatre - ELLE.be","og_description":"Direction Ibiza, un paradis flottant sublim\u00e9 par des retraites wellness organis\u00e9es par l\u2019un des plus c\u00e9l\u00e8bres h\u00f4tels de l\u2019\u00eele, le Nobu Hotel Ibiza Bay.","og_url":"https:\/\/www.elle.be\/fr\/363050-prendre-soin-de-soi-le-nobu-ibiza-bay-et-ses-retraites-bien-etre.html","og_site_name":"ELLE.be","article_publisher":"https:\/\/www.facebook.com\/ELLEbelgium\/","article_published_time":"2022-06-27T09:15:53+00:00","article_modified_time":"2022-06-27T10:04:12+00:00","og_image":[{"width":1200,"height":628,"url":"https:\/\/www.elle.be\/fr\/wp-content\/uploads\/2022\/06\/elle-1200x628-9.jpg","type":"image\/jpeg"}],"author":"ELLE Partenaire","twitter_card":"summary_large_image","twitter_creator":"@ELLEBelgique","twitter_site":"@ELLEBelgique","twitter_misc":{"\u00c9crit par":"ELLE Partenaire","Dur\u00e9e de lecture estim\u00e9e":"4 minutes"},"schema":{"@context":"https:\/\/schema.org","@graph":[{"@type":"NewsArticle","@id":"https:\/\/www.elle.be\/fr\/363050-prendre-soin-de-soi-le-nobu-ibiza-bay-et-ses-retraites-bien-etre.html#article","isPartOf":{"@id":"https:\/\/www.elle.be\/fr\/363050-prendre-soin-de-soi-le-nobu-ibiza-bay-et-ses-retraites-bien-etre.html"},"author":{"name":"ELLE Partenaire","@id":"https:\/\/www.elle.be\/fr\/#\/schema\/person\/2c7693f13ee3d4992850ec2ff033c586"},"headline":"Prendre soin de soi : Le Nobu Ibiza Bay et ses retraites bien-\u00eatre","datePublished":"2022-06-27T09:15:53+00:00","dateModified":"2022-06-27T10:04:12+00:00","mainEntityOfPage":{"@id":"https:\/\/www.elle.be\/fr\/363050-prendre-soin-de-soi-le-nobu-ibiza-bay-et-ses-retraites-bien-etre.html"},"wordCount":727,"commentCount":0,"publisher":{"@id":"https:\/\/www.elle.be\/fr\/#organization"},"image":{"@id":"https:\/\/www.elle.be\/fr\/363050-prendre-soin-de-soi-le-nobu-ibiza-bay-et-ses-retraites-bien-etre.html#primaryimage"},"thumbnailUrl":"https:\/\/www.elle.be\/fr\/wp-content\/uploads\/2022\/06\/elle-1200x628-9.jpg","keywords":["ibiza"],"articleSection":["Lifestyle","Voyage"],"inLanguage":"fr-FR","potentialAction":[{"@type":"CommentAction","name":"Comment","target":["https:\/\/www.elle.be\/fr\/363050-prendre-soin-de-soi-le-nobu-ibiza-bay-et-ses-retraites-bien-etre.html#respond"]}]},{"@type":"WebPage","@id":"https:\/\/www.elle.be\/fr\/363050-prendre-soin-de-soi-le-nobu-ibiza-bay-et-ses-retraites-bien-etre.html","url":"https:\/\/www.elle.be\/fr\/363050-prendre-soin-de-soi-le-nobu-ibiza-bay-et-ses-retraites-bien-etre.html","name":"Prendre soin de soi : Le Nobu Ibiza Bay et ses retraites bien-\u00eatre - ELLE.be","isPartOf":{"@id":"https:\/\/www.elle.be\/fr\/#website"},"primaryImageOfPage":{"@id":"https:\/\/www.elle.be\/fr\/363050-prendre-soin-de-soi-le-nobu-ibiza-bay-et-ses-retraites-bien-etre.html#primaryimage"},"image":{"@id":"https:\/\/www.elle.be\/fr\/363050-prendre-soin-de-soi-le-nobu-ibiza-bay-et-ses-retraites-bien-etre.html#primaryimage"},"thumbnailUrl":"https:\/\/www.elle.be\/fr\/wp-content\/uploads\/2022\/06\/elle-1200x628-9.jpg","datePublished":"2022-06-27T09:15:53+00:00","dateModified":"2022-06-27T10:04:12+00:00","description":"Direction Ibiza, un paradis flottant sublim\u00e9 par des retraites wellness organis\u00e9es par l\u2019un des plus c\u00e9l\u00e8bres h\u00f4tels de l\u2019\u00eele, le Nobu Hotel Ibiza Bay.","breadcrumb":{"@id":"https:\/\/www.elle.be\/fr\/363050-prendre-soin-de-soi-le-nobu-ibiza-bay-et-ses-retraites-bien-etre.html#breadcrumb"},"inLanguage":"fr-FR","potentialAction":[{"@type":"ReadAction","target":["https:\/\/www.elle.be\/fr\/363050-prendre-soin-de-soi-le-nobu-ibiza-bay-et-ses-retraites-bien-etre.html"]}]},{"@type":"ImageObject","inLanguage":"fr-FR","@id":"https:\/\/www.elle.be\/fr\/363050-prendre-soin-de-soi-le-nobu-ibiza-bay-et-ses-retraites-bien-etre.html#primaryimage","url":"https:\/\/www.elle.be\/fr\/wp-content\/uploads\/2022\/06\/elle-1200x628-9.jpg","contentUrl":"https:\/\/www.elle.be\/fr\/wp-content\/uploads\/2022\/06\/elle-1200x628-9.jpg","width":1200,"height":628},{"@type":"BreadcrumbList","@id":"https:\/\/www.elle.be\/fr\/363050-prendre-soin-de-soi-le-nobu-ibiza-bay-et-ses-retraites-bien-etre.html#breadcrumb","itemListElement":[{"@type":"ListItem","position":1,"name":"FR","item":"https:\/\/www.elle.be\/fr"},{"@type":"ListItem","position":2,"name":"Lifestyle","item":"https:\/\/www.elle.be\/fr\/lifestyle"},{"@type":"ListItem","position":3,"name":"Prendre soin de soi : Le Nobu Ibiza Bay et ses retraites bien-\u00eatre"}]},{"@type":"WebSite","@id":"https:\/\/www.elle.be\/fr\/#website","url":"https:\/\/www.elle.be\/fr\/","name":"ELLE.be","description":"Toutes les infos mode, beaut\u00e9 et lifestyle les plus pointues ainsi qu&#039;un contenu 100% belge d\u00e9clin\u00e9 \u00e0 360\u00b0sur le site ELLE.be, nos r\u00e9seaux sociaux et notre cha\u00eene Youtube.","publisher":{"@id":"https:\/\/www.elle.be\/fr\/#organization"},"potentialAction":[{"@type":"SearchAction","target":{"@type":"EntryPoint","urlTemplate":"https:\/\/www.elle.be\/fr\/?s={search_term_string}"},"query-input":{"@type":"PropertyValueSpecification","valueRequired":true,"valueName":"search_term_string"}}],"inLanguage":"fr-FR"},{"@type":"Organization","@id":"https:\/\/www.elle.be\/fr\/#organization","name":"ELLE Belgique","url":"https:\/\/www.elle.be\/fr\/","logo":{"@type":"ImageObject","inLanguage":"fr-FR","@id":"https:\/\/www.elle.be\/fr\/#\/schema\/logo\/image\/","url":"https:\/\/www.elle.be\/fr\/wp-content\/uploads\/2017\/03\/elle-icon-200px.jpeg","contentUrl":"https:\/\/www.elle.be\/fr\/wp-content\/uploads\/2017\/03\/elle-icon-200px.jpeg","width":200,"height":200,"caption":"ELLE Belgique"},"image":{"@id":"https:\/\/www.elle.be\/fr\/#\/schema\/logo\/image\/"},"sameAs":["https:\/\/www.facebook.com\/ELLEbelgium\/","https:\/\/x.com\/ELLEBelgique","http:\/\/instagram.com\/ellebelgique\/","https:\/\/www.pinterest.com\/ellebelgique\/","https:\/\/www.youtube.com\/user\/ELLEbelgique1"]},{"@type":"Person","@id":"https:\/\/www.elle.be\/fr\/#\/schema\/person\/2c7693f13ee3d4992850ec2ff033c586","name":"ELLE Partenaire","image":{"@type":"ImageObject","inLanguage":"fr-FR","@id":"https:\/\/secure.gravatar.com\/avatar\/dddcf2d7bb88803a2e434d2b1c6a7b997b2de2334d047a137cc5e9dc165ca7e2?s=96&r=g","url":"https:\/\/secure.gravatar.com\/avatar\/dddcf2d7bb88803a2e434d2b1c6a7b997b2de2334d047a137cc5e9dc165ca7e2?s=96&r=g","contentUrl":"https:\/\/secure.gravatar.com\/avatar\/dddcf2d7bb88803a2e434d2b1c6a7b997b2de2334d047a137cc5e9dc165ca7e2?s=96&r=g","caption":"ELLE Partenaire"},"url":"https:\/\/www.elle.be\/fr\/author\/operation-speciale"}]}},"_links":{"self":[{"href":"https:\/\/www.elle.be\/fr\/wp-json\/wp\/v2\/posts\/363050","targetHints":{"allow":["GET"]}}],"collection":[{"href":"https:\/\/www.elle.be\/fr\/wp-json\/wp\/v2\/posts"}],"about":[{"href":"https:\/\/www.elle.be\/fr\/wp-json\/wp\/v2\/types\/post"}],"author":[{"embeddable":true,"href":"https:\/\/www.elle.be\/fr\/wp-json\/wp\/v2\/users\/47"}],"replies":[{"embeddable":true,"href":"https:\/\/www.elle.be\/fr\/wp-json\/wp\/v2\/comments?post=363050"}],"version-history":[{"count":9,"href":"https:\/\/www.elle.be\/fr\/wp-json\/wp\/v2\/posts\/363050\/revisions"}],"predecessor-version":[{"id":363379,"href":"https:\/\/www.elle.be\/fr\/wp-json\/wp\/v2\/posts\/363050\/revisions\/363379"}],"wp:featuredmedia":[{"embeddable":true,"href":"https:\/\/www.elle.be\/fr\/wp-json\/wp\/v2\/media\/366367"}],"wp:attachment":[{"href":"https:\/\/www.elle.be\/fr\/wp-json\/wp\/v2\/media?parent=363050"}],"wp:term":[{"taxonomy":"category","embeddable":true,"href":"https:\/\/www.elle.be\/fr\/wp-json\/wp\/v2\/categories?post=363050"},{"taxonomy":"post_tag","embeddable":true,"href":"https:\/\/www.elle.be\/fr\/wp-json\/wp\/v2\/tags?post=363050"}],"curies":[{"name":"wp","href":"https:\/\/api.w.org\/{rel}","templated":true}]}}